{"id":8969,"date":"2022-08-17T11:57:41","date_gmt":"2022-08-17T09:57:41","guid":{"rendered":"https:\/\/www.hotstegs-recht.de\/?p=8969"},"modified":"2023-09-11T21:14:06","modified_gmt":"2023-09-11T19:14:06","slug":"darf-man-das-noch-sagen-beharrliche-gehorsamsverweigerung-bei-corona-bekaempfung-fuehrt-zur-dienstentfernung-einer-jva-beamtin-verwaltungsgericht-trier-urteil-v-21-06-2022-az-3-k-802-22-tr","status":"publish","type":"post","link":"https:\/\/www.hotstegs-recht.de\/?p=8969","title":{"rendered":"Darf man das noch sagen? Beharrliche Gehorsamsverweigerung bei Corona-Bek\u00e4mpfung f\u00fchrt zur Dienstentfernung einer JVA-Beamtin, Verwaltungsgericht Trier, Urteil v. 21.06.2022, Az. 3 K 802\/22.TR"},"content":{"rendered":"\n<p class=\"wp-block-paragraph\">Eine aktuelle Entscheidung des Verwaltungsgerichts Trier lenkt einerseits den Blick darauf, dass die Gehorsamspflicht der Beamt:innen auch bedeutet Corona-Schutzma\u00dfnahmen zu kommunizieren, ggf. mit umzusetzen und nicht aber zu unterlaufen. Gerade bei Beh\u00f6rden, die von ihrer grunds\u00e4tzlichen Aufgabenstellung zur Durchsetzung von Recht und Ordnung berufen sind (etwa Polizei, Justizvollzug, Zoll, Gerichte), ist hier ein strengerer Ma\u00dfstab anzulegen als etwa bei Hochschulen, die den wissenschaftlichen Diskurs \u00fcber die Wirksamkeit und Unwirksamkeit von Ma\u00dfnahmen f\u00fchren.<\/p>\n\n\n\n<p class=\"wp-block-paragraph\">Andererseits f\u00fchrt die Entscheidung aber auch noch einmal die Geschwindigkeit von manchen Disziplinarklageverfahren vor Augen. W\u00e4hrend das beh\u00f6rdliche Disziplinarverfahren sich oftmals schon von Gesetzes wegen \u00fcber mindestens ein halbes Jahr erstreckt, bestehen im gerichtlichen Verfahren \u00fcber die Disziplinarklage nur wenige Fristen. <strong>Die vorliegende Entscheidung ist nach knapp drei Monaten ergangen.<\/strong><\/p>\n\n\n\n<!--more-->\n\n\n\n<p class=\"wp-block-paragraph\">\u00dcber die Berufung entscheidet das Oberverwaltungsgericht Rheinland-Pfalz. <strong>Eine Revision und auch eine Nichtzulassungsbeschwerde an das Bundesverwaltungsgericht ist vom Gesetzgeber in \u00a7 53 S. 4 LDG RLP ausdr\u00fccklich ausgeschlossen worden.<\/strong><\/p>\n\n\n\n<p class=\"wp-block-paragraph\"><strong>Da die Entfernung aus dem Beamtenverh\u00e4ltnis weitreichende wirtschaftliche (Verlust der Besoldung und Behilfe), rentenrechtliche (Nachversicherung in der Deutschen Rentenversicherung) und sozialrechtliche (kein Arbeitslosengeld, Anspruch auf Arbeitslosengeld II) Folgen hat<\/strong>, beraten wir parallel zu der Disziplinarverteidigung in derartigen Verfahren auch immer zugleich \u00fcber Alternativen und Auswege. Unter anderem informieren wir mit unserer &#8222;<a rel=\"noreferrer noopener\" href=\"\/rotekarte\" target=\"_blank\">roten Karte<\/a>&#8222;.<\/p>\n\n\n\n<p class=\"wp-block-paragraph\">Die Pressemitteilung des Verwaltungsgerichts lautet im Volltext:<\/p>\n\n\n\n<blockquote class=\"wp-block-quote is-layout-flow wp-block-quote-is-layout-flow\">\n<p class=\"wp-block-paragraph\">Die landesweit f\u00fcr das Disziplinarrecht zust\u00e4ndige 3.&nbsp;Kammer des Verwaltungsgerichts Trier hat eine Justizvollzugsbeamtin, die sich u.a. geweigert hat, dienstliche Anordnungen in Bezug auf die Corona-Pandemie umzusetzen, aus dem Dienst entfernt.<\/p>\n\n\n\n<p class=\"wp-block-paragraph\">Der Beamtin wurde im Rahmen des gegen sie eingeleiteten Disziplinarverfahrens zur Last gelegt, beharrlich kundgetan zu haben, sich nicht an eine Hausverf\u00fcgung zur Umsetzung der 26. Corona-Bek\u00e4mpfungsverordnung RLP in Bezug auf die Corona-Testpflicht nach l\u00e4ngerer Abwesenheit vom Arbeitsplatz halten zu wollen. Sie werde sich auch vor dem anstehenden Einsatztraining und Dienstsport nicht testen lassen. Ihre Verweigerungshaltung \u00e4u\u00dferte sie in einer an den Leiter der JVA adressierten E-Mail, unmittelbar gegen\u00fcber ihrem Vorgesetzten sowie in einem anlassbezogenen Personalgespr\u00e4ch. Au\u00dferdem \u00e4u\u00dferte sie sich gegen\u00fcber Kollegen, dem unmittelbaren Vorgesetzten und dem Leiter der JVA wiederholt in hohem Ma\u00dfe kritisch gegen die staatlichen Ma\u00dfnahmen zur Pandemiebek\u00e4mpfung, indem sie die Corona-Pandemie u.a. als \u201ePropagandazirkus, gezielte Angst- und Panikmache sowie gezielte T\u00e4uschung des Staates\u201c bezeichnete. Ferner riet sie Gefangenen mit der Begr\u00fcndung, dass der Impfstoff noch in einer experimentellen Phase stecke und ein Versuch am Menschen sei, von einer Impfung ab. Im M\u00e4rz 2022 hat das Land beim erkennenden Gericht Klage mit dem Ziel der Entfernung der Beamtin aus dem Dienst erhoben.<\/p>\n\n\n\n<p class=\"wp-block-paragraph\">Die Richter der 3.&nbsp;Kammer des Gerichts werteten die beharrliche Verweigerungshaltung der Beamtin sowie ihre wiederholten innerdienstlichen \u00c4u\u00dferungen in Bezug auf die staatlichen Ma\u00dfnahmen zur Pandemiebek\u00e4mpfung sowie zur Impfung als einheitliches schweres Dienstvergehen, mit dem die Beamtin das Vertrauen des Dienstherrn und der Allgemeinheit endg\u00fcltig verloren habe. Ein Beamter m\u00fcsse auch und gerade durch sein Verhalten innerhalb des Dienstes der Achtung und dem Vertrauen gerecht werden, die sein Beruf erfordere. Dabei k\u00f6nne eine ernsthaft gemeinte Ank\u00fcndigung eines Beamten, einer Weisung zuk\u00fcnftig nicht Folge leisten zu wollen &#8211; ebenso wie ein Gehorsamsversto\u00df selbst &#8211; bereits eine erhebliche St\u00f6rung des Vertrauensverh\u00e4ltnisses zur Folge haben. Die Gehorsamspflicht geh\u00f6re zum Kernbereich der einem Beamten obliegenden Dienstpflichten. Eine ernst gemeinte Verweigerungshaltung ber\u00fchre im hochsicherheitsrelevanten Bereich einer JVA grunds\u00e4tzlich den Kernbereich des beamtenrechtlichen Dienst\u2013 und Treueverh\u00e4ltnisses. Die Beamtin habe die Coronatests erkennbar nicht wegen eines damit verbundenen Eingriffs in ihre psychische oder physische Integrit\u00e4t oder aus gesundheitlichen Gr\u00fcnden abgelehnt, sondern alleine, weil sie deren Sinnhaftigkeit in Zweifel gezogen habe. Es stehe ihr jedoch nicht zu, mit \u00dcberlegungen, dass das Testen oder Impfen nicht zielf\u00fchrend sei, da es mutma\u00dflich keine Corona-Pandemie gebe, die wissenschaftliche Rechtfertigung von Schutzma\u00dfnahmen in Frage zu stellen, zu deren Umsetzung eine JVA nach der geltenden Rechtsordnung verpflichtet sei. Mit ihren \u00c4u\u00dferungen habe die Beamtin auch eindeutig die Grenze der grundgesetzlich gew\u00e4hrleisteten Meinungsfreiheit \u00fcberschritten, da sie den Rahmen sachlicher Kritik an Ma\u00dfnahmen zur Pandemiebek\u00e4mpfung weit verlassen habe. Ein Beamter sei an Recht und Gesetz gebunden; ihm stehe es gerade nicht frei, diesen zur freiheitlich-demokratischen Grundordnung z\u00e4hlenden Grundsatz nur bei Vereinbarkeit mit seiner eigenen \u00dcberzeugung zu ber\u00fccksichtigen und anderenfalls durch sein Verhalten zu unterwandern. Au\u00dferdem habe die Beamtin ihr Vertrauensverh\u00e4ltnis zu den von ihr zu betreuenden Gefangenen dazu ausgenutzt, diese im Rahmen einer Abfrage der Impfbereitschaft durch gezielte einseitige, manipulative Informationen von einer Impfung abzuhalten, womit sie gegen ihre Pflicht zur gewissenhaften Pflichterf\u00fcllung im Strafvollzug versto\u00dfen habe. Mit ihrem Verhalten habe die Beamtin klar zu erkennen gegeben, dass sie sich aus allein eigenn\u00fctzigen Motiven an die aus F\u00fcrsorgegesichtspunkten erlassenen Schutzma\u00dfnahmen f\u00fcr Leib und Leben nicht gebunden f\u00fchle und sich dieser Gemeinwohlverpflichtung nicht unterwerfen wolle. Hierdurch habe sie sich im hohen Ma\u00dfe treuwidrig verhalten. Angesichts des im Laufe des Verfahrens zutage getretenen unbelehrbaren Pers\u00f6nlichkeitsbildes der Beamtin stehe auch zuk\u00fcnftig ein pflichtgem\u00e4\u00dfes Verhalten nicht zu erwarten, sodass eine Entfernung aus dem Dienst geboten sei.&nbsp;<\/p>\n\n\n\n<p class=\"wp-block-paragraph\">Gegen die Entscheidung steht den Beteiligten innerhalb eines Monats die Berufung an das Oberverwaltungsgericht Rheinland-Pfalz zu.<\/p>\n\n\n\n<p class=\"wp-block-paragraph\"><\/p>\n<\/blockquote>\n\n\n\n<p class=\"wp-block-paragraph\">Pressemitteilung 18\/2022<br \/>Verwaltungsgericht Trier, Urteil v. 21.06.2022, Az. <a href=\"https:\/\/dejure.org\/dienste\/vernetzung\/rechtsprechung?Text=3%20K%20802\/22\" title=\"VG Trier, 21.06.2022 - 3 K 802\/22: Dienstentfernung JVA Beamtin\">3 K 802\/22<\/a>.TR<\/p>\n","protected":false},"excerpt":{"rendered":"<p>Eine aktuelle Entscheidung des Verwaltungsgerichts Trier lenkt einerseits den Blick darauf, dass die Gehorsamspflicht der Beamt:innen auch bedeutet Corona-Schutzma\u00dfnahmen zu kommunizieren, ggf. mit umzusetzen und nicht aber zu unterlaufen. Gerade bei Beh\u00f6rden, die von ihrer grunds\u00e4tzlichen Aufgabenstellung zur Durchsetzung von Recht und Ordnung berufen sind (etwa Polizei, Justizvollzug, Zoll, Gerichte), ist hier ein strengerer Ma\u00dfstab &hellip; <\/p>\n<p class=\"link-more\"><a href=\"https:\/\/www.hotstegs-recht.de\/?p=8969\" class=\"more-link\"><span class=\"screen-reader-text\">\u201eDarf man das noch sagen? Beharrliche Gehorsamsverweigerung bei Corona-Bek\u00e4mpfung f\u00fchrt zur Dienstentfernung einer JVA-Beamtin, Verwaltungsgericht Trier, Urteil v. 21.06.2022, Az. 3 K 802\/22.TR\u201c <\/span>weiterlesen<\/a><\/p>\n","protected":false},"author":1,"featured_media":8240,"comment_status":"closed","ping_status":"open","sticky":false,"template":"","format":"standard","meta":{"footnotes":""},"categories":[14,15,39,44,63,112],"tags":[57],"class_list":["post-8969","post","type-post","status-publish","format-standard","has-post-thumbnail","hentry","category-beamtenrecht","category-disziplinarrecht","category-ev-kirchenrecht","category-dienstordnungsangestellte-do","category-richterdienstrecht","category-oeffentlicher-dienst","tag-entfernung-aus-dem-beamtenverhaeltnis"],"yoast_head":"<!-- This site is optimized with the Yoast SEO plugin v28.4 - https:\/\/yoast.com\/product\/yoast-seo-wordpress\/ -->\n<title>Darf man das noch sagen? Beharrliche Gehorsamsverweigerung bei Corona-Bek\u00e4mpfung f\u00fchrt zur Dienstentfernung einer JVA-Beamtin, Verwaltungsgericht Trier, Urteil v. 21.06.2022, Az. 3 K 802\/22.TR - Hotstegs Rechtsanwaltsgesellschaft | Rechtsanw\u00e4lt:innen und Fachanw\u00e4lt:innen f\u00fcr Verwaltungsrecht<\/title>\n<meta name=\"description\" content=\"Disziplinarrecht - Termine unter Tel. 0211 \/ 497657-16\" \/>\n<meta name=\"robots\" content=\"index, follow, max-snippet:-1, max-image-preview:large, max-video-preview:-1\" \/>\n<link rel=\"canonical\" href=\"https:\/\/www.hotstegs-recht.de\/?p=8969\" \/>\n<meta property=\"og:locale\" content=\"de_DE\" \/>\n<meta property=\"og:type\" content=\"article\" \/>\n<meta property=\"og:title\" content=\"Darf man das noch sagen? Beharrliche Gehorsamsverweigerung bei Corona-Bek\u00e4mpfung f\u00fchrt zur Dienstentfernung einer JVA-Beamtin, Verwaltungsgericht Trier, Urteil v. 21.06.2022, Az. 3 K 802\/22.TR - Hotstegs Rechtsanwaltsgesellschaft | Rechtsanw\u00e4lt:innen und Fachanw\u00e4lt:innen f\u00fcr Verwaltungsrecht\" \/>\n<meta property=\"og:description\" content=\"Disziplinarrecht - Termine unter Tel. 0211 \/ 497657-16\" \/>\n<meta property=\"og:url\" content=\"https:\/\/www.hotstegs-recht.de\/?p=8969\" \/>\n<meta property=\"og:site_name\" content=\"Hotstegs Rechtsanwaltsgesellschaft | Rechtsanw\u00e4lt:innen und Fachanw\u00e4lt:innen f\u00fcr Verwaltungsrecht\" \/>\n<meta property=\"article:publisher\" content=\"https:\/\/www.facebook.com\/hotstegs.recht\" \/>\n<meta property=\"article:published_time\" content=\"2022-08-17T09:57:41+00:00\" \/>\n<meta property=\"article:modified_time\" content=\"2023-09-11T19:14:06+00:00\" \/>\n<meta property=\"og:image\" content=\"https:\/\/www.hotstegs-recht.de\/wp-content\/uploads\/2021\/05\/img_1544-scaled.jpg\" \/>\n\t<meta property=\"og:image:width\" content=\"2560\" \/>\n\t<meta property=\"og:image:height\" content=\"1920\" \/>\n\t<meta property=\"og:image:type\" content=\"image\/jpeg\" \/>\n<meta name=\"author\" content=\"Robert Hotstegs\" \/>\n<meta name=\"twitter:card\" content=\"summary_large_image\" \/>\n<meta name=\"twitter:creator\" content=\"@hotstegs_recht\" \/>\n<meta name=\"twitter:site\" content=\"@hotstegs_recht\" \/>\n<meta name=\"twitter:label1\" content=\"Verfasst von\" \/>\n\t<meta name=\"twitter:data1\" content=\"Robert Hotstegs\" \/>\n\t<meta name=\"twitter:label2\" content=\"Gesch\u00e4tzte Lesezeit\" \/>\n\t<meta name=\"twitter:data2\" content=\"2\u00a0Minuten\" \/>\n<!-- \/ Yoast SEO plugin. -->","yoast_head_json":{"title":"Darf man das noch sagen? Beharrliche Gehorsamsverweigerung bei Corona-Bek\u00e4mpfung f\u00fchrt zur Dienstentfernung einer JVA-Beamtin, Verwaltungsgericht Trier, Urteil v. 21.06.2022, Az. 3 K 802\/22.TR - Hotstegs Rechtsanwaltsgesellschaft | Rechtsanw\u00e4lt:innen und Fachanw\u00e4lt:innen f\u00fcr Verwaltungsrecht","description":"Disziplinarrecht - Termine unter Tel. 0211 \/ 497657-16","robots":{"index":"index","follow":"follow","max-snippet":"max-snippet:-1","max-image-preview":"max-image-preview:large","max-video-preview":"max-video-preview:-1"},"canonical":"https:\/\/www.hotstegs-recht.de\/?p=8969","og_locale":"de_DE","og_type":"article","og_title":"Darf man das noch sagen? Beharrliche Gehorsamsverweigerung bei Corona-Bek\u00e4mpfung f\u00fchrt zur Dienstentfernung einer JVA-Beamtin, Verwaltungsgericht Trier, Urteil v. 21.06.2022, Az. 3 K 802\/22.TR - Hotstegs Rechtsanwaltsgesellschaft | Rechtsanw\u00e4lt:innen und Fachanw\u00e4lt:innen f\u00fcr Verwaltungsrecht","og_description":"Disziplinarrecht - Termine unter Tel. 0211 \/ 497657-16","og_url":"https:\/\/www.hotstegs-recht.de\/?p=8969","og_site_name":"Hotstegs Rechtsanwaltsgesellschaft | Rechtsanw\u00e4lt:innen und Fachanw\u00e4lt:innen f\u00fcr Verwaltungsrecht","article_publisher":"https:\/\/www.facebook.com\/hotstegs.recht","article_published_time":"2022-08-17T09:57:41+00:00","article_modified_time":"2023-09-11T19:14:06+00:00","og_image":[{"width":2560,"height":1920,"url":"https:\/\/www.hotstegs-recht.de\/wp-content\/uploads\/2021\/05\/img_1544-scaled.jpg","type":"image\/jpeg"}],"author":"Robert Hotstegs","twitter_card":"summary_large_image","twitter_creator":"@hotstegs_recht","twitter_site":"@hotstegs_recht","twitter_misc":{"Verfasst von":"Robert Hotstegs","Gesch\u00e4tzte Lesezeit":"2\u00a0Minuten"},"schema":{"@context":"https:\/\/schema.org","@graph":[{"@type":"Article","@id":"https:\/\/www.hotstegs-recht.de\/?p=8969#article","isPartOf":{"@id":"https:\/\/www.hotstegs-recht.de\/?p=8969"},"author":{"name":"Robert Hotstegs","@id":"https:\/\/www.hotstegs-recht.de\/#\/schema\/person\/b5290b51a91e1e27ec6af13643a76ab0"},"headline":"Darf man das noch sagen? Beharrliche Gehorsamsverweigerung bei Corona-Bek\u00e4mpfung f\u00fchrt zur Dienstentfernung einer JVA-Beamtin, Verwaltungsgericht Trier, Urteil v. 21.06.2022, Az. 3 K 802\/22.TR","datePublished":"2022-08-17T09:57:41+00:00","dateModified":"2023-09-11T19:14:06+00:00","mainEntityOfPage":{"@id":"https:\/\/www.hotstegs-recht.de\/?p=8969"},"wordCount":906,"publisher":{"@id":"https:\/\/www.hotstegs-recht.de\/#organization"},"image":{"@id":"https:\/\/www.hotstegs-recht.de\/?p=8969#primaryimage"},"thumbnailUrl":"https:\/\/www.hotstegs-recht.de\/wp-content\/uploads\/2021\/05\/img_1544-scaled.jpg","keywords":["Entfernung aus dem Beamtenverh\u00e4ltnis"],"articleSection":["Beamtenrecht","Disziplinarrecht","ev. Kirchenrecht","Dienstordnungsangestellte (DO)","Richterdienstrecht","\u00d6ffentlicher Dienst"],"inLanguage":"de"},{"@type":"WebPage","@id":"https:\/\/www.hotstegs-recht.de\/?p=8969","url":"https:\/\/www.hotstegs-recht.de\/?p=8969","name":"Darf man das noch sagen? Beharrliche Gehorsamsverweigerung bei Corona-Bek\u00e4mpfung f\u00fchrt zur Dienstentfernung einer JVA-Beamtin, Verwaltungsgericht Trier, Urteil v. 21.06.2022, Az. 3 K 802\/22.TR - Hotstegs Rechtsanwaltsgesellschaft | Rechtsanw\u00e4lt:innen und Fachanw\u00e4lt:innen f\u00fcr Verwaltungsrecht","isPartOf":{"@id":"https:\/\/www.hotstegs-recht.de\/#website"},"primaryImageOfPage":{"@id":"https:\/\/www.hotstegs-recht.de\/?p=8969#primaryimage"},"image":{"@id":"https:\/\/www.hotstegs-recht.de\/?p=8969#primaryimage"},"thumbnailUrl":"https:\/\/www.hotstegs-recht.de\/wp-content\/uploads\/2021\/05\/img_1544-scaled.jpg","datePublished":"2022-08-17T09:57:41+00:00","dateModified":"2023-09-11T19:14:06+00:00","description":"Disziplinarrecht - Termine unter Tel. 0211 \/ 497657-16","breadcrumb":{"@id":"https:\/\/www.hotstegs-recht.de\/?p=8969#breadcrumb"},"inLanguage":"de","potentialAction":[{"@type":"ReadAction","target":["https:\/\/www.hotstegs-recht.de\/?p=8969"]}]},{"@type":"ImageObject","inLanguage":"de","@id":"https:\/\/www.hotstegs-recht.de\/?p=8969#primaryimage","url":"https:\/\/www.hotstegs-recht.de\/wp-content\/uploads\/2021\/05\/img_1544-scaled.jpg","contentUrl":"https:\/\/www.hotstegs-recht.de\/wp-content\/uploads\/2021\/05\/img_1544-scaled.jpg","width":2560,"height":1920,"caption":"Porta Nigra, Trier"},{"@type":"BreadcrumbList","@id":"https:\/\/www.hotstegs-recht.de\/?p=8969#breadcrumb","itemListElement":[{"@type":"ListItem","position":1,"name":"Startseite","item":"https:\/\/www.hotstegs-recht.de\/"},{"@type":"ListItem","position":2,"name":"Darf man das noch sagen? Beharrliche Gehorsamsverweigerung bei Corona-Bek\u00e4mpfung f\u00fchrt zur Dienstentfernung einer JVA-Beamtin, Verwaltungsgericht Trier, Urteil v. 21.06.2022, Az. 3 K 802\/22.TR"}]},{"@type":"WebSite","@id":"https:\/\/www.hotstegs-recht.de\/#website","url":"https:\/\/www.hotstegs-recht.de\/","name":"Hotstegs Rechtsanwaltsgesellschaft | Rechtsanw\u00e4lt:innen und Fachanw\u00e4lt:innen f\u00fcr Verwaltungsrecht","description":"\u00f6ffentliches Dienstrecht und Disziplinarverfahren | Rechtsanwalt Robert Hotstegs | Rechtsanw\u00e4ltin Sarah Nu\u00dfbaum | Rechtsanw\u00e4ltin Katharina Voigt","publisher":{"@id":"https:\/\/www.hotstegs-recht.de\/#organization"},"potentialAction":[{"@type":"SearchAction","target":{"@type":"EntryPoint","urlTemplate":"https:\/\/www.hotstegs-recht.de\/?s={search_term_string}"},"query-input":{"@type":"PropertyValueSpecification","valueRequired":true,"valueName":"search_term_string"}}],"inLanguage":"de"},{"@type":"Organization","@id":"https:\/\/www.hotstegs-recht.de\/#organization","name":"Hotstegs Rechtsanwaltsgesellschaft","url":"https:\/\/www.hotstegs-recht.de\/","logo":{"@type":"ImageObject","inLanguage":"de","@id":"https:\/\/www.hotstegs-recht.de\/#\/schema\/logo\/image\/","url":"https:\/\/www.hotstegs-recht.de\/wp-content\/uploads\/2021\/09\/logo_2020.png","contentUrl":"https:\/\/www.hotstegs-recht.de\/wp-content\/uploads\/2021\/09\/logo_2020.png","width":180,"height":51,"caption":"Hotstegs Rechtsanwaltsgesellschaft"},"image":{"@id":"https:\/\/www.hotstegs-recht.de\/#\/schema\/logo\/image\/"},"sameAs":["https:\/\/www.facebook.com\/hotstegs.recht","https:\/\/x.com\/hotstegs_recht","https:\/\/www.instagram.com\/hotstegs.recht","https:\/\/de.linkedin.com\/company\/hotstegs-recht"]},{"@type":"Person","@id":"https:\/\/www.hotstegs-recht.de\/#\/schema\/person\/b5290b51a91e1e27ec6af13643a76ab0","name":"Robert Hotstegs","pronouns":"er\/ihm","image":{"@type":"ImageObject","inLanguage":"de","@id":"https:\/\/secure.gravatar.com\/avatar\/7d923d735cd88c8f3b65c6506ab775c5eb23a82716d81ce74eb3951cb8430f5a?s=96&d=blank&r=g","url":"https:\/\/secure.gravatar.com\/avatar\/7d923d735cd88c8f3b65c6506ab775c5eb23a82716d81ce74eb3951cb8430f5a?s=96&d=blank&r=g","contentUrl":"https:\/\/secure.gravatar.com\/avatar\/7d923d735cd88c8f3b65c6506ab775c5eb23a82716d81ce74eb3951cb8430f5a?s=96&d=blank&r=g","caption":"Robert Hotstegs"},"description":"Rechtsanwalt, Fachanwalt f\u00fcr Verwaltungsrecht","url":"https:\/\/www.hotstegs-recht.de\/?author=1"}]}},"amp_enabled":true,"_links":{"self":[{"href":"https:\/\/www.hotstegs-recht.de\/index.php?rest_route=\/wp\/v2\/posts\/8969","targetHints":{"allow":["GET"]}}],"collection":[{"href":"https:\/\/www.hotstegs-recht.de\/index.php?rest_route=\/wp\/v2\/posts"}],"about":[{"href":"https:\/\/www.hotstegs-recht.de\/index.php?rest_route=\/wp\/v2\/types\/post"}],"author":[{"embeddable":true,"href":"https:\/\/www.hotstegs-recht.de\/index.php?rest_route=\/wp\/v2\/users\/1"}],"replies":[{"embeddable":true,"href":"https:\/\/www.hotstegs-recht.de\/index.php?rest_route=%2Fwp%2Fv2%2Fcomments&post=8969"}],"version-history":[{"count":5,"href":"https:\/\/www.hotstegs-recht.de\/index.php?rest_route=\/wp\/v2\/posts\/8969\/revisions"}],"predecessor-version":[{"id":9504,"href":"https:\/\/www.hotstegs-recht.de\/index.php?rest_route=\/wp\/v2\/posts\/8969\/revisions\/9504"}],"wp:featuredmedia":[{"embeddable":true,"href":"https:\/\/www.hotstegs-recht.de\/index.php?rest_route=\/wp\/v2\/media\/8240"}],"wp:attachment":[{"href":"https:\/\/www.hotstegs-recht.de\/index.php?rest_route=%2Fwp%2Fv2%2Fmedia&parent=8969"}],"wp:term":[{"taxonomy":"category","embeddable":true,"href":"https:\/\/www.hotstegs-recht.de\/index.php?rest_route=%2Fwp%2Fv2%2Fcategories&post=8969"},{"taxonomy":"post_tag","embeddable":true,"href":"https:\/\/www.hotstegs-recht.de\/index.php?rest_route=%2Fwp%2Fv2%2Ftags&post=8969"}],"curies":[{"name":"wp","href":"https:\/\/api.w.org\/{rel}","templated":true}]}}