{"id":8750,"date":"2022-01-20T11:29:00","date_gmt":"2022-01-20T10:29:00","guid":{"rendered":"https:\/\/www.hotstegs-recht.de\/?p=8750"},"modified":"2022-02-09T08:07:51","modified_gmt":"2022-02-09T07:07:51","slug":"standpunkt-auf-der-suche-nach-rechts-schutz","status":"publish","type":"post","link":"https:\/\/www.hotstegs-recht.de\/?p=8750","title":{"rendered":"Standpunkt: Auf der Suche nach Rechts-Schutz, NJW-aktuell 4\/2022, S. 15"},"content":{"rendered":"\n<p><strong>Beamtinnen und Beamte, Richterinnen und Richter, Amtstr\u00e4gerinnen und Amtstr\u00e4ger repr\u00e4sentieren den Staat, sie verwalten ihn, sie sprechen Recht f\u00fcr ihn und sie gestalten ihn. Gleichwohl ist ihr individuelles Verh\u00e4ltnis zum Staat gelegentlich ambivalent. Seitdem aktuelle F\u00e4lle nicht nur w\u00fcnschenswert kritische und mitdenkende Geister, sondern feindlich, auch k\u00e4mpferisch auftretende Personen aufgezeigt haben, ist der Wunsch nach Schutz vor Verfassungsfeinden gr\u00f6\u00dfer geworden. Eine Regelanfrage bei der Einstellung w\u00e4re gleichwohl nur eine Momentaufnahme, keine L\u00f6sung.<\/strong><\/p>\n\n\n\n<p>Sowohl das Beamten- wie auch das Richterdienstverh\u00e4ltnis machen seit jeher von Verfassungs und Gesetzes wegen zur Voraussetzung einer Ernennung, dass der oder die Kandidatin \u201ejederzeit f\u00fcr die freiheitliche demokratische Grundordnung im Sinne des Grundgesetzes\u201c (<a href=\"https:\/\/dejure.org\/gesetze\/BeamtStG\/7.html\" title=\"&sect; 7 BeamtStG: Voraussetzungen des Beamtenverh&auml;ltnisses\">\u00a7 7 BeamtStG<\/a>, <a href=\"https:\/\/dejure.org\/gesetze\/DRiG\/9.html\" title=\"&sect; 9 DRiG: Voraussetzungen f&uuml;r die Berufungen\">\u00a7 9 DRiG<\/a>) eintritt. Anders gelagert sind die Anforderungen des <a href=\"https:\/\/dejure.org\/gesetze\/BRAO\/7.html\" title=\"&sect; 7 BRAO: Versagung der Zulassung\">\u00a7 7 Nr. 6 BRAO<\/a>, an die sich auch etwa \u00a7 8 III 2 Nr. 3 S\u00e4chsJAG f\u00fcr den juristischen Vorbereitungsdienst anlehnt. Danach sind die Zulassung zur Anwaltschaft oder zum Vorbereitungsdienst zu versagen \u201ewenn die antragstellende Person die freiheitliche demokratische Grundordnung in strafbarer Weise bek\u00e4mpft\u201c.<\/p>\n\n\n\n<p>[&#8230;]<\/p>\n\n\n\n<p><em>Der vollst\u00e4ndige Beitrag ist im Heft NJW 4\/2022 erschienen.<\/em><\/p>\n","protected":false},"excerpt":{"rendered":"<p>Beamtinnen und Beamte, Richterinnen und Richter, Amtstr\u00e4gerinnen und Amtstr\u00e4ger repr\u00e4sentieren den Staat, sie verwalten ihn, sie sprechen Recht f\u00fcr ihn und sie gestalten ihn. Gleichwohl ist ihr individuelles Verh\u00e4ltnis zum Staat gelegentlich ambivalent. Seitdem aktuelle F\u00e4lle nicht nur w\u00fcnschenswert kritische und mitdenkende Geister, sondern feindlich, auch k\u00e4mpferisch auftretende Personen aufgezeigt haben, ist der Wunsch nach &hellip; <\/p>\n<p class=\"link-more\"><a href=\"https:\/\/www.hotstegs-recht.de\/?p=8750\" class=\"more-link\"><span class=\"screen-reader-text\">\u201eStandpunkt: Auf der Suche nach Rechts-Schutz, NJW-aktuell 4\/2022, S. 15\u201c <\/span>weiterlesen<\/a><\/p>\n","protected":false},"author":1,"featured_media":8751,"comment_status":"closed","ping_status":"open","sticky":false,"template":"","format":"standard","meta":{"footnotes":""},"categories":[112,4,9,14,15,63],"tags":[],"class_list":["post-8750","post","type-post","status-publish","format-standard","has-post-thumbnail","hentry","category-oeffentlicher-dienst","category-aktuelles","category-presse","category-beamtenrecht","category-disziplinarrecht","category-richterdienstrecht"],"yoast_head":"<!-- This site is optimized with the Yoast SEO plugin v27.4 - https:\/\/yoast.com\/product\/yoast-seo-wordpress\/ -->\n<title>Standpunkt: Auf der Suche nach Rechts-Schutz, NJW-aktuell 4\/2022, S. 15 - Hotstegs Rechtsanwaltsgesellschaft | Rechtsanw\u00e4lt:innen und Fachanw\u00e4lt:innen f\u00fcr Verwaltungsrecht<\/title>\n<meta name=\"description\" content=\"Aktuelles - Termine unter Tel. 0211 \/ 497657-16\" \/>\n<meta name=\"robots\" content=\"index, follow, max-snippet:-1, max-image-preview:large, max-video-preview:-1\" \/>\n<link rel=\"canonical\" href=\"https:\/\/www.hotstegs-recht.de\/?p=8750\" \/>\n<meta property=\"og:locale\" content=\"de_DE\" \/>\n<meta property=\"og:type\" content=\"article\" \/>\n<meta property=\"og:title\" content=\"Standpunkt: Auf der Suche nach Rechts-Schutz, NJW-aktuell 4\/2022, S. 15 - Hotstegs Rechtsanwaltsgesellschaft | Rechtsanw\u00e4lt:innen und Fachanw\u00e4lt:innen f\u00fcr Verwaltungsrecht\" \/>\n<meta property=\"og:description\" content=\"Aktuelles - Termine unter Tel. 0211 \/ 497657-16\" \/>\n<meta property=\"og:url\" content=\"https:\/\/www.hotstegs-recht.de\/?p=8750\" \/>\n<meta property=\"og:site_name\" content=\"Hotstegs Rechtsanwaltsgesellschaft | Rechtsanw\u00e4lt:innen und Fachanw\u00e4lt:innen f\u00fcr Verwaltungsrecht\" \/>\n<meta property=\"article:publisher\" content=\"https:\/\/www.facebook.com\/hotstegs.recht\" \/>\n<meta property=\"article:published_time\" content=\"2022-01-20T10:29:00+00:00\" \/>\n<meta property=\"article:modified_time\" content=\"2022-02-09T07:07:51+00:00\" \/>\n<meta property=\"og:image\" content=\"https:\/\/www.hotstegs-recht.de\/wp-content\/uploads\/2022\/01\/img_4392-scaled.jpg\" \/>\n\t<meta property=\"og:image:width\" content=\"2560\" \/>\n\t<meta property=\"og:image:height\" content=\"1920\" \/>\n\t<meta property=\"og:image:type\" content=\"image\/jpeg\" \/>\n<meta name=\"author\" content=\"Robert Hotstegs\" \/>\n<meta name=\"twitter:card\" content=\"summary_large_image\" \/>\n<meta name=\"twitter:creator\" content=\"@hotstegs_recht\" \/>\n<meta name=\"twitter:site\" content=\"@hotstegs_recht\" \/>\n<meta name=\"twitter:label1\" content=\"Verfasst von\" \/>\n\t<meta name=\"twitter:data1\" content=\"Robert Hotstegs\" \/>\n\t<meta name=\"twitter:label2\" content=\"Gesch\u00e4tzte Lesezeit\" \/>\n\t<meta name=\"twitter:data2\" content=\"1\u00a0Minute\" \/>\n<!-- \/ Yoast SEO plugin. -->","yoast_head_json":{"title":"Standpunkt: Auf der Suche nach Rechts-Schutz, NJW-aktuell 4\/2022, S. 15 - Hotstegs Rechtsanwaltsgesellschaft | Rechtsanw\u00e4lt:innen und Fachanw\u00e4lt:innen f\u00fcr Verwaltungsrecht","description":"Aktuelles - Termine unter Tel. 0211 \/ 497657-16","robots":{"index":"index","follow":"follow","max-snippet":"max-snippet:-1","max-image-preview":"max-image-preview:large","max-video-preview":"max-video-preview:-1"},"canonical":"https:\/\/www.hotstegs-recht.de\/?p=8750","og_locale":"de_DE","og_type":"article","og_title":"Standpunkt: Auf der Suche nach Rechts-Schutz, NJW-aktuell 4\/2022, S. 15 - Hotstegs Rechtsanwaltsgesellschaft | Rechtsanw\u00e4lt:innen und Fachanw\u00e4lt:innen f\u00fcr Verwaltungsrecht","og_description":"Aktuelles - Termine unter Tel. 0211 \/ 497657-16","og_url":"https:\/\/www.hotstegs-recht.de\/?p=8750","og_site_name":"Hotstegs Rechtsanwaltsgesellschaft | Rechtsanw\u00e4lt:innen und Fachanw\u00e4lt:innen f\u00fcr Verwaltungsrecht","article_publisher":"https:\/\/www.facebook.com\/hotstegs.recht","article_published_time":"2022-01-20T10:29:00+00:00","article_modified_time":"2022-02-09T07:07:51+00:00","og_image":[{"width":2560,"height":1920,"url":"https:\/\/www.hotstegs-recht.de\/wp-content\/uploads\/2022\/01\/img_4392-scaled.jpg","type":"image\/jpeg"}],"author":"Robert Hotstegs","twitter_card":"summary_large_image","twitter_creator":"@hotstegs_recht","twitter_site":"@hotstegs_recht","twitter_misc":{"Verfasst von":"Robert Hotstegs","Gesch\u00e4tzte Lesezeit":"1\u00a0Minute"},"schema":{"@context":"https:\/\/schema.org","@graph":[{"@type":"Article","@id":"https:\/\/www.hotstegs-recht.de\/?p=8750#article","isPartOf":{"@id":"https:\/\/www.hotstegs-recht.de\/?p=8750"},"author":{"name":"Robert Hotstegs","@id":"https:\/\/www.hotstegs-recht.de\/#\/schema\/person\/b5290b51a91e1e27ec6af13643a76ab0"},"headline":"Standpunkt: Auf der Suche nach Rechts-Schutz, NJW-aktuell 4\/2022, S. 15","datePublished":"2022-01-20T10:29:00+00:00","dateModified":"2022-02-09T07:07:51+00:00","mainEntityOfPage":{"@id":"https:\/\/www.hotstegs-recht.de\/?p=8750"},"wordCount":186,"publisher":{"@id":"https:\/\/www.hotstegs-recht.de\/#organization"},"image":{"@id":"https:\/\/www.hotstegs-recht.de\/?p=8750#primaryimage"},"thumbnailUrl":"https:\/\/www.hotstegs-recht.de\/wp-content\/uploads\/2022\/01\/img_4392-scaled.jpg","articleSection":["\u00d6ffentlicher Dienst","Aktuelles","Presse","Beamtenrecht","Disziplinarrecht","Richterdienstrecht"],"inLanguage":"de"},{"@type":"WebPage","@id":"https:\/\/www.hotstegs-recht.de\/?p=8750","url":"https:\/\/www.hotstegs-recht.de\/?p=8750","name":"Standpunkt: Auf der Suche nach Rechts-Schutz, NJW-aktuell 4\/2022, S. 15 - Hotstegs Rechtsanwaltsgesellschaft | Rechtsanw\u00e4lt:innen und Fachanw\u00e4lt:innen f\u00fcr Verwaltungsrecht","isPartOf":{"@id":"https:\/\/www.hotstegs-recht.de\/#website"},"primaryImageOfPage":{"@id":"https:\/\/www.hotstegs-recht.de\/?p=8750#primaryimage"},"image":{"@id":"https:\/\/www.hotstegs-recht.de\/?p=8750#primaryimage"},"thumbnailUrl":"https:\/\/www.hotstegs-recht.de\/wp-content\/uploads\/2022\/01\/img_4392-scaled.jpg","datePublished":"2022-01-20T10:29:00+00:00","dateModified":"2022-02-09T07:07:51+00:00","description":"Aktuelles - Termine unter Tel. 0211 \/ 497657-16","breadcrumb":{"@id":"https:\/\/www.hotstegs-recht.de\/?p=8750#breadcrumb"},"inLanguage":"de","potentialAction":[{"@type":"ReadAction","target":["https:\/\/www.hotstegs-recht.de\/?p=8750"]}]},{"@type":"ImageObject","inLanguage":"de","@id":"https:\/\/www.hotstegs-recht.de\/?p=8750#primaryimage","url":"https:\/\/www.hotstegs-recht.de\/wp-content\/uploads\/2022\/01\/img_4392-scaled.jpg","contentUrl":"https:\/\/www.hotstegs-recht.de\/wp-content\/uploads\/2022\/01\/img_4392-scaled.jpg","width":2560,"height":1920,"caption":"Foto Artikel \"Auf der Suche nach Rechts-Schutz\" (NJW)"},{"@type":"BreadcrumbList","@id":"https:\/\/www.hotstegs-recht.de\/?p=8750#breadcrumb","itemListElement":[{"@type":"ListItem","position":1,"name":"Startseite","item":"https:\/\/www.hotstegs-recht.de\/"},{"@type":"ListItem","position":2,"name":"Standpunkt: Auf der Suche nach Rechts-Schutz, NJW-aktuell 4\/2022, S. 15"}]},{"@type":"WebSite","@id":"https:\/\/www.hotstegs-recht.de\/#website","url":"https:\/\/www.hotstegs-recht.de\/","name":"Hotstegs Rechtsanwaltsgesellschaft | Rechtsanw\u00e4lt:innen und Fachanw\u00e4lt:innen f\u00fcr Verwaltungsrecht","description":"\u00f6ffentliches Dienstrecht und Disziplinarverfahren | Rechtsanwalt Robert Hotstegs | Rechtsanw\u00e4ltin Sarah Nu\u00dfbaum | Rechtsanw\u00e4ltin Katharina Voigt","publisher":{"@id":"https:\/\/www.hotstegs-recht.de\/#organization"},"potentialAction":[{"@type":"SearchAction","target":{"@type":"EntryPoint","urlTemplate":"https:\/\/www.hotstegs-recht.de\/?s={search_term_string}"},"query-input":{"@type":"PropertyValueSpecification","valueRequired":true,"valueName":"search_term_string"}}],"inLanguage":"de"},{"@type":"Organization","@id":"https:\/\/www.hotstegs-recht.de\/#organization","name":"Hotstegs Rechtsanwaltsgesellschaft","url":"https:\/\/www.hotstegs-recht.de\/","logo":{"@type":"ImageObject","inLanguage":"de","@id":"https:\/\/www.hotstegs-recht.de\/#\/schema\/logo\/image\/","url":"https:\/\/www.hotstegs-recht.de\/wp-content\/uploads\/2021\/09\/logo_2020.png","contentUrl":"https:\/\/www.hotstegs-recht.de\/wp-content\/uploads\/2021\/09\/logo_2020.png","width":180,"height":51,"caption":"Hotstegs Rechtsanwaltsgesellschaft"},"image":{"@id":"https:\/\/www.hotstegs-recht.de\/#\/schema\/logo\/image\/"},"sameAs":["https:\/\/www.facebook.com\/hotstegs.recht","https:\/\/x.com\/hotstegs_recht","https:\/\/www.instagram.com\/hotstegs.recht","https:\/\/de.linkedin.com\/company\/hotstegs-recht"]},{"@type":"Person","@id":"https:\/\/www.hotstegs-recht.de\/#\/schema\/person\/b5290b51a91e1e27ec6af13643a76ab0","name":"Robert Hotstegs","image":{"@type":"ImageObject","inLanguage":"de","@id":"https:\/\/secure.gravatar.com\/avatar\/7d923d735cd88c8f3b65c6506ab775c5eb23a82716d81ce74eb3951cb8430f5a?s=96&d=blank&r=g","url":"https:\/\/secure.gravatar.com\/avatar\/7d923d735cd88c8f3b65c6506ab775c5eb23a82716d81ce74eb3951cb8430f5a?s=96&d=blank&r=g","contentUrl":"https:\/\/secure.gravatar.com\/avatar\/7d923d735cd88c8f3b65c6506ab775c5eb23a82716d81ce74eb3951cb8430f5a?s=96&d=blank&r=g","caption":"Robert Hotstegs"},"description":"Rechtsanwalt, Fachanwalt f\u00fcr Verwaltungsrecht","url":"https:\/\/www.hotstegs-recht.de\/?author=1"}]}},"amp_enabled":true,"_links":{"self":[{"href":"https:\/\/www.hotstegs-recht.de\/index.php?rest_route=\/wp\/v2\/posts\/8750","targetHints":{"allow":["GET"]}}],"collection":[{"href":"https:\/\/www.hotstegs-recht.de\/index.php?rest_route=\/wp\/v2\/posts"}],"about":[{"href":"https:\/\/www.hotstegs-recht.de\/index.php?rest_route=\/wp\/v2\/types\/post"}],"author":[{"embeddable":true,"href":"https:\/\/www.hotstegs-recht.de\/index.php?rest_route=\/wp\/v2\/users\/1"}],"replies":[{"embeddable":true,"href":"https:\/\/www.hotstegs-recht.de\/index.php?rest_route=%2Fwp%2Fv2%2Fcomments&post=8750"}],"version-history":[{"count":1,"href":"https:\/\/www.hotstegs-recht.de\/index.php?rest_route=\/wp\/v2\/posts\/8750\/revisions"}],"predecessor-version":[{"id":8752,"href":"https:\/\/www.hotstegs-recht.de\/index.php?rest_route=\/wp\/v2\/posts\/8750\/revisions\/8752"}],"wp:featuredmedia":[{"embeddable":true,"href":"https:\/\/www.hotstegs-recht.de\/index.php?rest_route=\/wp\/v2\/media\/8751"}],"wp:attachment":[{"href":"https:\/\/www.hotstegs-recht.de\/index.php?rest_route=%2Fwp%2Fv2%2Fmedia&parent=8750"}],"wp:term":[{"taxonomy":"category","embeddable":true,"href":"https:\/\/www.hotstegs-recht.de\/index.php?rest_route=%2Fwp%2Fv2%2Fcategories&post=8750"},{"taxonomy":"post_tag","embeddable":true,"href":"https:\/\/www.hotstegs-recht.de\/index.php?rest_route=%2Fwp%2Fv2%2Ftags&post=8750"}],"curies":[{"name":"wp","href":"https:\/\/api.w.org\/{rel}","templated":true}]}}