{"id":8674,"date":"2021-10-07T12:01:00","date_gmt":"2021-10-07T10:01:00","guid":{"rendered":"https:\/\/www.hotstegs-recht.de\/?p=8674"},"modified":"2025-04-17T15:10:30","modified_gmt":"2025-04-17T13:10:30","slug":"leserforum-njw-aktuell-232017-10-2-2-2","status":"publish","type":"post","link":"https:\/\/www.hotstegs-recht.de\/?p=8674","title":{"rendered":"Leserforum, NJW-aktuell 41\/2021, 10"},"content":{"rendered":"\n<p><strong>Zu Kingreen, NJW 2021, 2766 und Waldhoff, NJW 2021, 2772.<\/strong> Dem Autor Kingreen ist in seinem Gesamtergebnis v\u00f6llig zuzustimmen. Die genannten &#8222;Fortsetzungsromane&#8220; in den Normen des IfSG bed\u00fcrfen einer ruhigen und besonnenen K\u00fcrzung und \u00dcberarbeitung. Nur so ist eine Normenklarheit wieder herzustellen. Gleichzeitig kann sich das Gesetz aber auch darauf besinnen, dass es nicht nur f\u00fcr den Krisen-Einzelfall gedacht ist, sondern schon jeher der Seuchenbek\u00e4mpfung und -vermeidung diente. Hierf\u00fcr muss auch das Gesetz aus den Erfahrungen der letzten beiden Jahre lernen. Allein den letzten Satz des Aufsatzes m\u00f6ge man vor dem neuen Bundestag verstecken, weil sonst die Gefahr besteht es w\u00fcrde ein &#8218;Gute-Gesetzgebungs-Gesetz&#8216; erlassen. Das w\u00e4re zwar der Sache nach geboten, Betitelung alleine w\u00fcrde aber eben nicht helfen.<\/p>\n\n\n\n<!--more-->\n\n\n\n<p>Im Rahmen der guten Gesetzgebung bedarf es aber sodann &#8211; sicherlich sinnvoll in der von Waldhoff geforderten Enqu\u00eate-Kommission &#8211; auch konstruktiver Vorschl\u00e4ge f\u00fcr eine schnelle und wom\u00f6glich auch nicht-pr\u00e4sente Gesetzgebung in der Zukunft. Bundestag und Landtage haben die Homeoffice-Pflichten in diversen Spielarten geschaffen und gefordert, es fehlt aber unver\u00e4ndert am hybriden oder digitalen Gesetzgebungsverfahren und Beschlussverfahren f\u00fcr zuk\u00fcnftige Krisensituationen. Wie will das nun neugew\u00e4hlte Verfassungsorgan zuk\u00fcnftig seinen Auftrag wahrnehmen, auch in Situationen in denen pers\u00f6nliche Kontakte vorsorglich reduziert werden sollen? Bedarf es einer \u00c4nderung der Verfahren? Ist hybrid dann die L\u00f6sung? Oder bedarf es spezieller Notfallkompetenzen? Ist Eilgesetzgebung etwa mit einem erm\u00e4chtigten Hauptausschuss denkbar, ohne dass gleichzeitig eine Mehrzahl der Abgeordneten um ihre Rechte aus dem Mandat f\u00fcrchten muss?<\/p>\n\n\n\n<p>Wie ist ein Arbeiten ohnehin nun unmittelbar nach der Wahl sachgerecht zu organisieren, wenn die Rollen von Regierung und Opposition noch nicht verteilt, Ministerien und ihre &#8222;Spiegel-Aussch\u00fcsse&#8220; noch nicht zugeschnitten sind? 2017 hat ohne Corona bereits verfassungsm\u00e4\u00dfige Sorgen bereitet, als der Bundestag die Arbeit in Aussch\u00fcssen \u00fcber Monate hinweg verweigerte. Nun mit den j\u00fcngsten Pandemieerfahrungen erscheint es erst recht wenig sinnvoll, auf die n\u00e4chste Krise zu warten. Der neue Bundestag muss sich auch zu dieser Frage aufstellen.<\/p>\n\n\n\n<p>Fachanwalt f\u00fcr Verwaltungsrecht Robert Hotstegs, D\u00fcsseldorf<\/p>\n\n\n\n<figure class=\"wp-block-image size-large\"><a href=\"https:\/\/www.hotstegs-recht.de\/wp-content\/uploads\/2021\/10\/img_3478.jpg\"><img loading=\"lazy\" decoding=\"async\" width=\"1024\" height=\"1024\" src=\"https:\/\/www.hotstegs-recht.de\/wp-content\/uploads\/2021\/10\/img_3478-1024x1024.jpg\" alt=\"\" class=\"wp-image-8673\" srcset=\"https:\/\/www.hotstegs-recht.de\/wp-content\/uploads\/2021\/10\/img_3478-1024x1024.jpg 1024w, https:\/\/www.hotstegs-recht.de\/wp-content\/uploads\/2021\/10\/img_3478-300x300.jpg 300w, https:\/\/www.hotstegs-recht.de\/wp-content\/uploads\/2021\/10\/img_3478-150x150.jpg 150w, https:\/\/www.hotstegs-recht.de\/wp-content\/uploads\/2021\/10\/img_3478-768x768.jpg 768w, https:\/\/www.hotstegs-recht.de\/wp-content\/uploads\/2021\/10\/img_3478-1536x1536.jpg 1536w, https:\/\/www.hotstegs-recht.de\/wp-content\/uploads\/2021\/10\/img_3478-2048x2048.jpg 2048w, https:\/\/www.hotstegs-recht.de\/wp-content\/uploads\/2021\/10\/img_3478-24x24.jpg 24w, https:\/\/www.hotstegs-recht.de\/wp-content\/uploads\/2021\/10\/img_3478-48x48.jpg 48w, https:\/\/www.hotstegs-recht.de\/wp-content\/uploads\/2021\/10\/img_3478-96x96.jpg 96w\" sizes=\"auto, (max-width: 706px) 89vw, (max-width: 767px) 82vw, 740px\" \/><\/a><\/figure>\n","protected":false},"excerpt":{"rendered":"<p>Zu Kingreen, NJW 2021, 2766 und Waldhoff, NJW 2021, 2772. Dem Autor Kingreen ist in seinem Gesamtergebnis v\u00f6llig zuzustimmen. Die genannten &#8222;Fortsetzungsromane&#8220; in den Normen des IfSG bed\u00fcrfen einer ruhigen und besonnenen K\u00fcrzung und \u00dcberarbeitung. Nur so ist eine Normenklarheit wieder herzustellen. Gleichzeitig kann sich das Gesetz aber auch darauf besinnen, dass es nicht nur &hellip; <\/p>\n<p class=\"link-more\"><a href=\"https:\/\/www.hotstegs-recht.de\/?p=8674\" class=\"more-link\"><span class=\"screen-reader-text\">\u201eLeserforum, NJW-aktuell 41\/2021, 10\u201c <\/span>weiterlesen<\/a><\/p>\n","protected":false},"author":1,"featured_media":8673,"comment_status":"closed","ping_status":"open","sticky":false,"template":"","format":"aside","meta":{"footnotes":""},"categories":[4,9,16,23,47],"tags":[105,106],"class_list":["post-8674","post","type-post","status-publish","format-aside","has-post-thumbnail","hentry","category-aktuelles","category-presse","category-burgerbeteiligung","category-kanzlei","category-wahlrecht","tag-corona","tag-covid-19","post_format-post-format-aside"],"yoast_head":"<!-- This site is optimized with the Yoast SEO plugin v27.5 - https:\/\/yoast.com\/product\/yoast-seo-wordpress\/ -->\n<title>Leserforum, NJW-aktuell 41\/2021, 10 - Hotstegs Rechtsanwaltsgesellschaft | Rechtsanw\u00e4lt:innen und Fachanw\u00e4lt:innen f\u00fcr Verwaltungsrecht<\/title>\n<meta name=\"description\" content=\"Aktuelles - Termine unter Tel. 0211 \/ 497657-16\" \/>\n<meta name=\"robots\" content=\"index, follow, max-snippet:-1, max-image-preview:large, max-video-preview:-1\" \/>\n<link rel=\"canonical\" href=\"https:\/\/www.hotstegs-recht.de\/?p=8674\" \/>\n<meta property=\"og:locale\" content=\"de_DE\" \/>\n<meta property=\"og:type\" content=\"article\" \/>\n<meta property=\"og:title\" content=\"Leserforum, NJW-aktuell 41\/2021, 10 - Hotstegs Rechtsanwaltsgesellschaft | Rechtsanw\u00e4lt:innen und Fachanw\u00e4lt:innen f\u00fcr Verwaltungsrecht\" \/>\n<meta property=\"og:description\" content=\"Aktuelles - Termine unter Tel. 0211 \/ 497657-16\" \/>\n<meta property=\"og:url\" content=\"https:\/\/www.hotstegs-recht.de\/?p=8674\" \/>\n<meta property=\"og:site_name\" content=\"Hotstegs Rechtsanwaltsgesellschaft | Rechtsanw\u00e4lt:innen und Fachanw\u00e4lt:innen f\u00fcr Verwaltungsrecht\" \/>\n<meta property=\"article:publisher\" content=\"https:\/\/www.facebook.com\/hotstegs.recht\" \/>\n<meta property=\"article:published_time\" content=\"2021-10-07T10:01:00+00:00\" \/>\n<meta property=\"article:modified_time\" content=\"2025-04-17T13:10:30+00:00\" \/>\n<meta property=\"og:image\" content=\"https:\/\/www.hotstegs-recht.de\/wp-content\/uploads\/2021\/10\/img_3478-1024x1024.jpg\" \/>\n\t<meta property=\"og:image:width\" content=\"1024\" \/>\n\t<meta property=\"og:image:height\" content=\"1024\" \/>\n\t<meta property=\"og:image:type\" content=\"image\/jpeg\" \/>\n<meta name=\"author\" content=\"Robert Hotstegs\" \/>\n<meta name=\"twitter:card\" content=\"summary_large_image\" \/>\n<meta name=\"twitter:creator\" content=\"@hotstegs_recht\" \/>\n<meta name=\"twitter:site\" content=\"@hotstegs_recht\" \/>\n<meta name=\"twitter:label1\" content=\"Verfasst von\" \/>\n\t<meta name=\"twitter:data1\" content=\"Robert Hotstegs\" \/>\n\t<meta name=\"twitter:label2\" content=\"Gesch\u00e4tzte Lesezeit\" \/>\n\t<meta name=\"twitter:data2\" content=\"3\u00a0Minuten\" \/>\n<!-- \/ Yoast SEO plugin. -->","yoast_head_json":{"title":"Leserforum, NJW-aktuell 41\/2021, 10 - Hotstegs Rechtsanwaltsgesellschaft | Rechtsanw\u00e4lt:innen und Fachanw\u00e4lt:innen f\u00fcr Verwaltungsrecht","description":"Aktuelles - Termine unter Tel. 0211 \/ 497657-16","robots":{"index":"index","follow":"follow","max-snippet":"max-snippet:-1","max-image-preview":"max-image-preview:large","max-video-preview":"max-video-preview:-1"},"canonical":"https:\/\/www.hotstegs-recht.de\/?p=8674","og_locale":"de_DE","og_type":"article","og_title":"Leserforum, NJW-aktuell 41\/2021, 10 - Hotstegs Rechtsanwaltsgesellschaft | Rechtsanw\u00e4lt:innen und Fachanw\u00e4lt:innen f\u00fcr Verwaltungsrecht","og_description":"Aktuelles - Termine unter Tel. 0211 \/ 497657-16","og_url":"https:\/\/www.hotstegs-recht.de\/?p=8674","og_site_name":"Hotstegs Rechtsanwaltsgesellschaft | Rechtsanw\u00e4lt:innen und Fachanw\u00e4lt:innen f\u00fcr Verwaltungsrecht","article_publisher":"https:\/\/www.facebook.com\/hotstegs.recht","article_published_time":"2021-10-07T10:01:00+00:00","article_modified_time":"2025-04-17T13:10:30+00:00","og_image":[{"width":1024,"height":1024,"url":"https:\/\/www.hotstegs-recht.de\/wp-content\/uploads\/2021\/10\/img_3478-1024x1024.jpg","type":"image\/jpeg"}],"author":"Robert Hotstegs","twitter_card":"summary_large_image","twitter_creator":"@hotstegs_recht","twitter_site":"@hotstegs_recht","twitter_misc":{"Verfasst von":"Robert Hotstegs","Gesch\u00e4tzte Lesezeit":"3\u00a0Minuten"},"schema":{"@context":"https:\/\/schema.org","@graph":[{"@type":"Article","@id":"https:\/\/www.hotstegs-recht.de\/?p=8674#article","isPartOf":{"@id":"https:\/\/www.hotstegs-recht.de\/?p=8674"},"author":{"name":"Robert Hotstegs","@id":"https:\/\/www.hotstegs-recht.de\/#\/schema\/person\/b5290b51a91e1e27ec6af13643a76ab0"},"headline":"Leserforum, NJW-aktuell 41\/2021, 10","datePublished":"2021-10-07T10:01:00+00:00","dateModified":"2025-04-17T13:10:30+00:00","mainEntityOfPage":{"@id":"https:\/\/www.hotstegs-recht.de\/?p=8674"},"wordCount":348,"publisher":{"@id":"https:\/\/www.hotstegs-recht.de\/#organization"},"image":{"@id":"https:\/\/www.hotstegs-recht.de\/?p=8674#primaryimage"},"thumbnailUrl":"https:\/\/www.hotstegs-recht.de\/wp-content\/uploads\/2021\/10\/img_3478.jpg","keywords":["Corona","COVID-19"],"articleSection":["Aktuelles","Presse","B\u00fcrgerbeteiligung","Kanzlei","Wahlrecht"],"inLanguage":"de"},{"@type":"WebPage","@id":"https:\/\/www.hotstegs-recht.de\/?p=8674","url":"https:\/\/www.hotstegs-recht.de\/?p=8674","name":"Leserforum, NJW-aktuell 41\/2021, 10 - Hotstegs Rechtsanwaltsgesellschaft | Rechtsanw\u00e4lt:innen und Fachanw\u00e4lt:innen f\u00fcr Verwaltungsrecht","isPartOf":{"@id":"https:\/\/www.hotstegs-recht.de\/#website"},"primaryImageOfPage":{"@id":"https:\/\/www.hotstegs-recht.de\/?p=8674#primaryimage"},"image":{"@id":"https:\/\/www.hotstegs-recht.de\/?p=8674#primaryimage"},"thumbnailUrl":"https:\/\/www.hotstegs-recht.de\/wp-content\/uploads\/2021\/10\/img_3478.jpg","datePublished":"2021-10-07T10:01:00+00:00","dateModified":"2025-04-17T13:10:30+00:00","description":"Aktuelles - Termine unter Tel. 0211 \/ 497657-16","breadcrumb":{"@id":"https:\/\/www.hotstegs-recht.de\/?p=8674#breadcrumb"},"inLanguage":"de","potentialAction":[{"@type":"ReadAction","target":["https:\/\/www.hotstegs-recht.de\/?p=8674"]}]},{"@type":"ImageObject","inLanguage":"de","@id":"https:\/\/www.hotstegs-recht.de\/?p=8674#primaryimage","url":"https:\/\/www.hotstegs-recht.de\/wp-content\/uploads\/2021\/10\/img_3478.jpg","contentUrl":"https:\/\/www.hotstegs-recht.de\/wp-content\/uploads\/2021\/10\/img_3478.jpg","width":2336,"height":2336,"caption":"Leserbrief in der Zeitschrift NJW"},{"@type":"BreadcrumbList","@id":"https:\/\/www.hotstegs-recht.de\/?p=8674#breadcrumb","itemListElement":[{"@type":"ListItem","position":1,"name":"Startseite","item":"https:\/\/www.hotstegs-recht.de\/"},{"@type":"ListItem","position":2,"name":"Leserforum, NJW-aktuell 41\/2021, 10"}]},{"@type":"WebSite","@id":"https:\/\/www.hotstegs-recht.de\/#website","url":"https:\/\/www.hotstegs-recht.de\/","name":"Hotstegs Rechtsanwaltsgesellschaft | Rechtsanw\u00e4lt:innen und Fachanw\u00e4lt:innen f\u00fcr Verwaltungsrecht","description":"\u00f6ffentliches Dienstrecht und Disziplinarverfahren | Rechtsanwalt Robert Hotstegs | Rechtsanw\u00e4ltin Sarah Nu\u00dfbaum | Rechtsanw\u00e4ltin Katharina Voigt","publisher":{"@id":"https:\/\/www.hotstegs-recht.de\/#organization"},"potentialAction":[{"@type":"SearchAction","target":{"@type":"EntryPoint","urlTemplate":"https:\/\/www.hotstegs-recht.de\/?s={search_term_string}"},"query-input":{"@type":"PropertyValueSpecification","valueRequired":true,"valueName":"search_term_string"}}],"inLanguage":"de"},{"@type":"Organization","@id":"https:\/\/www.hotstegs-recht.de\/#organization","name":"Hotstegs Rechtsanwaltsgesellschaft","url":"https:\/\/www.hotstegs-recht.de\/","logo":{"@type":"ImageObject","inLanguage":"de","@id":"https:\/\/www.hotstegs-recht.de\/#\/schema\/logo\/image\/","url":"https:\/\/www.hotstegs-recht.de\/wp-content\/uploads\/2021\/09\/logo_2020.png","contentUrl":"https:\/\/www.hotstegs-recht.de\/wp-content\/uploads\/2021\/09\/logo_2020.png","width":180,"height":51,"caption":"Hotstegs Rechtsanwaltsgesellschaft"},"image":{"@id":"https:\/\/www.hotstegs-recht.de\/#\/schema\/logo\/image\/"},"sameAs":["https:\/\/www.facebook.com\/hotstegs.recht","https:\/\/x.com\/hotstegs_recht","https:\/\/www.instagram.com\/hotstegs.recht","https:\/\/de.linkedin.com\/company\/hotstegs-recht"]},{"@type":"Person","@id":"https:\/\/www.hotstegs-recht.de\/#\/schema\/person\/b5290b51a91e1e27ec6af13643a76ab0","name":"Robert Hotstegs","image":{"@type":"ImageObject","inLanguage":"de","@id":"https:\/\/secure.gravatar.com\/avatar\/7d923d735cd88c8f3b65c6506ab775c5eb23a82716d81ce74eb3951cb8430f5a?s=96&d=blank&r=g","url":"https:\/\/secure.gravatar.com\/avatar\/7d923d735cd88c8f3b65c6506ab775c5eb23a82716d81ce74eb3951cb8430f5a?s=96&d=blank&r=g","contentUrl":"https:\/\/secure.gravatar.com\/avatar\/7d923d735cd88c8f3b65c6506ab775c5eb23a82716d81ce74eb3951cb8430f5a?s=96&d=blank&r=g","caption":"Robert Hotstegs"},"description":"Rechtsanwalt, Fachanwalt f\u00fcr Verwaltungsrecht","url":"https:\/\/www.hotstegs-recht.de\/?author=1"}]}},"amp_enabled":true,"_links":{"self":[{"href":"https:\/\/www.hotstegs-recht.de\/index.php?rest_route=\/wp\/v2\/posts\/8674","targetHints":{"allow":["GET"]}}],"collection":[{"href":"https:\/\/www.hotstegs-recht.de\/index.php?rest_route=\/wp\/v2\/posts"}],"about":[{"href":"https:\/\/www.hotstegs-recht.de\/index.php?rest_route=\/wp\/v2\/types\/post"}],"author":[{"embeddable":true,"href":"https:\/\/www.hotstegs-recht.de\/index.php?rest_route=\/wp\/v2\/users\/1"}],"replies":[{"embeddable":true,"href":"https:\/\/www.hotstegs-recht.de\/index.php?rest_route=%2Fwp%2Fv2%2Fcomments&post=8674"}],"version-history":[{"count":3,"href":"https:\/\/www.hotstegs-recht.de\/index.php?rest_route=\/wp\/v2\/posts\/8674\/revisions"}],"predecessor-version":[{"id":10079,"href":"https:\/\/www.hotstegs-recht.de\/index.php?rest_route=\/wp\/v2\/posts\/8674\/revisions\/10079"}],"wp:featuredmedia":[{"embeddable":true,"href":"https:\/\/www.hotstegs-recht.de\/index.php?rest_route=\/wp\/v2\/media\/8673"}],"wp:attachment":[{"href":"https:\/\/www.hotstegs-recht.de\/index.php?rest_route=%2Fwp%2Fv2%2Fmedia&parent=8674"}],"wp:term":[{"taxonomy":"category","embeddable":true,"href":"https:\/\/www.hotstegs-recht.de\/index.php?rest_route=%2Fwp%2Fv2%2Fcategories&post=8674"},{"taxonomy":"post_tag","embeddable":true,"href":"https:\/\/www.hotstegs-recht.de\/index.php?rest_route=%2Fwp%2Fv2%2Ftags&post=8674"}],"curies":[{"name":"wp","href":"https:\/\/api.w.org\/{rel}","templated":true}]}}