{"id":8427,"date":"2021-09-23T19:36:32","date_gmt":"2021-09-23T17:36:32","guid":{"rendered":"https:\/\/www.hotstegs-recht.de\/?p=8427"},"modified":"2021-09-23T23:47:51","modified_gmt":"2021-09-23T21:47:51","slug":"sonntags-ruhe-schuhkurier-38-s-16ff","status":"publish","type":"post","link":"https:\/\/www.hotstegs-recht.de\/?p=8427","title":{"rendered":"Sonntags Ruhe?, Schuhkurier 38, S. 16ff."},"content":{"rendered":"\n<p>Die Debatte um Sonntags\u00f6ffnungen ebbt nicht ab. Der Handel fordert mehr Spielraum, Gewerkschaften und Kirchen blocken ab. schuhkurier fasst die aktuelle Lage zusammen.<\/p>\n\n\n\n<p>Der Handelsverband Deutschland (HDE) bleibt hartn\u00e4ckig. Vehement setzt sich die Lobbyorganisation des Einzelhandels f\u00fcr eine Flexibilisierung der Regelung von Sonntags\u00f6ffnungen ein. So ver\u00f6ffentlichte der HDE im Vorfeld der Bundestagswahl einen 10-Punkte-Plan, in dem die Politik aufgefordert wurde, die Voraussetzungen f\u00fcr mehr Rechtssicherheit f\u00fcr gelegentliche Sonntags\u00f6ffnungen im Einzelhandel zu schaffen. Es brauche eine Enttabuisierung des Themas, Einkaufen sei genauso Teil der Freizeitgestaltung wie der Restaurant- oder Museumsbesuch, so die Argumentation des Verbands. Kurzfristig sollten die H\u00e4ndler zum Ausgleich f\u00fcr die langen Lockdowns, in denen die Ladent\u00fcren geschlossen waren, f\u00fcr den Rest des Jahres auch sonntags \u00f6ffnen d\u00fcrfen. \u201eIn vielen anderen Wirtschaftsbereichen ist eine Sonntags\u00f6ffnung vollkommen selbstverst\u00e4ndlich. In Restaurants und Gastst\u00e4tten geh\u00f6rt es zum Alltag, dass die T\u00fcren auch am Sonntag weit ge\u00f6ffnet sind\u201c, so HDE-Hauptgesch\u00e4ftsf\u00fchrer Stefan Genth. Genauso sei es bei Theatern, Kinos oder Museen. Und auch an den Flie\u00dfb\u00e4ndern vieler Fabriken werde ganz selbstverst\u00e4ndlich sonntags gearbeitet. \u201eNur beim Einzelhandel muss sonntags im Regelfall alles dicht sein. Das ist l\u00e4ngst nicht mehr zeitgem\u00e4\u00df. Einkaufen dient heutzutage nicht mehr nur der Versorgung, sondern Bummeln und Shopping ist ein Freizeitevent \u2013 genauso wie der Besuch von Gastst\u00e4tten oder Kultureinrichtungen\u201c, so Genth weiter. [&#8230;]<\/p>\n\n\n\n<h2 class=\"wp-block-heading\">Das sagt der Jurist<\/h2>\n\n\n\n<p>Auch Robert Hotstegs, auf Verwaltungs- und Verfassungsrecht spezialisierter Rechtsanwalt aus D\u00fcsseldorf, sieht die Forderungen des HDE kritisch. Das beginne bereits damit, dass die Bundesregierung in Berlin der falsche Adressat sei. \u201eNach der letzten F\u00f6rderalismusreform ist der Bund nicht mehr zust\u00e4ndig f\u00fcr die Laden\u00f6ffnungs- und Ladenschlusszeiten. Die Zust\u00e4ndigkeit liegt bei den L\u00e4ndern. Hier sind also momentan alle 16 Landesparlamente gefordert, es sei denn man will die Zeit zur\u00fcckdrehen und die Gesetzgebung wieder dem Bund \u00fcbertragen.\u201c Der Jurist geht davon aus, dass Handel, Gewerkschaften und Kirchen immer wieder an einer Grundsatzentscheidung einander fundamental gegen\u00fcberstehen werden. \u201eDer Sonntag ist durch die Regelung der Weimarer Reichsverfassung, die immer noch an dieser Stelle fortgilt, grunds\u00e4tzlich arbeitsfrei. Jeder einzelne verkaufsoffene Sonntag kratzt daher an dem Schutz der Verfassung. Das ist keine Kleinigkeit, wie dies in manchen Stadtr\u00e4ten, IHKs oder Interessengemeinschaften des Handels manchmal anklingt\u201c, sagt Robert Hotstegs. Um dennoch die Anzahl der Rechtsstreitigkeiten zu reduzieren, sei es ratsam, im bisherigen Rechtsrahmen deutlich fr\u00fcher \u00fcber verkaufsoffene Sonntage zu beraten und zu beschlie\u00dfen.<\/p>\n\n\n\n<p><br \/>Das Thema eigne sich nicht f\u00fcr Dringlichkeitsentscheidungen im Stadtrat, vielmehr empfehle es sich, eine Jahresplanung von politischer Seite aus anzustreben. W\u00fcrden dann verkaufsoffene Sonntage festgesetzt, k\u00f6nne weit vorab eine rechtliche Kl\u00e4rung herbeigef\u00fchrt werden, ohne dass die Werbung schon angelaufen sei. \u201eDas d\u00fcrfte auch im Interesse der H\u00e4ndlerinnen und H\u00e4ndler sein. Zwar ist in vielen Verfahren auch die Werbung als Druckmittel eingesetzt worden, nach dem Motto \u201eEs ist nun zu sp\u00e4t zum Absagen\u201c, aber genau dies verf\u00e4ngt eben vor Gericht nicht. Da ist es doch sinnvoller, Streit- und Vorlaufkosten voneinander zu trennen.\u201c Ein zweiter Aspekt, der laut dem Rechtsanwalt durch die Landesgesetzgeber flankiert werden m\u00fcsste, sei es, einen Einigungsmechanismus zu installieren. In Nordrhein-Westfalen etwa sei gesetzlich bislang nur vorgeschrieben, dass Gewerkschaften, Arbeitgeber- und Wirtschaftsverb\u00e4nde und Kirchen, die jeweilige IHK und die Handwerkskammer anzuh\u00f6ren sind. Es w\u00e4re durchaus denkbar, hier auch ein Einigungsverfahren vorzuschreiben, dass dem Interessenausgleich diene und zugleich auch Streitigkeiten vermeide oder ausschlie\u00dfe, so Hotstegs. Allerdings sagt er auch: \u201eSo \u00e4rgerlich dies aus Handelssicht ist, aber man ist schlecht beraten, wenn man von einem Rechtsanspruch auf Sonntags\u00f6ffnung ausgeht. Die Ausnahmen werden auch in Zukunft eng und limitiert, die H\u00fcrden grunds\u00e4tzlich hoch sein.\u201c [&#8230;]<\/p>\n\n\n\n<p><a href=\"\/wp-content\/uploads\/2021\/09\/Schuhkurier_2021_38_Sonntagsoeffnungen.pdf\" target=\"_blank\" rel=\"noreferrer noopener\">Link zum vollst\u00e4ndigen Artikel<\/a><\/p>\n","protected":false},"excerpt":{"rendered":"<p>Die Debatte um Sonntags\u00f6ffnungen ebbt nicht ab. Der Handel fordert mehr Spielraum, Gewerkschaften und Kirchen blocken ab. schuhkurier fasst die aktuelle Lage zusammen. Der Handelsverband Deutschland (HDE) bleibt hartn\u00e4ckig. Vehement setzt sich die Lobbyorganisation des Einzelhandels f\u00fcr eine Flexibilisierung der Regelung von Sonntags\u00f6ffnungen ein. So ver\u00f6ffentlichte der HDE im Vorfeld der Bundestagswahl einen 10-Punkte-Plan, in &hellip; <\/p>\n<p class=\"link-more\"><a href=\"https:\/\/www.hotstegs-recht.de\/?p=8427\" class=\"more-link\"><span class=\"screen-reader-text\">\u201eSonntags Ruhe?, Schuhkurier 38, S. 16ff.\u201c <\/span>weiterlesen<\/a><\/p>\n","protected":false},"author":4,"featured_media":8342,"comment_status":"closed","ping_status":"open","sticky":false,"template":"","format":"standard","meta":{"footnotes":""},"categories":[9,4],"tags":[],"class_list":["post-8427","post","type-post","status-publish","format-standard","has-post-thumbnail","hentry","category-presse","category-aktuelles"],"yoast_head":"<!-- This site is optimized with the Yoast SEO plugin v27.5 - https:\/\/yoast.com\/product\/yoast-seo-wordpress\/ -->\n<title>Sonntags Ruhe?, Schuhkurier 38, S. 16ff. - Hotstegs Rechtsanwaltsgesellschaft | Rechtsanw\u00e4lt:innen und Fachanw\u00e4lt:innen f\u00fcr Verwaltungsrecht<\/title>\n<meta name=\"description\" content=\"Aktuelles - Termine unter Tel. 0211 \/ 497657-16\" \/>\n<meta name=\"robots\" content=\"index, follow, max-snippet:-1, max-image-preview:large, max-video-preview:-1\" \/>\n<link rel=\"canonical\" href=\"https:\/\/www.hotstegs-recht.de\/?p=8427\" \/>\n<meta property=\"og:locale\" content=\"de_DE\" \/>\n<meta property=\"og:type\" content=\"article\" \/>\n<meta property=\"og:title\" content=\"Sonntags Ruhe?, Schuhkurier 38, S. 16ff. - Hotstegs Rechtsanwaltsgesellschaft | Rechtsanw\u00e4lt:innen und Fachanw\u00e4lt:innen f\u00fcr Verwaltungsrecht\" \/>\n<meta property=\"og:description\" content=\"Aktuelles - Termine unter Tel. 0211 \/ 497657-16\" \/>\n<meta property=\"og:url\" content=\"https:\/\/www.hotstegs-recht.de\/?p=8427\" \/>\n<meta property=\"og:site_name\" content=\"Hotstegs Rechtsanwaltsgesellschaft | Rechtsanw\u00e4lt:innen und Fachanw\u00e4lt:innen f\u00fcr Verwaltungsrecht\" \/>\n<meta property=\"article:publisher\" content=\"https:\/\/www.facebook.com\/hotstegs.recht\" \/>\n<meta property=\"article:published_time\" content=\"2021-09-23T17:36:32+00:00\" \/>\n<meta property=\"article:modified_time\" content=\"2021-09-23T21:47:51+00:00\" \/>\n<meta property=\"og:image\" content=\"https:\/\/www.hotstegs-recht.de\/wp-content\/uploads\/2021\/08\/Robert_Hotstegs_IHK_2021_c-scaled.jpg\" \/>\n\t<meta property=\"og:image:width\" content=\"2560\" \/>\n\t<meta property=\"og:image:height\" content=\"1920\" \/>\n\t<meta property=\"og:image:type\" content=\"image\/jpeg\" \/>\n<meta name=\"author\" content=\"Mitarbeiter:in\" \/>\n<meta name=\"twitter:card\" content=\"summary_large_image\" \/>\n<meta name=\"twitter:creator\" content=\"@hotstegs_recht\" \/>\n<meta name=\"twitter:site\" content=\"@hotstegs_recht\" \/>\n<meta name=\"twitter:label1\" content=\"Verfasst von\" \/>\n\t<meta name=\"twitter:data1\" content=\"Mitarbeiter:in\" \/>\n\t<meta name=\"twitter:label2\" content=\"Gesch\u00e4tzte Lesezeit\" \/>\n\t<meta name=\"twitter:data2\" content=\"3\u00a0Minuten\" \/>\n<!-- \/ Yoast SEO plugin. -->","yoast_head_json":{"title":"Sonntags Ruhe?, Schuhkurier 38, S. 16ff. - Hotstegs Rechtsanwaltsgesellschaft | Rechtsanw\u00e4lt:innen und Fachanw\u00e4lt:innen f\u00fcr Verwaltungsrecht","description":"Aktuelles - Termine unter Tel. 0211 \/ 497657-16","robots":{"index":"index","follow":"follow","max-snippet":"max-snippet:-1","max-image-preview":"max-image-preview:large","max-video-preview":"max-video-preview:-1"},"canonical":"https:\/\/www.hotstegs-recht.de\/?p=8427","og_locale":"de_DE","og_type":"article","og_title":"Sonntags Ruhe?, Schuhkurier 38, S. 16ff. - Hotstegs Rechtsanwaltsgesellschaft | Rechtsanw\u00e4lt:innen und Fachanw\u00e4lt:innen f\u00fcr Verwaltungsrecht","og_description":"Aktuelles - Termine unter Tel. 0211 \/ 497657-16","og_url":"https:\/\/www.hotstegs-recht.de\/?p=8427","og_site_name":"Hotstegs Rechtsanwaltsgesellschaft | Rechtsanw\u00e4lt:innen und Fachanw\u00e4lt:innen f\u00fcr Verwaltungsrecht","article_publisher":"https:\/\/www.facebook.com\/hotstegs.recht","article_published_time":"2021-09-23T17:36:32+00:00","article_modified_time":"2021-09-23T21:47:51+00:00","og_image":[{"width":2560,"height":1920,"url":"https:\/\/www.hotstegs-recht.de\/wp-content\/uploads\/2021\/08\/Robert_Hotstegs_IHK_2021_c-scaled.jpg","type":"image\/jpeg"}],"author":"Mitarbeiter:in","twitter_card":"summary_large_image","twitter_creator":"@hotstegs_recht","twitter_site":"@hotstegs_recht","twitter_misc":{"Verfasst von":"Mitarbeiter:in","Gesch\u00e4tzte Lesezeit":"3\u00a0Minuten"},"schema":{"@context":"https:\/\/schema.org","@graph":[{"@type":"Article","@id":"https:\/\/www.hotstegs-recht.de\/?p=8427#article","isPartOf":{"@id":"https:\/\/www.hotstegs-recht.de\/?p=8427"},"author":{"name":"Mitarbeiter:in","@id":"https:\/\/www.hotstegs-recht.de\/#\/schema\/person\/18c7a8260c2d9ded2b8308feab0990a2"},"headline":"Sonntags Ruhe?, Schuhkurier 38, S. 16ff.","datePublished":"2021-09-23T17:36:32+00:00","dateModified":"2021-09-23T21:47:51+00:00","mainEntityOfPage":{"@id":"https:\/\/www.hotstegs-recht.de\/?p=8427"},"wordCount":638,"publisher":{"@id":"https:\/\/www.hotstegs-recht.de\/#organization"},"image":{"@id":"https:\/\/www.hotstegs-recht.de\/?p=8427#primaryimage"},"thumbnailUrl":"https:\/\/www.hotstegs-recht.de\/wp-content\/uploads\/2021\/08\/Robert_Hotstegs_IHK_2021_c-scaled.jpg","articleSection":["Presse","Aktuelles"],"inLanguage":"de"},{"@type":"WebPage","@id":"https:\/\/www.hotstegs-recht.de\/?p=8427","url":"https:\/\/www.hotstegs-recht.de\/?p=8427","name":"Sonntags Ruhe?, Schuhkurier 38, S. 16ff. - Hotstegs Rechtsanwaltsgesellschaft | Rechtsanw\u00e4lt:innen und Fachanw\u00e4lt:innen f\u00fcr Verwaltungsrecht","isPartOf":{"@id":"https:\/\/www.hotstegs-recht.de\/#website"},"primaryImageOfPage":{"@id":"https:\/\/www.hotstegs-recht.de\/?p=8427#primaryimage"},"image":{"@id":"https:\/\/www.hotstegs-recht.de\/?p=8427#primaryimage"},"thumbnailUrl":"https:\/\/www.hotstegs-recht.de\/wp-content\/uploads\/2021\/08\/Robert_Hotstegs_IHK_2021_c-scaled.jpg","datePublished":"2021-09-23T17:36:32+00:00","dateModified":"2021-09-23T21:47:51+00:00","description":"Aktuelles - Termine unter Tel. 0211 \/ 497657-16","breadcrumb":{"@id":"https:\/\/www.hotstegs-recht.de\/?p=8427#breadcrumb"},"inLanguage":"de","potentialAction":[{"@type":"ReadAction","target":["https:\/\/www.hotstegs-recht.de\/?p=8427"]}]},{"@type":"ImageObject","inLanguage":"de","@id":"https:\/\/www.hotstegs-recht.de\/?p=8427#primaryimage","url":"https:\/\/www.hotstegs-recht.de\/wp-content\/uploads\/2021\/08\/Robert_Hotstegs_IHK_2021_c-scaled.jpg","contentUrl":"https:\/\/www.hotstegs-recht.de\/wp-content\/uploads\/2021\/08\/Robert_Hotstegs_IHK_2021_c-scaled.jpg","width":2560,"height":1920,"caption":"Rechtsanwalt Robert Hotstegs"},{"@type":"BreadcrumbList","@id":"https:\/\/www.hotstegs-recht.de\/?p=8427#breadcrumb","itemListElement":[{"@type":"ListItem","position":1,"name":"Startseite","item":"https:\/\/www.hotstegs-recht.de\/"},{"@type":"ListItem","position":2,"name":"Sonntags Ruhe?, Schuhkurier 38, S. 16ff."}]},{"@type":"WebSite","@id":"https:\/\/www.hotstegs-recht.de\/#website","url":"https:\/\/www.hotstegs-recht.de\/","name":"Hotstegs Rechtsanwaltsgesellschaft | Rechtsanw\u00e4lt:innen und Fachanw\u00e4lt:innen f\u00fcr Verwaltungsrecht","description":"\u00f6ffentliches Dienstrecht und Disziplinarverfahren | Rechtsanwalt Robert Hotstegs | Rechtsanw\u00e4ltin Sarah Nu\u00dfbaum | Rechtsanw\u00e4ltin Katharina Voigt","publisher":{"@id":"https:\/\/www.hotstegs-recht.de\/#organization"},"potentialAction":[{"@type":"SearchAction","target":{"@type":"EntryPoint","urlTemplate":"https:\/\/www.hotstegs-recht.de\/?s={search_term_string}"},"query-input":{"@type":"PropertyValueSpecification","valueRequired":true,"valueName":"search_term_string"}}],"inLanguage":"de"},{"@type":"Organization","@id":"https:\/\/www.hotstegs-recht.de\/#organization","name":"Hotstegs Rechtsanwaltsgesellschaft","url":"https:\/\/www.hotstegs-recht.de\/","logo":{"@type":"ImageObject","inLanguage":"de","@id":"https:\/\/www.hotstegs-recht.de\/#\/schema\/logo\/image\/","url":"https:\/\/www.hotstegs-recht.de\/wp-content\/uploads\/2021\/09\/logo_2020.png","contentUrl":"https:\/\/www.hotstegs-recht.de\/wp-content\/uploads\/2021\/09\/logo_2020.png","width":180,"height":51,"caption":"Hotstegs Rechtsanwaltsgesellschaft"},"image":{"@id":"https:\/\/www.hotstegs-recht.de\/#\/schema\/logo\/image\/"},"sameAs":["https:\/\/www.facebook.com\/hotstegs.recht","https:\/\/x.com\/hotstegs_recht","https:\/\/www.instagram.com\/hotstegs.recht","https:\/\/de.linkedin.com\/company\/hotstegs-recht"]},{"@type":"Person","@id":"https:\/\/www.hotstegs-recht.de\/#\/schema\/person\/18c7a8260c2d9ded2b8308feab0990a2","name":"Mitarbeiter:in","image":{"@type":"ImageObject","inLanguage":"de","@id":"https:\/\/secure.gravatar.com\/avatar\/ff927e44276052255fa51b438cd49d6bee71e07c0621a998717cee201e5d2fff?s=96&d=blank&r=g","url":"https:\/\/secure.gravatar.com\/avatar\/ff927e44276052255fa51b438cd49d6bee71e07c0621a998717cee201e5d2fff?s=96&d=blank&r=g","contentUrl":"https:\/\/secure.gravatar.com\/avatar\/ff927e44276052255fa51b438cd49d6bee71e07c0621a998717cee201e5d2fff?s=96&d=blank&r=g","caption":"Mitarbeiter:in"},"url":"https:\/\/www.hotstegs-recht.de\/?author=4"}]}},"amp_enabled":true,"_links":{"self":[{"href":"https:\/\/www.hotstegs-recht.de\/index.php?rest_route=\/wp\/v2\/posts\/8427","targetHints":{"allow":["GET"]}}],"collection":[{"href":"https:\/\/www.hotstegs-recht.de\/index.php?rest_route=\/wp\/v2\/posts"}],"about":[{"href":"https:\/\/www.hotstegs-recht.de\/index.php?rest_route=\/wp\/v2\/types\/post"}],"author":[{"embeddable":true,"href":"https:\/\/www.hotstegs-recht.de\/index.php?rest_route=\/wp\/v2\/users\/4"}],"replies":[{"embeddable":true,"href":"https:\/\/www.hotstegs-recht.de\/index.php?rest_route=%2Fwp%2Fv2%2Fcomments&post=8427"}],"version-history":[{"count":6,"href":"https:\/\/www.hotstegs-recht.de\/index.php?rest_route=\/wp\/v2\/posts\/8427\/revisions"}],"predecessor-version":[{"id":8436,"href":"https:\/\/www.hotstegs-recht.de\/index.php?rest_route=\/wp\/v2\/posts\/8427\/revisions\/8436"}],"wp:featuredmedia":[{"embeddable":true,"href":"https:\/\/www.hotstegs-recht.de\/index.php?rest_route=\/wp\/v2\/media\/8342"}],"wp:attachment":[{"href":"https:\/\/www.hotstegs-recht.de\/index.php?rest_route=%2Fwp%2Fv2%2Fmedia&parent=8427"}],"wp:term":[{"taxonomy":"category","embeddable":true,"href":"https:\/\/www.hotstegs-recht.de\/index.php?rest_route=%2Fwp%2Fv2%2Fcategories&post=8427"},{"taxonomy":"post_tag","embeddable":true,"href":"https:\/\/www.hotstegs-recht.de\/index.php?rest_route=%2Fwp%2Fv2%2Ftags&post=8427"}],"curies":[{"name":"wp","href":"https:\/\/api.w.org\/{rel}","templated":true}]}}