{"id":8300,"date":"2021-07-06T20:23:14","date_gmt":"2021-07-06T18:23:14","guid":{"rendered":"https:\/\/www.hotstegs-recht.de\/?p=8300"},"modified":"2021-07-06T20:23:16","modified_gmt":"2021-07-06T18:23:16","slug":"information-fuer-die-opposition-workshop-fuer-fraktionen-gruppen-parteien-und-waehlergemeinschaften","status":"publish","type":"post","link":"https:\/\/www.hotstegs-recht.de\/?p=8300","title":{"rendered":"&#8222;Information f\u00fcr die Opposition?&#8220; &#8211; Workshop f\u00fcr Fraktionen, Gruppen, Parteien und W\u00e4hlergemeinschaften"},"content":{"rendered":"\n<p>Bald ist es soweit: ein Jahr nach der Kommunalwahl in Nordrhein-Westfalen ist vorbei.<\/p>\n\n\n\n<p><\/p>\n\n\n\n<p>Zeit f\u00fcr einen kurzen R\u00fcck- und Ausblick. Wie sind Sie im Rat und in den Aussch\u00fcssen aufgestellt? Welche Auskunfts- und Informationsrechte k\u00f6nnen Sie zuk\u00fcnftig (besser) nutzen?<\/p>\n\n\n\n<p><\/p>\n\n\n\n<p>Wir bieten Ihnen einen zweist\u00fcndigen Workshop f\u00fcr Fraktionen und Gruppen, bei Interesse auch f\u00fcr Parteien und W\u00e4hlergemeinschaften.<\/p>\n\n\n\n<p><\/p>\n\n\n\n<hr class=\"wp-block-separator\"\/>\n\n\n\n<div class=\"wp-block-group\"><div class=\"wp-block-group__inner-container is-layout-flow wp-block-group-is-layout-flow\">\n<p class=\"has-text-align-center\"><strong>Thema: &#8222;Information f\u00fcr die Opposition&#8220;<\/strong><\/p>\n\n\n\n<p class=\"has-text-align-center\">Inhalt: Ihre Antragsrechte, Ihre Informationsrechte, Rechtsprechung und Praxis<\/p>\n\n\n\n<p class=\"has-text-align-center\">Zeit: 2 Zeitstunden<\/p>\n\n\n\n<p class=\"has-text-align-center\">Ort: Pr\u00e4senz oder online<\/p>\n\n\n\n<p class=\"has-text-align-center\">Referent: Rechtsanwalt Robert Hotstegs,<br \/>Fachanwalt f\u00fcr Verwaltungsrecht<\/p>\n<\/div><\/div>\n\n\n\n<hr class=\"wp-block-separator\"\/>\n\n\n\n<p><\/p>\n\n\n\n<p>Haben Sie Interesse? Dann rufen Sie uns doch einfach unverbindlich an unter Tel. 0211\/497657-16.<\/p>\n\n\n\n<figure class=\"wp-block-gallery columns-3 is-cropped wp-block-gallery-1 is-layout-flex wp-block-gallery-is-layout-flex\"><ul class=\"blocks-gallery-grid\"><li class=\"blocks-gallery-item\"><figure><a href=\"https:\/\/www.hotstegs-recht.de\/wp-content\/uploads\/2021\/07\/2_information_kachel.jpg\"><img loading=\"lazy\" decoding=\"async\" width=\"733\" height=\"733\" src=\"https:\/\/www.hotstegs-recht.de\/wp-content\/uploads\/2021\/07\/2_information_kachel.jpg\" alt=\"\" data-id=\"8297\" data-full-url=\"https:\/\/www.hotstegs-recht.de\/wp-content\/uploads\/2021\/07\/2_information_kachel.jpg\" data-link=\"https:\/\/www.hotstegs-recht.de\/?attachment_id=8297\" class=\"wp-image-8297\" srcset=\"https:\/\/www.hotstegs-recht.de\/wp-content\/uploads\/2021\/07\/2_information_kachel.jpg 733w, https:\/\/www.hotstegs-recht.de\/wp-content\/uploads\/2021\/07\/2_information_kachel-300x300.jpg 300w, https:\/\/www.hotstegs-recht.de\/wp-content\/uploads\/2021\/07\/2_information_kachel-150x150.jpg 150w, https:\/\/www.hotstegs-recht.de\/wp-content\/uploads\/2021\/07\/2_information_kachel-24x24.jpg 24w, https:\/\/www.hotstegs-recht.de\/wp-content\/uploads\/2021\/07\/2_information_kachel-48x48.jpg 48w, https:\/\/www.hotstegs-recht.de\/wp-content\/uploads\/2021\/07\/2_information_kachel-96x96.jpg 96w\" sizes=\"auto, (max-width: 733px) 100vw, 733px\" \/><\/a><\/figure><\/li><li class=\"blocks-gallery-item\"><figure><a href=\"https:\/\/www.hotstegs-recht.de\/wp-content\/uploads\/2021\/07\/1_opposition_kachel.jpg\"><img loading=\"lazy\" decoding=\"async\" width=\"733\" height=\"733\" src=\"https:\/\/www.hotstegs-recht.de\/wp-content\/uploads\/2021\/07\/1_opposition_kachel.jpg\" alt=\"\" data-id=\"8296\" data-full-url=\"https:\/\/www.hotstegs-recht.de\/wp-content\/uploads\/2021\/07\/1_opposition_kachel.jpg\" data-link=\"https:\/\/www.hotstegs-recht.de\/?attachment_id=8296\" class=\"wp-image-8296\" srcset=\"https:\/\/www.hotstegs-recht.de\/wp-content\/uploads\/2021\/07\/1_opposition_kachel.jpg 733w, https:\/\/www.hotstegs-recht.de\/wp-content\/uploads\/2021\/07\/1_opposition_kachel-300x300.jpg 300w, https:\/\/www.hotstegs-recht.de\/wp-content\/uploads\/2021\/07\/1_opposition_kachel-150x150.jpg 150w, https:\/\/www.hotstegs-recht.de\/wp-content\/uploads\/2021\/07\/1_opposition_kachel-24x24.jpg 24w, https:\/\/www.hotstegs-recht.de\/wp-content\/uploads\/2021\/07\/1_opposition_kachel-48x48.jpg 48w, https:\/\/www.hotstegs-recht.de\/wp-content\/uploads\/2021\/07\/1_opposition_kachel-96x96.jpg 96w\" sizes=\"auto, (max-width: 733px) 100vw, 733px\" \/><\/a><\/figure><\/li><li class=\"blocks-gallery-item\"><figure><a href=\"https:\/\/www.hotstegs-recht.de\/wp-content\/uploads\/2021\/07\/3_position_kachel.jpg\"><img loading=\"lazy\" decoding=\"async\" width=\"733\" height=\"733\" src=\"https:\/\/www.hotstegs-recht.de\/wp-content\/uploads\/2021\/07\/3_position_kachel.jpg\" alt=\"\" data-id=\"8298\" data-full-url=\"https:\/\/www.hotstegs-recht.de\/wp-content\/uploads\/2021\/07\/3_position_kachel.jpg\" data-link=\"https:\/\/www.hotstegs-recht.de\/?attachment_id=8298\" class=\"wp-image-8298\" srcset=\"https:\/\/www.hotstegs-recht.de\/wp-content\/uploads\/2021\/07\/3_position_kachel.jpg 733w, https:\/\/www.hotstegs-recht.de\/wp-content\/uploads\/2021\/07\/3_position_kachel-300x300.jpg 300w, https:\/\/www.hotstegs-recht.de\/wp-content\/uploads\/2021\/07\/3_position_kachel-150x150.jpg 150w, https:\/\/www.hotstegs-recht.de\/wp-content\/uploads\/2021\/07\/3_position_kachel-24x24.jpg 24w, https:\/\/www.hotstegs-recht.de\/wp-content\/uploads\/2021\/07\/3_position_kachel-48x48.jpg 48w, https:\/\/www.hotstegs-recht.de\/wp-content\/uploads\/2021\/07\/3_position_kachel-96x96.jpg 96w\" sizes=\"auto, (max-width: 733px) 100vw, 733px\" \/><\/a><\/figure><\/li><\/ul><\/figure>\n","protected":false},"excerpt":{"rendered":"<p>Bald ist es soweit: ein Jahr nach der Kommunalwahl in Nordrhein-Westfalen ist vorbei. Zeit f\u00fcr einen kurzen R\u00fcck- und Ausblick. Wie sind Sie im Rat und in den Aussch\u00fcssen aufgestellt? Welche Auskunfts- und Informationsrechte k\u00f6nnen Sie zuk\u00fcnftig (besser) nutzen? Wir bieten Ihnen einen zweist\u00fcndigen Workshop f\u00fcr Fraktionen und Gruppen, bei Interesse auch f\u00fcr Parteien und &hellip; <\/p>\n<p class=\"link-more\"><a href=\"https:\/\/www.hotstegs-recht.de\/?p=8300\" class=\"more-link\"><span class=\"screen-reader-text\">\u201e&#8222;Information f\u00fcr die Opposition?&#8220; &#8211; Workshop f\u00fcr Fraktionen, Gruppen, Parteien und W\u00e4hlergemeinschaften\u201c <\/span>weiterlesen<\/a><\/p>\n","protected":false},"author":1,"featured_media":8297,"comment_status":"closed","ping_status":"open","sticky":false,"template":"","format":"standard","meta":{"footnotes":""},"categories":[4,16,23,47],"tags":[88,107,109],"class_list":["post-8300","post","type-post","status-publish","format-standard","has-post-thumbnail","hentry","category-aktuelles","category-burgerbeteiligung","category-kanzlei","category-wahlrecht","tag-informationsfreiheit","tag-ifg","tag-uig"],"yoast_head":"<!-- This site is optimized with the Yoast SEO plugin v27.5 - https:\/\/yoast.com\/product\/yoast-seo-wordpress\/ -->\n<title>&quot;Information f\u00fcr die Opposition?&quot; - Workshop f\u00fcr Fraktionen, Gruppen, Parteien und W\u00e4hlergemeinschaften - Hotstegs Rechtsanwaltsgesellschaft | Rechtsanw\u00e4lt:innen und Fachanw\u00e4lt:innen f\u00fcr Verwaltungsrecht<\/title>\n<meta name=\"description\" content=\"B\u00fcrgerbeteiligung - Termine unter Tel. 0211 \/ 497657-16\" \/>\n<meta name=\"robots\" content=\"index, follow, max-snippet:-1, max-image-preview:large, max-video-preview:-1\" \/>\n<link rel=\"canonical\" href=\"https:\/\/www.hotstegs-recht.de\/?p=8300\" \/>\n<meta property=\"og:locale\" content=\"de_DE\" \/>\n<meta property=\"og:type\" content=\"article\" \/>\n<meta property=\"og:title\" content=\"&quot;Information f\u00fcr die Opposition?&quot; - Workshop f\u00fcr Fraktionen, Gruppen, Parteien und W\u00e4hlergemeinschaften - Hotstegs Rechtsanwaltsgesellschaft | Rechtsanw\u00e4lt:innen und Fachanw\u00e4lt:innen f\u00fcr Verwaltungsrecht\" \/>\n<meta property=\"og:description\" content=\"B\u00fcrgerbeteiligung - Termine unter Tel. 0211 \/ 497657-16\" \/>\n<meta property=\"og:url\" content=\"https:\/\/www.hotstegs-recht.de\/?p=8300\" \/>\n<meta property=\"og:site_name\" content=\"Hotstegs Rechtsanwaltsgesellschaft | Rechtsanw\u00e4lt:innen und Fachanw\u00e4lt:innen f\u00fcr Verwaltungsrecht\" \/>\n<meta property=\"article:publisher\" content=\"https:\/\/www.facebook.com\/hotstegs.recht\" \/>\n<meta property=\"article:published_time\" content=\"2021-07-06T18:23:14+00:00\" \/>\n<meta property=\"article:modified_time\" content=\"2021-07-06T18:23:16+00:00\" \/>\n<meta property=\"og:image\" content=\"https:\/\/www.hotstegs-recht.de\/wp-content\/uploads\/2021\/07\/2_information_kachel.jpg\" \/>\n\t<meta property=\"og:image:width\" content=\"733\" \/>\n\t<meta property=\"og:image:height\" content=\"733\" \/>\n\t<meta property=\"og:image:type\" content=\"image\/jpeg\" \/>\n<meta name=\"author\" content=\"Robert Hotstegs\" \/>\n<meta name=\"twitter:card\" content=\"summary_large_image\" \/>\n<meta name=\"twitter:creator\" content=\"@hotstegs_recht\" \/>\n<meta name=\"twitter:site\" content=\"@hotstegs_recht\" \/>\n<meta name=\"twitter:label1\" content=\"Verfasst von\" \/>\n\t<meta name=\"twitter:data1\" content=\"Robert Hotstegs\" \/>\n\t<meta name=\"twitter:label2\" content=\"Gesch\u00e4tzte Lesezeit\" \/>\n\t<meta name=\"twitter:data2\" content=\"2\u00a0Minuten\" \/>\n<!-- \/ Yoast SEO plugin. -->","yoast_head_json":{"title":"\"Information f\u00fcr die Opposition?\" - Workshop f\u00fcr Fraktionen, Gruppen, Parteien und W\u00e4hlergemeinschaften - Hotstegs Rechtsanwaltsgesellschaft | Rechtsanw\u00e4lt:innen und Fachanw\u00e4lt:innen f\u00fcr Verwaltungsrecht","description":"B\u00fcrgerbeteiligung - Termine unter Tel. 0211 \/ 497657-16","robots":{"index":"index","follow":"follow","max-snippet":"max-snippet:-1","max-image-preview":"max-image-preview:large","max-video-preview":"max-video-preview:-1"},"canonical":"https:\/\/www.hotstegs-recht.de\/?p=8300","og_locale":"de_DE","og_type":"article","og_title":"\"Information f\u00fcr die Opposition?\" - Workshop f\u00fcr Fraktionen, Gruppen, Parteien und W\u00e4hlergemeinschaften - Hotstegs Rechtsanwaltsgesellschaft | Rechtsanw\u00e4lt:innen und Fachanw\u00e4lt:innen f\u00fcr Verwaltungsrecht","og_description":"B\u00fcrgerbeteiligung - Termine unter Tel. 0211 \/ 497657-16","og_url":"https:\/\/www.hotstegs-recht.de\/?p=8300","og_site_name":"Hotstegs Rechtsanwaltsgesellschaft | Rechtsanw\u00e4lt:innen und Fachanw\u00e4lt:innen f\u00fcr Verwaltungsrecht","article_publisher":"https:\/\/www.facebook.com\/hotstegs.recht","article_published_time":"2021-07-06T18:23:14+00:00","article_modified_time":"2021-07-06T18:23:16+00:00","og_image":[{"width":733,"height":733,"url":"https:\/\/www.hotstegs-recht.de\/wp-content\/uploads\/2021\/07\/2_information_kachel.jpg","type":"image\/jpeg"}],"author":"Robert Hotstegs","twitter_card":"summary_large_image","twitter_creator":"@hotstegs_recht","twitter_site":"@hotstegs_recht","twitter_misc":{"Verfasst von":"Robert Hotstegs","Gesch\u00e4tzte Lesezeit":"2\u00a0Minuten"},"schema":{"@context":"https:\/\/schema.org","@graph":[{"@type":"Article","@id":"https:\/\/www.hotstegs-recht.de\/?p=8300#article","isPartOf":{"@id":"https:\/\/www.hotstegs-recht.de\/?p=8300"},"author":{"name":"Robert Hotstegs","@id":"https:\/\/www.hotstegs-recht.de\/#\/schema\/person\/b5290b51a91e1e27ec6af13643a76ab0"},"headline":"&#8222;Information f\u00fcr die Opposition?&#8220; &#8211; Workshop f\u00fcr Fraktionen, Gruppen, Parteien und W\u00e4hlergemeinschaften","datePublished":"2021-07-06T18:23:14+00:00","dateModified":"2021-07-06T18:23:16+00:00","mainEntityOfPage":{"@id":"https:\/\/www.hotstegs-recht.de\/?p=8300"},"wordCount":123,"publisher":{"@id":"https:\/\/www.hotstegs-recht.de\/#organization"},"image":{"@id":"https:\/\/www.hotstegs-recht.de\/?p=8300#primaryimage"},"thumbnailUrl":"https:\/\/www.hotstegs-recht.de\/wp-content\/uploads\/2021\/07\/2_information_kachel.jpg","keywords":["Informationsfreiheit","IFG","UIG"],"articleSection":["Aktuelles","B\u00fcrgerbeteiligung","Kanzlei","Wahlrecht"],"inLanguage":"de"},{"@type":"WebPage","@id":"https:\/\/www.hotstegs-recht.de\/?p=8300","url":"https:\/\/www.hotstegs-recht.de\/?p=8300","name":"\"Information f\u00fcr die Opposition?\" - Workshop f\u00fcr Fraktionen, Gruppen, Parteien und W\u00e4hlergemeinschaften - Hotstegs Rechtsanwaltsgesellschaft | Rechtsanw\u00e4lt:innen und Fachanw\u00e4lt:innen f\u00fcr Verwaltungsrecht","isPartOf":{"@id":"https:\/\/www.hotstegs-recht.de\/#website"},"primaryImageOfPage":{"@id":"https:\/\/www.hotstegs-recht.de\/?p=8300#primaryimage"},"image":{"@id":"https:\/\/www.hotstegs-recht.de\/?p=8300#primaryimage"},"thumbnailUrl":"https:\/\/www.hotstegs-recht.de\/wp-content\/uploads\/2021\/07\/2_information_kachel.jpg","datePublished":"2021-07-06T18:23:14+00:00","dateModified":"2021-07-06T18:23:16+00:00","description":"B\u00fcrgerbeteiligung - Termine unter Tel. 0211 \/ 497657-16","breadcrumb":{"@id":"https:\/\/www.hotstegs-recht.de\/?p=8300#breadcrumb"},"inLanguage":"de","potentialAction":[{"@type":"ReadAction","target":["https:\/\/www.hotstegs-recht.de\/?p=8300"]}]},{"@type":"ImageObject","inLanguage":"de","@id":"https:\/\/www.hotstegs-recht.de\/?p=8300#primaryimage","url":"https:\/\/www.hotstegs-recht.de\/wp-content\/uploads\/2021\/07\/2_information_kachel.jpg","contentUrl":"https:\/\/www.hotstegs-recht.de\/wp-content\/uploads\/2021\/07\/2_information_kachel.jpg","width":733,"height":733},{"@type":"BreadcrumbList","@id":"https:\/\/www.hotstegs-recht.de\/?p=8300#breadcrumb","itemListElement":[{"@type":"ListItem","position":1,"name":"Startseite","item":"https:\/\/www.hotstegs-recht.de\/"},{"@type":"ListItem","position":2,"name":"&#8222;Information f\u00fcr die Opposition?&#8220; &#8211; Workshop f\u00fcr Fraktionen, Gruppen, Parteien und W\u00e4hlergemeinschaften"}]},{"@type":"WebSite","@id":"https:\/\/www.hotstegs-recht.de\/#website","url":"https:\/\/www.hotstegs-recht.de\/","name":"Hotstegs Rechtsanwaltsgesellschaft | Rechtsanw\u00e4lt:innen und Fachanw\u00e4lt:innen f\u00fcr Verwaltungsrecht","description":"\u00f6ffentliches Dienstrecht und Disziplinarverfahren | Rechtsanwalt Robert Hotstegs | Rechtsanw\u00e4ltin Sarah Nu\u00dfbaum | Rechtsanw\u00e4ltin Katharina Voigt","publisher":{"@id":"https:\/\/www.hotstegs-recht.de\/#organization"},"potentialAction":[{"@type":"SearchAction","target":{"@type":"EntryPoint","urlTemplate":"https:\/\/www.hotstegs-recht.de\/?s={search_term_string}"},"query-input":{"@type":"PropertyValueSpecification","valueRequired":true,"valueName":"search_term_string"}}],"inLanguage":"de"},{"@type":"Organization","@id":"https:\/\/www.hotstegs-recht.de\/#organization","name":"Hotstegs Rechtsanwaltsgesellschaft","url":"https:\/\/www.hotstegs-recht.de\/","logo":{"@type":"ImageObject","inLanguage":"de","@id":"https:\/\/www.hotstegs-recht.de\/#\/schema\/logo\/image\/","url":"https:\/\/www.hotstegs-recht.de\/wp-content\/uploads\/2021\/09\/logo_2020.png","contentUrl":"https:\/\/www.hotstegs-recht.de\/wp-content\/uploads\/2021\/09\/logo_2020.png","width":180,"height":51,"caption":"Hotstegs Rechtsanwaltsgesellschaft"},"image":{"@id":"https:\/\/www.hotstegs-recht.de\/#\/schema\/logo\/image\/"},"sameAs":["https:\/\/www.facebook.com\/hotstegs.recht","https:\/\/x.com\/hotstegs_recht","https:\/\/www.instagram.com\/hotstegs.recht","https:\/\/de.linkedin.com\/company\/hotstegs-recht"]},{"@type":"Person","@id":"https:\/\/www.hotstegs-recht.de\/#\/schema\/person\/b5290b51a91e1e27ec6af13643a76ab0","name":"Robert Hotstegs","image":{"@type":"ImageObject","inLanguage":"de","@id":"https:\/\/secure.gravatar.com\/avatar\/7d923d735cd88c8f3b65c6506ab775c5eb23a82716d81ce74eb3951cb8430f5a?s=96&d=blank&r=g","url":"https:\/\/secure.gravatar.com\/avatar\/7d923d735cd88c8f3b65c6506ab775c5eb23a82716d81ce74eb3951cb8430f5a?s=96&d=blank&r=g","contentUrl":"https:\/\/secure.gravatar.com\/avatar\/7d923d735cd88c8f3b65c6506ab775c5eb23a82716d81ce74eb3951cb8430f5a?s=96&d=blank&r=g","caption":"Robert Hotstegs"},"description":"Rechtsanwalt, Fachanwalt f\u00fcr Verwaltungsrecht","url":"https:\/\/www.hotstegs-recht.de\/?author=1"}]}},"amp_enabled":true,"_links":{"self":[{"href":"https:\/\/www.hotstegs-recht.de\/index.php?rest_route=\/wp\/v2\/posts\/8300","targetHints":{"allow":["GET"]}}],"collection":[{"href":"https:\/\/www.hotstegs-recht.de\/index.php?rest_route=\/wp\/v2\/posts"}],"about":[{"href":"https:\/\/www.hotstegs-recht.de\/index.php?rest_route=\/wp\/v2\/types\/post"}],"author":[{"embeddable":true,"href":"https:\/\/www.hotstegs-recht.de\/index.php?rest_route=\/wp\/v2\/users\/1"}],"replies":[{"embeddable":true,"href":"https:\/\/www.hotstegs-recht.de\/index.php?rest_route=%2Fwp%2Fv2%2Fcomments&post=8300"}],"version-history":[{"count":2,"href":"https:\/\/www.hotstegs-recht.de\/index.php?rest_route=\/wp\/v2\/posts\/8300\/revisions"}],"predecessor-version":[{"id":8302,"href":"https:\/\/www.hotstegs-recht.de\/index.php?rest_route=\/wp\/v2\/posts\/8300\/revisions\/8302"}],"wp:featuredmedia":[{"embeddable":true,"href":"https:\/\/www.hotstegs-recht.de\/index.php?rest_route=\/wp\/v2\/media\/8297"}],"wp:attachment":[{"href":"https:\/\/www.hotstegs-recht.de\/index.php?rest_route=%2Fwp%2Fv2%2Fmedia&parent=8300"}],"wp:term":[{"taxonomy":"category","embeddable":true,"href":"https:\/\/www.hotstegs-recht.de\/index.php?rest_route=%2Fwp%2Fv2%2Fcategories&post=8300"},{"taxonomy":"post_tag","embeddable":true,"href":"https:\/\/www.hotstegs-recht.de\/index.php?rest_route=%2Fwp%2Fv2%2Ftags&post=8300"}],"curies":[{"name":"wp","href":"https:\/\/api.w.org\/{rel}","templated":true}]}}