{"id":8292,"date":"2021-09-18T15:29:00","date_gmt":"2021-09-18T13:29:00","guid":{"rendered":"https:\/\/www.hotstegs-recht.de\/?p=8292"},"modified":"2021-09-22T14:47:48","modified_gmt":"2021-09-22T12:47:48","slug":"verfassungsbeschwerde-in-nrw-die-ersten-sechs-monate-in-muenster-lto-de-v-01-07-2019-2-2-2-2-2-2-3","status":"publish","type":"post","link":"https:\/\/www.hotstegs-recht.de\/?p=8292","title":{"rendered":"Posts vom Wahlschein, Selfie aus der Wahlkabine: 7 Ant\u00adworten zur Bun\u00addes\u00adtags\u00adwahl, lto.de v. 18.09.2021"},"content":{"rendered":"\n<p>von Tanja Podolski<\/p>\n\n\n\n<p><strong><\/strong><strong>Am 26. September ist Bundestagswahl. Menschen posten schon jetzt ihre ausgef\u00fcllten Briefwahlzettel, der Wahlleiter hat sich gerichtlich mit dem Meinungsforschungsinstitut Forsa \u00fcber Umfragen gestritten. Was gilt rund um die Wahl rechtlich?<\/strong><\/p>\n\n\n\n<p>[&#8230;] <\/p>\n\n\n\n<p>Das Verwaltungsgericht (VG) Wiesbaden hat in dem Streit im Eilverfahren entscheiden:\u00a0Forsa durfte diese Umfragen ver\u00f6ffentlichen.\u00a0Allerdings erlie\u00df der Hessische\u00a0Verwaltungsgerichtshof am Freitag\u00a0eine Zwischenverf\u00fcgung, die die Entscheidung des VG nun erstmal suspendiert.<\/p>\n\n\n\n<p>Die Meinungen zu dem Thema&nbsp;sind durchaus kritisch: &#8222;Ich habe gro\u00dfes Verst\u00e4ndnis f\u00fcr den Bundeswahlleiter&#8220;, sagt Professor Dr. Matthias Rossi. Zwar sei die Briefwahl in der Norm nicht explizit genannt. &#8222;Doch mit Blick auf Sinn und Zweck der Norm, also bei einer telelogischen Interpretation, geht es erkennbar darum, W\u00e4hler in ihrer Entscheidungsfreiheit vollst\u00e4ndig zu sch\u00fctzen, und das muss die Mitteilung von Briefwahlergebnissen beinhalten. Meiner Meinung nach darf \u00fcber abgegebene Stimmen nicht vor 18 Uhr am 26. September berichtetet werden.&#8220; Auch, dass die Briefwahlstimmen nicht gesondert ausgewiesen waren, helfe Forsa seiner Meinung nach nicht. &#8222;Allein die Mitteilung, dass abgegebene Stimmen in der Umfrage ber\u00fccksichtigt wurden, kann genug Potential haben, Menschen in ihrer Wahlentscheidung zu beeinflussen&#8220;, meint Rossi, &#8222;weil sie die gef\u00fchlte Richtigkeit des Umfrageergebnisses st\u00e4rkt&#8220;.<\/p>\n\n\n\n<p>&#8222;Auch die Regelungen zur Abgabe der Stimme sprechen f\u00fcr die Position des Bundeswahlleiters&#8220;, sagt Dr. Sebastian Ro\u00dfner, Rechtsanwalt im \u00d6ffentlichen Recht bei LLR Legerlotz Laschet, die Regelungen zur Briefwahl bef\u00e4nden sich im selben Abschnitt wie alle anderen, deren gemeinsames Ziel die Abgabe der Stimme ohne die Kenntnis der Stimmabgabe anderer sei. &#8222;Es geht immer um die Freiheit der Wahl&#8220;, sagt Rossi, die gelte es zu sch\u00fctzen.<\/p>\n\n\n\n<p>F\u00fcr Robert Hotstegs, Anwalt in gleichnamiger Kanzlei in D\u00fcsseldorf, ist die Entscheidung des VG Wiesbaden hingegen richtig: Die historische Auslegung des \u00a7 32 BWahlG gebe das Verbot f\u00fcr Forsa nicht her: &#8222;Die Regelungen zur Stimmabgabe beziehen sich \u2013 und das gilt auch f\u00fcr die Abgabe der Wahl im Kloster oder Krankenhaus \u2013 auf eine Wahlkabine am Wahltag.&#8220; Wom\u00f6glich m\u00fcsse der Gesetzgeber nachbessern, jetzt aber sei die Einbeziehung der abgegebenen Briefwahlstimmen nicht verboten, meint der Anwalt. [&#8230;]<\/p>\n\n\n\n<h2 class=\"wp-block-heading\">Verbreiten der eigenen Abstimmung in den sozialen Medien<\/h2>\n\n\n\n<p>Immer mehr Menschen ver\u00f6ffentlichen Fotos rund um ihre Wahl in den sozialen Medien. &#8222;Explizit verboten sind Fotos in der Wahlkabine&#8220;, sagt Anwalt Robert Hotstegs. Das ist in der Bundeswahlordnung (BWahlO) geregelt und gilt f\u00fcr das Selfie genauso wie f\u00fcr das Foto des Wahlzettels.<\/p>\n\n\n\n<p>&#8222;Dieses Verbot dient dem Grundsatz der geheimen und damit freien Wahl&#8220;, sagt Rossi. &#8222;Denn wenn es dabei auch h\u00e4ufig um blo\u00dfe Selbstdarstellung gehe, kann schon von relativ harmlosen Influencer:innen&nbsp; eine erhebliche Beeintr\u00e4chtigung des Wahlverhaltens ausgehen, zudem k\u00f6nnen auch Kriminelle oder Menschen in Machtstrukturen Fotos von der Abstimmung verlangen.&#8220; Um keinerlei Druck auf die W\u00e4hler zu erlauben und sie zu sch\u00fctzen, ist das verboten. Man m\u00fcsse immer wieder betonen: Die Geheimhaltung der Wahlentscheidung dient ihrer Freiheit.<\/p>\n\n\n\n<p>Wer sich \u00fcber dieses Verbot hinwegsetzt, begeht eine Ordnungswidrigkeit. Eine Straftat ist das nicht. Strafbar ist aber die Ver\u00f6ffentlichung der Stimmabgabe eines anderen, <a href=\"https:\/\/dejure.org\/gesetze\/StGB\/107c.html\" title=\"&sect; 107c StGB: Verletzung des Wahlgeheimnisses\">\u00a7 107c<\/a> Strafgesetzbuch.<\/p>\n\n\n\n<p>Fraglich ist aber, was zur Briefwahl gilt, denn \u00a7 56 BWO bezieht sich nur auf die Wahlkabine. Das Verbot k\u00f6nne \u00fcber eine teleologische Auslegung noch auf die Briefwahl erstreckt werden, meint Rossi. Eine Ordnungswidrigkeit oder geschweige denn eine Straftat k\u00f6nne die Ver\u00f6ffentlichung der abgegebenen Briefwahlstimme mangels Bestimmtheit der Norm allerdings nicht zur Folge haben. &#8222;Ich halte hier aber eine Pr\u00e4zisierung durch den Gesetzgeber f\u00fcr angezeigt&#8220;, sagt Rossi. Anwalt Robert Hotstegs sagt es mit der Polizei Mittelfranken auf Twitter: &#8222;Rechtlich d\u00fcrfen Sie das, ob dies auch richtig ist, m\u00fcssen Sie selbst entscheiden.&#8220; [&#8230;]<\/p>\n\n\n\n<p><a href=\"https:\/\/www.lto.de\/recht\/hintergruende\/h\/bundestag-wahl-2021-selfie-wahlkabine-wahlzettel-briefwahl-wahlleiter\/\" target=\"_blank\" rel=\"noreferrer noopener\">Link zum vollst\u00e4ndigen Artikel<\/a><\/p>\n","protected":false},"excerpt":{"rendered":"<p>von Tanja Podolski Am 26. September ist Bundestagswahl. Menschen posten schon jetzt ihre ausgef\u00fcllten Briefwahlzettel, der Wahlleiter hat sich gerichtlich mit dem Meinungsforschungsinstitut Forsa \u00fcber Umfragen gestritten. Was gilt rund um die Wahl rechtlich? [&#8230;] Das Verwaltungsgericht (VG) Wiesbaden hat in dem Streit im Eilverfahren entscheiden:\u00a0Forsa durfte diese Umfragen ver\u00f6ffentlichen.\u00a0Allerdings erlie\u00df der Hessische\u00a0Verwaltungsgerichtshof am Freitag\u00a0eine &hellip; <\/p>\n<p class=\"link-more\"><a href=\"https:\/\/www.hotstegs-recht.de\/?p=8292\" class=\"more-link\"><span class=\"screen-reader-text\">\u201ePosts vom Wahlschein, Selfie aus der Wahlkabine: 7 Ant\u00adworten zur Bun\u00addes\u00adtags\u00adwahl, lto.de v. 18.09.2021\u201c <\/span>weiterlesen<\/a><\/p>\n","protected":false},"author":4,"featured_media":0,"comment_status":"closed","ping_status":"open","sticky":false,"template":"","format":"standard","meta":{"footnotes":""},"categories":[4,9,47],"tags":[],"class_list":["post-8292","post","type-post","status-publish","format-standard","hentry","category-aktuelles","category-presse","category-wahlrecht"],"yoast_head":"<!-- This site is optimized with the Yoast SEO plugin v27.5 - https:\/\/yoast.com\/product\/yoast-seo-wordpress\/ -->\n<title>Posts vom Wahlschein, Selfie aus der Wahlkabine: 7 Ant\u00adworten zur Bun\u00addes\u00adtags\u00adwahl, lto.de v. 18.09.2021 - Hotstegs Rechtsanwaltsgesellschaft | Rechtsanw\u00e4lt:innen und Fachanw\u00e4lt:innen f\u00fcr Verwaltungsrecht<\/title>\n<meta name=\"description\" content=\"Presse - Termine unter Tel. 0211 \/ 497657-16\" \/>\n<meta name=\"robots\" content=\"index, follow, max-snippet:-1, max-image-preview:large, max-video-preview:-1\" \/>\n<link rel=\"canonical\" href=\"https:\/\/www.hotstegs-recht.de\/?p=8292\" \/>\n<meta property=\"og:locale\" content=\"de_DE\" \/>\n<meta property=\"og:type\" content=\"article\" \/>\n<meta property=\"og:title\" content=\"Posts vom Wahlschein, Selfie aus der Wahlkabine: 7 Ant\u00adworten zur Bun\u00addes\u00adtags\u00adwahl, lto.de v. 18.09.2021 - Hotstegs Rechtsanwaltsgesellschaft | Rechtsanw\u00e4lt:innen und Fachanw\u00e4lt:innen f\u00fcr Verwaltungsrecht\" \/>\n<meta property=\"og:description\" content=\"Presse - Termine unter Tel. 0211 \/ 497657-16\" \/>\n<meta property=\"og:url\" content=\"https:\/\/www.hotstegs-recht.de\/?p=8292\" \/>\n<meta property=\"og:site_name\" content=\"Hotstegs Rechtsanwaltsgesellschaft | Rechtsanw\u00e4lt:innen und Fachanw\u00e4lt:innen f\u00fcr Verwaltungsrecht\" \/>\n<meta property=\"article:publisher\" content=\"https:\/\/www.facebook.com\/hotstegs.recht\" \/>\n<meta property=\"article:published_time\" content=\"2021-09-18T13:29:00+00:00\" \/>\n<meta property=\"article:modified_time\" content=\"2021-09-22T12:47:48+00:00\" \/>\n<meta name=\"author\" content=\"Mitarbeiter:in\" \/>\n<meta name=\"twitter:card\" content=\"summary_large_image\" \/>\n<meta name=\"twitter:creator\" content=\"@hotstegs_recht\" \/>\n<meta name=\"twitter:site\" content=\"@hotstegs_recht\" \/>\n<meta name=\"twitter:label1\" content=\"Verfasst von\" \/>\n\t<meta name=\"twitter:data1\" content=\"Mitarbeiter:in\" \/>\n\t<meta name=\"twitter:label2\" content=\"Gesch\u00e4tzte Lesezeit\" \/>\n\t<meta name=\"twitter:data2\" content=\"3\u00a0Minuten\" \/>\n<!-- \/ Yoast SEO plugin. -->","yoast_head_json":{"title":"Posts vom Wahlschein, Selfie aus der Wahlkabine: 7 Ant\u00adworten zur Bun\u00addes\u00adtags\u00adwahl, lto.de v. 18.09.2021 - Hotstegs Rechtsanwaltsgesellschaft | Rechtsanw\u00e4lt:innen und Fachanw\u00e4lt:innen f\u00fcr Verwaltungsrecht","description":"Presse - Termine unter Tel. 0211 \/ 497657-16","robots":{"index":"index","follow":"follow","max-snippet":"max-snippet:-1","max-image-preview":"max-image-preview:large","max-video-preview":"max-video-preview:-1"},"canonical":"https:\/\/www.hotstegs-recht.de\/?p=8292","og_locale":"de_DE","og_type":"article","og_title":"Posts vom Wahlschein, Selfie aus der Wahlkabine: 7 Ant\u00adworten zur Bun\u00addes\u00adtags\u00adwahl, lto.de v. 18.09.2021 - Hotstegs Rechtsanwaltsgesellschaft | Rechtsanw\u00e4lt:innen und Fachanw\u00e4lt:innen f\u00fcr Verwaltungsrecht","og_description":"Presse - Termine unter Tel. 0211 \/ 497657-16","og_url":"https:\/\/www.hotstegs-recht.de\/?p=8292","og_site_name":"Hotstegs Rechtsanwaltsgesellschaft | Rechtsanw\u00e4lt:innen und Fachanw\u00e4lt:innen f\u00fcr Verwaltungsrecht","article_publisher":"https:\/\/www.facebook.com\/hotstegs.recht","article_published_time":"2021-09-18T13:29:00+00:00","article_modified_time":"2021-09-22T12:47:48+00:00","author":"Mitarbeiter:in","twitter_card":"summary_large_image","twitter_creator":"@hotstegs_recht","twitter_site":"@hotstegs_recht","twitter_misc":{"Verfasst von":"Mitarbeiter:in","Gesch\u00e4tzte Lesezeit":"3\u00a0Minuten"},"schema":{"@context":"https:\/\/schema.org","@graph":[{"@type":"Article","@id":"https:\/\/www.hotstegs-recht.de\/?p=8292#article","isPartOf":{"@id":"https:\/\/www.hotstegs-recht.de\/?p=8292"},"author":{"name":"Mitarbeiter:in","@id":"https:\/\/www.hotstegs-recht.de\/#\/schema\/person\/18c7a8260c2d9ded2b8308feab0990a2"},"headline":"Posts vom Wahlschein, Selfie aus der Wahlkabine: 7 Ant\u00adworten zur Bun\u00addes\u00adtags\u00adwahl, lto.de v. 18.09.2021","datePublished":"2021-09-18T13:29:00+00:00","dateModified":"2021-09-22T12:47:48+00:00","mainEntityOfPage":{"@id":"https:\/\/www.hotstegs-recht.de\/?p=8292"},"wordCount":630,"publisher":{"@id":"https:\/\/www.hotstegs-recht.de\/#organization"},"articleSection":["Aktuelles","Presse","Wahlrecht"],"inLanguage":"de"},{"@type":"WebPage","@id":"https:\/\/www.hotstegs-recht.de\/?p=8292","url":"https:\/\/www.hotstegs-recht.de\/?p=8292","name":"Posts vom Wahlschein, Selfie aus der Wahlkabine: 7 Ant\u00adworten zur Bun\u00addes\u00adtags\u00adwahl, lto.de v. 18.09.2021 - Hotstegs Rechtsanwaltsgesellschaft | Rechtsanw\u00e4lt:innen und Fachanw\u00e4lt:innen f\u00fcr Verwaltungsrecht","isPartOf":{"@id":"https:\/\/www.hotstegs-recht.de\/#website"},"datePublished":"2021-09-18T13:29:00+00:00","dateModified":"2021-09-22T12:47:48+00:00","description":"Presse - Termine unter Tel. 0211 \/ 497657-16","breadcrumb":{"@id":"https:\/\/www.hotstegs-recht.de\/?p=8292#breadcrumb"},"inLanguage":"de","potentialAction":[{"@type":"ReadAction","target":["https:\/\/www.hotstegs-recht.de\/?p=8292"]}]},{"@type":"BreadcrumbList","@id":"https:\/\/www.hotstegs-recht.de\/?p=8292#breadcrumb","itemListElement":[{"@type":"ListItem","position":1,"name":"Startseite","item":"https:\/\/www.hotstegs-recht.de\/"},{"@type":"ListItem","position":2,"name":"Posts vom Wahlschein, Selfie aus der Wahlkabine: 7 Ant\u00adworten zur Bun\u00addes\u00adtags\u00adwahl, lto.de v. 18.09.2021"}]},{"@type":"WebSite","@id":"https:\/\/www.hotstegs-recht.de\/#website","url":"https:\/\/www.hotstegs-recht.de\/","name":"Hotstegs Rechtsanwaltsgesellschaft | Rechtsanw\u00e4lt:innen und Fachanw\u00e4lt:innen f\u00fcr Verwaltungsrecht","description":"\u00f6ffentliches Dienstrecht und Disziplinarverfahren | Rechtsanwalt Robert Hotstegs | Rechtsanw\u00e4ltin Sarah Nu\u00dfbaum | Rechtsanw\u00e4ltin Katharina Voigt","publisher":{"@id":"https:\/\/www.hotstegs-recht.de\/#organization"},"potentialAction":[{"@type":"SearchAction","target":{"@type":"EntryPoint","urlTemplate":"https:\/\/www.hotstegs-recht.de\/?s={search_term_string}"},"query-input":{"@type":"PropertyValueSpecification","valueRequired":true,"valueName":"search_term_string"}}],"inLanguage":"de"},{"@type":"Organization","@id":"https:\/\/www.hotstegs-recht.de\/#organization","name":"Hotstegs Rechtsanwaltsgesellschaft","url":"https:\/\/www.hotstegs-recht.de\/","logo":{"@type":"ImageObject","inLanguage":"de","@id":"https:\/\/www.hotstegs-recht.de\/#\/schema\/logo\/image\/","url":"https:\/\/www.hotstegs-recht.de\/wp-content\/uploads\/2021\/09\/logo_2020.png","contentUrl":"https:\/\/www.hotstegs-recht.de\/wp-content\/uploads\/2021\/09\/logo_2020.png","width":180,"height":51,"caption":"Hotstegs Rechtsanwaltsgesellschaft"},"image":{"@id":"https:\/\/www.hotstegs-recht.de\/#\/schema\/logo\/image\/"},"sameAs":["https:\/\/www.facebook.com\/hotstegs.recht","https:\/\/x.com\/hotstegs_recht","https:\/\/www.instagram.com\/hotstegs.recht","https:\/\/de.linkedin.com\/company\/hotstegs-recht"]},{"@type":"Person","@id":"https:\/\/www.hotstegs-recht.de\/#\/schema\/person\/18c7a8260c2d9ded2b8308feab0990a2","name":"Mitarbeiter:in","image":{"@type":"ImageObject","inLanguage":"de","@id":"https:\/\/secure.gravatar.com\/avatar\/ff927e44276052255fa51b438cd49d6bee71e07c0621a998717cee201e5d2fff?s=96&d=blank&r=g","url":"https:\/\/secure.gravatar.com\/avatar\/ff927e44276052255fa51b438cd49d6bee71e07c0621a998717cee201e5d2fff?s=96&d=blank&r=g","contentUrl":"https:\/\/secure.gravatar.com\/avatar\/ff927e44276052255fa51b438cd49d6bee71e07c0621a998717cee201e5d2fff?s=96&d=blank&r=g","caption":"Mitarbeiter:in"},"url":"https:\/\/www.hotstegs-recht.de\/?author=4"}]}},"amp_enabled":true,"_links":{"self":[{"href":"https:\/\/www.hotstegs-recht.de\/index.php?rest_route=\/wp\/v2\/posts\/8292","targetHints":{"allow":["GET"]}}],"collection":[{"href":"https:\/\/www.hotstegs-recht.de\/index.php?rest_route=\/wp\/v2\/posts"}],"about":[{"href":"https:\/\/www.hotstegs-recht.de\/index.php?rest_route=\/wp\/v2\/types\/post"}],"author":[{"embeddable":true,"href":"https:\/\/www.hotstegs-recht.de\/index.php?rest_route=\/wp\/v2\/users\/4"}],"replies":[{"embeddable":true,"href":"https:\/\/www.hotstegs-recht.de\/index.php?rest_route=%2Fwp%2Fv2%2Fcomments&post=8292"}],"version-history":[{"count":1,"href":"https:\/\/www.hotstegs-recht.de\/index.php?rest_route=\/wp\/v2\/posts\/8292\/revisions"}],"predecessor-version":[{"id":8412,"href":"https:\/\/www.hotstegs-recht.de\/index.php?rest_route=\/wp\/v2\/posts\/8292\/revisions\/8412"}],"wp:attachment":[{"href":"https:\/\/www.hotstegs-recht.de\/index.php?rest_route=%2Fwp%2Fv2%2Fmedia&parent=8292"}],"wp:term":[{"taxonomy":"category","embeddable":true,"href":"https:\/\/www.hotstegs-recht.de\/index.php?rest_route=%2Fwp%2Fv2%2Fcategories&post=8292"},{"taxonomy":"post_tag","embeddable":true,"href":"https:\/\/www.hotstegs-recht.de\/index.php?rest_route=%2Fwp%2Fv2%2Ftags&post=8292"}],"curies":[{"name":"wp","href":"https:\/\/api.w.org\/{rel}","templated":true}]}}