{"id":817,"date":"2009-11-11T13:08:45","date_gmt":"2009-11-11T12:08:45","guid":{"rendered":"http:\/\/www.obst-hotstegs.de\/?p=817"},"modified":"2021-04-14T15:05:39","modified_gmt":"2021-04-14T13:05:39","slug":"evangelische-kirche-beschliest-umfassende-reformen-im-beamten-und-verwaltungsrecht","status":"publish","type":"post","link":"https:\/\/www.hotstegs-recht.de\/?p=817","title":{"rendered":"Evangelische Kirche beschlie\u00dft umfassende Reformen im Beamten- und Verwaltungsrecht"},"content":{"rendered":"<p>Die Synode der Evangelischen Kirche in Deutschland (EKD) hat Ende Oktober umfassende \u00c4nderungen des kirchlichen Beamten- und Verwaltungsrechts beschlossen. So wurden zahlreiche Entwicklungen des staatlichen Rechts nun auch auf die knapp 22.000 evangelischen Kirchenbeamten erstreckt. Die \u00c4nderungen beziehen sich im Wesentlichen auf die Anhebung der Regelaltersgrenze f\u00fcr den Ruhestand auf 67 Jahre, die Schaffung eines vollst\u00e4ndig neuen Disziplinargesetzes (DG.EKD), sowie ein neues Verwaltungsverfahrens- und -zustellungsgesetz (VVZG-EKD).<br \/>\n<!--more--><br \/>\n&#8222;Die Anpassungen sorgen f\u00fcr eine gr\u00f6\u00dfere Transparenz und Sicherheit in der Rechtsanwendung f\u00fcr alle Beteiligten.&#8220; Zu diesem Schluss kommt der D\u00fcsseldorfer Rechtsanwalt Robert Hotstegs, der auch stellvertretendes Mitglied der Synode der EKD ist. &#8222;Die Evangelische Kirche hat sich darum bem\u00fcht, das staatliche Recht zu \u00fcbernehmen, wo es den kirchlichen Strukturen angemessen ist. Dadurch kann nun in viel st\u00e4rkerem Ma\u00dfe auf die Rechtsprechung und die Literatur zum staatlichen Recht zur\u00fcckgegriffen werden.&#8220;<\/p>\n<p>Dies gelte insbesondere f\u00fcr das kirchliche Disziplinarrecht. Dieses war zuletzt als zersplittert empfunden wurden und in weiten Teilen noch alten Disziplinarordnungen und der Strafprozessordnung angelehnt. Nun hat auch der kirchliche Gesetzgeber das Disziplinarrecht dem Verwaltungsrecht angepasst. Somit steht ausdr\u00fccklich nicht mehr der Grundgedanke einer Bestrafung f\u00fcr ein dienstliches Vergehen im Mittelpunkt, sondern die Aufrechterhaltung des kirchlichen Dienstes und seiner Glaubw\u00fcrdigkeit.<\/p>\n<p>Auf unn\u00f6tige doppelte Ermittlungen wird zuk\u00fcnftig verzichtet, auch ist der Ermittlungsf\u00fchrer im au\u00dfergerichtlichen Verfahren nicht mehr mit einer quasi-richterlichen Unabh\u00e4ngigkeit ausgestattet, sondern handelt (lediglich) als Beamter der Kirchenverwaltung.<\/p>\n<p>&#8222;F\u00fcr die Kirchenbediensteten wird das in allen zuk\u00fcnftigen Verfahren weitreichende Ver\u00e4nderungen bedeuten&#8220;, ist sich Rechtsanwalt Robert Hotstegs sicher. &#8222;Da nun auch im Kirchenrecht die verwaltungsrechtliche Grunds\u00e4tze \u00fcbernommen wurden, handelt es sich zuk\u00fcnftig nicht mehr um eine einseitige &#8218;Anklage&#8216;, sondern bei einem kirchengerichtlichen Disziplinarverfahren immer um ein Verfahren zwischen zwei Parteien: dem Dienstherrn und dem Bediensteten. Der Charakter der Verfahren wird somit grundlegend gewandelt.&#8220;<\/p>\n<p>Die \u00c4nderungen des Kirchenbeamtengesetzes und das neue Verwaltungsverfahrens- und -zustellungsgesetz (VVZG-EKD) treten bereits zum 01.01.2010 in Kraft. Das neue Disziplinargesetz der EKD (DG.EKD) tritt zum 01.07.2010 in Kraft.<\/p>\n<hr \/>\n<p><a title=\"Rechtsanwalt Hotstegs\" href=\"\/?people=robert-hotstegs\"> Rechtsanwalt Robert Hotstegs<\/a> ist seit 2008 stellvertretendes Mitglied der Landessynode der Ev. Kirche im Rheinland, er ist dar\u00fcber hinaus seit 2009 stellvertretendes Mitglied der Synode der Ev. Kirche in Deutschland.<\/p>\n","protected":false},"excerpt":{"rendered":"<p>Die Synode der Evangelischen Kirche in Deutschland (EKD) hat Ende Oktober umfassende \u00c4nderungen des kirchlichen Beamten- und Verwaltungsrechts beschlossen. So wurden zahlreiche Entwicklungen des staatlichen Rechts nun auch auf die knapp 22.000 evangelischen Kirchenbeamten erstreckt. Die \u00c4nderungen beziehen sich im Wesentlichen auf die Anhebung der Regelaltersgrenze f\u00fcr den Ruhestand auf 67 Jahre, die Schaffung eines &hellip; <\/p>\n<p class=\"link-more\"><a href=\"https:\/\/www.hotstegs-recht.de\/?p=817\" class=\"more-link\"><span class=\"screen-reader-text\">\u201eEvangelische Kirche beschlie\u00dft umfassende Reformen im Beamten- und Verwaltungsrecht\u201c <\/span>weiterlesen<\/a><\/p>\n","protected":false},"author":1,"featured_media":0,"comment_status":"closed","ping_status":"closed","sticky":false,"template":"","format":"standard","meta":{"footnotes":""},"categories":[4,14,15,39],"tags":[],"class_list":["post-817","post","type-post","status-publish","format-standard","hentry","category-aktuelles","category-beamtenrecht","category-disziplinarrecht","category-ev-kirchenrecht"],"yoast_head":"<!-- This site is optimized with the Yoast SEO plugin v27.5 - https:\/\/yoast.com\/product\/yoast-seo-wordpress\/ -->\n<title>Evangelische Kirche beschlie\u00dft umfassende Reformen im Beamten- und Verwaltungsrecht - Hotstegs Rechtsanwaltsgesellschaft | Rechtsanw\u00e4lt:innen und Fachanw\u00e4lt:innen f\u00fcr Verwaltungsrecht<\/title>\n<meta name=\"description\" content=\"- Termine unter Tel. 0211 \/ 497657-16\" \/>\n<meta name=\"robots\" content=\"index, follow, max-snippet:-1, max-image-preview:large, max-video-preview:-1\" \/>\n<link rel=\"canonical\" href=\"https:\/\/www.hotstegs-recht.de\/?p=817\" \/>\n<meta property=\"og:locale\" content=\"de_DE\" \/>\n<meta property=\"og:type\" content=\"article\" \/>\n<meta property=\"og:title\" content=\"Evangelische Kirche beschlie\u00dft umfassende Reformen im Beamten- und Verwaltungsrecht - Hotstegs Rechtsanwaltsgesellschaft | Rechtsanw\u00e4lt:innen und Fachanw\u00e4lt:innen f\u00fcr Verwaltungsrecht\" \/>\n<meta property=\"og:description\" content=\"- Termine unter Tel. 0211 \/ 497657-16\" \/>\n<meta property=\"og:url\" content=\"https:\/\/www.hotstegs-recht.de\/?p=817\" \/>\n<meta property=\"og:site_name\" content=\"Hotstegs Rechtsanwaltsgesellschaft | Rechtsanw\u00e4lt:innen und Fachanw\u00e4lt:innen f\u00fcr Verwaltungsrecht\" \/>\n<meta property=\"article:publisher\" content=\"https:\/\/www.facebook.com\/hotstegs.recht\" \/>\n<meta property=\"article:published_time\" content=\"2009-11-11T12:08:45+00:00\" \/>\n<meta property=\"article:modified_time\" content=\"2021-04-14T13:05:39+00:00\" \/>\n<meta name=\"author\" content=\"Robert Hotstegs\" \/>\n<meta name=\"twitter:card\" content=\"summary_large_image\" \/>\n<meta name=\"twitter:creator\" content=\"@hotstegs_recht\" \/>\n<meta name=\"twitter:site\" content=\"@hotstegs_recht\" \/>\n<meta name=\"twitter:label1\" content=\"Verfasst von\" \/>\n\t<meta name=\"twitter:data1\" content=\"Robert Hotstegs\" \/>\n\t<meta name=\"twitter:label2\" content=\"Gesch\u00e4tzte Lesezeit\" \/>\n\t<meta name=\"twitter:data2\" content=\"2\u00a0Minuten\" \/>\n<!-- \/ Yoast SEO plugin. -->","yoast_head_json":{"title":"Evangelische Kirche beschlie\u00dft umfassende Reformen im Beamten- und Verwaltungsrecht - Hotstegs Rechtsanwaltsgesellschaft | Rechtsanw\u00e4lt:innen und Fachanw\u00e4lt:innen f\u00fcr Verwaltungsrecht","description":"- Termine unter Tel. 0211 \/ 497657-16","robots":{"index":"index","follow":"follow","max-snippet":"max-snippet:-1","max-image-preview":"max-image-preview:large","max-video-preview":"max-video-preview:-1"},"canonical":"https:\/\/www.hotstegs-recht.de\/?p=817","og_locale":"de_DE","og_type":"article","og_title":"Evangelische Kirche beschlie\u00dft umfassende Reformen im Beamten- und Verwaltungsrecht - Hotstegs Rechtsanwaltsgesellschaft | Rechtsanw\u00e4lt:innen und Fachanw\u00e4lt:innen f\u00fcr Verwaltungsrecht","og_description":"- Termine unter Tel. 0211 \/ 497657-16","og_url":"https:\/\/www.hotstegs-recht.de\/?p=817","og_site_name":"Hotstegs Rechtsanwaltsgesellschaft | Rechtsanw\u00e4lt:innen und Fachanw\u00e4lt:innen f\u00fcr Verwaltungsrecht","article_publisher":"https:\/\/www.facebook.com\/hotstegs.recht","article_published_time":"2009-11-11T12:08:45+00:00","article_modified_time":"2021-04-14T13:05:39+00:00","author":"Robert Hotstegs","twitter_card":"summary_large_image","twitter_creator":"@hotstegs_recht","twitter_site":"@hotstegs_recht","twitter_misc":{"Verfasst von":"Robert Hotstegs","Gesch\u00e4tzte Lesezeit":"2\u00a0Minuten"},"schema":{"@context":"https:\/\/schema.org","@graph":[{"@type":"Article","@id":"https:\/\/www.hotstegs-recht.de\/?p=817#article","isPartOf":{"@id":"https:\/\/www.hotstegs-recht.de\/?p=817"},"author":{"name":"Robert Hotstegs","@id":"https:\/\/www.hotstegs-recht.de\/#\/schema\/person\/b5290b51a91e1e27ec6af13643a76ab0"},"headline":"Evangelische Kirche beschlie\u00dft umfassende Reformen im Beamten- und Verwaltungsrecht","datePublished":"2009-11-11T12:08:45+00:00","dateModified":"2021-04-14T13:05:39+00:00","mainEntityOfPage":{"@id":"https:\/\/www.hotstegs-recht.de\/?p=817"},"wordCount":376,"publisher":{"@id":"https:\/\/www.hotstegs-recht.de\/#organization"},"articleSection":["Aktuelles","Beamtenrecht","Disziplinarrecht","ev. Kirchenrecht"],"inLanguage":"de"},{"@type":"WebPage","@id":"https:\/\/www.hotstegs-recht.de\/?p=817","url":"https:\/\/www.hotstegs-recht.de\/?p=817","name":"Evangelische Kirche beschlie\u00dft umfassende Reformen im Beamten- und Verwaltungsrecht - Hotstegs Rechtsanwaltsgesellschaft | Rechtsanw\u00e4lt:innen und Fachanw\u00e4lt:innen f\u00fcr Verwaltungsrecht","isPartOf":{"@id":"https:\/\/www.hotstegs-recht.de\/#website"},"datePublished":"2009-11-11T12:08:45+00:00","dateModified":"2021-04-14T13:05:39+00:00","description":"- Termine unter Tel. 0211 \/ 497657-16","breadcrumb":{"@id":"https:\/\/www.hotstegs-recht.de\/?p=817#breadcrumb"},"inLanguage":"de","potentialAction":[{"@type":"ReadAction","target":["https:\/\/www.hotstegs-recht.de\/?p=817"]}]},{"@type":"BreadcrumbList","@id":"https:\/\/www.hotstegs-recht.de\/?p=817#breadcrumb","itemListElement":[{"@type":"ListItem","position":1,"name":"Startseite","item":"https:\/\/www.hotstegs-recht.de\/"},{"@type":"ListItem","position":2,"name":"Evangelische Kirche beschlie\u00dft umfassende Reformen im Beamten- und Verwaltungsrecht"}]},{"@type":"WebSite","@id":"https:\/\/www.hotstegs-recht.de\/#website","url":"https:\/\/www.hotstegs-recht.de\/","name":"Hotstegs Rechtsanwaltsgesellschaft | Rechtsanw\u00e4lt:innen und Fachanw\u00e4lt:innen f\u00fcr Verwaltungsrecht","description":"\u00f6ffentliches Dienstrecht und Disziplinarverfahren | Rechtsanwalt Robert Hotstegs | Rechtsanw\u00e4ltin Sarah Nu\u00dfbaum | Rechtsanw\u00e4ltin Katharina Voigt","publisher":{"@id":"https:\/\/www.hotstegs-recht.de\/#organization"},"potentialAction":[{"@type":"SearchAction","target":{"@type":"EntryPoint","urlTemplate":"https:\/\/www.hotstegs-recht.de\/?s={search_term_string}"},"query-input":{"@type":"PropertyValueSpecification","valueRequired":true,"valueName":"search_term_string"}}],"inLanguage":"de"},{"@type":"Organization","@id":"https:\/\/www.hotstegs-recht.de\/#organization","name":"Hotstegs Rechtsanwaltsgesellschaft","url":"https:\/\/www.hotstegs-recht.de\/","logo":{"@type":"ImageObject","inLanguage":"de","@id":"https:\/\/www.hotstegs-recht.de\/#\/schema\/logo\/image\/","url":"https:\/\/www.hotstegs-recht.de\/wp-content\/uploads\/2021\/09\/logo_2020.png","contentUrl":"https:\/\/www.hotstegs-recht.de\/wp-content\/uploads\/2021\/09\/logo_2020.png","width":180,"height":51,"caption":"Hotstegs Rechtsanwaltsgesellschaft"},"image":{"@id":"https:\/\/www.hotstegs-recht.de\/#\/schema\/logo\/image\/"},"sameAs":["https:\/\/www.facebook.com\/hotstegs.recht","https:\/\/x.com\/hotstegs_recht","https:\/\/www.instagram.com\/hotstegs.recht","https:\/\/de.linkedin.com\/company\/hotstegs-recht"]},{"@type":"Person","@id":"https:\/\/www.hotstegs-recht.de\/#\/schema\/person\/b5290b51a91e1e27ec6af13643a76ab0","name":"Robert Hotstegs","image":{"@type":"ImageObject","inLanguage":"de","@id":"https:\/\/secure.gravatar.com\/avatar\/7d923d735cd88c8f3b65c6506ab775c5eb23a82716d81ce74eb3951cb8430f5a?s=96&d=blank&r=g","url":"https:\/\/secure.gravatar.com\/avatar\/7d923d735cd88c8f3b65c6506ab775c5eb23a82716d81ce74eb3951cb8430f5a?s=96&d=blank&r=g","contentUrl":"https:\/\/secure.gravatar.com\/avatar\/7d923d735cd88c8f3b65c6506ab775c5eb23a82716d81ce74eb3951cb8430f5a?s=96&d=blank&r=g","caption":"Robert Hotstegs"},"description":"Rechtsanwalt, Fachanwalt f\u00fcr Verwaltungsrecht","url":"https:\/\/www.hotstegs-recht.de\/?author=1"}]}},"amp_enabled":true,"_links":{"self":[{"href":"https:\/\/www.hotstegs-recht.de\/index.php?rest_route=\/wp\/v2\/posts\/817","targetHints":{"allow":["GET"]}}],"collection":[{"href":"https:\/\/www.hotstegs-recht.de\/index.php?rest_route=\/wp\/v2\/posts"}],"about":[{"href":"https:\/\/www.hotstegs-recht.de\/index.php?rest_route=\/wp\/v2\/types\/post"}],"author":[{"embeddable":true,"href":"https:\/\/www.hotstegs-recht.de\/index.php?rest_route=\/wp\/v2\/users\/1"}],"replies":[{"embeddable":true,"href":"https:\/\/www.hotstegs-recht.de\/index.php?rest_route=%2Fwp%2Fv2%2Fcomments&post=817"}],"version-history":[{"count":1,"href":"https:\/\/www.hotstegs-recht.de\/index.php?rest_route=\/wp\/v2\/posts\/817\/revisions"}],"predecessor-version":[{"id":8220,"href":"https:\/\/www.hotstegs-recht.de\/index.php?rest_route=\/wp\/v2\/posts\/817\/revisions\/8220"}],"wp:attachment":[{"href":"https:\/\/www.hotstegs-recht.de\/index.php?rest_route=%2Fwp%2Fv2%2Fmedia&parent=817"}],"wp:term":[{"taxonomy":"category","embeddable":true,"href":"https:\/\/www.hotstegs-recht.de\/index.php?rest_route=%2Fwp%2Fv2%2Fcategories&post=817"},{"taxonomy":"post_tag","embeddable":true,"href":"https:\/\/www.hotstegs-recht.de\/index.php?rest_route=%2Fwp%2Fv2%2Ftags&post=817"}],"curies":[{"name":"wp","href":"https:\/\/api.w.org\/{rel}","templated":true}]}}