{"id":8135,"date":"2021-03-09T11:11:25","date_gmt":"2021-03-09T10:11:25","guid":{"rendered":"https:\/\/www.hotstegs-recht.de\/?p=8135"},"modified":"2021-03-09T11:11:27","modified_gmt":"2021-03-09T10:11:27","slug":"leserbrief-zur-urteilsbesprechung-stuttmann-bverwg-urteil-v-15-06-2018-az-2-c-19-17-nvwz-2018-heft-23-x-2","status":"publish","type":"post","link":"https:\/\/www.hotstegs-recht.de\/?p=8135","title":{"rendered":"Leserbrief: Zu Vetter, Maskenpflicht im Wahlraum&#8230; (NVwZ 2021, 187ff.), NVwZ 2021, Heft 5, X"},"content":{"rendered":"<p>Den Ausf\u00fchrungen der Kollegin Vetter ist beizupflichten. Allerdings sind sicherlich neben juristischen Auflagen und Einschr\u00e4nkungen, die mit dem Wahlrecht kompatibel sind, auch praktische Nachteile von teils erheblichem Ausma\u00df zu erwarten. Aus Sicht eines Wahlhelfers m\u00f6chte ich daher zwei Aspekte erg\u00e4nzen:<\/p>\n<p>Bei Wahlen im Jahr 2020 soll es in einzelnen Wahllokalen zu langen Warteschlangen und -zeiten gekommen sein. Diese sind zwar bedauerlich, aber f\u00fchren auch nach Ablauf der Wahlzeit (\u00a7 47 I BWO) nicht zum Stimmverlust der Betroffenen. Die Wahlhandlung kann und darf ausdr\u00fccklich auch noch nach Ablauf der Wahlzeit vollzogen werden, wenn die W\u00e4hler:innen vor 18 Uhr erschienen sind (\u00a7 60 BWO). Diesen W\u00e4hler:innen ist also ausreichend Zeit einzur\u00e4umen, ohne dass Hektik und ein Versto\u00df gegen die AHA-Regeln aus diesem Grund geboten w\u00e4ren.<\/p>\n<p>Anders d\u00fcrfte sich dies in Krankenh\u00e4usern, Alten- und Pflegeheimen oder Kl\u00f6stern darstellen. Diese durften in der Vergangenheit darauf hoffen als Sonderwahlbezirk durch einen beweglichen Wahlvorstand (\u00a760ff iVm \u00a7 8 BWO) aufgesucht zu werden. Angesichts des gr\u00f6\u00dferen organisatorischen Aufwandes und des Infektionsrisikos ist zu erwarten, dass hiervon nur \u00e4u\u00dferst zur\u00fcckhaltend Gebrauch gemacht und stattdessen auf die Briefwahlm\u00f6glichkeit verwiesen wird. Es bleibt zu hoffen, dass dies auch faktisch die W\u00e4hler:innen nicht abh\u00e4lt vom Stimmrecht Gebrauch zu machen.<\/p>\n<p>Robert Hotstegs, Fachanwalt f\u00fcr Verwaltungsrecht, D\u00fcsseldorf<\/p>\n<p><a href=\"https:\/\/www.hotstegs-recht.de\/wp-content\/uploads\/2021\/03\/img_1111-scaled.jpg\"><img loading=\"lazy\" decoding=\"async\" class=\"alignleft wp-image-8134 size-medium\" src=\"https:\/\/www.hotstegs-recht.de\/wp-content\/uploads\/2021\/03\/img_1111-234x300.jpg\" alt=\"Foto des Leserbriefs\" width=\"234\" height=\"300\" srcset=\"https:\/\/www.hotstegs-recht.de\/wp-content\/uploads\/2021\/03\/img_1111-234x300.jpg 234w, https:\/\/www.hotstegs-recht.de\/wp-content\/uploads\/2021\/03\/img_1111-800x1024.jpg 800w, https:\/\/www.hotstegs-recht.de\/wp-content\/uploads\/2021\/03\/img_1111-768x984.jpg 768w, https:\/\/www.hotstegs-recht.de\/wp-content\/uploads\/2021\/03\/img_1111-1199x1536.jpg 1199w, https:\/\/www.hotstegs-recht.de\/wp-content\/uploads\/2021\/03\/img_1111-1599x2048.jpg 1599w, https:\/\/www.hotstegs-recht.de\/wp-content\/uploads\/2021\/03\/img_1111-scaled.jpg 1999w\" sizes=\"auto, (max-width: 234px) 100vw, 234px\" \/><\/a><\/p>\n","protected":false},"excerpt":{"rendered":"<p>Den Ausf\u00fchrungen der Kollegin Vetter ist beizupflichten. Allerdings sind sicherlich neben juristischen Auflagen und Einschr\u00e4nkungen, die mit dem Wahlrecht kompatibel sind, auch praktische Nachteile von teils erheblichem Ausma\u00df zu erwarten. Aus Sicht eines Wahlhelfers m\u00f6chte ich daher zwei Aspekte erg\u00e4nzen: Bei Wahlen im Jahr 2020 soll es in einzelnen Wahllokalen zu langen Warteschlangen und -zeiten &hellip; <\/p>\n<p class=\"link-more\"><a href=\"https:\/\/www.hotstegs-recht.de\/?p=8135\" class=\"more-link\"><span class=\"screen-reader-text\">\u201eLeserbrief: Zu Vetter, Maskenpflicht im Wahlraum&#8230; (NVwZ 2021, 187ff.), NVwZ 2021, Heft 5, X\u201c <\/span>weiterlesen<\/a><\/p>\n","protected":false},"author":1,"featured_media":8134,"comment_status":"open","ping_status":"open","sticky":false,"template":"","format":"aside","meta":{"footnotes":""},"categories":[4,9,16,47],"tags":[105,106],"class_list":["post-8135","post","type-post","status-publish","format-aside","has-post-thumbnail","hentry","category-aktuelles","category-presse","category-burgerbeteiligung","category-wahlrecht","tag-corona","tag-covid-19","post_format-post-format-aside"],"yoast_head":"<!-- This site is optimized with the Yoast SEO plugin v27.5 - https:\/\/yoast.com\/product\/yoast-seo-wordpress\/ -->\n<title>Leserbrief: Zu Vetter, Maskenpflicht im Wahlraum... (NVwZ 2021, 187ff.), NVwZ 2021, Heft 5, X - Hotstegs Rechtsanwaltsgesellschaft | Rechtsanw\u00e4lt:innen und Fachanw\u00e4lt:innen f\u00fcr Verwaltungsrecht<\/title>\n<meta name=\"description\" content=\"- Termine unter Tel. 0211 \/ 497657-16\" \/>\n<meta name=\"robots\" content=\"index, follow, max-snippet:-1, max-image-preview:large, max-video-preview:-1\" \/>\n<link rel=\"canonical\" href=\"https:\/\/www.hotstegs-recht.de\/?p=8135\" \/>\n<meta property=\"og:locale\" content=\"de_DE\" \/>\n<meta property=\"og:type\" content=\"article\" \/>\n<meta property=\"og:title\" content=\"Leserbrief: Zu Vetter, Maskenpflicht im Wahlraum... (NVwZ 2021, 187ff.), NVwZ 2021, Heft 5, X - Hotstegs Rechtsanwaltsgesellschaft | Rechtsanw\u00e4lt:innen und Fachanw\u00e4lt:innen f\u00fcr Verwaltungsrecht\" \/>\n<meta property=\"og:description\" content=\"- Termine unter Tel. 0211 \/ 497657-16\" \/>\n<meta property=\"og:url\" content=\"https:\/\/www.hotstegs-recht.de\/?p=8135\" \/>\n<meta property=\"og:site_name\" content=\"Hotstegs Rechtsanwaltsgesellschaft | Rechtsanw\u00e4lt:innen und Fachanw\u00e4lt:innen f\u00fcr Verwaltungsrecht\" \/>\n<meta property=\"article:publisher\" content=\"https:\/\/www.facebook.com\/hotstegs.recht\" \/>\n<meta property=\"article:published_time\" content=\"2021-03-09T10:11:25+00:00\" \/>\n<meta property=\"article:modified_time\" content=\"2021-03-09T10:11:27+00:00\" \/>\n<meta property=\"og:image\" content=\"https:\/\/www.hotstegs-recht.de\/wp-content\/uploads\/2021\/03\/img_1111-scaled.jpg\" \/>\n\t<meta property=\"og:image:width\" content=\"1999\" \/>\n\t<meta property=\"og:image:height\" content=\"2560\" \/>\n\t<meta property=\"og:image:type\" content=\"image\/jpeg\" \/>\n<meta name=\"author\" content=\"Robert Hotstegs\" \/>\n<meta name=\"twitter:card\" content=\"summary_large_image\" \/>\n<meta name=\"twitter:creator\" content=\"@hotstegs_recht\" \/>\n<meta name=\"twitter:site\" content=\"@hotstegs_recht\" \/>\n<meta name=\"twitter:label1\" content=\"Verfasst von\" \/>\n\t<meta name=\"twitter:data1\" content=\"Robert Hotstegs\" \/>\n\t<meta name=\"twitter:label2\" content=\"Gesch\u00e4tzte Lesezeit\" \/>\n\t<meta name=\"twitter:data2\" content=\"1\u00a0Minute\" \/>\n<!-- \/ Yoast SEO plugin. -->","yoast_head_json":{"title":"Leserbrief: Zu Vetter, Maskenpflicht im Wahlraum... (NVwZ 2021, 187ff.), NVwZ 2021, Heft 5, X - Hotstegs Rechtsanwaltsgesellschaft | Rechtsanw\u00e4lt:innen und Fachanw\u00e4lt:innen f\u00fcr Verwaltungsrecht","description":"- Termine unter Tel. 0211 \/ 497657-16","robots":{"index":"index","follow":"follow","max-snippet":"max-snippet:-1","max-image-preview":"max-image-preview:large","max-video-preview":"max-video-preview:-1"},"canonical":"https:\/\/www.hotstegs-recht.de\/?p=8135","og_locale":"de_DE","og_type":"article","og_title":"Leserbrief: Zu Vetter, Maskenpflicht im Wahlraum... (NVwZ 2021, 187ff.), NVwZ 2021, Heft 5, X - Hotstegs Rechtsanwaltsgesellschaft | Rechtsanw\u00e4lt:innen und Fachanw\u00e4lt:innen f\u00fcr Verwaltungsrecht","og_description":"- Termine unter Tel. 0211 \/ 497657-16","og_url":"https:\/\/www.hotstegs-recht.de\/?p=8135","og_site_name":"Hotstegs Rechtsanwaltsgesellschaft | Rechtsanw\u00e4lt:innen und Fachanw\u00e4lt:innen f\u00fcr Verwaltungsrecht","article_publisher":"https:\/\/www.facebook.com\/hotstegs.recht","article_published_time":"2021-03-09T10:11:25+00:00","article_modified_time":"2021-03-09T10:11:27+00:00","og_image":[{"width":1999,"height":2560,"url":"https:\/\/www.hotstegs-recht.de\/wp-content\/uploads\/2021\/03\/img_1111-scaled.jpg","type":"image\/jpeg"}],"author":"Robert Hotstegs","twitter_card":"summary_large_image","twitter_creator":"@hotstegs_recht","twitter_site":"@hotstegs_recht","twitter_misc":{"Verfasst von":"Robert Hotstegs","Gesch\u00e4tzte Lesezeit":"1\u00a0Minute"},"schema":{"@context":"https:\/\/schema.org","@graph":[{"@type":"Article","@id":"https:\/\/www.hotstegs-recht.de\/?p=8135#article","isPartOf":{"@id":"https:\/\/www.hotstegs-recht.de\/?p=8135"},"author":{"name":"Robert Hotstegs","@id":"https:\/\/www.hotstegs-recht.de\/#\/schema\/person\/b5290b51a91e1e27ec6af13643a76ab0"},"headline":"Leserbrief: Zu Vetter, Maskenpflicht im Wahlraum&#8230; (NVwZ 2021, 187ff.), NVwZ 2021, Heft 5, X","datePublished":"2021-03-09T10:11:25+00:00","dateModified":"2021-03-09T10:11:27+00:00","mainEntityOfPage":{"@id":"https:\/\/www.hotstegs-recht.de\/?p=8135"},"wordCount":231,"commentCount":0,"publisher":{"@id":"https:\/\/www.hotstegs-recht.de\/#organization"},"image":{"@id":"https:\/\/www.hotstegs-recht.de\/?p=8135#primaryimage"},"thumbnailUrl":"https:\/\/www.hotstegs-recht.de\/wp-content\/uploads\/2021\/03\/img_1111-scaled.jpg","keywords":["Corona","COVID-19"],"articleSection":["Aktuelles","Presse","B\u00fcrgerbeteiligung","Wahlrecht"],"inLanguage":"de","potentialAction":[{"@type":"CommentAction","name":"Comment","target":["https:\/\/www.hotstegs-recht.de\/?p=8135#respond"]}]},{"@type":"WebPage","@id":"https:\/\/www.hotstegs-recht.de\/?p=8135","url":"https:\/\/www.hotstegs-recht.de\/?p=8135","name":"Leserbrief: Zu Vetter, Maskenpflicht im Wahlraum... (NVwZ 2021, 187ff.), NVwZ 2021, Heft 5, X - Hotstegs Rechtsanwaltsgesellschaft | Rechtsanw\u00e4lt:innen und Fachanw\u00e4lt:innen f\u00fcr Verwaltungsrecht","isPartOf":{"@id":"https:\/\/www.hotstegs-recht.de\/#website"},"primaryImageOfPage":{"@id":"https:\/\/www.hotstegs-recht.de\/?p=8135#primaryimage"},"image":{"@id":"https:\/\/www.hotstegs-recht.de\/?p=8135#primaryimage"},"thumbnailUrl":"https:\/\/www.hotstegs-recht.de\/wp-content\/uploads\/2021\/03\/img_1111-scaled.jpg","datePublished":"2021-03-09T10:11:25+00:00","dateModified":"2021-03-09T10:11:27+00:00","description":"- Termine unter Tel. 0211 \/ 497657-16","breadcrumb":{"@id":"https:\/\/www.hotstegs-recht.de\/?p=8135#breadcrumb"},"inLanguage":"de","potentialAction":[{"@type":"ReadAction","target":["https:\/\/www.hotstegs-recht.de\/?p=8135"]}]},{"@type":"ImageObject","inLanguage":"de","@id":"https:\/\/www.hotstegs-recht.de\/?p=8135#primaryimage","url":"https:\/\/www.hotstegs-recht.de\/wp-content\/uploads\/2021\/03\/img_1111-scaled.jpg","contentUrl":"https:\/\/www.hotstegs-recht.de\/wp-content\/uploads\/2021\/03\/img_1111-scaled.jpg","width":1999,"height":2560,"caption":"Foto des Leserbriefs"},{"@type":"BreadcrumbList","@id":"https:\/\/www.hotstegs-recht.de\/?p=8135#breadcrumb","itemListElement":[{"@type":"ListItem","position":1,"name":"Startseite","item":"https:\/\/www.hotstegs-recht.de\/"},{"@type":"ListItem","position":2,"name":"Leserbrief: Zu Vetter, Maskenpflicht im Wahlraum&#8230; (NVwZ 2021, 187ff.), NVwZ 2021, Heft 5, X"}]},{"@type":"WebSite","@id":"https:\/\/www.hotstegs-recht.de\/#website","url":"https:\/\/www.hotstegs-recht.de\/","name":"Hotstegs Rechtsanwaltsgesellschaft | Rechtsanw\u00e4lt:innen und Fachanw\u00e4lt:innen f\u00fcr Verwaltungsrecht","description":"\u00f6ffentliches Dienstrecht und Disziplinarverfahren | Rechtsanwalt Robert Hotstegs | Rechtsanw\u00e4ltin Sarah Nu\u00dfbaum | Rechtsanw\u00e4ltin Katharina Voigt","publisher":{"@id":"https:\/\/www.hotstegs-recht.de\/#organization"},"potentialAction":[{"@type":"SearchAction","target":{"@type":"EntryPoint","urlTemplate":"https:\/\/www.hotstegs-recht.de\/?s={search_term_string}"},"query-input":{"@type":"PropertyValueSpecification","valueRequired":true,"valueName":"search_term_string"}}],"inLanguage":"de"},{"@type":"Organization","@id":"https:\/\/www.hotstegs-recht.de\/#organization","name":"Hotstegs Rechtsanwaltsgesellschaft","url":"https:\/\/www.hotstegs-recht.de\/","logo":{"@type":"ImageObject","inLanguage":"de","@id":"https:\/\/www.hotstegs-recht.de\/#\/schema\/logo\/image\/","url":"https:\/\/www.hotstegs-recht.de\/wp-content\/uploads\/2021\/09\/logo_2020.png","contentUrl":"https:\/\/www.hotstegs-recht.de\/wp-content\/uploads\/2021\/09\/logo_2020.png","width":180,"height":51,"caption":"Hotstegs Rechtsanwaltsgesellschaft"},"image":{"@id":"https:\/\/www.hotstegs-recht.de\/#\/schema\/logo\/image\/"},"sameAs":["https:\/\/www.facebook.com\/hotstegs.recht","https:\/\/x.com\/hotstegs_recht","https:\/\/www.instagram.com\/hotstegs.recht","https:\/\/de.linkedin.com\/company\/hotstegs-recht"]},{"@type":"Person","@id":"https:\/\/www.hotstegs-recht.de\/#\/schema\/person\/b5290b51a91e1e27ec6af13643a76ab0","name":"Robert Hotstegs","image":{"@type":"ImageObject","inLanguage":"de","@id":"https:\/\/secure.gravatar.com\/avatar\/7d923d735cd88c8f3b65c6506ab775c5eb23a82716d81ce74eb3951cb8430f5a?s=96&d=blank&r=g","url":"https:\/\/secure.gravatar.com\/avatar\/7d923d735cd88c8f3b65c6506ab775c5eb23a82716d81ce74eb3951cb8430f5a?s=96&d=blank&r=g","contentUrl":"https:\/\/secure.gravatar.com\/avatar\/7d923d735cd88c8f3b65c6506ab775c5eb23a82716d81ce74eb3951cb8430f5a?s=96&d=blank&r=g","caption":"Robert Hotstegs"},"description":"Rechtsanwalt, Fachanwalt f\u00fcr Verwaltungsrecht","url":"https:\/\/www.hotstegs-recht.de\/?author=1"}]}},"amp_enabled":true,"_links":{"self":[{"href":"https:\/\/www.hotstegs-recht.de\/index.php?rest_route=\/wp\/v2\/posts\/8135","targetHints":{"allow":["GET"]}}],"collection":[{"href":"https:\/\/www.hotstegs-recht.de\/index.php?rest_route=\/wp\/v2\/posts"}],"about":[{"href":"https:\/\/www.hotstegs-recht.de\/index.php?rest_route=\/wp\/v2\/types\/post"}],"author":[{"embeddable":true,"href":"https:\/\/www.hotstegs-recht.de\/index.php?rest_route=\/wp\/v2\/users\/1"}],"replies":[{"embeddable":true,"href":"https:\/\/www.hotstegs-recht.de\/index.php?rest_route=%2Fwp%2Fv2%2Fcomments&post=8135"}],"version-history":[{"count":2,"href":"https:\/\/www.hotstegs-recht.de\/index.php?rest_route=\/wp\/v2\/posts\/8135\/revisions"}],"predecessor-version":[{"id":8137,"href":"https:\/\/www.hotstegs-recht.de\/index.php?rest_route=\/wp\/v2\/posts\/8135\/revisions\/8137"}],"wp:featuredmedia":[{"embeddable":true,"href":"https:\/\/www.hotstegs-recht.de\/index.php?rest_route=\/wp\/v2\/media\/8134"}],"wp:attachment":[{"href":"https:\/\/www.hotstegs-recht.de\/index.php?rest_route=%2Fwp%2Fv2%2Fmedia&parent=8135"}],"wp:term":[{"taxonomy":"category","embeddable":true,"href":"https:\/\/www.hotstegs-recht.de\/index.php?rest_route=%2Fwp%2Fv2%2Fcategories&post=8135"},{"taxonomy":"post_tag","embeddable":true,"href":"https:\/\/www.hotstegs-recht.de\/index.php?rest_route=%2Fwp%2Fv2%2Ftags&post=8135"}],"curies":[{"name":"wp","href":"https:\/\/api.w.org\/{rel}","templated":true}]}}