{"id":759,"date":"2010-10-01T22:49:11","date_gmt":"2010-10-01T20:49:11","guid":{"rendered":"http:\/\/www.obst-hotstegs.de\/?p=759"},"modified":"2011-09-06T22:50:19","modified_gmt":"2011-09-06T20:50:19","slug":"glauben-ist-willenssache-urteil-des-bundesverwaltungsgerichts-v-23-09-2010-az-7-c-22-09","status":"publish","type":"post","link":"https:\/\/www.hotstegs-recht.de\/?p=759","title":{"rendered":"&#8222;Glauben ist Willenssache&#8220;, Urteil des Bundesverwaltungsgerichts v. 23.09.2010, Az. 7 C 22.09"},"content":{"rendered":"<p>In einer bislang unver\u00f6ffentlichten Entscheidung hat das Bundesverwaltungsgericht in Leipzig in der letzten Woche entschieden, dass die Heranziehung zur Kultus- oder Kirchensteuer nicht gegen den Willen des Gl\u00e4ubigen m\u00f6glich ist. Allerdings ist hierbei nicht der Wille zur Steuerpflicht, sondern der Wille zur Zugeh\u00f6rigkeit zur Gemeinde entscheidend. Das klagende j\u00fcdische Ehepaar war von Frankreich nach Frankfurt gezogen und hatte sich bewusst entschieden, Mitglied in der franz\u00f6sischen Gemeinde zu bleiben. Daher durfte die j\u00fcdische Kultusgemeinde in Deutschland keine Steuer erheben. (<acronym title=\"Aktenzeichen\">Az<\/acronym>. <acronym title=\"Bundesverwaltungsgericht\">BVerwG<\/acronym> <a href=\"https:\/\/dejure.org\/dienste\/vernetzung\/rechtsprechung?Text=7%20C%2022.09\" title=\"BVerwG, 23.09.2010 - 7 C 22.09: Religionsgemeinschaft; j&uuml;dische Gemeinde; Selbstbestimmungsrech...\">7 C 22.09<\/a>)<!--more--><\/p>\n<p>Nach der Satzung der beklagten Gemeinde bestimmt sich die Mitgliedschaft in ihr nach der j\u00fcdischen Religionszugeh\u00f6rigkeit, die insbesondere durch die Abstammung von einer j\u00fcdischen Mutter vermittelt wird, und der Wohnsitznahme. <strong> Eine so begr\u00fcndete Mitgliedschaft in der rechtlich verfassten Religionsgemeinschaft kann nach der aktuellen Entscheidung des Bundesverwaltungsgerichts im staatlichen Recht wegen des Grundrechts der Bekenntnisfreiheit nur dann anerkannt werden, wenn sie von einer Willensentscheidung des Betroffenen getragen ist.<\/strong><\/p>\n<p>Diese Willensentscheidung muss auch so konkret sein, dass deutlich wird, dass die Betroffenen der in ihrer Stadt bestehenden j\u00fcdischen Gemeinde in ihrer konkreten Ausrichtung (hier liberal) zugeh\u00f6ren wollen.<\/p>\n<p>Schlie\u00dflich kann auch nicht davon ausgegangen werden, dass allein die bisherige Mitgliedschaft in einer j\u00fcdischen Gemeinde in Frankreich im Falle des Wohnsitzwechsels automatisch die Mitgliedschaft in der j\u00fcdischen Gemeinde des neuen Wohnorts zur Folge hat.<\/p>\n<p>&#8222;Das Urteil hebt noch einmal die Bedeutung der eigenen Entscheidung \u00fcber die Religions- und Gemeindezugeh\u00f6rigkeit hervor&#8220;, betont Rechtsanwalt Robert Hotstegs. &#8222;Aus staatlicher Sicht sind hierbei Willenserkl\u00e4rungen notwendig, auch wenn die jeweilige Religionsgemeinschaft dies aus religi\u00f6ser Sicht anders bewertet.&#8220;<\/p>\n<p>Dennoch f\u00fchrt diese Differenzierung voraussichtlich nicht zu einer &#8222;Welle&#8220; von Kirchensteuerbefreiungen. Die christlichen Religionsgemeinschaften haben entsprechende Vorkehrungen getroffen. So hat beispielsweise die Evangelische Kirche in Deutschland (EKD) in ihrem Kirchenmitgliedschaftsgesetz geregelt, dass bei einem Umzug zwar grunds\u00e4tzlich ein Gemeindewechsel stattfindet. Allerdings kann bis zu einem Jahr nach dem Umzug auch r\u00fcckwirkend der Beitritt zu einer anderen evangelischen Kirche erkl\u00e4rt werden.<\/p>\n<p>&#8222;<strong> Diese Widerspruchsl\u00f6sung ist in der Praxis wohl regelm\u00e4\u00dfig ausreichend. Allerdings muss der kirchliche Gesetzgeber pr\u00fcfen, ob er zuk\u00fcnftig auf die Angaben gegen\u00fcber dem Einwohnermeldeamt vertrauen kann.<\/strong> &#8220; so Hotstegs weiter. Im konkret vom Bundesverwaltungsgericht entschiedenen Fall hatte dieses n\u00e4mlich festgestellt, dass die Angabe &#8222;mosaisch&#8220; beim Einwohnermeldeamt keine eindeutige Zuordnung zulie\u00dfe.<\/p>\n<p>&nbsp;<\/p>\n<p>Rechtsanwalt Robert Hotstegs ist seit 2008 stellvertretendes Mitglied der Landessynode der Ev. Kirche im Rheinland, er ist dar\u00fcber hinaus seit 2009 stellvertretendes Mitglied der Synode der Ev. Kirche in Deutschland.<\/p>\n","protected":false},"excerpt":{"rendered":"<p>In einer bislang unver\u00f6ffentlichten Entscheidung hat das Bundesverwaltungsgericht in Leipzig in der letzten Woche entschieden, dass die Heranziehung zur Kultus- oder Kirchensteuer nicht gegen den Willen des Gl\u00e4ubigen m\u00f6glich ist. Allerdings ist hierbei nicht der Wille zur Steuerpflicht, sondern der Wille zur Zugeh\u00f6rigkeit zur Gemeinde entscheidend. Das klagende j\u00fcdische Ehepaar war von Frankreich nach Frankfurt &hellip; <\/p>\n<p class=\"link-more\"><a href=\"https:\/\/www.hotstegs-recht.de\/?p=759\" class=\"more-link\"><span class=\"screen-reader-text\">\u201e&#8222;Glauben ist Willenssache&#8220;, Urteil des Bundesverwaltungsgerichts v. 23.09.2010, Az. 7 C 22.09\u201c <\/span>weiterlesen<\/a><\/p>\n","protected":false},"author":1,"featured_media":0,"comment_status":"closed","ping_status":"closed","sticky":false,"template":"","format":"standard","meta":{"footnotes":""},"categories":[4],"tags":[],"class_list":["post-759","post","type-post","status-publish","format-standard","hentry","category-aktuelles"],"yoast_head":"<!-- This site is optimized with the Yoast SEO plugin v27.4 - https:\/\/yoast.com\/product\/yoast-seo-wordpress\/ -->\n<title>&quot;Glauben ist Willenssache&quot;, Urteil des Bundesverwaltungsgerichts v. 23.09.2010, Az. 7 C 22.09 - Hotstegs Rechtsanwaltsgesellschaft | Rechtsanw\u00e4lt:innen und Fachanw\u00e4lt:innen f\u00fcr Verwaltungsrecht<\/title>\n<meta name=\"description\" content=\"- Termine unter Tel. 0211 \/ 497657-16\" \/>\n<meta name=\"robots\" content=\"index, follow, max-snippet:-1, max-image-preview:large, max-video-preview:-1\" \/>\n<link rel=\"canonical\" href=\"https:\/\/www.hotstegs-recht.de\/?p=759\" \/>\n<meta property=\"og:locale\" content=\"de_DE\" \/>\n<meta property=\"og:type\" content=\"article\" \/>\n<meta property=\"og:title\" content=\"&quot;Glauben ist Willenssache&quot;, Urteil des Bundesverwaltungsgerichts v. 23.09.2010, Az. 7 C 22.09 - Hotstegs Rechtsanwaltsgesellschaft | Rechtsanw\u00e4lt:innen und Fachanw\u00e4lt:innen f\u00fcr Verwaltungsrecht\" \/>\n<meta property=\"og:description\" content=\"- Termine unter Tel. 0211 \/ 497657-16\" \/>\n<meta property=\"og:url\" content=\"https:\/\/www.hotstegs-recht.de\/?p=759\" \/>\n<meta property=\"og:site_name\" content=\"Hotstegs Rechtsanwaltsgesellschaft | Rechtsanw\u00e4lt:innen und Fachanw\u00e4lt:innen f\u00fcr Verwaltungsrecht\" \/>\n<meta property=\"article:publisher\" content=\"https:\/\/www.facebook.com\/hotstegs.recht\" \/>\n<meta property=\"article:published_time\" content=\"2010-10-01T20:49:11+00:00\" \/>\n<meta property=\"article:modified_time\" content=\"2011-09-06T20:50:19+00:00\" \/>\n<meta name=\"author\" content=\"Robert Hotstegs\" \/>\n<meta name=\"twitter:card\" content=\"summary_large_image\" \/>\n<meta name=\"twitter:creator\" content=\"@hotstegs_recht\" \/>\n<meta name=\"twitter:site\" content=\"@hotstegs_recht\" \/>\n<meta name=\"twitter:label1\" content=\"Verfasst von\" \/>\n\t<meta name=\"twitter:data1\" content=\"Robert Hotstegs\" \/>\n\t<meta name=\"twitter:label2\" content=\"Gesch\u00e4tzte Lesezeit\" \/>\n\t<meta name=\"twitter:data2\" content=\"2\u00a0Minuten\" \/>\n<!-- \/ Yoast SEO plugin. -->","yoast_head_json":{"title":"\"Glauben ist Willenssache\", Urteil des Bundesverwaltungsgerichts v. 23.09.2010, Az. 7 C 22.09 - Hotstegs Rechtsanwaltsgesellschaft | Rechtsanw\u00e4lt:innen und Fachanw\u00e4lt:innen f\u00fcr Verwaltungsrecht","description":"- Termine unter Tel. 0211 \/ 497657-16","robots":{"index":"index","follow":"follow","max-snippet":"max-snippet:-1","max-image-preview":"max-image-preview:large","max-video-preview":"max-video-preview:-1"},"canonical":"https:\/\/www.hotstegs-recht.de\/?p=759","og_locale":"de_DE","og_type":"article","og_title":"\"Glauben ist Willenssache\", Urteil des Bundesverwaltungsgerichts v. 23.09.2010, Az. 7 C 22.09 - Hotstegs Rechtsanwaltsgesellschaft | Rechtsanw\u00e4lt:innen und Fachanw\u00e4lt:innen f\u00fcr Verwaltungsrecht","og_description":"- Termine unter Tel. 0211 \/ 497657-16","og_url":"https:\/\/www.hotstegs-recht.de\/?p=759","og_site_name":"Hotstegs Rechtsanwaltsgesellschaft | Rechtsanw\u00e4lt:innen und Fachanw\u00e4lt:innen f\u00fcr Verwaltungsrecht","article_publisher":"https:\/\/www.facebook.com\/hotstegs.recht","article_published_time":"2010-10-01T20:49:11+00:00","article_modified_time":"2011-09-06T20:50:19+00:00","author":"Robert Hotstegs","twitter_card":"summary_large_image","twitter_creator":"@hotstegs_recht","twitter_site":"@hotstegs_recht","twitter_misc":{"Verfasst von":"Robert Hotstegs","Gesch\u00e4tzte Lesezeit":"2\u00a0Minuten"},"schema":{"@context":"https:\/\/schema.org","@graph":[{"@type":"Article","@id":"https:\/\/www.hotstegs-recht.de\/?p=759#article","isPartOf":{"@id":"https:\/\/www.hotstegs-recht.de\/?p=759"},"author":{"name":"Robert Hotstegs","@id":"https:\/\/www.hotstegs-recht.de\/#\/schema\/person\/b5290b51a91e1e27ec6af13643a76ab0"},"headline":"&#8222;Glauben ist Willenssache&#8220;, Urteil des Bundesverwaltungsgerichts v. 23.09.2010, Az. 7 C 22.09","datePublished":"2010-10-01T20:49:11+00:00","dateModified":"2011-09-06T20:50:19+00:00","mainEntityOfPage":{"@id":"https:\/\/www.hotstegs-recht.de\/?p=759"},"wordCount":427,"publisher":{"@id":"https:\/\/www.hotstegs-recht.de\/#organization"},"articleSection":["Aktuelles"],"inLanguage":"de"},{"@type":"WebPage","@id":"https:\/\/www.hotstegs-recht.de\/?p=759","url":"https:\/\/www.hotstegs-recht.de\/?p=759","name":"\"Glauben ist Willenssache\", Urteil des Bundesverwaltungsgerichts v. 23.09.2010, Az. 7 C 22.09 - Hotstegs Rechtsanwaltsgesellschaft | Rechtsanw\u00e4lt:innen und Fachanw\u00e4lt:innen f\u00fcr Verwaltungsrecht","isPartOf":{"@id":"https:\/\/www.hotstegs-recht.de\/#website"},"datePublished":"2010-10-01T20:49:11+00:00","dateModified":"2011-09-06T20:50:19+00:00","description":"- Termine unter Tel. 0211 \/ 497657-16","breadcrumb":{"@id":"https:\/\/www.hotstegs-recht.de\/?p=759#breadcrumb"},"inLanguage":"de","potentialAction":[{"@type":"ReadAction","target":["https:\/\/www.hotstegs-recht.de\/?p=759"]}]},{"@type":"BreadcrumbList","@id":"https:\/\/www.hotstegs-recht.de\/?p=759#breadcrumb","itemListElement":[{"@type":"ListItem","position":1,"name":"Startseite","item":"https:\/\/www.hotstegs-recht.de\/"},{"@type":"ListItem","position":2,"name":"&#8222;Glauben ist Willenssache&#8220;, Urteil des Bundesverwaltungsgerichts v. 23.09.2010, Az. 7 C 22.09"}]},{"@type":"WebSite","@id":"https:\/\/www.hotstegs-recht.de\/#website","url":"https:\/\/www.hotstegs-recht.de\/","name":"Hotstegs Rechtsanwaltsgesellschaft | Rechtsanw\u00e4lt:innen und Fachanw\u00e4lt:innen f\u00fcr Verwaltungsrecht","description":"\u00f6ffentliches Dienstrecht und Disziplinarverfahren | Rechtsanwalt Robert Hotstegs | Rechtsanw\u00e4ltin Sarah Nu\u00dfbaum | Rechtsanw\u00e4ltin Katharina Voigt","publisher":{"@id":"https:\/\/www.hotstegs-recht.de\/#organization"},"potentialAction":[{"@type":"SearchAction","target":{"@type":"EntryPoint","urlTemplate":"https:\/\/www.hotstegs-recht.de\/?s={search_term_string}"},"query-input":{"@type":"PropertyValueSpecification","valueRequired":true,"valueName":"search_term_string"}}],"inLanguage":"de"},{"@type":"Organization","@id":"https:\/\/www.hotstegs-recht.de\/#organization","name":"Hotstegs Rechtsanwaltsgesellschaft","url":"https:\/\/www.hotstegs-recht.de\/","logo":{"@type":"ImageObject","inLanguage":"de","@id":"https:\/\/www.hotstegs-recht.de\/#\/schema\/logo\/image\/","url":"https:\/\/www.hotstegs-recht.de\/wp-content\/uploads\/2021\/09\/logo_2020.png","contentUrl":"https:\/\/www.hotstegs-recht.de\/wp-content\/uploads\/2021\/09\/logo_2020.png","width":180,"height":51,"caption":"Hotstegs Rechtsanwaltsgesellschaft"},"image":{"@id":"https:\/\/www.hotstegs-recht.de\/#\/schema\/logo\/image\/"},"sameAs":["https:\/\/www.facebook.com\/hotstegs.recht","https:\/\/x.com\/hotstegs_recht","https:\/\/www.instagram.com\/hotstegs.recht","https:\/\/de.linkedin.com\/company\/hotstegs-recht"]},{"@type":"Person","@id":"https:\/\/www.hotstegs-recht.de\/#\/schema\/person\/b5290b51a91e1e27ec6af13643a76ab0","name":"Robert Hotstegs","image":{"@type":"ImageObject","inLanguage":"de","@id":"https:\/\/secure.gravatar.com\/avatar\/7d923d735cd88c8f3b65c6506ab775c5eb23a82716d81ce74eb3951cb8430f5a?s=96&d=blank&r=g","url":"https:\/\/secure.gravatar.com\/avatar\/7d923d735cd88c8f3b65c6506ab775c5eb23a82716d81ce74eb3951cb8430f5a?s=96&d=blank&r=g","contentUrl":"https:\/\/secure.gravatar.com\/avatar\/7d923d735cd88c8f3b65c6506ab775c5eb23a82716d81ce74eb3951cb8430f5a?s=96&d=blank&r=g","caption":"Robert Hotstegs"},"description":"Rechtsanwalt, Fachanwalt f\u00fcr Verwaltungsrecht","url":"https:\/\/www.hotstegs-recht.de\/?author=1"}]}},"amp_enabled":true,"_links":{"self":[{"href":"https:\/\/www.hotstegs-recht.de\/index.php?rest_route=\/wp\/v2\/posts\/759","targetHints":{"allow":["GET"]}}],"collection":[{"href":"https:\/\/www.hotstegs-recht.de\/index.php?rest_route=\/wp\/v2\/posts"}],"about":[{"href":"https:\/\/www.hotstegs-recht.de\/index.php?rest_route=\/wp\/v2\/types\/post"}],"author":[{"embeddable":true,"href":"https:\/\/www.hotstegs-recht.de\/index.php?rest_route=\/wp\/v2\/users\/1"}],"replies":[{"embeddable":true,"href":"https:\/\/www.hotstegs-recht.de\/index.php?rest_route=%2Fwp%2Fv2%2Fcomments&post=759"}],"version-history":[{"count":0,"href":"https:\/\/www.hotstegs-recht.de\/index.php?rest_route=\/wp\/v2\/posts\/759\/revisions"}],"wp:attachment":[{"href":"https:\/\/www.hotstegs-recht.de\/index.php?rest_route=%2Fwp%2Fv2%2Fmedia&parent=759"}],"wp:term":[{"taxonomy":"category","embeddable":true,"href":"https:\/\/www.hotstegs-recht.de\/index.php?rest_route=%2Fwp%2Fv2%2Fcategories&post=759"},{"taxonomy":"post_tag","embeddable":true,"href":"https:\/\/www.hotstegs-recht.de\/index.php?rest_route=%2Fwp%2Fv2%2Ftags&post=759"}],"curies":[{"name":"wp","href":"https:\/\/api.w.org\/{rel}","templated":true}]}}