{"id":7455,"date":"2019-11-26T10:19:48","date_gmt":"2019-11-26T09:19:48","guid":{"rendered":"https:\/\/www.hotstegs-recht.de\/?p=7455"},"modified":"2024-10-31T12:56:02","modified_gmt":"2024-10-31T11:56:02","slug":"raeumung-im-hambacher-forst-innenministerium-wollte-polizeidaten-mit-rwe-teilen-fragdenstaat-de-v-26-11-2019","status":"publish","type":"post","link":"https:\/\/www.hotstegs-recht.de\/?p=7455","title":{"rendered":"R\u00e4umung im Hambacher Forst: Innenministerium wollte Polizeidaten mit RWE teilen, fragdenstaat.de v. 26.11.2019"},"content":{"rendered":"\n<p> Die nordrhein-westf\u00e4lische Regierung lie\u00df 2018 den Hambacher Forst f\u00fcr  den Braunkohleabbau r\u00e4umen. Wir ver\u00f6ffentlichen erstmals Dokumente zu  Absprachen zwischen Innenministerium und RWE. Sie zeigen: Das  Ministerium wollte Bilder und GPS-Daten von Baumh\u00e4usern an RWE  weitergeben. Das Unternehmen sollte mit den Informationen  privatrechtlich gegen die Baumh\u00e4user vorgehen. <\/p>\n\n\n\n<p>Die R\u00e4umung des Hambacher Forst im Sommer 2018 ist heute ein Fall f\u00fcr die Akten. Wir ver\u00f6ffentlichen erstmals Unterlagen zu Absprachen  zwischen dem Innenministerium und RWE. Aus diesen geht hervor, dass das  Ministerium RWE anbot, Bilder und GPS-Standorte der Baumh\u00e4user  weiterzugeben. RWE sollte damit privatrechtliche R\u00e4umungsantr\u00e4ge gegen  die Baumh\u00e4user stellen. Die Daten der Polizei Aachen erlaubten die  exakte Bestimmung der Baumh\u00e4user. Diese sei notwendig f\u00fcr \u201eschl\u00fcssige\u201c  und damit rechtssichere R\u00e4umungsantr\u00e4ge. Zuvor argumentierte RWE, dass  sie selbst nicht die n\u00f6tigen Informationen erlangen k\u00f6nnten. <\/p>\n\n\n\n<p>Gegen\u00fcber FragDenStaat kommentiert der Rechtsanwalt f\u00fcr Verwaltungsrecht Robert Hotstegs:<\/p>\n\n\n\n<!--more-->\n\n\n\n<blockquote class=\"wp-block-quote is-layout-flow wp-block-quote-is-layout-flow\"><p>Dieser\n Vorgang d\u00fcrfte einmalig sein: Eine Beh\u00f6rde assistiert ohne jegliche \nrechtliche Verpflichtung oder Erm\u00e4chtigung einem privaten Unternehmen \ndabei, privatrechtlich gegen Dritte vorzugehen. Das verbl\u00fcfft umso mehr,\n als gerade die Polizei derartige Daten typischerweise f\u00fcr sensibel \nerkl\u00e4rt und aus ermittlungstaktischen Gr\u00fcnden nicht herausgibt. Anfragen\n nach dem Informationsfreiheitsgesetz werden allzu h\u00e4ufig mit diesem \nHinweis abgelehnt.<\/p><\/blockquote>\n\n\n\n<p><strong>Verweis auf Brandschutz auch intern umstritten<\/strong><\/p>\n\n\n\n<p>Aus  den Akten geht hervor, dass RWE allerdings an dem Plan des  Innenministeriums zweifelte. Die Gefahr eines Scheiterns der Antr\u00e4ge  sch\u00e4tzte das Unternehmen trotz der Polizeidaten als zu hoch ein. Die  b\u00fcrgerlichen Namen vieler Waldbewohner:innen sind unbekannt, f\u00fcr einen  R\u00e4umungstitel aber notwendig. Letztendlich lie\u00df das Innenministerium den  Forst mit dem Verweis auf den Brandschutz selbst r\u00e4umen. Durch eine  angebliche akute Gefahr m\u00fcsste der Wald sofort ger\u00e4umt werden. Auch  intern kommentierten einzelne Beamte das Vorgehen kritisch.<\/p>\n\n\n\n<p>\u00d6ffentlich behauptete der Innenminister Herbert Reul,  dass die R\u00e4umung unabh\u00e4ngig von der Rodung des Waldes sei. Es ging  vorgeblich nur um die Sicherheit der Baumhausbewohner:innen. Mit einem R\u00e4umungsantrag von RWE sollte die R\u00e4umung nichts zu tun haben. Doch zwei mittlerweile \u00f6ffentliche Rechtsgutachten zeigen, dass die Gr\u00fcnde offenbar fabriziert wurden: Das Innenministerium wollte die R\u00e4umung um jeden Preis. Zu dem Schluss kommt auch der WDR. Dieser konnte zusammen mit anderen Journalist:innen weitere Ministeriumsakten vor Ort einsehen.<\/p>\n\n\n\n<p>Die  Akteneinsicht geschah jedoch unter fragw\u00fcrdigen Bedingungen. Die  Journalist:innen hatten nur wenige Stunden Zeit, um die Akten zu sichten  und konnten nur einige Kopien anfertigen. Die von uns ver\u00f6ffentlichten  Dokumente haben wir per Informationsfreiheitsgesetz erhalten. Die publik  gewordenen Dokumente belegen die umfangreiche Zusammenarbeit zwischen  RWE und NRW-Regierung. Ohne Rechtsgrundlage kooperierten die beiden im  Geheimen. Erst nach \u00f6ffentlichem Druck gab Reul die Gespr\u00e4che zu. Aufgekl\u00e4rt sind die Umst\u00e4nde der R\u00e4umung damit aber immer noch nicht vollst\u00e4ndig \u2013 genauso wenig wie die Zukunft des Hambacher Forsts.<\/p>\n\n\n\n<p>Johannes Filter<\/p>\n","protected":false},"excerpt":{"rendered":"<p>Die nordrhein-westf\u00e4lische Regierung lie\u00df 2018 den Hambacher Forst f\u00fcr den Braunkohleabbau r\u00e4umen. Wir ver\u00f6ffentlichen erstmals Dokumente zu Absprachen zwischen Innenministerium und RWE. Sie zeigen: Das Ministerium wollte Bilder und GPS-Daten von Baumh\u00e4usern an RWE weitergeben. Das Unternehmen sollte mit den Informationen privatrechtlich gegen die Baumh\u00e4user vorgehen. Die R\u00e4umung des Hambacher Forst im Sommer 2018 ist &hellip; <\/p>\n<p class=\"link-more\"><a href=\"https:\/\/www.hotstegs-recht.de\/?p=7455\" class=\"more-link\"><span class=\"screen-reader-text\">\u201eR\u00e4umung im Hambacher Forst: Innenministerium wollte Polizeidaten mit RWE teilen, fragdenstaat.de v. 26.11.2019\u201c <\/span>weiterlesen<\/a><\/p>\n","protected":false},"author":4,"featured_media":4435,"comment_status":"closed","ping_status":"open","sticky":false,"template":"","format":"standard","meta":{"footnotes":""},"categories":[4,9,16],"tags":[88,107,109,448],"class_list":["post-7455","post","type-post","status-publish","format-standard","has-post-thumbnail","hentry","category-aktuelles","category-presse","category-burgerbeteiligung","tag-informationsfreiheit","tag-ifg","tag-uig","tag-akteneinsicht"],"yoast_head":"<!-- This site is optimized with the Yoast SEO plugin v27.5 - https:\/\/yoast.com\/product\/yoast-seo-wordpress\/ -->\n<title>R\u00e4umung im Hambacher Forst: Innenministerium wollte Polizeidaten mit RWE teilen, fragdenstaat.de v. 26.11.2019 - Hotstegs Rechtsanwaltsgesellschaft | Rechtsanw\u00e4lt:innen und Fachanw\u00e4lt:innen f\u00fcr Verwaltungsrecht<\/title>\n<meta name=\"description\" content=\"- Termine unter Tel. 0211 \/ 497657-16\" \/>\n<meta name=\"robots\" content=\"index, follow, max-snippet:-1, max-image-preview:large, max-video-preview:-1\" \/>\n<link rel=\"canonical\" href=\"https:\/\/www.hotstegs-recht.de\/?p=7455\" \/>\n<meta property=\"og:locale\" content=\"de_DE\" \/>\n<meta property=\"og:type\" content=\"article\" \/>\n<meta property=\"og:title\" content=\"R\u00e4umung im Hambacher Forst: Innenministerium wollte Polizeidaten mit RWE teilen, fragdenstaat.de v. 26.11.2019 - Hotstegs Rechtsanwaltsgesellschaft | Rechtsanw\u00e4lt:innen und Fachanw\u00e4lt:innen f\u00fcr Verwaltungsrecht\" \/>\n<meta property=\"og:description\" content=\"- Termine unter Tel. 0211 \/ 497657-16\" \/>\n<meta property=\"og:url\" content=\"https:\/\/www.hotstegs-recht.de\/?p=7455\" \/>\n<meta property=\"og:site_name\" content=\"Hotstegs Rechtsanwaltsgesellschaft | Rechtsanw\u00e4lt:innen und Fachanw\u00e4lt:innen f\u00fcr Verwaltungsrecht\" \/>\n<meta property=\"article:publisher\" content=\"https:\/\/www.facebook.com\/hotstegs.recht\" \/>\n<meta property=\"article:published_time\" content=\"2019-11-26T09:19:48+00:00\" \/>\n<meta property=\"article:modified_time\" content=\"2024-10-31T11:56:02+00:00\" \/>\n<meta property=\"og:image\" content=\"https:\/\/www.hotstegs-recht.de\/wp-content\/uploads\/2016\/03\/img_7250.jpg\" \/>\n\t<meta property=\"og:image:width\" content=\"4920\" \/>\n\t<meta property=\"og:image:height\" content=\"2520\" \/>\n\t<meta property=\"og:image:type\" content=\"image\/jpeg\" \/>\n<meta name=\"author\" content=\"Mitarbeiter:in\" \/>\n<meta name=\"twitter:card\" content=\"summary_large_image\" \/>\n<meta name=\"twitter:creator\" content=\"@hotstegs_recht\" \/>\n<meta name=\"twitter:site\" content=\"@hotstegs_recht\" \/>\n<meta name=\"twitter:label1\" content=\"Verfasst von\" \/>\n\t<meta name=\"twitter:data1\" content=\"Mitarbeiter:in\" \/>\n\t<meta name=\"twitter:label2\" content=\"Gesch\u00e4tzte Lesezeit\" \/>\n\t<meta name=\"twitter:data2\" content=\"2\u00a0Minuten\" \/>\n<!-- \/ Yoast SEO plugin. -->","yoast_head_json":{"title":"R\u00e4umung im Hambacher Forst: Innenministerium wollte Polizeidaten mit RWE teilen, fragdenstaat.de v. 26.11.2019 - Hotstegs Rechtsanwaltsgesellschaft | Rechtsanw\u00e4lt:innen und Fachanw\u00e4lt:innen f\u00fcr Verwaltungsrecht","description":"- Termine unter Tel. 0211 \/ 497657-16","robots":{"index":"index","follow":"follow","max-snippet":"max-snippet:-1","max-image-preview":"max-image-preview:large","max-video-preview":"max-video-preview:-1"},"canonical":"https:\/\/www.hotstegs-recht.de\/?p=7455","og_locale":"de_DE","og_type":"article","og_title":"R\u00e4umung im Hambacher Forst: Innenministerium wollte Polizeidaten mit RWE teilen, fragdenstaat.de v. 26.11.2019 - Hotstegs Rechtsanwaltsgesellschaft | Rechtsanw\u00e4lt:innen und Fachanw\u00e4lt:innen f\u00fcr Verwaltungsrecht","og_description":"- Termine unter Tel. 0211 \/ 497657-16","og_url":"https:\/\/www.hotstegs-recht.de\/?p=7455","og_site_name":"Hotstegs Rechtsanwaltsgesellschaft | Rechtsanw\u00e4lt:innen und Fachanw\u00e4lt:innen f\u00fcr Verwaltungsrecht","article_publisher":"https:\/\/www.facebook.com\/hotstegs.recht","article_published_time":"2019-11-26T09:19:48+00:00","article_modified_time":"2024-10-31T11:56:02+00:00","og_image":[{"width":4920,"height":2520,"url":"https:\/\/www.hotstegs-recht.de\/wp-content\/uploads\/2016\/03\/img_7250.jpg","type":"image\/jpeg"}],"author":"Mitarbeiter:in","twitter_card":"summary_large_image","twitter_creator":"@hotstegs_recht","twitter_site":"@hotstegs_recht","twitter_misc":{"Verfasst von":"Mitarbeiter:in","Gesch\u00e4tzte Lesezeit":"2\u00a0Minuten"},"schema":{"@context":"https:\/\/schema.org","@graph":[{"@type":"Article","@id":"https:\/\/www.hotstegs-recht.de\/?p=7455#article","isPartOf":{"@id":"https:\/\/www.hotstegs-recht.de\/?p=7455"},"author":{"name":"Mitarbeiter:in","@id":"https:\/\/www.hotstegs-recht.de\/#\/schema\/person\/18c7a8260c2d9ded2b8308feab0990a2"},"headline":"R\u00e4umung im Hambacher Forst: Innenministerium wollte Polizeidaten mit RWE teilen, fragdenstaat.de v. 26.11.2019","datePublished":"2019-11-26T09:19:48+00:00","dateModified":"2024-10-31T11:56:02+00:00","mainEntityOfPage":{"@id":"https:\/\/www.hotstegs-recht.de\/?p=7455"},"wordCount":498,"publisher":{"@id":"https:\/\/www.hotstegs-recht.de\/#organization"},"image":{"@id":"https:\/\/www.hotstegs-recht.de\/?p=7455#primaryimage"},"thumbnailUrl":"https:\/\/www.hotstegs-recht.de\/wp-content\/uploads\/2016\/03\/img_7250.jpg","keywords":["Informationsfreiheit","IFG","UIG","Akteneinsicht"],"articleSection":["Aktuelles","Presse","B\u00fcrgerbeteiligung"],"inLanguage":"de"},{"@type":"WebPage","@id":"https:\/\/www.hotstegs-recht.de\/?p=7455","url":"https:\/\/www.hotstegs-recht.de\/?p=7455","name":"R\u00e4umung im Hambacher Forst: Innenministerium wollte Polizeidaten mit RWE teilen, fragdenstaat.de v. 26.11.2019 - Hotstegs Rechtsanwaltsgesellschaft | Rechtsanw\u00e4lt:innen und Fachanw\u00e4lt:innen f\u00fcr Verwaltungsrecht","isPartOf":{"@id":"https:\/\/www.hotstegs-recht.de\/#website"},"primaryImageOfPage":{"@id":"https:\/\/www.hotstegs-recht.de\/?p=7455#primaryimage"},"image":{"@id":"https:\/\/www.hotstegs-recht.de\/?p=7455#primaryimage"},"thumbnailUrl":"https:\/\/www.hotstegs-recht.de\/wp-content\/uploads\/2016\/03\/img_7250.jpg","datePublished":"2019-11-26T09:19:48+00:00","dateModified":"2024-10-31T11:56:02+00:00","description":"- Termine unter Tel. 0211 \/ 497657-16","breadcrumb":{"@id":"https:\/\/www.hotstegs-recht.de\/?p=7455#breadcrumb"},"inLanguage":"de","potentialAction":[{"@type":"ReadAction","target":["https:\/\/www.hotstegs-recht.de\/?p=7455"]}]},{"@type":"ImageObject","inLanguage":"de","@id":"https:\/\/www.hotstegs-recht.de\/?p=7455#primaryimage","url":"https:\/\/www.hotstegs-recht.de\/wp-content\/uploads\/2016\/03\/img_7250.jpg","contentUrl":"https:\/\/www.hotstegs-recht.de\/wp-content\/uploads\/2016\/03\/img_7250.jpg","width":4920,"height":2520},{"@type":"BreadcrumbList","@id":"https:\/\/www.hotstegs-recht.de\/?p=7455#breadcrumb","itemListElement":[{"@type":"ListItem","position":1,"name":"Startseite","item":"https:\/\/www.hotstegs-recht.de\/"},{"@type":"ListItem","position":2,"name":"R\u00e4umung im Hambacher Forst: Innenministerium wollte Polizeidaten mit RWE teilen, fragdenstaat.de v. 26.11.2019"}]},{"@type":"WebSite","@id":"https:\/\/www.hotstegs-recht.de\/#website","url":"https:\/\/www.hotstegs-recht.de\/","name":"Hotstegs Rechtsanwaltsgesellschaft | Rechtsanw\u00e4lt:innen und Fachanw\u00e4lt:innen f\u00fcr Verwaltungsrecht","description":"\u00f6ffentliches Dienstrecht und Disziplinarverfahren | Rechtsanwalt Robert Hotstegs | Rechtsanw\u00e4ltin Sarah Nu\u00dfbaum | Rechtsanw\u00e4ltin Katharina Voigt","publisher":{"@id":"https:\/\/www.hotstegs-recht.de\/#organization"},"potentialAction":[{"@type":"SearchAction","target":{"@type":"EntryPoint","urlTemplate":"https:\/\/www.hotstegs-recht.de\/?s={search_term_string}"},"query-input":{"@type":"PropertyValueSpecification","valueRequired":true,"valueName":"search_term_string"}}],"inLanguage":"de"},{"@type":"Organization","@id":"https:\/\/www.hotstegs-recht.de\/#organization","name":"Hotstegs Rechtsanwaltsgesellschaft","url":"https:\/\/www.hotstegs-recht.de\/","logo":{"@type":"ImageObject","inLanguage":"de","@id":"https:\/\/www.hotstegs-recht.de\/#\/schema\/logo\/image\/","url":"https:\/\/www.hotstegs-recht.de\/wp-content\/uploads\/2021\/09\/logo_2020.png","contentUrl":"https:\/\/www.hotstegs-recht.de\/wp-content\/uploads\/2021\/09\/logo_2020.png","width":180,"height":51,"caption":"Hotstegs Rechtsanwaltsgesellschaft"},"image":{"@id":"https:\/\/www.hotstegs-recht.de\/#\/schema\/logo\/image\/"},"sameAs":["https:\/\/www.facebook.com\/hotstegs.recht","https:\/\/x.com\/hotstegs_recht","https:\/\/www.instagram.com\/hotstegs.recht","https:\/\/de.linkedin.com\/company\/hotstegs-recht"]},{"@type":"Person","@id":"https:\/\/www.hotstegs-recht.de\/#\/schema\/person\/18c7a8260c2d9ded2b8308feab0990a2","name":"Mitarbeiter:in","image":{"@type":"ImageObject","inLanguage":"de","@id":"https:\/\/secure.gravatar.com\/avatar\/ff927e44276052255fa51b438cd49d6bee71e07c0621a998717cee201e5d2fff?s=96&d=blank&r=g","url":"https:\/\/secure.gravatar.com\/avatar\/ff927e44276052255fa51b438cd49d6bee71e07c0621a998717cee201e5d2fff?s=96&d=blank&r=g","contentUrl":"https:\/\/secure.gravatar.com\/avatar\/ff927e44276052255fa51b438cd49d6bee71e07c0621a998717cee201e5d2fff?s=96&d=blank&r=g","caption":"Mitarbeiter:in"},"url":"https:\/\/www.hotstegs-recht.de\/?author=4"}]}},"amp_enabled":true,"_links":{"self":[{"href":"https:\/\/www.hotstegs-recht.de\/index.php?rest_route=\/wp\/v2\/posts\/7455","targetHints":{"allow":["GET"]}}],"collection":[{"href":"https:\/\/www.hotstegs-recht.de\/index.php?rest_route=\/wp\/v2\/posts"}],"about":[{"href":"https:\/\/www.hotstegs-recht.de\/index.php?rest_route=\/wp\/v2\/types\/post"}],"author":[{"embeddable":true,"href":"https:\/\/www.hotstegs-recht.de\/index.php?rest_route=\/wp\/v2\/users\/4"}],"replies":[{"embeddable":true,"href":"https:\/\/www.hotstegs-recht.de\/index.php?rest_route=%2Fwp%2Fv2%2Fcomments&post=7455"}],"version-history":[{"count":1,"href":"https:\/\/www.hotstegs-recht.de\/index.php?rest_route=\/wp\/v2\/posts\/7455\/revisions"}],"predecessor-version":[{"id":7456,"href":"https:\/\/www.hotstegs-recht.de\/index.php?rest_route=\/wp\/v2\/posts\/7455\/revisions\/7456"}],"wp:featuredmedia":[{"embeddable":true,"href":"https:\/\/www.hotstegs-recht.de\/index.php?rest_route=\/wp\/v2\/media\/4435"}],"wp:attachment":[{"href":"https:\/\/www.hotstegs-recht.de\/index.php?rest_route=%2Fwp%2Fv2%2Fmedia&parent=7455"}],"wp:term":[{"taxonomy":"category","embeddable":true,"href":"https:\/\/www.hotstegs-recht.de\/index.php?rest_route=%2Fwp%2Fv2%2Fcategories&post=7455"},{"taxonomy":"post_tag","embeddable":true,"href":"https:\/\/www.hotstegs-recht.de\/index.php?rest_route=%2Fwp%2Fv2%2Ftags&post=7455"}],"curies":[{"name":"wp","href":"https:\/\/api.w.org\/{rel}","templated":true}]}}