{"id":715,"date":"2011-02-28T13:10:10","date_gmt":"2011-02-28T12:10:10","guid":{"rendered":"http:\/\/www.obst-hotstegs.de\/?p=715"},"modified":"2011-09-02T15:16:35","modified_gmt":"2011-09-02T13:16:35","slug":"rat-der-stadt-blomberg-muss-uber-schulschliesung-erneut-entscheiden-pressemitteilung-des-verwaltungsgerichts-minden-vom-28-02-2011","status":"publish","type":"post","link":"https:\/\/www.hotstegs-recht.de\/?p=715","title":{"rendered":"Rat der Stadt Blomberg muss \u00fcber Schulschlie\u00dfung erneut entscheiden, Pressemitteilung des Verwaltungsgerichts Minden vom 28.02.2011"},"content":{"rendered":"<p>Das Verwaltungsgericht Minden hat in einem Eilverfahren angeordnet, dass die Entscheidung der Stadt Blomberg, die Grundschule in Istrup zu schlie\u00dfen, vorl\u00e4ufig nicht vollzogen werden darf, der Grundschulbetrieb also zun\u00e4chst uneingeschr\u00e4nkt fortzusetzen ist. Der von den Eltern einer ab Sommer 2011 schulpflichtigen Tochter gestellte Antrag hatte damit Erfolg.<!--more--><\/p>\n<p>Nach Auffassung der zust\u00e4ndigen 8. Kammer des Verwaltungsgerichts begegnet die Entscheidung des Rates in Bezug auf die Frage, welche der insgesamt f\u00fcnf in Blomberg vorhandenen Grundschulen geschlossen werden soll, rechtlichen Bedenken. Erforderlich sei insoweit eine Abw\u00e4gung der betroffenen privaten und \u00f6ffentlichen Belange, die voraussetze, dass dem Rat vor seiner Entscheidung alle wichtigen Tatsachen bekannt seien. Wenn Alternativen vorhanden seien, m\u00fcsse der Rat in der Lage sein, diese auf der Grundlage einer umfassenden Sachkenntnis zu gewichten. Vorliegend sei nicht feststellbar, dass dem Rat der Stadt alle erforderlichen Informationen zur Verf\u00fcgung gestanden h\u00e4tten und er alle relevanten Umst\u00e4nde in die Abw\u00e4gungsentscheidung einbezogen habe. Insbesondere bleibe unklar, aus welchen Gr\u00fcnden die Grundschulen Reelkirchen und Paradies beibehalten werden sollten. Weder die Schulentwicklungsplanung noch die Vorlagen f\u00fcr die Ratssitzung lie\u00dfen erkennen, welche Gr\u00fcnde daf\u00fcr ausschlaggebend waren. Mit Blick auf diese Zweifel an der Rechtm\u00e4\u00dfigkeit der Schlie\u00dfung gerade der Grundschule Istrup sei dem Interesse der Antragsteller daran, die Grundschule vorl\u00e4ufig offen zu halten, der Vorrang zu geben.<\/p>\n<p>Es sei zwar m\u00f6glich, dass sich bei ordnungsgem\u00e4\u00dfer Abw\u00e4gung aller Interessen die Schlie\u00dfung der Grundschule Istrup rechtfertigen lasse; eine solche Entscheidung k\u00f6nne aber nur der Rat treffen, der sich dann erneut mit der Sache befassen m\u00fcsse. Das Gericht sei auf eine Kontrolle der getroffenen Entscheidung beschr\u00e4nkt.<\/p>\n<p>(Beschluss vom 25. Februar 2011 &#8211; <a href=\"https:\/\/dejure.org\/dienste\/vernetzung\/rechtsprechung?Text=8%20L%20716\/10\" title=\"VG Minden, 25.02.2011 - 8 L 716\/10: Rat der Stadt Blomberg muss &uuml;ber Schulschlie&szlig;ung erneut ent...\">8 L 716\/10<\/a> -, nicht rechtskr\u00e4ftig.)<\/p>\n","protected":false},"excerpt":{"rendered":"<p>Das Verwaltungsgericht Minden hat in einem Eilverfahren angeordnet, dass die Entscheidung der Stadt Blomberg, die Grundschule in Istrup zu schlie\u00dfen, vorl\u00e4ufig nicht vollzogen werden darf, der Grundschulbetrieb also zun\u00e4chst uneingeschr\u00e4nkt fortzusetzen ist. Der von den Eltern einer ab Sommer 2011 schulpflichtigen Tochter gestellte Antrag hatte damit Erfolg.<\/p>\n","protected":false},"author":4,"featured_media":0,"comment_status":"closed","ping_status":"closed","sticky":false,"template":"","format":"standard","meta":{"footnotes":""},"categories":[4,9,16],"tags":[],"class_list":["post-715","post","type-post","status-publish","format-standard","hentry","category-aktuelles","category-presse","category-burgerbeteiligung"],"yoast_head":"<!-- This site is optimized with the Yoast SEO plugin v27.4 - https:\/\/yoast.com\/product\/yoast-seo-wordpress\/ -->\n<title>Rat der Stadt Blomberg muss \u00fcber Schulschlie\u00dfung erneut entscheiden, Pressemitteilung des Verwaltungsgerichts Minden vom 28.02.2011 - Hotstegs Rechtsanwaltsgesellschaft | Rechtsanw\u00e4lt:innen und Fachanw\u00e4lt:innen f\u00fcr Verwaltungsrecht<\/title>\n<meta name=\"description\" content=\"- Termine unter Tel. 0211 \/ 497657-16\" \/>\n<meta name=\"robots\" content=\"index, follow, max-snippet:-1, max-image-preview:large, max-video-preview:-1\" \/>\n<link rel=\"canonical\" href=\"https:\/\/www.hotstegs-recht.de\/?p=715\" \/>\n<meta property=\"og:locale\" content=\"de_DE\" \/>\n<meta property=\"og:type\" content=\"article\" \/>\n<meta property=\"og:title\" content=\"Rat der Stadt Blomberg muss \u00fcber Schulschlie\u00dfung erneut entscheiden, Pressemitteilung des Verwaltungsgerichts Minden vom 28.02.2011 - Hotstegs Rechtsanwaltsgesellschaft | Rechtsanw\u00e4lt:innen und Fachanw\u00e4lt:innen f\u00fcr Verwaltungsrecht\" \/>\n<meta property=\"og:description\" content=\"- Termine unter Tel. 0211 \/ 497657-16\" \/>\n<meta property=\"og:url\" content=\"https:\/\/www.hotstegs-recht.de\/?p=715\" \/>\n<meta property=\"og:site_name\" content=\"Hotstegs Rechtsanwaltsgesellschaft | Rechtsanw\u00e4lt:innen und Fachanw\u00e4lt:innen f\u00fcr Verwaltungsrecht\" \/>\n<meta property=\"article:publisher\" content=\"https:\/\/www.facebook.com\/hotstegs.recht\" \/>\n<meta property=\"article:published_time\" content=\"2011-02-28T12:10:10+00:00\" \/>\n<meta property=\"article:modified_time\" content=\"2011-09-02T13:16:35+00:00\" \/>\n<meta name=\"author\" content=\"Mitarbeiter:in\" \/>\n<meta name=\"twitter:card\" content=\"summary_large_image\" \/>\n<meta name=\"twitter:creator\" content=\"@hotstegs_recht\" \/>\n<meta name=\"twitter:site\" content=\"@hotstegs_recht\" \/>\n<meta name=\"twitter:label1\" content=\"Verfasst von\" \/>\n\t<meta name=\"twitter:data1\" content=\"Mitarbeiter:in\" \/>\n\t<meta name=\"twitter:label2\" content=\"Gesch\u00e4tzte Lesezeit\" \/>\n\t<meta name=\"twitter:data2\" content=\"1\u00a0Minute\" \/>\n<!-- \/ Yoast SEO plugin. -->","yoast_head_json":{"title":"Rat der Stadt Blomberg muss \u00fcber Schulschlie\u00dfung erneut entscheiden, Pressemitteilung des Verwaltungsgerichts Minden vom 28.02.2011 - Hotstegs Rechtsanwaltsgesellschaft | Rechtsanw\u00e4lt:innen und Fachanw\u00e4lt:innen f\u00fcr Verwaltungsrecht","description":"- Termine unter Tel. 0211 \/ 497657-16","robots":{"index":"index","follow":"follow","max-snippet":"max-snippet:-1","max-image-preview":"max-image-preview:large","max-video-preview":"max-video-preview:-1"},"canonical":"https:\/\/www.hotstegs-recht.de\/?p=715","og_locale":"de_DE","og_type":"article","og_title":"Rat der Stadt Blomberg muss \u00fcber Schulschlie\u00dfung erneut entscheiden, Pressemitteilung des Verwaltungsgerichts Minden vom 28.02.2011 - Hotstegs Rechtsanwaltsgesellschaft | Rechtsanw\u00e4lt:innen und Fachanw\u00e4lt:innen f\u00fcr Verwaltungsrecht","og_description":"- Termine unter Tel. 0211 \/ 497657-16","og_url":"https:\/\/www.hotstegs-recht.de\/?p=715","og_site_name":"Hotstegs Rechtsanwaltsgesellschaft | Rechtsanw\u00e4lt:innen und Fachanw\u00e4lt:innen f\u00fcr Verwaltungsrecht","article_publisher":"https:\/\/www.facebook.com\/hotstegs.recht","article_published_time":"2011-02-28T12:10:10+00:00","article_modified_time":"2011-09-02T13:16:35+00:00","author":"Mitarbeiter:in","twitter_card":"summary_large_image","twitter_creator":"@hotstegs_recht","twitter_site":"@hotstegs_recht","twitter_misc":{"Verfasst von":"Mitarbeiter:in","Gesch\u00e4tzte Lesezeit":"1\u00a0Minute"},"schema":{"@context":"https:\/\/schema.org","@graph":[{"@type":"Article","@id":"https:\/\/www.hotstegs-recht.de\/?p=715#article","isPartOf":{"@id":"https:\/\/www.hotstegs-recht.de\/?p=715"},"author":{"name":"Mitarbeiter:in","@id":"https:\/\/www.hotstegs-recht.de\/#\/schema\/person\/18c7a8260c2d9ded2b8308feab0990a2"},"headline":"Rat der Stadt Blomberg muss \u00fcber Schulschlie\u00dfung erneut entscheiden, Pressemitteilung des Verwaltungsgerichts Minden vom 28.02.2011","datePublished":"2011-02-28T12:10:10+00:00","dateModified":"2011-09-02T13:16:35+00:00","mainEntityOfPage":{"@id":"https:\/\/www.hotstegs-recht.de\/?p=715"},"wordCount":303,"publisher":{"@id":"https:\/\/www.hotstegs-recht.de\/#organization"},"articleSection":["Aktuelles","Presse","B\u00fcrgerbeteiligung"],"inLanguage":"de"},{"@type":"WebPage","@id":"https:\/\/www.hotstegs-recht.de\/?p=715","url":"https:\/\/www.hotstegs-recht.de\/?p=715","name":"Rat der Stadt Blomberg muss \u00fcber Schulschlie\u00dfung erneut entscheiden, Pressemitteilung des Verwaltungsgerichts Minden vom 28.02.2011 - Hotstegs Rechtsanwaltsgesellschaft | Rechtsanw\u00e4lt:innen und Fachanw\u00e4lt:innen f\u00fcr Verwaltungsrecht","isPartOf":{"@id":"https:\/\/www.hotstegs-recht.de\/#website"},"datePublished":"2011-02-28T12:10:10+00:00","dateModified":"2011-09-02T13:16:35+00:00","description":"- Termine unter Tel. 0211 \/ 497657-16","breadcrumb":{"@id":"https:\/\/www.hotstegs-recht.de\/?p=715#breadcrumb"},"inLanguage":"de","potentialAction":[{"@type":"ReadAction","target":["https:\/\/www.hotstegs-recht.de\/?p=715"]}]},{"@type":"BreadcrumbList","@id":"https:\/\/www.hotstegs-recht.de\/?p=715#breadcrumb","itemListElement":[{"@type":"ListItem","position":1,"name":"Startseite","item":"https:\/\/www.hotstegs-recht.de\/"},{"@type":"ListItem","position":2,"name":"Rat der Stadt Blomberg muss \u00fcber Schulschlie\u00dfung erneut entscheiden, Pressemitteilung des Verwaltungsgerichts Minden vom 28.02.2011"}]},{"@type":"WebSite","@id":"https:\/\/www.hotstegs-recht.de\/#website","url":"https:\/\/www.hotstegs-recht.de\/","name":"Hotstegs Rechtsanwaltsgesellschaft | Rechtsanw\u00e4lt:innen und Fachanw\u00e4lt:innen f\u00fcr Verwaltungsrecht","description":"\u00f6ffentliches Dienstrecht und Disziplinarverfahren | Rechtsanwalt Robert Hotstegs | Rechtsanw\u00e4ltin Sarah Nu\u00dfbaum | Rechtsanw\u00e4ltin Katharina Voigt","publisher":{"@id":"https:\/\/www.hotstegs-recht.de\/#organization"},"potentialAction":[{"@type":"SearchAction","target":{"@type":"EntryPoint","urlTemplate":"https:\/\/www.hotstegs-recht.de\/?s={search_term_string}"},"query-input":{"@type":"PropertyValueSpecification","valueRequired":true,"valueName":"search_term_string"}}],"inLanguage":"de"},{"@type":"Organization","@id":"https:\/\/www.hotstegs-recht.de\/#organization","name":"Hotstegs Rechtsanwaltsgesellschaft","url":"https:\/\/www.hotstegs-recht.de\/","logo":{"@type":"ImageObject","inLanguage":"de","@id":"https:\/\/www.hotstegs-recht.de\/#\/schema\/logo\/image\/","url":"https:\/\/www.hotstegs-recht.de\/wp-content\/uploads\/2021\/09\/logo_2020.png","contentUrl":"https:\/\/www.hotstegs-recht.de\/wp-content\/uploads\/2021\/09\/logo_2020.png","width":180,"height":51,"caption":"Hotstegs Rechtsanwaltsgesellschaft"},"image":{"@id":"https:\/\/www.hotstegs-recht.de\/#\/schema\/logo\/image\/"},"sameAs":["https:\/\/www.facebook.com\/hotstegs.recht","https:\/\/x.com\/hotstegs_recht","https:\/\/www.instagram.com\/hotstegs.recht","https:\/\/de.linkedin.com\/company\/hotstegs-recht"]},{"@type":"Person","@id":"https:\/\/www.hotstegs-recht.de\/#\/schema\/person\/18c7a8260c2d9ded2b8308feab0990a2","name":"Mitarbeiter:in","image":{"@type":"ImageObject","inLanguage":"de","@id":"https:\/\/secure.gravatar.com\/avatar\/ff927e44276052255fa51b438cd49d6bee71e07c0621a998717cee201e5d2fff?s=96&d=blank&r=g","url":"https:\/\/secure.gravatar.com\/avatar\/ff927e44276052255fa51b438cd49d6bee71e07c0621a998717cee201e5d2fff?s=96&d=blank&r=g","contentUrl":"https:\/\/secure.gravatar.com\/avatar\/ff927e44276052255fa51b438cd49d6bee71e07c0621a998717cee201e5d2fff?s=96&d=blank&r=g","caption":"Mitarbeiter:in"},"url":"https:\/\/www.hotstegs-recht.de\/?author=4"}]}},"amp_enabled":true,"_links":{"self":[{"href":"https:\/\/www.hotstegs-recht.de\/index.php?rest_route=\/wp\/v2\/posts\/715","targetHints":{"allow":["GET"]}}],"collection":[{"href":"https:\/\/www.hotstegs-recht.de\/index.php?rest_route=\/wp\/v2\/posts"}],"about":[{"href":"https:\/\/www.hotstegs-recht.de\/index.php?rest_route=\/wp\/v2\/types\/post"}],"author":[{"embeddable":true,"href":"https:\/\/www.hotstegs-recht.de\/index.php?rest_route=\/wp\/v2\/users\/4"}],"replies":[{"embeddable":true,"href":"https:\/\/www.hotstegs-recht.de\/index.php?rest_route=%2Fwp%2Fv2%2Fcomments&post=715"}],"version-history":[{"count":0,"href":"https:\/\/www.hotstegs-recht.de\/index.php?rest_route=\/wp\/v2\/posts\/715\/revisions"}],"wp:attachment":[{"href":"https:\/\/www.hotstegs-recht.de\/index.php?rest_route=%2Fwp%2Fv2%2Fmedia&parent=715"}],"wp:term":[{"taxonomy":"category","embeddable":true,"href":"https:\/\/www.hotstegs-recht.de\/index.php?rest_route=%2Fwp%2Fv2%2Fcategories&post=715"},{"taxonomy":"post_tag","embeddable":true,"href":"https:\/\/www.hotstegs-recht.de\/index.php?rest_route=%2Fwp%2Fv2%2Ftags&post=715"}],"curies":[{"name":"wp","href":"https:\/\/api.w.org\/{rel}","templated":true}]}}