{"id":7099,"date":"2019-04-08T12:51:08","date_gmt":"2019-04-08T10:51:08","guid":{"rendered":"https:\/\/www.hotstegs-recht.de\/?p=7099"},"modified":"2022-02-16T10:57:22","modified_gmt":"2022-02-16T09:57:22","slug":"behoerden-muessen-berufliche-entwicklung-von-gleichstellungsbeauftragten-von-amts-wegen-aktiv-nachzeichnen-verwaltungsgericht-duesseldorf-hinweis-v-20-03-2019-az-10-k-12452-16","status":"publish","type":"post","link":"https:\/\/www.hotstegs-recht.de\/?p=7099","title":{"rendered":"Beh\u00f6rden m\u00fcssen berufliche Entwicklung von Gleichstellungsbeauftragten von Amts wegen aktiv nachzeichnen, Verwaltungsgericht D\u00fcsseldorf, Hinweis v. 20.03.2019, Az. 10 K 12452\/16"},"content":{"rendered":"\n<p>Gleichstellungsbeauftragte, Frauenbeauftragte und Beauftragte f\u00fcr Chancengleichheit sind im Beamtenrecht regelm\u00e4\u00dfig nicht nur mit besonderen Pflichten, sondern auch Rechten ausgestattet. Ihre berufliche Entwicklung soll n\u00e4mlich weder innerhalb der Amtszeit noch im Nachhinein davon beeinflusst werden, ob sie Gleichstellungsthemen besonders engagiert\/tatkr\u00e4ftig\/erfolgreich\/gut\/schlecht\/nachl\u00e4ssig bearbeitet haben. Sie sollen insbesondere keinen Nachteilen ausgesetzt werden.<\/p>\n\n\n\n<p>Dies hindert Beh\u00f6rden nicht daran, betroffene Beamtinnen gleichwohl anders zu behandeln. So vertritt etwa die Bundesagentur f\u00fcr Arbeit seit einigen Jahren die Auffassung ihre internen Handb\u00fccher zur Personalverwaltung gingen als Dienstanweisungen Bundesgesetzen und Rechtsverordnungen vor.<\/p>\n\n\n\n<p>In einem Musterverfahren vor dem Verwaltungsgericht D\u00fcsseldorf soll daher die sogenannte &#8222;fiktive Nachzeichnung&#8220; der beruflichen Entwicklung erstritten und durchgesetzt werden.<\/p>\n\n\n\n<p>In einem ernstzunehmenden Hinweis hat die Berichterstatterin die Beh\u00f6rde nun auf die Vorberatung der Kammer aufmerksam gemacht und dabei folgendes ausgef\u00fchrt:<\/p>\n\n\n\n<!--more-->\n\n\n<blockquote>\n<p>\u00a7 28 Abs. 3 Satz 1 BGleiG konkretisiert das bereits in \u00a7 28 Abs. 1 S. 1, 2. Alt. BGleiG enthaltene Gebot einer beruflichen Entwicklung frei von m\u00f6glichen Nachteilen im Zusammenhang mit der \u00dcbernahme und F\u00fchrung des Amtes einer Gleichstellungsbeauftragten. Es geht dabei nicht nur um den beruflichen Aufstieg i. S. d. \u00a7 3 Nr. 3, wie er auch in \u00a7 28 Abs. 1 S. 2, 2. Alt. BGleiG gesondert genannt ist. Das in \u00a7 28 Abs. 3 S. 1 BGleiG enthaltene Gebot der fiktiven Nachzeichnung reicht sachlich dar\u00fcber weit hinaus<\/p>\n<p>v. Roetteken in: v. Roetteken, Bundesgleichstellungsgesetz, 9. AL 01\/2019, \u00a7 28 Schutzrechte.<\/p>\n<p>Es beschr\u00e4nkt sich nicht auf das Verbot von Benachteiligungen, sondern ist als positives Handlungsgebot gefasst. <strong>Die fiktive Nachzeichnung ist nicht nur m\u00f6glich bzw. zul\u00e4ssig, sondern tats\u00e4chlich vorzunehmen.<\/strong> Dies unterscheidet \u00a7 28 Abs. 3 von \u00a7 8 BPersVG, der keine vergleichbares Handlungsgebot aufstellt.<\/p>\n<p>In \u00a7 28 Abs. 3 S. 1 BGleiG wird dem Dienstherrn ausdr\u00fccklich eine von Amts wegen zu erf\u00fcllende Pflicht zur fiktiven Nachzeichnung auferlegt. Die Erf\u00fcllung der Gew\u00e4hrleistungspflicht setzt keinen darauf gerichteten Antrag der Gleichstellungsbeauftragten noch sonst einen Ansto\u00df Dritter voraus, sondern ist unabh\u00e4ngig davon zu erf\u00fcllen<\/p>\n<p>Kugele \u00a7 28 BGleiG Rn. 11; ebenso zu \u00a7 33 Abs. 35. 1 Nr. 3 BLV OVG NW 7.3.2017 &#8211; <a href=\"https:\/\/dejure.org\/dienste\/vernetzung\/rechtsprechung?Text=1%20B%201355\/16\" title=\"OVG Nordrhein-Westfalen, 07.03.2017 - 1 B 1355\/16: Besetzung des Dienstpostens des Leiters der ...\">1 B 1355\/16<\/a> &#8211; juris Rn. 18.<\/p>\n<p>Das gilt insbesondere f\u00fcr die Dauer der jeweiligen Amtszeit, da w\u00e4hrend dieses Zeitraums nicht erwartet werden kann, dass sich eine Gleichstellungsbeauftragte f\u00fcr andere dienstliche Aufgaben bewirbt, deren \u00dcbernahme es ggf. unm\u00f6glich machen w\u00fcrde, das Amt als Gleichstellungsbeauftragte unver\u00e4ndert fortzuf\u00fchren. Die Gew\u00e4hrleistungspflicht ist daher auch unabh\u00e4ngig davon zu erf\u00fcllen, ob sich eine Gleichstellungsbeauftragte auf besetzbare und wom\u00f6glich ausgeschriebene Arbeitspl\u00e4tze bewirbt oder sich als fiktive Bewerberin f\u00fcr derartige Arbeitspl\u00e4tze zu erkennen gibt.<\/p>\n<p><strong>Die Erf\u00fcllung der sich aus \u00a7 28 Abs. 3 S. 1, 2 BGleiG ergebenden Verpflichtung steht dem Grunde nach nicht im Ermessen<\/strong><\/p>\n<p>OVG NW 7.3.2017 &#8211; <a href=\"https:\/\/dejure.org\/dienste\/vernetzung\/rechtsprechung?Text=1%20B%201355\/16\" title=\"OVG Nordrhein-Westfalen, 07.03.2017 - 1 B 1355\/16: Besetzung des Dienstpostens des Leiters der ...\">1 B 1355\/16<\/a> &#8211; juris Rn. 19f..<\/p>\n<p>Im Ermessen k\u00f6nnen lediglich in gewissem Umfang stehen die Art und Weise, in der eine fiktive Nachzeichnung konkret ausgestaltet und wie insbesondere die Qualifikationsbeurteilung bei gleichzeitiger Vollentlastung oder zumindest weit \u00fcberwiegender Entlastung von sonstigen dienstlichen Aufgaben durchgef\u00fchrt wird<\/p>\n<p>OVG NW 7.32017 &#8211; <a href=\"https:\/\/dejure.org\/dienste\/vernetzung\/rechtsprechung?Text=1%20B%201355\/16\" title=\"OVG Nordrhein-Westfalen, 07.03.2017 - 1 B 1355\/16: Besetzung des Dienstpostens des Leiters der ...\">1 B 1355\/16<\/a> &#8211; juris Rn, 19 ff.; vgl. zu \u00a7 8 BPersVG BVerwG 21.9.2006 GiP 3\/2007, 36, 38 f. Rn. 17 = BGleiG-ES E.11.2.2 \u00a7 18 BGIeiG Nr. 4; 10.4.1997, <a href=\"https:\/\/dejure.org\/dienste\/vernetzung\/rechtsprechung?Text=PersR%201997,%20533\" title=\"BVerwG, 10.04.1997 - 2 C 38.95: Erfordernis eines vorherigen Antrags an den Dienstherrn vor Sch...\">PersR 1997, 533<\/a>, 535; OVG Hamburg 25.9.2013 <a href=\"https:\/\/dejure.org\/dienste\/vernetzung\/rechtsprechung?Text=ZBR%202014,%2051\" title=\"OVG Hamburg, 25.09.2013 - 1 Bs 240\/13: Beamtenrechtlicher Konkurrentenstreit\">ZBR 2014, 51<\/a>, 52 ; OVG Saarland 18.7.2007 \u201a <a href=\"https:\/\/dejure.org\/dienste\/vernetzung\/rechtsprechung?Text=NVwZ-RR%202007,%20793\" title=\"OVG Saarland, 18.04.2007 - 1 R 19\/05: Schadensersatzanspruch wegen unterbliebener Bef&ouml;rderung;L...\">NVwZ-RR 2007, 793<\/a>, 794; VG Frankfurt a. M. 4.4.2013, PersR 2014, 42, 43.<\/p>\n<p>Daraus folgt aber nicht, dass eine fiktive Nachzeichnung zur\u00fcckgestellt werden k\u00f6nnte, bis sich daf\u00fcr im Hinblick auf eine von der Gleichstellungsbeauftragten ggf. begehrte Personalentscheidung zu ihren Gunsten entsprechend \u00a7 28 Abs. 3 S. 3 BGleiG ein konkreter Anlass ergibt. Zwar dient die fiktive Nachzeichnung nach dieser Bestimmung als Grundlage f\u00fcr Personalentscheidungen, die in Bezug auf die Gleichstellungsbeauftragte ggf. zu treffen sind. Damit wird jedoch lediglich der Zweck der Nachzeichnung konkretisiert, ohne die nach \u00a7 28 Abs. 3 S. 1 von Amts wegen zu erf\u00fcllende Nachzeichnungspflicht zu begrenzen oder zeitlich auf einen sp\u00e4teren Zeitpunkt hinauszuschieben.<\/p>\n<p><strong>Soweit Regelbeurteilungen erstellt werden, ist das Ermessen zur fiktiven Nachzeichnung unabh\u00e4ngig von der ggf. nach \u00a7 33 Abs. 3 S. 1 Nr. 3 BLV noch zul\u00e4ssigen dienstlichen Beurteilung jedenfalls parallel zu dem Zeitpunkt zu erf\u00fcllen, der als Beurteilungsstichtag ma\u00dfgebend ist. W\u00fcrde die fiktive Nachzeichnung f\u00fcr diesen Zeitpunkt unterbleiben, l\u00e4ge bereits darin ein Versto\u00df gegen das Benachteiligungsverbot des \u00a7 28 Abs. 1 S. 1, 2. Alt. BGleiG und ggf. auch eine mittelbare Behinderung in der Amtsf\u00fchrung<\/strong><\/p>\n<p>v. Roetteken in: v. Roetteken, Bundesgleichstellungsgesetz, 9. AL 01\/2019, \u00a7 28 Schutzrechte<\/p>\n<p><strong>Im \u00dcbrigen hat der Arbeitgeber bzw. Dienstherr bei jeder Arbeitsplatzbesetzung von Amts wegen zu pr\u00fcfen, ob ggf. die Gleichstellungsbeauftragte im Wege fiktiver Nachzeichnung ihrer beruflichen Entwicklung f\u00fcr den zu besetzenden Arbeitsplatz auszuw\u00e4hlen w\u00e4re.<\/strong> Der fiktive Charakter der Nachzeichnung \u00e4u\u00dfert sich an dieser Stelle darin, dass von vornherein nicht erwartet werden kann, die Gleichstellungsbeauftragte wolle den entsprechenden Arbeitsplatz k\u00fcnftig ausf\u00fchren. Es wird lediglich unterstellt, sie w\u00fcrde es aufgrund einer entsprechenden Auswahl tun. F\u00fcr die Zukunft ist die weitere fiktive Nachzeichnung von diesem erreichten Niveau ausgehend fortzuf\u00fchren.<\/p>\n<p>Soweit sich aus dem HDA etwas anders ergeben sollte, weist das Gericht darauf hin, dass die Bundesagentur f\u00fcr Arbeit jedenfalls nicht berechtigt sein d\u00fcrfte eine von \u00a7 28 Abs. 3 BGleiG abweichende Bestimmung zu treffen. Insbesondere w\u00e4re sie nicht befugt, durch den Erlass einer Verwaltungsvorschrift in Abweichung vom Gesetz zu handeln<\/p>\n<p>vgl. in diesem Sinne Oberverwaltungsgericht Berlin-Brandenburg, Beschluss vom 26. September 2013 &#8211; OVG <a href=\"https:\/\/dejure.org\/dienste\/vernetzung\/rechtsprechung?Text=62%20PV%2027.12\" title=\"OVG Berlin-Brandenburg, 26.09.2013 - 62 PV 27.12: Bundesagentur f&uuml;r Arbeit; Regionaldirektion; ...\">62 PV 27.12<\/a> -\u201a juris.<\/p>\n<p>In diesem Zusammenhang ist noch erg\u00e4nzend anzumerken, dass sich die Kl\u00e4gerin ausweislich der sich beim Gericht befindlichen Akten sehr wohl auf mindestens eine Bef\u00f6rderungsstelle beworben hatte (vgl das Verfahren 10 L 4144\/15). Es wird dabei insbesondere auf die Ausf\u00fchrungen der damals zust\u00e4ndigen Berichterstatterin in dem gerichtlichen Hinweis vom 6. Juli 2016 verwiesen, der sich auf Seite 3 auch mit der fiktiven Nachzeichnung auseinandersetzt.<\/p>\n<\/blockquote>\n<p>Es bleibt abzuwarten, ob die Bundesagentur auf diesen Hinweis reagieren wird. Ein vorangegangenes Widerspruchsverfahren &#8211; das im Bundesbeamtenrecht noch vorgeschrieben ist &#8211; verlief ergebnislos.<\/p>","protected":false},"excerpt":{"rendered":"<p>Gleichstellungsbeauftragte, Frauenbeauftragte und Beauftragte f\u00fcr Chancengleichheit sind im Beamtenrecht regelm\u00e4\u00dfig nicht nur mit besonderen Pflichten, sondern auch Rechten ausgestattet. Ihre berufliche Entwicklung soll n\u00e4mlich weder innerhalb der Amtszeit noch im Nachhinein davon beeinflusst werden, ob sie Gleichstellungsthemen besonders engagiert\/tatkr\u00e4ftig\/erfolgreich\/gut\/schlecht\/nachl\u00e4ssig bearbeitet haben. Sie sollen insbesondere keinen Nachteilen ausgesetzt werden. Dies hindert Beh\u00f6rden nicht daran, betroffene Beamtinnen &hellip; <\/p>\n<p class=\"link-more\"><a href=\"https:\/\/www.hotstegs-recht.de\/?p=7099\" class=\"more-link\"><span class=\"screen-reader-text\">\u201eBeh\u00f6rden m\u00fcssen berufliche Entwicklung von Gleichstellungsbeauftragten von Amts wegen aktiv nachzeichnen, Verwaltungsgericht D\u00fcsseldorf, Hinweis v. 20.03.2019, Az. 10 K 12452\/16\u201c <\/span>weiterlesen<\/a><\/p>\n","protected":false},"author":1,"featured_media":0,"comment_status":"closed","ping_status":"open","sticky":false,"template":"","format":"standard","meta":{"footnotes":""},"categories":[4,14,34,39,44],"tags":[],"class_list":["post-7099","post","type-post","status-publish","format-standard","hentry","category-aktuelles","category-beamtenrecht","category-personalvertretungsrecht","category-ev-kirchenrecht","category-dienstordnungsangestellte-do"],"yoast_head":"<!-- This site is optimized with the Yoast SEO plugin v27.5 - https:\/\/yoast.com\/product\/yoast-seo-wordpress\/ -->\n<title>Beh\u00f6rden m\u00fcssen berufliche Entwicklung von Gleichstellungsbeauftragten von Amts wegen aktiv nachzeichnen, Verwaltungsgericht D\u00fcsseldorf, Hinweis v. 20.03.2019, Az. 10 K 12452\/16 - Hotstegs Rechtsanwaltsgesellschaft | Rechtsanw\u00e4lt:innen und Fachanw\u00e4lt:innen f\u00fcr Verwaltungsrecht<\/title>\n<meta name=\"description\" content=\"Aktuelles - Termine unter Tel. 0211 \/ 497657-16\" \/>\n<meta name=\"robots\" content=\"index, follow, max-snippet:-1, max-image-preview:large, max-video-preview:-1\" \/>\n<link rel=\"canonical\" href=\"https:\/\/www.hotstegs-recht.de\/?p=7099\" \/>\n<meta property=\"og:locale\" content=\"de_DE\" \/>\n<meta property=\"og:type\" content=\"article\" \/>\n<meta property=\"og:title\" content=\"Beh\u00f6rden m\u00fcssen berufliche Entwicklung von Gleichstellungsbeauftragten von Amts wegen aktiv nachzeichnen, Verwaltungsgericht D\u00fcsseldorf, Hinweis v. 20.03.2019, Az. 10 K 12452\/16 - Hotstegs Rechtsanwaltsgesellschaft | Rechtsanw\u00e4lt:innen und Fachanw\u00e4lt:innen f\u00fcr Verwaltungsrecht\" \/>\n<meta property=\"og:description\" content=\"Aktuelles - Termine unter Tel. 0211 \/ 497657-16\" \/>\n<meta property=\"og:url\" content=\"https:\/\/www.hotstegs-recht.de\/?p=7099\" \/>\n<meta property=\"og:site_name\" content=\"Hotstegs Rechtsanwaltsgesellschaft | Rechtsanw\u00e4lt:innen und Fachanw\u00e4lt:innen f\u00fcr Verwaltungsrecht\" \/>\n<meta property=\"article:publisher\" content=\"https:\/\/www.facebook.com\/hotstegs.recht\" \/>\n<meta property=\"article:published_time\" content=\"2019-04-08T10:51:08+00:00\" \/>\n<meta property=\"article:modified_time\" content=\"2022-02-16T09:57:22+00:00\" \/>\n<meta name=\"author\" content=\"Robert Hotstegs\" \/>\n<meta name=\"twitter:card\" content=\"summary_large_image\" \/>\n<meta name=\"twitter:creator\" content=\"@hotstegs_recht\" \/>\n<meta name=\"twitter:site\" content=\"@hotstegs_recht\" \/>\n<meta name=\"twitter:label1\" content=\"Verfasst von\" \/>\n\t<meta name=\"twitter:data1\" content=\"Robert Hotstegs\" \/>\n\t<meta name=\"twitter:label2\" content=\"Gesch\u00e4tzte Lesezeit\" \/>\n\t<meta name=\"twitter:data2\" content=\"6\u00a0Minuten\" \/>\n<!-- \/ Yoast SEO plugin. -->","yoast_head_json":{"title":"Beh\u00f6rden m\u00fcssen berufliche Entwicklung von Gleichstellungsbeauftragten von Amts wegen aktiv nachzeichnen, Verwaltungsgericht D\u00fcsseldorf, Hinweis v. 20.03.2019, Az. 10 K 12452\/16 - Hotstegs Rechtsanwaltsgesellschaft | Rechtsanw\u00e4lt:innen und Fachanw\u00e4lt:innen f\u00fcr Verwaltungsrecht","description":"Aktuelles - Termine unter Tel. 0211 \/ 497657-16","robots":{"index":"index","follow":"follow","max-snippet":"max-snippet:-1","max-image-preview":"max-image-preview:large","max-video-preview":"max-video-preview:-1"},"canonical":"https:\/\/www.hotstegs-recht.de\/?p=7099","og_locale":"de_DE","og_type":"article","og_title":"Beh\u00f6rden m\u00fcssen berufliche Entwicklung von Gleichstellungsbeauftragten von Amts wegen aktiv nachzeichnen, Verwaltungsgericht D\u00fcsseldorf, Hinweis v. 20.03.2019, Az. 10 K 12452\/16 - Hotstegs Rechtsanwaltsgesellschaft | Rechtsanw\u00e4lt:innen und Fachanw\u00e4lt:innen f\u00fcr Verwaltungsrecht","og_description":"Aktuelles - Termine unter Tel. 0211 \/ 497657-16","og_url":"https:\/\/www.hotstegs-recht.de\/?p=7099","og_site_name":"Hotstegs Rechtsanwaltsgesellschaft | Rechtsanw\u00e4lt:innen und Fachanw\u00e4lt:innen f\u00fcr Verwaltungsrecht","article_publisher":"https:\/\/www.facebook.com\/hotstegs.recht","article_published_time":"2019-04-08T10:51:08+00:00","article_modified_time":"2022-02-16T09:57:22+00:00","author":"Robert Hotstegs","twitter_card":"summary_large_image","twitter_creator":"@hotstegs_recht","twitter_site":"@hotstegs_recht","twitter_misc":{"Verfasst von":"Robert Hotstegs","Gesch\u00e4tzte Lesezeit":"6\u00a0Minuten"},"schema":{"@context":"https:\/\/schema.org","@graph":[{"@type":"Article","@id":"https:\/\/www.hotstegs-recht.de\/?p=7099#article","isPartOf":{"@id":"https:\/\/www.hotstegs-recht.de\/?p=7099"},"author":{"name":"Robert Hotstegs","@id":"https:\/\/www.hotstegs-recht.de\/#\/schema\/person\/b5290b51a91e1e27ec6af13643a76ab0"},"headline":"Beh\u00f6rden m\u00fcssen berufliche Entwicklung von Gleichstellungsbeauftragten von Amts wegen aktiv nachzeichnen, Verwaltungsgericht D\u00fcsseldorf, Hinweis v. 20.03.2019, Az. 10 K 12452\/16","datePublished":"2019-04-08T10:51:08+00:00","dateModified":"2022-02-16T09:57:22+00:00","mainEntityOfPage":{"@id":"https:\/\/www.hotstegs-recht.de\/?p=7099"},"wordCount":946,"publisher":{"@id":"https:\/\/www.hotstegs-recht.de\/#organization"},"articleSection":["Aktuelles","Beamtenrecht","Personalvertretungsrecht","ev. Kirchenrecht","Dienstordnungsangestellte (DO)"],"inLanguage":"de"},{"@type":"WebPage","@id":"https:\/\/www.hotstegs-recht.de\/?p=7099","url":"https:\/\/www.hotstegs-recht.de\/?p=7099","name":"Beh\u00f6rden m\u00fcssen berufliche Entwicklung von Gleichstellungsbeauftragten von Amts wegen aktiv nachzeichnen, Verwaltungsgericht D\u00fcsseldorf, Hinweis v. 20.03.2019, Az. 10 K 12452\/16 - Hotstegs Rechtsanwaltsgesellschaft | Rechtsanw\u00e4lt:innen und Fachanw\u00e4lt:innen f\u00fcr Verwaltungsrecht","isPartOf":{"@id":"https:\/\/www.hotstegs-recht.de\/#website"},"datePublished":"2019-04-08T10:51:08+00:00","dateModified":"2022-02-16T09:57:22+00:00","description":"Aktuelles - Termine unter Tel. 0211 \/ 497657-16","breadcrumb":{"@id":"https:\/\/www.hotstegs-recht.de\/?p=7099#breadcrumb"},"inLanguage":"de","potentialAction":[{"@type":"ReadAction","target":["https:\/\/www.hotstegs-recht.de\/?p=7099"]}]},{"@type":"BreadcrumbList","@id":"https:\/\/www.hotstegs-recht.de\/?p=7099#breadcrumb","itemListElement":[{"@type":"ListItem","position":1,"name":"Startseite","item":"https:\/\/www.hotstegs-recht.de\/"},{"@type":"ListItem","position":2,"name":"Beh\u00f6rden m\u00fcssen berufliche Entwicklung von Gleichstellungsbeauftragten von Amts wegen aktiv nachzeichnen, Verwaltungsgericht D\u00fcsseldorf, Hinweis v. 20.03.2019, Az. 10 K 12452\/16"}]},{"@type":"WebSite","@id":"https:\/\/www.hotstegs-recht.de\/#website","url":"https:\/\/www.hotstegs-recht.de\/","name":"Hotstegs Rechtsanwaltsgesellschaft | Rechtsanw\u00e4lt:innen und Fachanw\u00e4lt:innen f\u00fcr Verwaltungsrecht","description":"\u00f6ffentliches Dienstrecht und Disziplinarverfahren | Rechtsanwalt Robert Hotstegs | Rechtsanw\u00e4ltin Sarah Nu\u00dfbaum | Rechtsanw\u00e4ltin Katharina Voigt","publisher":{"@id":"https:\/\/www.hotstegs-recht.de\/#organization"},"potentialAction":[{"@type":"SearchAction","target":{"@type":"EntryPoint","urlTemplate":"https:\/\/www.hotstegs-recht.de\/?s={search_term_string}"},"query-input":{"@type":"PropertyValueSpecification","valueRequired":true,"valueName":"search_term_string"}}],"inLanguage":"de"},{"@type":"Organization","@id":"https:\/\/www.hotstegs-recht.de\/#organization","name":"Hotstegs Rechtsanwaltsgesellschaft","url":"https:\/\/www.hotstegs-recht.de\/","logo":{"@type":"ImageObject","inLanguage":"de","@id":"https:\/\/www.hotstegs-recht.de\/#\/schema\/logo\/image\/","url":"https:\/\/www.hotstegs-recht.de\/wp-content\/uploads\/2021\/09\/logo_2020.png","contentUrl":"https:\/\/www.hotstegs-recht.de\/wp-content\/uploads\/2021\/09\/logo_2020.png","width":180,"height":51,"caption":"Hotstegs Rechtsanwaltsgesellschaft"},"image":{"@id":"https:\/\/www.hotstegs-recht.de\/#\/schema\/logo\/image\/"},"sameAs":["https:\/\/www.facebook.com\/hotstegs.recht","https:\/\/x.com\/hotstegs_recht","https:\/\/www.instagram.com\/hotstegs.recht","https:\/\/de.linkedin.com\/company\/hotstegs-recht"]},{"@type":"Person","@id":"https:\/\/www.hotstegs-recht.de\/#\/schema\/person\/b5290b51a91e1e27ec6af13643a76ab0","name":"Robert Hotstegs","image":{"@type":"ImageObject","inLanguage":"de","@id":"https:\/\/secure.gravatar.com\/avatar\/7d923d735cd88c8f3b65c6506ab775c5eb23a82716d81ce74eb3951cb8430f5a?s=96&d=blank&r=g","url":"https:\/\/secure.gravatar.com\/avatar\/7d923d735cd88c8f3b65c6506ab775c5eb23a82716d81ce74eb3951cb8430f5a?s=96&d=blank&r=g","contentUrl":"https:\/\/secure.gravatar.com\/avatar\/7d923d735cd88c8f3b65c6506ab775c5eb23a82716d81ce74eb3951cb8430f5a?s=96&d=blank&r=g","caption":"Robert Hotstegs"},"description":"Rechtsanwalt, Fachanwalt f\u00fcr Verwaltungsrecht","url":"https:\/\/www.hotstegs-recht.de\/?author=1"}]}},"amp_enabled":true,"_links":{"self":[{"href":"https:\/\/www.hotstegs-recht.de\/index.php?rest_route=\/wp\/v2\/posts\/7099","targetHints":{"allow":["GET"]}}],"collection":[{"href":"https:\/\/www.hotstegs-recht.de\/index.php?rest_route=\/wp\/v2\/posts"}],"about":[{"href":"https:\/\/www.hotstegs-recht.de\/index.php?rest_route=\/wp\/v2\/types\/post"}],"author":[{"embeddable":true,"href":"https:\/\/www.hotstegs-recht.de\/index.php?rest_route=\/wp\/v2\/users\/1"}],"replies":[{"embeddable":true,"href":"https:\/\/www.hotstegs-recht.de\/index.php?rest_route=%2Fwp%2Fv2%2Fcomments&post=7099"}],"version-history":[{"count":5,"href":"https:\/\/www.hotstegs-recht.de\/index.php?rest_route=\/wp\/v2\/posts\/7099\/revisions"}],"predecessor-version":[{"id":8790,"href":"https:\/\/www.hotstegs-recht.de\/index.php?rest_route=\/wp\/v2\/posts\/7099\/revisions\/8790"}],"wp:attachment":[{"href":"https:\/\/www.hotstegs-recht.de\/index.php?rest_route=%2Fwp%2Fv2%2Fmedia&parent=7099"}],"wp:term":[{"taxonomy":"category","embeddable":true,"href":"https:\/\/www.hotstegs-recht.de\/index.php?rest_route=%2Fwp%2Fv2%2Fcategories&post=7099"},{"taxonomy":"post_tag","embeddable":true,"href":"https:\/\/www.hotstegs-recht.de\/index.php?rest_route=%2Fwp%2Fv2%2Ftags&post=7099"}],"curies":[{"name":"wp","href":"https:\/\/api.w.org\/{rel}","templated":true}]}}