{"id":7082,"date":"2019-03-14T19:37:37","date_gmt":"2019-03-14T18:37:37","guid":{"rendered":"https:\/\/www.hotstegs-recht.de\/?p=7082"},"modified":"2020-09-24T18:15:36","modified_gmt":"2020-09-24T16:15:36","slug":"verfgh-nrw-zur-sperrklausel-die-rettung-des-wahlrechts-lto-de-v-21-11-2017","status":"publish","type":"post","link":"https:\/\/www.hotstegs-recht.de\/?p=7082","title":{"rendered":"Gro\u00dfdemonstrationen #Fridaysforfuture: &#8222;An diesem Freitag m\u00fcssen die Schulen beur\u00adlauben&#8220;, lto.de v. 14.03.2019"},"content":{"rendered":"<p class=\"reader__meta-info\">von Tanja Podolski<\/p>\n<p><strong>Auch an diesem Freitag werden weltweit Sch\u00fcler gegen den Klimawandel demonstrieren. Die Nerven liegen blank, in NRW gehen Ger\u00fcchte von Denunziationen um. Juristisch geht es um Grundrechtskollisionen &#8211; und um Sanktionen gegen die Sch\u00fcler.<\/strong><\/p>\n<p>Seit Monaten finden weltweit und auch in vielen St\u00e4dten Deutschlands an jedem Freitagvormittag Demonstrationen von Schulpflichtigen gegen den Klimawandel statt. An diesem Freitag nun sollen die Demonstrationen besonders gro\u00df werden: In den sozialen Medien rufen die Organisatoren zur Teilnahme in gr\u00fcner Kleidung auf, seit Tagen finden gemeinsame Aktionen zum Bemalen von Plakaten statt. Und nicht alle wollen unerlaubt fernbleiben: Viele Schulpflichtige beantragen bei der Schule die Beurlaubung vom Unterricht.<\/p>\n<p><a href=\"https:\/\/www.lto.de\/recht\/hintergruende\/h\/fridaysforfuture-schueler-demonstration-grundrechte-sanktionen\/\" target=\"_blank\" rel=\"noopener noreferrer\">direkt zum LTO-Artikel&nbsp;<\/a><\/p>\n\n\n<p><\/p>\n","protected":false},"excerpt":{"rendered":"<p>von Tanja Podolski Auch an diesem Freitag werden weltweit Sch\u00fcler gegen den Klimawandel demonstrieren. Die Nerven liegen blank, in NRW gehen Ger\u00fcchte von Denunziationen um. Juristisch geht es um Grundrechtskollisionen &#8211; und um Sanktionen gegen die Sch\u00fcler. Seit Monaten finden weltweit und auch in vielen St\u00e4dten Deutschlands an jedem Freitagvormittag Demonstrationen von Schulpflichtigen gegen den &hellip; <\/p>\n<p class=\"link-more\"><a href=\"https:\/\/www.hotstegs-recht.de\/?p=7082\" class=\"more-link\"><span class=\"screen-reader-text\">\u201eGro\u00dfdemonstrationen #Fridaysforfuture: &#8222;An diesem Freitag m\u00fcssen die Schulen beur\u00adlauben&#8220;, lto.de v. 14.03.2019\u201c <\/span>weiterlesen<\/a><\/p>\n","protected":false},"author":4,"featured_media":5105,"comment_status":"open","ping_status":"open","sticky":false,"template":"","format":"link","meta":{"footnotes":""},"categories":[4,9,16],"tags":[],"class_list":["post-7082","post","type-post","status-publish","format-link","has-post-thumbnail","hentry","category-aktuelles","category-presse","category-burgerbeteiligung","post_format-post-format-link"],"yoast_head":"<!-- This site is optimized with the Yoast SEO plugin v27.5 - https:\/\/yoast.com\/product\/yoast-seo-wordpress\/ -->\n<title>Gro\u00dfdemonstrationen #Fridaysforfuture: &quot;An diesem Freitag m\u00fcssen die Schulen beur\u00adlauben&quot;, lto.de v. 14.03.2019 - Hotstegs Rechtsanwaltsgesellschaft | Rechtsanw\u00e4lt:innen und Fachanw\u00e4lt:innen f\u00fcr Verwaltungsrecht<\/title>\n<meta name=\"description\" content=\"- Termine unter Tel. 0211 \/ 497657-16\" \/>\n<meta name=\"robots\" content=\"index, follow, max-snippet:-1, max-image-preview:large, max-video-preview:-1\" \/>\n<link rel=\"canonical\" href=\"https:\/\/www.hotstegs-recht.de\/?p=7082\" \/>\n<meta property=\"og:locale\" content=\"de_DE\" \/>\n<meta property=\"og:type\" content=\"article\" \/>\n<meta property=\"og:title\" content=\"Gro\u00dfdemonstrationen #Fridaysforfuture: &quot;An diesem Freitag m\u00fcssen die Schulen beur\u00adlauben&quot;, lto.de v. 14.03.2019 - Hotstegs Rechtsanwaltsgesellschaft | Rechtsanw\u00e4lt:innen und Fachanw\u00e4lt:innen f\u00fcr Verwaltungsrecht\" \/>\n<meta property=\"og:description\" content=\"- Termine unter Tel. 0211 \/ 497657-16\" \/>\n<meta property=\"og:url\" content=\"https:\/\/www.hotstegs-recht.de\/?p=7082\" \/>\n<meta property=\"og:site_name\" content=\"Hotstegs Rechtsanwaltsgesellschaft | Rechtsanw\u00e4lt:innen und Fachanw\u00e4lt:innen f\u00fcr Verwaltungsrecht\" \/>\n<meta property=\"article:publisher\" content=\"https:\/\/www.facebook.com\/hotstegs.recht\" \/>\n<meta property=\"article:published_time\" content=\"2019-03-14T18:37:37+00:00\" \/>\n<meta property=\"article:modified_time\" content=\"2020-09-24T16:15:36+00:00\" \/>\n<meta property=\"og:image\" content=\"https:\/\/www.hotstegs-recht.de\/wp-content\/uploads\/2016\/01\/slider23_2500_483.jpg\" \/>\n\t<meta property=\"og:image:width\" content=\"2500\" \/>\n\t<meta property=\"og:image:height\" content=\"483\" \/>\n\t<meta property=\"og:image:type\" content=\"image\/jpeg\" \/>\n<meta name=\"author\" content=\"Mitarbeiter:in\" \/>\n<meta name=\"twitter:card\" content=\"summary_large_image\" \/>\n<meta name=\"twitter:creator\" content=\"@hotstegs_recht\" \/>\n<meta name=\"twitter:site\" content=\"@hotstegs_recht\" \/>\n<meta name=\"twitter:label1\" content=\"Verfasst von\" \/>\n\t<meta name=\"twitter:data1\" content=\"Mitarbeiter:in\" \/>\n\t<meta name=\"twitter:label2\" content=\"Gesch\u00e4tzte Lesezeit\" \/>\n\t<meta name=\"twitter:data2\" content=\"1\u00a0Minute\" \/>\n<!-- \/ Yoast SEO plugin. -->","yoast_head_json":{"title":"Gro\u00dfdemonstrationen #Fridaysforfuture: \"An diesem Freitag m\u00fcssen die Schulen beur\u00adlauben\", lto.de v. 14.03.2019 - Hotstegs Rechtsanwaltsgesellschaft | Rechtsanw\u00e4lt:innen und Fachanw\u00e4lt:innen f\u00fcr Verwaltungsrecht","description":"- Termine unter Tel. 0211 \/ 497657-16","robots":{"index":"index","follow":"follow","max-snippet":"max-snippet:-1","max-image-preview":"max-image-preview:large","max-video-preview":"max-video-preview:-1"},"canonical":"https:\/\/www.hotstegs-recht.de\/?p=7082","og_locale":"de_DE","og_type":"article","og_title":"Gro\u00dfdemonstrationen #Fridaysforfuture: \"An diesem Freitag m\u00fcssen die Schulen beur\u00adlauben\", lto.de v. 14.03.2019 - Hotstegs Rechtsanwaltsgesellschaft | Rechtsanw\u00e4lt:innen und Fachanw\u00e4lt:innen f\u00fcr Verwaltungsrecht","og_description":"- Termine unter Tel. 0211 \/ 497657-16","og_url":"https:\/\/www.hotstegs-recht.de\/?p=7082","og_site_name":"Hotstegs Rechtsanwaltsgesellschaft | Rechtsanw\u00e4lt:innen und Fachanw\u00e4lt:innen f\u00fcr Verwaltungsrecht","article_publisher":"https:\/\/www.facebook.com\/hotstegs.recht","article_published_time":"2019-03-14T18:37:37+00:00","article_modified_time":"2020-09-24T16:15:36+00:00","og_image":[{"width":2500,"height":483,"url":"https:\/\/www.hotstegs-recht.de\/wp-content\/uploads\/2016\/01\/slider23_2500_483.jpg","type":"image\/jpeg"}],"author":"Mitarbeiter:in","twitter_card":"summary_large_image","twitter_creator":"@hotstegs_recht","twitter_site":"@hotstegs_recht","twitter_misc":{"Verfasst von":"Mitarbeiter:in","Gesch\u00e4tzte Lesezeit":"1\u00a0Minute"},"schema":{"@context":"https:\/\/schema.org","@graph":[{"@type":"Article","@id":"https:\/\/www.hotstegs-recht.de\/?p=7082#article","isPartOf":{"@id":"https:\/\/www.hotstegs-recht.de\/?p=7082"},"author":{"name":"Mitarbeiter:in","@id":"https:\/\/www.hotstegs-recht.de\/#\/schema\/person\/18c7a8260c2d9ded2b8308feab0990a2"},"headline":"Gro\u00dfdemonstrationen #Fridaysforfuture: &#8222;An diesem Freitag m\u00fcssen die Schulen beur\u00adlauben&#8220;, lto.de v. 14.03.2019","datePublished":"2019-03-14T18:37:37+00:00","dateModified":"2020-09-24T16:15:36+00:00","mainEntityOfPage":{"@id":"https:\/\/www.hotstegs-recht.de\/?p=7082"},"wordCount":130,"commentCount":0,"publisher":{"@id":"https:\/\/www.hotstegs-recht.de\/#organization"},"image":{"@id":"https:\/\/www.hotstegs-recht.de\/?p=7082#primaryimage"},"thumbnailUrl":"https:\/\/www.hotstegs-recht.de\/wp-content\/uploads\/2016\/01\/slider23_2500_483.jpg","articleSection":["Aktuelles","Presse","B\u00fcrgerbeteiligung"],"inLanguage":"de","potentialAction":[{"@type":"CommentAction","name":"Comment","target":["https:\/\/www.hotstegs-recht.de\/?p=7082#respond"]}]},{"@type":"WebPage","@id":"https:\/\/www.hotstegs-recht.de\/?p=7082","url":"https:\/\/www.hotstegs-recht.de\/?p=7082","name":"Gro\u00dfdemonstrationen #Fridaysforfuture: \"An diesem Freitag m\u00fcssen die Schulen beur\u00adlauben\", lto.de v. 14.03.2019 - Hotstegs Rechtsanwaltsgesellschaft | Rechtsanw\u00e4lt:innen und Fachanw\u00e4lt:innen f\u00fcr Verwaltungsrecht","isPartOf":{"@id":"https:\/\/www.hotstegs-recht.de\/#website"},"primaryImageOfPage":{"@id":"https:\/\/www.hotstegs-recht.de\/?p=7082#primaryimage"},"image":{"@id":"https:\/\/www.hotstegs-recht.de\/?p=7082#primaryimage"},"thumbnailUrl":"https:\/\/www.hotstegs-recht.de\/wp-content\/uploads\/2016\/01\/slider23_2500_483.jpg","datePublished":"2019-03-14T18:37:37+00:00","dateModified":"2020-09-24T16:15:36+00:00","description":"- Termine unter Tel. 0211 \/ 497657-16","breadcrumb":{"@id":"https:\/\/www.hotstegs-recht.de\/?p=7082#breadcrumb"},"inLanguage":"de","potentialAction":[{"@type":"ReadAction","target":["https:\/\/www.hotstegs-recht.de\/?p=7082"]}]},{"@type":"ImageObject","inLanguage":"de","@id":"https:\/\/www.hotstegs-recht.de\/?p=7082#primaryimage","url":"https:\/\/www.hotstegs-recht.de\/wp-content\/uploads\/2016\/01\/slider23_2500_483.jpg","contentUrl":"https:\/\/www.hotstegs-recht.de\/wp-content\/uploads\/2016\/01\/slider23_2500_483.jpg","width":2500,"height":483},{"@type":"BreadcrumbList","@id":"https:\/\/www.hotstegs-recht.de\/?p=7082#breadcrumb","itemListElement":[{"@type":"ListItem","position":1,"name":"Startseite","item":"https:\/\/www.hotstegs-recht.de\/"},{"@type":"ListItem","position":2,"name":"Gro\u00dfdemonstrationen #Fridaysforfuture: &#8222;An diesem Freitag m\u00fcssen die Schulen beur\u00adlauben&#8220;, lto.de v. 14.03.2019"}]},{"@type":"WebSite","@id":"https:\/\/www.hotstegs-recht.de\/#website","url":"https:\/\/www.hotstegs-recht.de\/","name":"Hotstegs Rechtsanwaltsgesellschaft | Rechtsanw\u00e4lt:innen und Fachanw\u00e4lt:innen f\u00fcr Verwaltungsrecht","description":"\u00f6ffentliches Dienstrecht und Disziplinarverfahren | Rechtsanwalt Robert Hotstegs | Rechtsanw\u00e4ltin Sarah Nu\u00dfbaum | Rechtsanw\u00e4ltin Katharina Voigt","publisher":{"@id":"https:\/\/www.hotstegs-recht.de\/#organization"},"potentialAction":[{"@type":"SearchAction","target":{"@type":"EntryPoint","urlTemplate":"https:\/\/www.hotstegs-recht.de\/?s={search_term_string}"},"query-input":{"@type":"PropertyValueSpecification","valueRequired":true,"valueName":"search_term_string"}}],"inLanguage":"de"},{"@type":"Organization","@id":"https:\/\/www.hotstegs-recht.de\/#organization","name":"Hotstegs Rechtsanwaltsgesellschaft","url":"https:\/\/www.hotstegs-recht.de\/","logo":{"@type":"ImageObject","inLanguage":"de","@id":"https:\/\/www.hotstegs-recht.de\/#\/schema\/logo\/image\/","url":"https:\/\/www.hotstegs-recht.de\/wp-content\/uploads\/2021\/09\/logo_2020.png","contentUrl":"https:\/\/www.hotstegs-recht.de\/wp-content\/uploads\/2021\/09\/logo_2020.png","width":180,"height":51,"caption":"Hotstegs Rechtsanwaltsgesellschaft"},"image":{"@id":"https:\/\/www.hotstegs-recht.de\/#\/schema\/logo\/image\/"},"sameAs":["https:\/\/www.facebook.com\/hotstegs.recht","https:\/\/x.com\/hotstegs_recht","https:\/\/www.instagram.com\/hotstegs.recht","https:\/\/de.linkedin.com\/company\/hotstegs-recht"]},{"@type":"Person","@id":"https:\/\/www.hotstegs-recht.de\/#\/schema\/person\/18c7a8260c2d9ded2b8308feab0990a2","name":"Mitarbeiter:in","image":{"@type":"ImageObject","inLanguage":"de","@id":"https:\/\/secure.gravatar.com\/avatar\/ff927e44276052255fa51b438cd49d6bee71e07c0621a998717cee201e5d2fff?s=96&d=blank&r=g","url":"https:\/\/secure.gravatar.com\/avatar\/ff927e44276052255fa51b438cd49d6bee71e07c0621a998717cee201e5d2fff?s=96&d=blank&r=g","contentUrl":"https:\/\/secure.gravatar.com\/avatar\/ff927e44276052255fa51b438cd49d6bee71e07c0621a998717cee201e5d2fff?s=96&d=blank&r=g","caption":"Mitarbeiter:in"},"url":"https:\/\/www.hotstegs-recht.de\/?author=4"}]}},"amp_enabled":true,"_links":{"self":[{"href":"https:\/\/www.hotstegs-recht.de\/index.php?rest_route=\/wp\/v2\/posts\/7082","targetHints":{"allow":["GET"]}}],"collection":[{"href":"https:\/\/www.hotstegs-recht.de\/index.php?rest_route=\/wp\/v2\/posts"}],"about":[{"href":"https:\/\/www.hotstegs-recht.de\/index.php?rest_route=\/wp\/v2\/types\/post"}],"author":[{"embeddable":true,"href":"https:\/\/www.hotstegs-recht.de\/index.php?rest_route=\/wp\/v2\/users\/4"}],"replies":[{"embeddable":true,"href":"https:\/\/www.hotstegs-recht.de\/index.php?rest_route=%2Fwp%2Fv2%2Fcomments&post=7082"}],"version-history":[{"count":3,"href":"https:\/\/www.hotstegs-recht.de\/index.php?rest_route=\/wp\/v2\/posts\/7082\/revisions"}],"predecessor-version":[{"id":8015,"href":"https:\/\/www.hotstegs-recht.de\/index.php?rest_route=\/wp\/v2\/posts\/7082\/revisions\/8015"}],"wp:featuredmedia":[{"embeddable":true,"href":"https:\/\/www.hotstegs-recht.de\/index.php?rest_route=\/wp\/v2\/media\/5105"}],"wp:attachment":[{"href":"https:\/\/www.hotstegs-recht.de\/index.php?rest_route=%2Fwp%2Fv2%2Fmedia&parent=7082"}],"wp:term":[{"taxonomy":"category","embeddable":true,"href":"https:\/\/www.hotstegs-recht.de\/index.php?rest_route=%2Fwp%2Fv2%2Fcategories&post=7082"},{"taxonomy":"post_tag","embeddable":true,"href":"https:\/\/www.hotstegs-recht.de\/index.php?rest_route=%2Fwp%2Fv2%2Ftags&post=7082"}],"curies":[{"name":"wp","href":"https:\/\/api.w.org\/{rel}","templated":true}]}}