{"id":7071,"date":"2019-03-08T15:52:37","date_gmt":"2019-03-08T14:52:37","guid":{"rendered":"https:\/\/www.hotstegs-recht.de\/?p=7071"},"modified":"2019-03-08T15:52:39","modified_gmt":"2019-03-08T14:52:39","slug":"video-auf-den-punkt-folge-8-urteil-sperrklausel-2-2-2-2","status":"publish","type":"post","link":"https:\/\/www.hotstegs-recht.de\/?p=7071","title":{"rendered":"Videoclip &#8222;Auf den Punkt&#8220;: Vorpr\u00fcfung von B\u00fcrgerbegehren"},"content":{"rendered":"<p>Kommunalpolitiker sehen sich in ihrer t\u00e4glichen politischen Arbeit immer wieder mit rechtlichen Fragen konfrontiert. Gemeinsam mit Rechtsanwalt Robert Hotstegs nimmt die VLK NRW interessante rechtliche Fragenstellungen rund um die Kommunalpolitik, aktuelle Urteile und ihre Auswirkungen unter die Lupe und bringt die Sachverhalte f\u00fcr Sie &#8222;Auf den Punkt&#8220;!<\/p>\n<p>Direkt zum <a href=\"https:\/\/twitter.com\/VLK_AufdenPunkt\/status\/1080758663537676288\">Videoclip<\/a>!<\/p>\n\n\n<blockquote class=\"twitter-tweet\" data-lang=\"de\"><p lang=\"de\" dir=\"ltr\">Achtung \u203c\ufe0f Stadtverwaltungen und Kreisverwaltungen:<br \/><br \/>das Recht der <a href=\"https:\/\/twitter.com\/hashtag\/B%C3%BCrgerbegehren?src=hash&amp;ref_src=twsrc%5Etfw\">#B\u00fcrgerbegehren<\/a> hat sich zum 29.12.2018 auf Kreisebene ver\u00e4ndert. Nach \u00a723 KrO ist die <a href=\"https:\/\/twitter.com\/hashtag\/Vorpr%C3%BCfung?src=hash&amp;ref_src=twsrc%5Etfw\">#Vorpr\u00fcfung<\/a> m\u00f6glich. Die \u00c4nderung von \u00a726 GO kommt durch ein Redaktionsversehen des <a href=\"https:\/\/twitter.com\/Landtag_NRW?ref_src=twsrc%5Etfw\">@Landtag_NRW<\/a> erst 2020! <a href=\"https:\/\/twitter.com\/hashtag\/AufdenPunkt?src=hash&amp;ref_src=twsrc%5Etfw\">#AufdenPunkt<\/a> <a href=\"https:\/\/t.co\/owe1pgfMMU\">pic.twitter.com\/owe1pgfMMU<\/a><\/p>&mdash; Auf den Punkt | VLK NRW e.V. (@VLK_AufdenPunkt) <a href=\"https:\/\/twitter.com\/VLK_AufdenPunkt\/status\/1080758663537676288?ref_src=twsrc%5Etfw\">3. Januar 2019<\/a><\/blockquote>\n<script async src=\"https:\/\/platform.twitter.com\/widgets.js\" charset=\"utf-8\"><\/script>\n\n\n\n<blockquote class=\"wp-block-quote is-layout-flow wp-block-quote-is-layout-flow\"><p><strong>Vorpr\u00fcfung von B\u00fcrgerbegehren<\/strong><\/p><p>B\u00fcrgerbegehren waren in Nordrhein-Westfalen bis vor kurzem gleich organisiert. Die rechtlichen Rahmenbedingungen waren identisch, egal, ob es sich um ein B\u00fcrgerbegehren nach \u00a7 26 Gemeindeordnung oder um ein B\u00fcrgerbegehren nach \u00a7 23 der Kreisordnung handelte.<\/p><p>Das hat sich leider durch eine Panne des Gesetzgebers nun im letzten Jahr ge\u00e4ndert. Denn es sollte urspr\u00fcnglich ein Vorpr\u00fcfungsverfahren eingef\u00fchrt werden; das hei\u00dft, die B\u00fcrger sollten die M\u00f6glichkeit bekommen ihren eigenen Entwurf durch die Stadt oder durch den jeweiligen Kreis vorab auf die rechtliche Zul\u00e4ssigkeit pr\u00fcfen zu lassen.<\/p><p>Dieses Vorpr\u00fcfungsverfahren ist ein langgehegter Traum vieler B\u00fcrgerinitiativen gewesen und sollte eigentlich gleichzeitig in der Gemeindeordnung und der Kreisordnung in Kraft treten. Das ist durch ein Redationsversehen des Landtags leider nicht gelungen.<\/p><p>Wir haben deswegen seit dem 29. Dezember eine missliche Rechtslage. Denn in Gemeinden kann nach \u00a7 26 die Vorpr\u00fcfung von B\u00fcrgerbegehren nicht beantragt werden. Das wird erst 2020 der Fall sein. Auf Kreisebene kann nach \u00a7 23 der Kreisordnung nun eine Vorpr\u00fcfung des B\u00fcrgerbegehrens beantragt werden. Das ist sehr zu begr\u00fc\u00dfen, hat aber kaum praktische Relevanz, weil die B\u00fcrgerbegehren auf Kreisebene eben viel seltener sind.<\/p><p>Auf Gemeinden-, auf st\u00e4dtischer Ebene, da finden haupts\u00e4chlich B\u00fcrgerbegehren und B\u00fcrgerinitiativen statt. Der Landtag muss nun also entscheiden, ob er dieses Redaktionsversehen behebt, die Panne beseitigt und die Vorpr\u00fcfung auch f\u00fcr B\u00fcrgerbegehren in Gemeinden und St\u00e4dten schafft. Dazu m\u00fcsste er die \u00c4nderung von \u00a7 26 Gemeindeordnung jetzt in Kraft setzen und bitte nicht bis 2020 warten.<\/p><\/blockquote>\n","protected":false},"excerpt":{"rendered":"<p>Kommunalpolitiker sehen sich in ihrer t\u00e4glichen politischen Arbeit immer wieder mit rechtlichen Fragen konfrontiert. Gemeinsam mit Rechtsanwalt Robert Hotstegs nimmt die VLK NRW interessante rechtliche Fragenstellungen rund um die Kommunalpolitik, aktuelle Urteile und ihre Auswirkungen unter die Lupe und bringt die Sachverhalte f\u00fcr Sie &#8222;Auf den Punkt&#8220;! Direkt zum Videoclip! Achtung \u203c\ufe0f Stadtverwaltungen und Kreisverwaltungen: &hellip; <\/p>\n<p class=\"link-more\"><a href=\"https:\/\/www.hotstegs-recht.de\/?p=7071\" class=\"more-link\"><span class=\"screen-reader-text\">\u201eVideoclip &#8222;Auf den Punkt&#8220;: Vorpr\u00fcfung von B\u00fcrgerbegehren\u201c <\/span>weiterlesen<\/a><\/p>\n","protected":false},"author":1,"featured_media":5085,"comment_status":"open","ping_status":"open","sticky":false,"template":"","format":"standard","meta":{"footnotes":""},"categories":[4,9,16,47],"tags":[40,59],"class_list":["post-7071","post","type-post","status-publish","format-standard","has-post-thumbnail","hentry","category-aktuelles","category-presse","category-burgerbeteiligung","category-wahlrecht","tag-video","tag-auf-den-punkt"],"yoast_head":"<!-- This site is optimized with the Yoast SEO plugin v27.5 - https:\/\/yoast.com\/product\/yoast-seo-wordpress\/ -->\n<title>Videoclip &quot;Auf den Punkt&quot;: Vorpr\u00fcfung von B\u00fcrgerbegehren - Hotstegs Rechtsanwaltsgesellschaft | Rechtsanw\u00e4lt:innen und Fachanw\u00e4lt:innen f\u00fcr Verwaltungsrecht<\/title>\n<meta name=\"description\" content=\"- Termine unter Tel. 0211 \/ 497657-16\" \/>\n<meta name=\"robots\" content=\"index, follow, max-snippet:-1, max-image-preview:large, max-video-preview:-1\" \/>\n<link rel=\"canonical\" href=\"https:\/\/www.hotstegs-recht.de\/?p=7071\" \/>\n<meta property=\"og:locale\" content=\"de_DE\" \/>\n<meta property=\"og:type\" content=\"article\" \/>\n<meta property=\"og:title\" content=\"Videoclip &quot;Auf den Punkt&quot;: Vorpr\u00fcfung von B\u00fcrgerbegehren - Hotstegs Rechtsanwaltsgesellschaft | Rechtsanw\u00e4lt:innen und Fachanw\u00e4lt:innen f\u00fcr Verwaltungsrecht\" \/>\n<meta property=\"og:description\" content=\"- Termine unter Tel. 0211 \/ 497657-16\" \/>\n<meta property=\"og:url\" content=\"https:\/\/www.hotstegs-recht.de\/?p=7071\" \/>\n<meta property=\"og:site_name\" content=\"Hotstegs Rechtsanwaltsgesellschaft | Rechtsanw\u00e4lt:innen und Fachanw\u00e4lt:innen f\u00fcr Verwaltungsrecht\" \/>\n<meta property=\"article:publisher\" content=\"https:\/\/www.facebook.com\/hotstegs.recht\" \/>\n<meta property=\"article:published_time\" content=\"2019-03-08T14:52:37+00:00\" \/>\n<meta property=\"article:modified_time\" content=\"2019-03-08T14:52:39+00:00\" \/>\n<meta property=\"og:image\" content=\"https:\/\/www.hotstegs-recht.de\/wp-content\/uploads\/2016\/11\/slider22_2500_1200.jpg\" \/>\n\t<meta property=\"og:image:width\" content=\"2500\" \/>\n\t<meta property=\"og:image:height\" content=\"1200\" \/>\n\t<meta property=\"og:image:type\" content=\"image\/jpeg\" \/>\n<meta name=\"author\" content=\"Robert Hotstegs\" \/>\n<meta name=\"twitter:card\" content=\"summary_large_image\" \/>\n<meta name=\"twitter:creator\" content=\"@hotstegs_recht\" \/>\n<meta name=\"twitter:site\" content=\"@hotstegs_recht\" \/>\n<meta name=\"twitter:label1\" content=\"Verfasst von\" \/>\n\t<meta name=\"twitter:data1\" content=\"Robert Hotstegs\" \/>\n\t<meta name=\"twitter:label2\" content=\"Gesch\u00e4tzte Lesezeit\" \/>\n\t<meta name=\"twitter:data2\" content=\"2\u00a0Minuten\" \/>\n<!-- \/ Yoast SEO plugin. -->","yoast_head_json":{"title":"Videoclip \"Auf den Punkt\": Vorpr\u00fcfung von B\u00fcrgerbegehren - Hotstegs Rechtsanwaltsgesellschaft | Rechtsanw\u00e4lt:innen und Fachanw\u00e4lt:innen f\u00fcr Verwaltungsrecht","description":"- Termine unter Tel. 0211 \/ 497657-16","robots":{"index":"index","follow":"follow","max-snippet":"max-snippet:-1","max-image-preview":"max-image-preview:large","max-video-preview":"max-video-preview:-1"},"canonical":"https:\/\/www.hotstegs-recht.de\/?p=7071","og_locale":"de_DE","og_type":"article","og_title":"Videoclip \"Auf den Punkt\": Vorpr\u00fcfung von B\u00fcrgerbegehren - Hotstegs Rechtsanwaltsgesellschaft | Rechtsanw\u00e4lt:innen und Fachanw\u00e4lt:innen f\u00fcr Verwaltungsrecht","og_description":"- Termine unter Tel. 0211 \/ 497657-16","og_url":"https:\/\/www.hotstegs-recht.de\/?p=7071","og_site_name":"Hotstegs Rechtsanwaltsgesellschaft | Rechtsanw\u00e4lt:innen und Fachanw\u00e4lt:innen f\u00fcr Verwaltungsrecht","article_publisher":"https:\/\/www.facebook.com\/hotstegs.recht","article_published_time":"2019-03-08T14:52:37+00:00","article_modified_time":"2019-03-08T14:52:39+00:00","og_image":[{"width":2500,"height":1200,"url":"https:\/\/www.hotstegs-recht.de\/wp-content\/uploads\/2016\/11\/slider22_2500_1200.jpg","type":"image\/jpeg"}],"author":"Robert Hotstegs","twitter_card":"summary_large_image","twitter_creator":"@hotstegs_recht","twitter_site":"@hotstegs_recht","twitter_misc":{"Verfasst von":"Robert Hotstegs","Gesch\u00e4tzte Lesezeit":"2\u00a0Minuten"},"schema":{"@context":"https:\/\/schema.org","@graph":[{"@type":"Article","@id":"https:\/\/www.hotstegs-recht.de\/?p=7071#article","isPartOf":{"@id":"https:\/\/www.hotstegs-recht.de\/?p=7071"},"author":{"name":"Robert Hotstegs","@id":"https:\/\/www.hotstegs-recht.de\/#\/schema\/person\/b5290b51a91e1e27ec6af13643a76ab0"},"headline":"Videoclip &#8222;Auf den Punkt&#8220;: Vorpr\u00fcfung von B\u00fcrgerbegehren","datePublished":"2019-03-08T14:52:37+00:00","dateModified":"2019-03-08T14:52:39+00:00","mainEntityOfPage":{"@id":"https:\/\/www.hotstegs-recht.de\/?p=7071"},"wordCount":372,"commentCount":0,"publisher":{"@id":"https:\/\/www.hotstegs-recht.de\/#organization"},"image":{"@id":"https:\/\/www.hotstegs-recht.de\/?p=7071#primaryimage"},"thumbnailUrl":"https:\/\/www.hotstegs-recht.de\/wp-content\/uploads\/2016\/11\/slider22_2500_1200.jpg","keywords":["Video","Auf den Punkt"],"articleSection":["Aktuelles","Presse","B\u00fcrgerbeteiligung","Wahlrecht"],"inLanguage":"de","potentialAction":[{"@type":"CommentAction","name":"Comment","target":["https:\/\/www.hotstegs-recht.de\/?p=7071#respond"]}]},{"@type":"WebPage","@id":"https:\/\/www.hotstegs-recht.de\/?p=7071","url":"https:\/\/www.hotstegs-recht.de\/?p=7071","name":"Videoclip \"Auf den Punkt\": Vorpr\u00fcfung von B\u00fcrgerbegehren - Hotstegs Rechtsanwaltsgesellschaft | Rechtsanw\u00e4lt:innen und Fachanw\u00e4lt:innen f\u00fcr Verwaltungsrecht","isPartOf":{"@id":"https:\/\/www.hotstegs-recht.de\/#website"},"primaryImageOfPage":{"@id":"https:\/\/www.hotstegs-recht.de\/?p=7071#primaryimage"},"image":{"@id":"https:\/\/www.hotstegs-recht.de\/?p=7071#primaryimage"},"thumbnailUrl":"https:\/\/www.hotstegs-recht.de\/wp-content\/uploads\/2016\/11\/slider22_2500_1200.jpg","datePublished":"2019-03-08T14:52:37+00:00","dateModified":"2019-03-08T14:52:39+00:00","description":"- Termine unter Tel. 0211 \/ 497657-16","breadcrumb":{"@id":"https:\/\/www.hotstegs-recht.de\/?p=7071#breadcrumb"},"inLanguage":"de","potentialAction":[{"@type":"ReadAction","target":["https:\/\/www.hotstegs-recht.de\/?p=7071"]}]},{"@type":"ImageObject","inLanguage":"de","@id":"https:\/\/www.hotstegs-recht.de\/?p=7071#primaryimage","url":"https:\/\/www.hotstegs-recht.de\/wp-content\/uploads\/2016\/11\/slider22_2500_1200.jpg","contentUrl":"https:\/\/www.hotstegs-recht.de\/wp-content\/uploads\/2016\/11\/slider22_2500_1200.jpg","width":2500,"height":1200},{"@type":"BreadcrumbList","@id":"https:\/\/www.hotstegs-recht.de\/?p=7071#breadcrumb","itemListElement":[{"@type":"ListItem","position":1,"name":"Startseite","item":"https:\/\/www.hotstegs-recht.de\/"},{"@type":"ListItem","position":2,"name":"Videoclip &#8222;Auf den Punkt&#8220;: Vorpr\u00fcfung von B\u00fcrgerbegehren"}]},{"@type":"WebSite","@id":"https:\/\/www.hotstegs-recht.de\/#website","url":"https:\/\/www.hotstegs-recht.de\/","name":"Hotstegs Rechtsanwaltsgesellschaft | Rechtsanw\u00e4lt:innen und Fachanw\u00e4lt:innen f\u00fcr Verwaltungsrecht","description":"\u00f6ffentliches Dienstrecht und Disziplinarverfahren | Rechtsanwalt Robert Hotstegs | Rechtsanw\u00e4ltin Sarah Nu\u00dfbaum | Rechtsanw\u00e4ltin Katharina Voigt","publisher":{"@id":"https:\/\/www.hotstegs-recht.de\/#organization"},"potentialAction":[{"@type":"SearchAction","target":{"@type":"EntryPoint","urlTemplate":"https:\/\/www.hotstegs-recht.de\/?s={search_term_string}"},"query-input":{"@type":"PropertyValueSpecification","valueRequired":true,"valueName":"search_term_string"}}],"inLanguage":"de"},{"@type":"Organization","@id":"https:\/\/www.hotstegs-recht.de\/#organization","name":"Hotstegs Rechtsanwaltsgesellschaft","url":"https:\/\/www.hotstegs-recht.de\/","logo":{"@type":"ImageObject","inLanguage":"de","@id":"https:\/\/www.hotstegs-recht.de\/#\/schema\/logo\/image\/","url":"https:\/\/www.hotstegs-recht.de\/wp-content\/uploads\/2021\/09\/logo_2020.png","contentUrl":"https:\/\/www.hotstegs-recht.de\/wp-content\/uploads\/2021\/09\/logo_2020.png","width":180,"height":51,"caption":"Hotstegs Rechtsanwaltsgesellschaft"},"image":{"@id":"https:\/\/www.hotstegs-recht.de\/#\/schema\/logo\/image\/"},"sameAs":["https:\/\/www.facebook.com\/hotstegs.recht","https:\/\/x.com\/hotstegs_recht","https:\/\/www.instagram.com\/hotstegs.recht","https:\/\/de.linkedin.com\/company\/hotstegs-recht"]},{"@type":"Person","@id":"https:\/\/www.hotstegs-recht.de\/#\/schema\/person\/b5290b51a91e1e27ec6af13643a76ab0","name":"Robert Hotstegs","image":{"@type":"ImageObject","inLanguage":"de","@id":"https:\/\/secure.gravatar.com\/avatar\/7d923d735cd88c8f3b65c6506ab775c5eb23a82716d81ce74eb3951cb8430f5a?s=96&d=blank&r=g","url":"https:\/\/secure.gravatar.com\/avatar\/7d923d735cd88c8f3b65c6506ab775c5eb23a82716d81ce74eb3951cb8430f5a?s=96&d=blank&r=g","contentUrl":"https:\/\/secure.gravatar.com\/avatar\/7d923d735cd88c8f3b65c6506ab775c5eb23a82716d81ce74eb3951cb8430f5a?s=96&d=blank&r=g","caption":"Robert Hotstegs"},"description":"Rechtsanwalt, Fachanwalt f\u00fcr Verwaltungsrecht","url":"https:\/\/www.hotstegs-recht.de\/?author=1"}]}},"amp_enabled":true,"_links":{"self":[{"href":"https:\/\/www.hotstegs-recht.de\/index.php?rest_route=\/wp\/v2\/posts\/7071","targetHints":{"allow":["GET"]}}],"collection":[{"href":"https:\/\/www.hotstegs-recht.de\/index.php?rest_route=\/wp\/v2\/posts"}],"about":[{"href":"https:\/\/www.hotstegs-recht.de\/index.php?rest_route=\/wp\/v2\/types\/post"}],"author":[{"embeddable":true,"href":"https:\/\/www.hotstegs-recht.de\/index.php?rest_route=\/wp\/v2\/users\/1"}],"replies":[{"embeddable":true,"href":"https:\/\/www.hotstegs-recht.de\/index.php?rest_route=%2Fwp%2Fv2%2Fcomments&post=7071"}],"version-history":[{"count":3,"href":"https:\/\/www.hotstegs-recht.de\/index.php?rest_route=\/wp\/v2\/posts\/7071\/revisions"}],"predecessor-version":[{"id":7079,"href":"https:\/\/www.hotstegs-recht.de\/index.php?rest_route=\/wp\/v2\/posts\/7071\/revisions\/7079"}],"wp:featuredmedia":[{"embeddable":true,"href":"https:\/\/www.hotstegs-recht.de\/index.php?rest_route=\/wp\/v2\/media\/5085"}],"wp:attachment":[{"href":"https:\/\/www.hotstegs-recht.de\/index.php?rest_route=%2Fwp%2Fv2%2Fmedia&parent=7071"}],"wp:term":[{"taxonomy":"category","embeddable":true,"href":"https:\/\/www.hotstegs-recht.de\/index.php?rest_route=%2Fwp%2Fv2%2Fcategories&post=7071"},{"taxonomy":"post_tag","embeddable":true,"href":"https:\/\/www.hotstegs-recht.de\/index.php?rest_route=%2Fwp%2Fv2%2Ftags&post=7071"}],"curies":[{"name":"wp","href":"https:\/\/api.w.org\/{rel}","templated":true}]}}