{"id":6653,"date":"2018-10-01T19:29:19","date_gmt":"2018-10-01T17:29:19","guid":{"rendered":"https:\/\/www.hotstegs-recht.de\/?p=6653"},"modified":"2018-10-01T19:29:19","modified_gmt":"2018-10-01T17:29:19","slug":"inklusion-initiative-setzt-sich-fuer-hueckeswagener-ein-remscheider-general-anzeiger-v-01-10-2018","status":"publish","type":"post","link":"https:\/\/www.hotstegs-recht.de\/?p=6653","title":{"rendered":"Inklusion | Initiative setzt sich f\u00fcr H\u00fcckeswagener ein, Remscheider General-Anzeiger v. 01.10.2018"},"content":{"rendered":"<p><strong>Zum 15-j\u00e4hrigen Bestehen des Vereins \u201eFreie aktive B\u00fcrger\u201c gab es einen Festakt.<\/strong><\/p>\n<p>Von Heike Karsten<\/p>\n<p>Die Botschaft \u201eWer sich nicht bewegt, kann nichts bewegen\u201c war deutlich. Vor genau 15 Jahren gr\u00fcndete sich der politisch engagierte Verein \u201eFreie aktive B\u00fcrger\u201c (FaB) und bringt sich seitdem in die Entscheidungen des Rats f\u00fcr die Stadt H\u00fcckeswagen ein. Aus diesem Anlass lud die FaB, mit der Vorsitzenden Brigitte Thiel zu einer Feier ins Heimatmuseum ein.<!--more--><\/p>\n<p>\u201eHeute hat sich die Zahl der Mitglieder verdoppelt, worauf wir sehr stolz sind\u201c, sagte Thiel. Die Inklusion liegt der FaB bis heute besonders am Herzen. Ralf Thiel betonte: \u201eDer gr\u00f6\u00dfte Erfolg liegt darin, die B\u00fcrger verst\u00e4rkt einzubeziehen, so dass die Politik darauf reagieren muss und nicht mehr dar\u00fcber hinwegsehen kann.\u201c<\/p>\n<p>F\u00fcnf Anst\u00f6\u00dfe f\u00fcr eine st\u00e4rkere B\u00fcrgerbeteiligung lieferte auch Gastredner und Jurist Robert Hotstegs aus Kaarst. Unter dem schweizerdeutschen Titel \u201eDs Wort isch frii\u201c stellte er unter anderem die demokratische Besonderheit im Schweizer Kanton Glaros vor.<\/p>\n<p>Die FaB bietet B\u00fcrgern die Gelegenheit, sich aktiv in die Politik einzubringen. So ist auch Oliver Junginger Mitglied geworden. Zweimal hat er sich in H\u00fcckeswagen f\u00fcr eine B\u00fcrgerinitiative engagiert. \u201eMeine Hoffnung f\u00fcr die Zukunft ist, dass wir es schaffen, den B\u00fcrgerwillen nach vorne zu setzen, damit die Politik nicht am B\u00fcrger vorbei gestaltet wird\u201c, betonte er. Ralf Thiel, der sich aus gesundheitlichen Gr\u00fcnden aus der Ratsarbeit zur\u00fcckgezogen hat, rief die H\u00fcckeswagener ebenfalls dazu auf, aktiv zu werden: \u201eIch kann nur jedem B\u00fcrger empfehlen: Informiert euch und seid kritisch.\u201c<\/p>\n<p><strong>Thiels gelten unter anderem als Mitbegr\u00fcnder der Jugendfeuerwehr<\/strong><\/p>\n<p>Die Familie Thiel hat das getan. Sie gilt unter anderem als Mitbegr\u00fcnder und Ideengeber der H\u00fcckeswagener Jugend-Feuerwehr und des Jugendzentrums. Dass politisches Engagement nicht immer leicht und auch nicht immer von Erfolg gekr\u00f6nt ist, haben auch die FaB-Mitglieder erfahren m\u00fcssen. Ralf Thiel bleibt dennoch optimistisch: \u201eIm Bergischen braucht man einen dicken Nacken \u2013 und den habe ich.\u201c<\/p>\n<p>F\u00fcr den musikalischen Rahmen w\u00e4hrend der Feierlichkeiten sorgten Ella Rygol und Michael Tschernysch von der Musikschule sowie Andreas Figaj an der Gitarre.<\/p>\n","protected":false},"excerpt":{"rendered":"<p>Zum 15-j\u00e4hrigen Bestehen des Vereins \u201eFreie aktive B\u00fcrger\u201c gab es einen Festakt. Von Heike Karsten Die Botschaft \u201eWer sich nicht bewegt, kann nichts bewegen\u201c war deutlich. Vor genau 15 Jahren gr\u00fcndete sich der politisch engagierte Verein \u201eFreie aktive B\u00fcrger\u201c (FaB) und bringt sich seitdem in die Entscheidungen des Rats f\u00fcr die Stadt H\u00fcckeswagen ein. Aus &hellip; <\/p>\n<p class=\"link-more\"><a href=\"https:\/\/www.hotstegs-recht.de\/?p=6653\" class=\"more-link\"><span class=\"screen-reader-text\">\u201eInklusion | Initiative setzt sich f\u00fcr H\u00fcckeswagener ein, Remscheider General-Anzeiger v. 01.10.2018\u201c <\/span>weiterlesen<\/a><\/p>\n","protected":false},"author":4,"featured_media":0,"comment_status":"open","ping_status":"open","sticky":false,"template":"","format":"standard","meta":{"footnotes":""},"categories":[4,9,16],"tags":[80],"class_list":["post-6653","post","type-post","status-publish","format-standard","hentry","category-aktuelles","category-presse","category-burgerbeteiligung","tag-mehr-demokratie"],"yoast_head":"<!-- This site is optimized with the Yoast SEO plugin v27.5 - https:\/\/yoast.com\/product\/yoast-seo-wordpress\/ -->\n<title>Inklusion | Initiative setzt sich f\u00fcr H\u00fcckeswagener ein, Remscheider General-Anzeiger v. 01.10.2018 - Hotstegs Rechtsanwaltsgesellschaft | Rechtsanw\u00e4lt:innen und Fachanw\u00e4lt:innen f\u00fcr Verwaltungsrecht<\/title>\n<meta name=\"description\" content=\"- Termine unter Tel. 0211 \/ 497657-16\" \/>\n<meta name=\"robots\" content=\"index, follow, max-snippet:-1, max-image-preview:large, max-video-preview:-1\" \/>\n<link rel=\"canonical\" href=\"https:\/\/www.hotstegs-recht.de\/?p=6653\" \/>\n<meta property=\"og:locale\" content=\"de_DE\" \/>\n<meta property=\"og:type\" content=\"article\" \/>\n<meta property=\"og:title\" content=\"Inklusion | Initiative setzt sich f\u00fcr H\u00fcckeswagener ein, Remscheider General-Anzeiger v. 01.10.2018 - Hotstegs Rechtsanwaltsgesellschaft | Rechtsanw\u00e4lt:innen und Fachanw\u00e4lt:innen f\u00fcr Verwaltungsrecht\" \/>\n<meta property=\"og:description\" content=\"- Termine unter Tel. 0211 \/ 497657-16\" \/>\n<meta property=\"og:url\" content=\"https:\/\/www.hotstegs-recht.de\/?p=6653\" \/>\n<meta property=\"og:site_name\" content=\"Hotstegs Rechtsanwaltsgesellschaft | Rechtsanw\u00e4lt:innen und Fachanw\u00e4lt:innen f\u00fcr Verwaltungsrecht\" \/>\n<meta property=\"article:publisher\" content=\"https:\/\/www.facebook.com\/hotstegs.recht\" \/>\n<meta property=\"article:published_time\" content=\"2018-10-01T17:29:19+00:00\" \/>\n<meta name=\"author\" content=\"Mitarbeiter:in\" \/>\n<meta name=\"twitter:card\" content=\"summary_large_image\" \/>\n<meta name=\"twitter:creator\" content=\"@hotstegs_recht\" \/>\n<meta name=\"twitter:site\" content=\"@hotstegs_recht\" \/>\n<meta name=\"twitter:label1\" content=\"Verfasst von\" \/>\n\t<meta name=\"twitter:data1\" content=\"Mitarbeiter:in\" \/>\n\t<meta name=\"twitter:label2\" content=\"Gesch\u00e4tzte Lesezeit\" \/>\n\t<meta name=\"twitter:data2\" content=\"2\u00a0Minuten\" \/>\n<!-- \/ Yoast SEO plugin. -->","yoast_head_json":{"title":"Inklusion | Initiative setzt sich f\u00fcr H\u00fcckeswagener ein, Remscheider General-Anzeiger v. 01.10.2018 - Hotstegs Rechtsanwaltsgesellschaft | Rechtsanw\u00e4lt:innen und Fachanw\u00e4lt:innen f\u00fcr Verwaltungsrecht","description":"- Termine unter Tel. 0211 \/ 497657-16","robots":{"index":"index","follow":"follow","max-snippet":"max-snippet:-1","max-image-preview":"max-image-preview:large","max-video-preview":"max-video-preview:-1"},"canonical":"https:\/\/www.hotstegs-recht.de\/?p=6653","og_locale":"de_DE","og_type":"article","og_title":"Inklusion | Initiative setzt sich f\u00fcr H\u00fcckeswagener ein, Remscheider General-Anzeiger v. 01.10.2018 - Hotstegs Rechtsanwaltsgesellschaft | Rechtsanw\u00e4lt:innen und Fachanw\u00e4lt:innen f\u00fcr Verwaltungsrecht","og_description":"- Termine unter Tel. 0211 \/ 497657-16","og_url":"https:\/\/www.hotstegs-recht.de\/?p=6653","og_site_name":"Hotstegs Rechtsanwaltsgesellschaft | Rechtsanw\u00e4lt:innen und Fachanw\u00e4lt:innen f\u00fcr Verwaltungsrecht","article_publisher":"https:\/\/www.facebook.com\/hotstegs.recht","article_published_time":"2018-10-01T17:29:19+00:00","author":"Mitarbeiter:in","twitter_card":"summary_large_image","twitter_creator":"@hotstegs_recht","twitter_site":"@hotstegs_recht","twitter_misc":{"Verfasst von":"Mitarbeiter:in","Gesch\u00e4tzte Lesezeit":"2\u00a0Minuten"},"schema":{"@context":"https:\/\/schema.org","@graph":[{"@type":"Article","@id":"https:\/\/www.hotstegs-recht.de\/?p=6653#article","isPartOf":{"@id":"https:\/\/www.hotstegs-recht.de\/?p=6653"},"author":{"name":"Mitarbeiter:in","@id":"https:\/\/www.hotstegs-recht.de\/#\/schema\/person\/18c7a8260c2d9ded2b8308feab0990a2"},"headline":"Inklusion | Initiative setzt sich f\u00fcr H\u00fcckeswagener ein, Remscheider General-Anzeiger v. 01.10.2018","datePublished":"2018-10-01T17:29:19+00:00","mainEntityOfPage":{"@id":"https:\/\/www.hotstegs-recht.de\/?p=6653"},"wordCount":374,"commentCount":0,"publisher":{"@id":"https:\/\/www.hotstegs-recht.de\/#organization"},"keywords":["Mehr Demokratie e.V."],"articleSection":["Aktuelles","Presse","B\u00fcrgerbeteiligung"],"inLanguage":"de","potentialAction":[{"@type":"CommentAction","name":"Comment","target":["https:\/\/www.hotstegs-recht.de\/?p=6653#respond"]}]},{"@type":"WebPage","@id":"https:\/\/www.hotstegs-recht.de\/?p=6653","url":"https:\/\/www.hotstegs-recht.de\/?p=6653","name":"Inklusion | Initiative setzt sich f\u00fcr H\u00fcckeswagener ein, Remscheider General-Anzeiger v. 01.10.2018 - Hotstegs Rechtsanwaltsgesellschaft | Rechtsanw\u00e4lt:innen und Fachanw\u00e4lt:innen f\u00fcr Verwaltungsrecht","isPartOf":{"@id":"https:\/\/www.hotstegs-recht.de\/#website"},"datePublished":"2018-10-01T17:29:19+00:00","description":"- Termine unter Tel. 0211 \/ 497657-16","breadcrumb":{"@id":"https:\/\/www.hotstegs-recht.de\/?p=6653#breadcrumb"},"inLanguage":"de","potentialAction":[{"@type":"ReadAction","target":["https:\/\/www.hotstegs-recht.de\/?p=6653"]}]},{"@type":"BreadcrumbList","@id":"https:\/\/www.hotstegs-recht.de\/?p=6653#breadcrumb","itemListElement":[{"@type":"ListItem","position":1,"name":"Startseite","item":"https:\/\/www.hotstegs-recht.de\/"},{"@type":"ListItem","position":2,"name":"Inklusion | Initiative setzt sich f\u00fcr H\u00fcckeswagener ein, Remscheider General-Anzeiger v. 01.10.2018"}]},{"@type":"WebSite","@id":"https:\/\/www.hotstegs-recht.de\/#website","url":"https:\/\/www.hotstegs-recht.de\/","name":"Hotstegs Rechtsanwaltsgesellschaft | Rechtsanw\u00e4lt:innen und Fachanw\u00e4lt:innen f\u00fcr Verwaltungsrecht","description":"\u00f6ffentliches Dienstrecht und Disziplinarverfahren | Rechtsanwalt Robert Hotstegs | Rechtsanw\u00e4ltin Sarah Nu\u00dfbaum | Rechtsanw\u00e4ltin Katharina Voigt","publisher":{"@id":"https:\/\/www.hotstegs-recht.de\/#organization"},"potentialAction":[{"@type":"SearchAction","target":{"@type":"EntryPoint","urlTemplate":"https:\/\/www.hotstegs-recht.de\/?s={search_term_string}"},"query-input":{"@type":"PropertyValueSpecification","valueRequired":true,"valueName":"search_term_string"}}],"inLanguage":"de"},{"@type":"Organization","@id":"https:\/\/www.hotstegs-recht.de\/#organization","name":"Hotstegs Rechtsanwaltsgesellschaft","url":"https:\/\/www.hotstegs-recht.de\/","logo":{"@type":"ImageObject","inLanguage":"de","@id":"https:\/\/www.hotstegs-recht.de\/#\/schema\/logo\/image\/","url":"https:\/\/www.hotstegs-recht.de\/wp-content\/uploads\/2021\/09\/logo_2020.png","contentUrl":"https:\/\/www.hotstegs-recht.de\/wp-content\/uploads\/2021\/09\/logo_2020.png","width":180,"height":51,"caption":"Hotstegs Rechtsanwaltsgesellschaft"},"image":{"@id":"https:\/\/www.hotstegs-recht.de\/#\/schema\/logo\/image\/"},"sameAs":["https:\/\/www.facebook.com\/hotstegs.recht","https:\/\/x.com\/hotstegs_recht","https:\/\/www.instagram.com\/hotstegs.recht","https:\/\/de.linkedin.com\/company\/hotstegs-recht"]},{"@type":"Person","@id":"https:\/\/www.hotstegs-recht.de\/#\/schema\/person\/18c7a8260c2d9ded2b8308feab0990a2","name":"Mitarbeiter:in","image":{"@type":"ImageObject","inLanguage":"de","@id":"https:\/\/secure.gravatar.com\/avatar\/ff927e44276052255fa51b438cd49d6bee71e07c0621a998717cee201e5d2fff?s=96&d=blank&r=g","url":"https:\/\/secure.gravatar.com\/avatar\/ff927e44276052255fa51b438cd49d6bee71e07c0621a998717cee201e5d2fff?s=96&d=blank&r=g","contentUrl":"https:\/\/secure.gravatar.com\/avatar\/ff927e44276052255fa51b438cd49d6bee71e07c0621a998717cee201e5d2fff?s=96&d=blank&r=g","caption":"Mitarbeiter:in"},"url":"https:\/\/www.hotstegs-recht.de\/?author=4"}]}},"amp_enabled":true,"_links":{"self":[{"href":"https:\/\/www.hotstegs-recht.de\/index.php?rest_route=\/wp\/v2\/posts\/6653","targetHints":{"allow":["GET"]}}],"collection":[{"href":"https:\/\/www.hotstegs-recht.de\/index.php?rest_route=\/wp\/v2\/posts"}],"about":[{"href":"https:\/\/www.hotstegs-recht.de\/index.php?rest_route=\/wp\/v2\/types\/post"}],"author":[{"embeddable":true,"href":"https:\/\/www.hotstegs-recht.de\/index.php?rest_route=\/wp\/v2\/users\/4"}],"replies":[{"embeddable":true,"href":"https:\/\/www.hotstegs-recht.de\/index.php?rest_route=%2Fwp%2Fv2%2Fcomments&post=6653"}],"version-history":[{"count":2,"href":"https:\/\/www.hotstegs-recht.de\/index.php?rest_route=\/wp\/v2\/posts\/6653\/revisions"}],"predecessor-version":[{"id":6655,"href":"https:\/\/www.hotstegs-recht.de\/index.php?rest_route=\/wp\/v2\/posts\/6653\/revisions\/6655"}],"wp:attachment":[{"href":"https:\/\/www.hotstegs-recht.de\/index.php?rest_route=%2Fwp%2Fv2%2Fmedia&parent=6653"}],"wp:term":[{"taxonomy":"category","embeddable":true,"href":"https:\/\/www.hotstegs-recht.de\/index.php?rest_route=%2Fwp%2Fv2%2Fcategories&post=6653"},{"taxonomy":"post_tag","embeddable":true,"href":"https:\/\/www.hotstegs-recht.de\/index.php?rest_route=%2Fwp%2Fv2%2Ftags&post=6653"}],"curies":[{"name":"wp","href":"https:\/\/api.w.org\/{rel}","templated":true}]}}