{"id":6649,"date":"2018-10-01T19:25:29","date_gmt":"2018-10-01T17:25:29","guid":{"rendered":"https:\/\/www.hotstegs-recht.de\/?p=6649"},"modified":"2018-10-01T19:37:06","modified_gmt":"2018-10-01T17:37:06","slug":"feierstunde-auf-dem-schlossberg-seit-15-jahren-im-namen-der-buerger-aktiv-rheinische-post-v-01-10-2018","status":"publish","type":"post","link":"https:\/\/www.hotstegs-recht.de\/?p=6649","title":{"rendered":"Feierstunde auf dem Schlossberg: Seit 15 Jahren im Namen der B\u00fcrger aktiv, Rheinische Post v. 01.10.2018"},"content":{"rendered":"<p><strong>H\u00fcckeswagen. Zum 15-j\u00e4hrigen Bestehen des Vereins &#8222;Freie aktive B\u00fcrger&#8220; gab es einen Festakt im Heimatmuseum. Die FaB sieht sich Sprachrohr der B\u00fcrger im Stadtrat und engagiert sich besonders in den Bereichen Inklusion und Barrierefreiheit.<\/strong><\/p>\n<p>Die Botschaft &#8222;Wer sich nicht bewegt, kann nichts bewegen!&#8220; war deutlich. Vor genau 15 Jahren gr\u00fcndete sich der politisch engagierte Verein &#8222;Freie aktive B\u00fcrger&#8220; (FaB) und bringt sich seitdem in die Entscheidungen des Rats f\u00fcr die Stadt H\u00fcckeswagen ein. Aus diesem Anlass lud die FaB, mit der Vorsitzenden Brigitte Thiel, am Samstagvormittag zu einer Feier ins Heimatmuseum ein. &#8222;Dass wir 15 Jahre in einem politischen Gremium durchgehalten haben, ist eine Feier wert&#8220;, sagte Thiel bei der Begr\u00fc\u00dfung der rund 40 G\u00e4ste.<!--more--><\/p>\n<p>1994 kam Brigitte Thiel erstmals in Ber\u00fchrung mit der Politik. Sie schloss sich mit ihrem Ehemann Ralf Thiel zun\u00e4chst der Unabh\u00e4ngigen W\u00e4hlergemeinschaft (UWG) an, gr\u00fcndete sp\u00e4ter jedoch mit insgesamt 14 Gleichgesinnten den Verein der Freien aktiven B\u00fcrger. Als der damalige Amtsleiter der Stadt nach dem Namen des Vereins fragte, sagte Thiel: &#8222;Wir sind freie, aktive B\u00fcrger&#8220;. Seitdem ist der Name Programm.<\/p>\n<p style=\"padding-left: 30px;\"><strong>INFO<\/strong><\/p>\n<p style=\"padding-left: 30px;\"><strong>Verein f\u00fcr mehr Demokratie in NRW<\/strong><\/p>\n<p style=\"padding-left: 30px;\"><strong>Gastredner<\/strong> Robert Hotstegs war bis zum Jahr 2014 Mitglied im Landesverband des Vereins *Mehr Demokratie Nordrhein-Westfalen.<\/p>\n<p style=\"padding-left: 30px;\"><strong>Beratung<\/strong> Der Verein steht bei B\u00fcrgerbegeheren beratend zur Seite, so auch in H\u00fcckeswagen beim B\u00fcrgerbegehren f\u00fcr den Neubau der L\u00f6wengrundschule und den Erhalt des Realschul-Standorts<\/p>\n<p>&#8222;Heute hat sich die Zahl der Mitglieder verdoppelt, worauf wir sehr stolz sind&#8220;, sagte Thiel. Die Inklusion liegt der FaB bis heute besonders am Herzen. Viele Ideen hat der Verein in den Stadtrat mit eingebracht &#8211; teilweise mit Erfolg. Ralf Thiel betonte: &#8222;Der gr\u00f6\u00dfte Erfolg liegt darin, die B\u00fcrger verst\u00e4rkt einzubeziehen, so dass die Politik darauf reagieren muss und nicht mehr dar\u00fcber hinwegsehen kann.&#8220;<\/p>\n<p>F\u00fcnf Anst\u00f6\u00dfe f\u00fcr eine st\u00e4rkere B\u00fcrgerbeteiligung lieferte auch Gastredner und Jurist Robert Hotstegs aus Kaarst. Unter dem schweizerdeutschen Titel &#8222;Ds Wort isch frii&#8220; stellte er unter anderem die demokratische Besonderheit im Schweizer Kanton Glaros vor. Einmal im Jahr gibt es dort eine \u00f6ffentliche Versammlung der Einwohner auf dem Landesgemeindeplatz. Jeder stimmberechtigte Teilnehmer ab 16 Jahren hat das Recht zu den Sachvorlagen Antr\u00e4ge auf Unterst\u00fctzung, Ab\u00e4nderung, Ablehnung, Verschiebung oder R\u00fcckweisung zu stellen. Am Schluss wird abgestimmt. &#8222;Das ist die Urform der Demokratie und sie funktioniert, wenn man darin ge\u00fcbt ist&#8220;, sagte Hotstegs.<\/p>\n<p>Die FaB bietet B\u00fcrgern die Gelegenheit, sich aktiv in die Politik einzubringen. So ist auch Oliver Junginger Mitglied geworden. Zweimal hat er sich in H\u00fcckeswagen f\u00fcr eine B\u00fcrgerinitiative engagiert. &#8222;Meine Hoffnung f\u00fcr die Zukunft ist, dass wir die B\u00fcrger mitnehmen k\u00f6nnen und dass wir es schaffen, den B\u00fcrgerwillen nach vorne zu setzen, damit die Politik nicht am B\u00fcrger vorbei gestaltet wird&#8220;, betonte er. Ralf Thiel, der sich aus gesundheitlichen Gr\u00fcnden aus der Ratsarbeit zur\u00fcckgezogen hat, rief die H\u00fcckeswagener ebenfalls dazu auf, aktiv zu werden: &#8222;Ich kann nur jedem B\u00fcrger empfehlen: Informiert euch und seid kritisch.&#8220;<\/p>\n<p>Die Familie Thiel hat das getan. Sie gilt unter anderem als Mitbegr\u00fcnder und Ideengeber der H\u00fcckeswagener Jugend-Feuerwehr und des Jugendzentrums. Dass politisches Engagement nicht immer leicht und auch nicht immer von Erfolg gekr\u00f6nt ist, haben auch die FaB-Mitglieder erfahren m\u00fcssen. Ralf Thiel bleibt dennoch optimistisch: &#8222;Im Bergischen braucht man einen dicken Nacken \u2013 und den habe ich.&#8220;<\/p>\n<p>F\u00fcr den musikalischen Rahmen w\u00e4hrend der der Feierlichkeiten sorgten Ella Rygol und Michael Tschernysch von der Musikschule sowie Andreas Figaj an der Gitarre.<\/p>\n","protected":false},"excerpt":{"rendered":"<p>H\u00fcckeswagen. Zum 15-j\u00e4hrigen Bestehen des Vereins &#8222;Freie aktive B\u00fcrger&#8220; gab es einen Festakt im Heimatmuseum. Die FaB sieht sich Sprachrohr der B\u00fcrger im Stadtrat und engagiert sich besonders in den Bereichen Inklusion und Barrierefreiheit. Die Botschaft &#8222;Wer sich nicht bewegt, kann nichts bewegen!&#8220; war deutlich. Vor genau 15 Jahren gr\u00fcndete sich der politisch engagierte Verein &hellip; <\/p>\n<p class=\"link-more\"><a href=\"https:\/\/www.hotstegs-recht.de\/?p=6649\" class=\"more-link\"><span class=\"screen-reader-text\">\u201eFeierstunde auf dem Schlossberg: Seit 15 Jahren im Namen der B\u00fcrger aktiv, Rheinische Post v. 01.10.2018\u201c <\/span>weiterlesen<\/a><\/p>\n","protected":false},"author":4,"featured_media":4685,"comment_status":"open","ping_status":"open","sticky":false,"template":"","format":"standard","meta":{"footnotes":""},"categories":[4,9,16],"tags":[80],"class_list":["post-6649","post","type-post","status-publish","format-standard","has-post-thumbnail","hentry","category-aktuelles","category-presse","category-burgerbeteiligung","tag-mehr-demokratie"],"yoast_head":"<!-- This site is optimized with the Yoast SEO plugin v27.5 - https:\/\/yoast.com\/product\/yoast-seo-wordpress\/ -->\n<title>Feierstunde auf dem Schlossberg: Seit 15 Jahren im Namen der B\u00fcrger aktiv, Rheinische Post v. 01.10.2018 - Hotstegs Rechtsanwaltsgesellschaft | Rechtsanw\u00e4lt:innen und Fachanw\u00e4lt:innen f\u00fcr Verwaltungsrecht<\/title>\n<meta name=\"description\" content=\"- Termine unter Tel. 0211 \/ 497657-16\" \/>\n<meta name=\"robots\" content=\"index, follow, max-snippet:-1, max-image-preview:large, max-video-preview:-1\" \/>\n<link rel=\"canonical\" href=\"https:\/\/www.hotstegs-recht.de\/?p=6649\" \/>\n<meta property=\"og:locale\" content=\"de_DE\" \/>\n<meta property=\"og:type\" content=\"article\" \/>\n<meta property=\"og:title\" content=\"Feierstunde auf dem Schlossberg: Seit 15 Jahren im Namen der B\u00fcrger aktiv, Rheinische Post v. 01.10.2018 - Hotstegs Rechtsanwaltsgesellschaft | Rechtsanw\u00e4lt:innen und Fachanw\u00e4lt:innen f\u00fcr Verwaltungsrecht\" \/>\n<meta property=\"og:description\" content=\"- Termine unter Tel. 0211 \/ 497657-16\" \/>\n<meta property=\"og:url\" content=\"https:\/\/www.hotstegs-recht.de\/?p=6649\" \/>\n<meta property=\"og:site_name\" content=\"Hotstegs Rechtsanwaltsgesellschaft | Rechtsanw\u00e4lt:innen und Fachanw\u00e4lt:innen f\u00fcr Verwaltungsrecht\" \/>\n<meta property=\"article:publisher\" content=\"https:\/\/www.facebook.com\/hotstegs.recht\" \/>\n<meta property=\"article:published_time\" content=\"2018-10-01T17:25:29+00:00\" \/>\n<meta property=\"article:modified_time\" content=\"2018-10-01T17:37:06+00:00\" \/>\n<meta property=\"og:image\" content=\"https:\/\/www.hotstegs-recht.de\/wp-content\/uploads\/2016\/06\/slider20_2500_1200.jpg\" \/>\n\t<meta property=\"og:image:width\" content=\"2500\" \/>\n\t<meta property=\"og:image:height\" content=\"1200\" \/>\n\t<meta property=\"og:image:type\" content=\"image\/jpeg\" \/>\n<meta name=\"author\" content=\"Mitarbeiter:in\" \/>\n<meta name=\"twitter:card\" content=\"summary_large_image\" \/>\n<meta name=\"twitter:creator\" content=\"@hotstegs_recht\" \/>\n<meta name=\"twitter:site\" content=\"@hotstegs_recht\" \/>\n<meta name=\"twitter:label1\" content=\"Verfasst von\" \/>\n\t<meta name=\"twitter:data1\" content=\"Mitarbeiter:in\" \/>\n\t<meta name=\"twitter:label2\" content=\"Gesch\u00e4tzte Lesezeit\" \/>\n\t<meta name=\"twitter:data2\" content=\"3\u00a0Minuten\" \/>\n<!-- \/ Yoast SEO plugin. -->","yoast_head_json":{"title":"Feierstunde auf dem Schlossberg: Seit 15 Jahren im Namen der B\u00fcrger aktiv, Rheinische Post v. 01.10.2018 - Hotstegs Rechtsanwaltsgesellschaft | Rechtsanw\u00e4lt:innen und Fachanw\u00e4lt:innen f\u00fcr Verwaltungsrecht","description":"- Termine unter Tel. 0211 \/ 497657-16","robots":{"index":"index","follow":"follow","max-snippet":"max-snippet:-1","max-image-preview":"max-image-preview:large","max-video-preview":"max-video-preview:-1"},"canonical":"https:\/\/www.hotstegs-recht.de\/?p=6649","og_locale":"de_DE","og_type":"article","og_title":"Feierstunde auf dem Schlossberg: Seit 15 Jahren im Namen der B\u00fcrger aktiv, Rheinische Post v. 01.10.2018 - Hotstegs Rechtsanwaltsgesellschaft | Rechtsanw\u00e4lt:innen und Fachanw\u00e4lt:innen f\u00fcr Verwaltungsrecht","og_description":"- Termine unter Tel. 0211 \/ 497657-16","og_url":"https:\/\/www.hotstegs-recht.de\/?p=6649","og_site_name":"Hotstegs Rechtsanwaltsgesellschaft | Rechtsanw\u00e4lt:innen und Fachanw\u00e4lt:innen f\u00fcr Verwaltungsrecht","article_publisher":"https:\/\/www.facebook.com\/hotstegs.recht","article_published_time":"2018-10-01T17:25:29+00:00","article_modified_time":"2018-10-01T17:37:06+00:00","og_image":[{"width":2500,"height":1200,"url":"https:\/\/www.hotstegs-recht.de\/wp-content\/uploads\/2016\/06\/slider20_2500_1200.jpg","type":"image\/jpeg"}],"author":"Mitarbeiter:in","twitter_card":"summary_large_image","twitter_creator":"@hotstegs_recht","twitter_site":"@hotstegs_recht","twitter_misc":{"Verfasst von":"Mitarbeiter:in","Gesch\u00e4tzte Lesezeit":"3\u00a0Minuten"},"schema":{"@context":"https:\/\/schema.org","@graph":[{"@type":"Article","@id":"https:\/\/www.hotstegs-recht.de\/?p=6649#article","isPartOf":{"@id":"https:\/\/www.hotstegs-recht.de\/?p=6649"},"author":{"name":"Mitarbeiter:in","@id":"https:\/\/www.hotstegs-recht.de\/#\/schema\/person\/18c7a8260c2d9ded2b8308feab0990a2"},"headline":"Feierstunde auf dem Schlossberg: Seit 15 Jahren im Namen der B\u00fcrger aktiv, Rheinische Post v. 01.10.2018","datePublished":"2018-10-01T17:25:29+00:00","dateModified":"2018-10-01T17:37:06+00:00","mainEntityOfPage":{"@id":"https:\/\/www.hotstegs-recht.de\/?p=6649"},"wordCount":618,"commentCount":0,"publisher":{"@id":"https:\/\/www.hotstegs-recht.de\/#organization"},"image":{"@id":"https:\/\/www.hotstegs-recht.de\/?p=6649#primaryimage"},"thumbnailUrl":"https:\/\/www.hotstegs-recht.de\/wp-content\/uploads\/2016\/06\/slider20_2500_1200.jpg","keywords":["Mehr Demokratie e.V."],"articleSection":["Aktuelles","Presse","B\u00fcrgerbeteiligung"],"inLanguage":"de","potentialAction":[{"@type":"CommentAction","name":"Comment","target":["https:\/\/www.hotstegs-recht.de\/?p=6649#respond"]}]},{"@type":"WebPage","@id":"https:\/\/www.hotstegs-recht.de\/?p=6649","url":"https:\/\/www.hotstegs-recht.de\/?p=6649","name":"Feierstunde auf dem Schlossberg: Seit 15 Jahren im Namen der B\u00fcrger aktiv, Rheinische Post v. 01.10.2018 - Hotstegs Rechtsanwaltsgesellschaft | Rechtsanw\u00e4lt:innen und Fachanw\u00e4lt:innen f\u00fcr Verwaltungsrecht","isPartOf":{"@id":"https:\/\/www.hotstegs-recht.de\/#website"},"primaryImageOfPage":{"@id":"https:\/\/www.hotstegs-recht.de\/?p=6649#primaryimage"},"image":{"@id":"https:\/\/www.hotstegs-recht.de\/?p=6649#primaryimage"},"thumbnailUrl":"https:\/\/www.hotstegs-recht.de\/wp-content\/uploads\/2016\/06\/slider20_2500_1200.jpg","datePublished":"2018-10-01T17:25:29+00:00","dateModified":"2018-10-01T17:37:06+00:00","description":"- Termine unter Tel. 0211 \/ 497657-16","breadcrumb":{"@id":"https:\/\/www.hotstegs-recht.de\/?p=6649#breadcrumb"},"inLanguage":"de","potentialAction":[{"@type":"ReadAction","target":["https:\/\/www.hotstegs-recht.de\/?p=6649"]}]},{"@type":"ImageObject","inLanguage":"de","@id":"https:\/\/www.hotstegs-recht.de\/?p=6649#primaryimage","url":"https:\/\/www.hotstegs-recht.de\/wp-content\/uploads\/2016\/06\/slider20_2500_1200.jpg","contentUrl":"https:\/\/www.hotstegs-recht.de\/wp-content\/uploads\/2016\/06\/slider20_2500_1200.jpg","width":2500,"height":1200},{"@type":"BreadcrumbList","@id":"https:\/\/www.hotstegs-recht.de\/?p=6649#breadcrumb","itemListElement":[{"@type":"ListItem","position":1,"name":"Startseite","item":"https:\/\/www.hotstegs-recht.de\/"},{"@type":"ListItem","position":2,"name":"Feierstunde auf dem Schlossberg: Seit 15 Jahren im Namen der B\u00fcrger aktiv, Rheinische Post v. 01.10.2018"}]},{"@type":"WebSite","@id":"https:\/\/www.hotstegs-recht.de\/#website","url":"https:\/\/www.hotstegs-recht.de\/","name":"Hotstegs Rechtsanwaltsgesellschaft | Rechtsanw\u00e4lt:innen und Fachanw\u00e4lt:innen f\u00fcr Verwaltungsrecht","description":"\u00f6ffentliches Dienstrecht und Disziplinarverfahren | Rechtsanwalt Robert Hotstegs | Rechtsanw\u00e4ltin Sarah Nu\u00dfbaum | Rechtsanw\u00e4ltin Katharina Voigt","publisher":{"@id":"https:\/\/www.hotstegs-recht.de\/#organization"},"potentialAction":[{"@type":"SearchAction","target":{"@type":"EntryPoint","urlTemplate":"https:\/\/www.hotstegs-recht.de\/?s={search_term_string}"},"query-input":{"@type":"PropertyValueSpecification","valueRequired":true,"valueName":"search_term_string"}}],"inLanguage":"de"},{"@type":"Organization","@id":"https:\/\/www.hotstegs-recht.de\/#organization","name":"Hotstegs Rechtsanwaltsgesellschaft","url":"https:\/\/www.hotstegs-recht.de\/","logo":{"@type":"ImageObject","inLanguage":"de","@id":"https:\/\/www.hotstegs-recht.de\/#\/schema\/logo\/image\/","url":"https:\/\/www.hotstegs-recht.de\/wp-content\/uploads\/2021\/09\/logo_2020.png","contentUrl":"https:\/\/www.hotstegs-recht.de\/wp-content\/uploads\/2021\/09\/logo_2020.png","width":180,"height":51,"caption":"Hotstegs Rechtsanwaltsgesellschaft"},"image":{"@id":"https:\/\/www.hotstegs-recht.de\/#\/schema\/logo\/image\/"},"sameAs":["https:\/\/www.facebook.com\/hotstegs.recht","https:\/\/x.com\/hotstegs_recht","https:\/\/www.instagram.com\/hotstegs.recht","https:\/\/de.linkedin.com\/company\/hotstegs-recht"]},{"@type":"Person","@id":"https:\/\/www.hotstegs-recht.de\/#\/schema\/person\/18c7a8260c2d9ded2b8308feab0990a2","name":"Mitarbeiter:in","image":{"@type":"ImageObject","inLanguage":"de","@id":"https:\/\/secure.gravatar.com\/avatar\/ff927e44276052255fa51b438cd49d6bee71e07c0621a998717cee201e5d2fff?s=96&d=blank&r=g","url":"https:\/\/secure.gravatar.com\/avatar\/ff927e44276052255fa51b438cd49d6bee71e07c0621a998717cee201e5d2fff?s=96&d=blank&r=g","contentUrl":"https:\/\/secure.gravatar.com\/avatar\/ff927e44276052255fa51b438cd49d6bee71e07c0621a998717cee201e5d2fff?s=96&d=blank&r=g","caption":"Mitarbeiter:in"},"url":"https:\/\/www.hotstegs-recht.de\/?author=4"}]}},"amp_enabled":true,"_links":{"self":[{"href":"https:\/\/www.hotstegs-recht.de\/index.php?rest_route=\/wp\/v2\/posts\/6649","targetHints":{"allow":["GET"]}}],"collection":[{"href":"https:\/\/www.hotstegs-recht.de\/index.php?rest_route=\/wp\/v2\/posts"}],"about":[{"href":"https:\/\/www.hotstegs-recht.de\/index.php?rest_route=\/wp\/v2\/types\/post"}],"author":[{"embeddable":true,"href":"https:\/\/www.hotstegs-recht.de\/index.php?rest_route=\/wp\/v2\/users\/4"}],"replies":[{"embeddable":true,"href":"https:\/\/www.hotstegs-recht.de\/index.php?rest_route=%2Fwp%2Fv2%2Fcomments&post=6649"}],"version-history":[{"count":3,"href":"https:\/\/www.hotstegs-recht.de\/index.php?rest_route=\/wp\/v2\/posts\/6649\/revisions"}],"predecessor-version":[{"id":6651,"href":"https:\/\/www.hotstegs-recht.de\/index.php?rest_route=\/wp\/v2\/posts\/6649\/revisions\/6651"}],"wp:featuredmedia":[{"embeddable":true,"href":"https:\/\/www.hotstegs-recht.de\/index.php?rest_route=\/wp\/v2\/media\/4685"}],"wp:attachment":[{"href":"https:\/\/www.hotstegs-recht.de\/index.php?rest_route=%2Fwp%2Fv2%2Fmedia&parent=6649"}],"wp:term":[{"taxonomy":"category","embeddable":true,"href":"https:\/\/www.hotstegs-recht.de\/index.php?rest_route=%2Fwp%2Fv2%2Fcategories&post=6649"},{"taxonomy":"post_tag","embeddable":true,"href":"https:\/\/www.hotstegs-recht.de\/index.php?rest_route=%2Fwp%2Fv2%2Ftags&post=6649"}],"curies":[{"name":"wp","href":"https:\/\/api.w.org\/{rel}","templated":true}]}}