{"id":6097,"date":"2018-03-04T16:04:08","date_gmt":"2018-03-04T15:04:08","guid":{"rendered":"http:\/\/www.hotstegs-recht.de\/?p=6097"},"modified":"2018-03-04T16:05:22","modified_gmt":"2018-03-04T15:05:22","slug":"beamte-geniessen-freizuegigkeit-in-der-eu-und-eine-hoehere-nachversicherung-verwaltungsgericht-duesseldorf-urteil-v-26-02-2018-az-23-k-6871-13","status":"publish","type":"post","link":"https:\/\/www.hotstegs-recht.de\/?p=6097","title":{"rendered":"Quantensprung: Beamte genie\u00dfen Freiz\u00fcgigkeit in der EU und ab sofort eine h\u00f6here Nachversicherung, Verwaltungsgericht D\u00fcsseldorf, Urteil v. 26.02.2018, Az. 23 K 6871\/13"},"content":{"rendered":"<p>Wenn Beamte ihren Dienst in Deutschland &#8211; egal ob beim Bund oder in den Bundesl\u00e4ndern oder Gemeinden &#8211; quittierten und in den \u00f6ffentlichen Dienst eines anderen EU-Mitgliedstaates eintraten, wurden sie daf\u00fcr bestraft. Nicht im Sinne eines Strafgesetzes, aber bislang finanziell. Denn die allermeisten von Ihnen hatten erhebliche Renten- und Versorgungsnachteile hinzunehmen. (siehe auch <a href=\"\/?p=3260\">Beamtenversorgungsrecht auf dem Pr\u00fcfstand vor dem EuGH, Verwaltungsgericht D\u00fcsseldorf, Beschluss v. 16.04.2015, Az. 23 K 6871\/13<\/a>)<\/p>\n<p>Das ergab sich aus den v\u00f6llig miteinander unvereinbaren Systemen von Versorgung der Beamten einerseits und Rente f\u00fcr Angestellte andererseits. W\u00e4hrend die Versorgung erdient wird und sich an der Besoldung der letzten zwei Jahre orientiert (bei fr\u00fchem Eintritt in den Ruhestand aber Abschl\u00e4ge vorsieht), stellt die Rente auf die eingezahlten Rentenbeitr\u00e4ge und Beitragsjahre ab.<!--more--><\/p>\n<p>Verl\u00e4sst ein Beamter das bisherige Versorgungssystem wegen Entlassung (auf eigenen Antrag oder auf Betreiben des Dienstherrn) oder wegen Entfernung (nach einem Disziplinarverfahren), wird er automatisch in der Deutschen Rentenversicherung Bund nachversichert.<\/p>\n<p>Der Nachversicherungstarif kann aber erhebliche wirtschaftliche Nachteile bedeuten, die im Einzelfall so gravierend ausfallen, dass es den Beamten faktisch unm\u00f6glich gemacht wird, den \u00f6ffentlichen Dienst in Deutschland zu verlassen und im EU-Ausland von der Arbeitnehmer-Freiz\u00fcgigkeit Gebrauch zu machen.<\/p>\n<p>Ein nordrhein-westf\u00e4lischer Lehrer hat nun die Frage zum Schwur gebracht. Und nachdem der Europ\u00e4ische Gerichtshof auf einen Vorlagebeschluss des Verwaltungsgerichts D\u00fcsseldorf das bisherige System f\u00fcr EU-rechtswidrig erkl\u00e4rt hatte, sprach das Verwaltungsgericht dem Lehrer nun einen erheblich h\u00f6heren Betrag in der Nachversicherung zu als das deutsche Recht urspr\u00fcnglich vorsah.<\/p>\n<p><strong>die meisten Gesetzgeber brauchen: h\u00f6here Nachversicherung oder Altersgeld oder beides<\/strong><\/p>\n<p>Ein Quantensprung im Beamtenrecht, obwohl eine scheinbar winzige Frage betroffen war. Und ein Anlass f\u00fcr den NRW-Gesetzgeber wie alle anderen Gesetzgeber in Bund und Land das eigene Nachversicherungsmodell auf Herz und Nieren zu pr\u00fcfen. Die meisten ben\u00f6tigen nun dringend die Einf\u00fchrung entweder einer h\u00f6heren Nachversicherung oder eines Altersgeldmodells (als drittem Weg zwischen Versorgung und Rente) oder beides.<\/p>\n<p>Beamtinnen und Beamte, die bereits entlassen wurden, sollten dringend und zeitnah entsprechende Nachversicherungsantr\u00e4ge bei den jeweiligen Versorgungskassen und -\u00e4mtern stellen, ggf. auch fristwahrend Klage erheben.<\/p>\n<p>Das aktuelle Urteil aus D\u00fcsseldorf ist den Parteien am Freitag zugestellt worden, das Urteil liegt noch nicht im Volltext vor. Das Gericht schreibt in einer Pressemitteilung:<\/p>\n<blockquote><p>Die nordrhein-westf\u00e4lische Praxis der Nachversicherung von Beamten, die auf eigenen Antrag aus dem Dienst ausgeschieden sind, um in anderen Mitgliedstaaten der Europ\u00e4ischen Union als Arbeitnehmer t\u00e4tig zu sein, ist unvereinbar mit dem Europarecht. Sie stellt eine Beschr\u00e4nkung der Freiz\u00fcgigkeit der Arbeitnehmer dar. Entsprechend ist der erlittene finanzielle Nachteil vom Land Nordrhein-Westfalen auszugleichen. Dies hat das Verwaltungsgericht D\u00fcsseldorf mit Urteil vom 26. Februar 2018, das den Beteiligten heute zugestellt wurde, entschieden.<\/p>\n<p>Hintergrund ist die Klage eines ehemaligen Lehrers, der von 1980 bis 1999 in Nordrhein-Westfalen &#8211; zuletzt als Oberstudienrat &#8211; t\u00e4tig war. Zum 1. September 1999 nahm er eine T\u00e4tigkeit als Lehrer in \u00d6sterreich auf, die er bis zum Erreichen seines Rentenalters aus\u00fcbte. Infolge des Wechsels nach \u00d6sterreich musste er auf eigenen Antrag aus dem Beamtenverh\u00e4ltnis ausscheiden. Nach seinem Eintritt in den Altersruhestand erh\u00e4lt er keine beamtenrechtlichen Versorgungsbez\u00fcge nach nordrhein-westf\u00e4lischem Recht. Stattdessen ist er seinerzeit gem\u00e4\u00df \u00a7 8 des Sozialgesetzbuchs &#8211; Sechstes Buch &#8211; (SGB VI) bei der Deutschen Rentenversicherung nachversichert worden. Anders als Lehrer, die vom Land im Angestelltenverh\u00e4ltnis besch\u00e4ftigt werden, konnte er mit der Nachversicherung keine Versorgungsanspr\u00fcche bei der Versorgungsanstalt des Bundes und der L\u00e4nder (VBL) erwerben. Nach Erreichen der Altersgrenze erh\u00e4lt er &#8211; neben seinen in \u00d6sterreich erworbenen Pensionsanspr\u00fcchen &#8211; eine monatliche Altersrente von der Deutschen Rentenversicherung in H\u00f6he von knapp \u00fcber 1.050 Euro f\u00fcr seine T\u00e4tigkeit in Deutschland. W\u00fcrden ihm f\u00fcr seine T\u00e4tigkeit als beamteter Lehrer in Nordrhein-Westfalen Versorgungsbez\u00fcge nach beamtenrechtlichen Grunds\u00e4tzen gew\u00e4hrt, fielen diese h\u00f6her aus.<\/p>\n<p>Die 23. Kammer des Verwaltungsgerichts sah in der Praxis der Nachversicherung einen mit Europarecht nicht zu vereinbarenden Eingriff in die Freiz\u00fcgigkeit der Arbeitnehmer nach <a href=\"https:\/\/dejure.org\/gesetze\/AEUV\/45.html\" title=\"Art. 45 AEUV: (ex-Artikel 39 EGV)\">Art. 45<\/a> des Vertrages \u00fcber die Arbeitsweise der Europ\u00e4ischen Union (AEUV). Sie legte daher mit Beschluss vom 16. April 2015 dem Europ\u00e4ischen Gerichtshof entsprechende Fragen vor (Pressemitteilung vom 20. April 2015).<\/p>\n<p>Der Gerichtshof hat mit Urteil vom 13. Juli 2016 (<a href=\"https:\/\/dejure.org\/dienste\/vernetzung\/rechtsprechung?Text=C-187\/15\" title=\"C-187\/15 (2 zugeordnete Entscheidungen)\">C-187\/15<\/a>) festgestellt, dass diese nordrhein-westf\u00e4lische Praxis eine Beschr\u00e4nkung der Arbeitnehmerfreiz\u00fcgigkeit bedeutet (http:\/\/curia.europa.eu\/juris\/).<\/p>\n<p>Nunmehr hat die 23. Kammer des Gerichts das Land Nordrhein-Westfalen verpflichtet, dem ehemaligen Lehrer antragsgem\u00e4\u00df einen Ausgleichsbetrag f\u00fcr den Verlust der Altersversorgung infolge seiner Entlassung aus dem Beamtenverh\u00e4ltnis zuzuerkennen. Zur Begr\u00fcndung hat das Gericht ausgef\u00fchrt, dass das System der Nachversicherung aufgrund der geringeren Altersversorgung einen Eingriff in <a href=\"https:\/\/dejure.org\/gesetze\/AEUV\/45.html\" title=\"Art. 45 AEUV: (ex-Artikel 39 EGV)\">Art. 45 AEUV<\/a> darstelle. Durch die geringere Altersversorgung k\u00f6nnten sich Beamte aus Nordrhein-Westfalen gehindert sehen, eine andere T\u00e4tigkeit innerhalb der Europ\u00e4ischen Union aufzunehmen. Das Land m\u00fcsse dem fr\u00fcheren Beamten einen Ausgleichsbetrag gew\u00e4hren. Dabei sei er so zu stellen, als w\u00e4ren ihm die bisher im Beamtenverh\u00e4ltnis erdienten Anwartschaften auf ein Ruhegehalt erhalten geblieben. Hinzuzurechnen seien entsprechende Vordienstzeiten aufgrund des Studiums. Die H\u00f6he des Betrages werde das Land festzusetzen haben.<\/p>\n<p>Gegen das Urteil ist der Antrag auf Zulassung der Berufung beim Oberverwaltungsgericht M\u00fcnster m\u00f6glich.<\/p>\n<p>Aktenzeichen: <a href=\"https:\/\/dejure.org\/dienste\/vernetzung\/rechtsprechung?Text=23%20K%206871\/13\" title=\"23 K 6871\/13 (2 zugeordnete Entscheidungen)\">23 K 6871\/13<\/a><\/p><\/blockquote>\n","protected":false},"excerpt":{"rendered":"<p>Wenn Beamte ihren Dienst in Deutschland &#8211; egal ob beim Bund oder in den Bundesl\u00e4ndern oder Gemeinden &#8211; quittierten und in den \u00f6ffentlichen Dienst eines anderen EU-Mitgliedstaates eintraten, wurden sie daf\u00fcr bestraft. Nicht im Sinne eines Strafgesetzes, aber bislang finanziell. Denn die allermeisten von Ihnen hatten erhebliche Renten- und Versorgungsnachteile hinzunehmen. (siehe auch Beamtenversorgungsrecht auf &hellip; <\/p>\n<p class=\"link-more\"><a href=\"https:\/\/www.hotstegs-recht.de\/?p=6097\" class=\"more-link\"><span class=\"screen-reader-text\">\u201eQuantensprung: Beamte genie\u00dfen Freiz\u00fcgigkeit in der EU und ab sofort eine h\u00f6here Nachversicherung, Verwaltungsgericht D\u00fcsseldorf, Urteil v. 26.02.2018, Az. 23 K 6871\/13\u201c <\/span>weiterlesen<\/a><\/p>\n","protected":false},"author":1,"featured_media":4091,"comment_status":"open","ping_status":"open","sticky":false,"template":"","format":"standard","meta":{"footnotes":""},"categories":[4,14,39,44,63],"tags":[56,57],"class_list":["post-6097","post","type-post","status-publish","format-standard","has-post-thumbnail","hentry","category-aktuelles","category-beamtenrecht","category-ev-kirchenrecht","category-dienstordnungsangestellte-do","category-richterdienstrecht","tag-versetzung-in-den-ruhestand","tag-entfernung-aus-dem-beamtenverhaeltnis"],"yoast_head":"<!-- This site is optimized with the Yoast SEO plugin v27.5 - https:\/\/yoast.com\/product\/yoast-seo-wordpress\/ -->\n<title>Quantensprung: Beamte genie\u00dfen Freiz\u00fcgigkeit in der EU und ab sofort eine h\u00f6here Nachversicherung, Verwaltungsgericht D\u00fcsseldorf, Urteil v. 26.02.2018, Az. 23 K 6871\/13 - Hotstegs Rechtsanwaltsgesellschaft | Rechtsanw\u00e4lt:innen und Fachanw\u00e4lt:innen f\u00fcr Verwaltungsrecht<\/title>\n<meta name=\"description\" content=\"- Termine unter Tel. 0211 \/ 497657-16\" \/>\n<meta name=\"robots\" content=\"index, follow, max-snippet:-1, max-image-preview:large, max-video-preview:-1\" \/>\n<link rel=\"canonical\" href=\"https:\/\/www.hotstegs-recht.de\/?p=6097\" \/>\n<meta property=\"og:locale\" content=\"de_DE\" \/>\n<meta property=\"og:type\" content=\"article\" \/>\n<meta property=\"og:title\" content=\"Quantensprung: Beamte genie\u00dfen Freiz\u00fcgigkeit in der EU und ab sofort eine h\u00f6here Nachversicherung, Verwaltungsgericht D\u00fcsseldorf, Urteil v. 26.02.2018, Az. 23 K 6871\/13 - Hotstegs Rechtsanwaltsgesellschaft | Rechtsanw\u00e4lt:innen und Fachanw\u00e4lt:innen f\u00fcr Verwaltungsrecht\" \/>\n<meta property=\"og:description\" content=\"- Termine unter Tel. 0211 \/ 497657-16\" \/>\n<meta property=\"og:url\" content=\"https:\/\/www.hotstegs-recht.de\/?p=6097\" \/>\n<meta property=\"og:site_name\" content=\"Hotstegs Rechtsanwaltsgesellschaft | Rechtsanw\u00e4lt:innen und Fachanw\u00e4lt:innen f\u00fcr Verwaltungsrecht\" \/>\n<meta property=\"article:publisher\" content=\"https:\/\/www.facebook.com\/hotstegs.recht\" \/>\n<meta property=\"article:published_time\" content=\"2018-03-04T15:04:08+00:00\" \/>\n<meta property=\"article:modified_time\" content=\"2018-03-04T15:05:22+00:00\" \/>\n<meta property=\"og:image\" content=\"https:\/\/www.hotstegs-recht.de\/wp-content\/uploads\/2015\/12\/slider14_2500_1200.jpg\" \/>\n\t<meta property=\"og:image:width\" content=\"2500\" \/>\n\t<meta property=\"og:image:height\" content=\"1200\" \/>\n\t<meta property=\"og:image:type\" content=\"image\/jpeg\" \/>\n<meta name=\"author\" content=\"Robert Hotstegs\" \/>\n<meta name=\"twitter:card\" content=\"summary_large_image\" \/>\n<meta name=\"twitter:creator\" content=\"@hotstegs_recht\" \/>\n<meta name=\"twitter:site\" content=\"@hotstegs_recht\" \/>\n<meta name=\"twitter:label1\" content=\"Verfasst von\" \/>\n\t<meta name=\"twitter:data1\" content=\"Robert Hotstegs\" \/>\n\t<meta name=\"twitter:label2\" content=\"Gesch\u00e4tzte Lesezeit\" \/>\n\t<meta name=\"twitter:data2\" content=\"4\u00a0Minuten\" \/>\n<!-- \/ Yoast SEO plugin. -->","yoast_head_json":{"title":"Quantensprung: Beamte genie\u00dfen Freiz\u00fcgigkeit in der EU und ab sofort eine h\u00f6here Nachversicherung, Verwaltungsgericht D\u00fcsseldorf, Urteil v. 26.02.2018, Az. 23 K 6871\/13 - Hotstegs Rechtsanwaltsgesellschaft | Rechtsanw\u00e4lt:innen und Fachanw\u00e4lt:innen f\u00fcr Verwaltungsrecht","description":"- Termine unter Tel. 0211 \/ 497657-16","robots":{"index":"index","follow":"follow","max-snippet":"max-snippet:-1","max-image-preview":"max-image-preview:large","max-video-preview":"max-video-preview:-1"},"canonical":"https:\/\/www.hotstegs-recht.de\/?p=6097","og_locale":"de_DE","og_type":"article","og_title":"Quantensprung: Beamte genie\u00dfen Freiz\u00fcgigkeit in der EU und ab sofort eine h\u00f6here Nachversicherung, Verwaltungsgericht D\u00fcsseldorf, Urteil v. 26.02.2018, Az. 23 K 6871\/13 - Hotstegs Rechtsanwaltsgesellschaft | Rechtsanw\u00e4lt:innen und Fachanw\u00e4lt:innen f\u00fcr Verwaltungsrecht","og_description":"- Termine unter Tel. 0211 \/ 497657-16","og_url":"https:\/\/www.hotstegs-recht.de\/?p=6097","og_site_name":"Hotstegs Rechtsanwaltsgesellschaft | Rechtsanw\u00e4lt:innen und Fachanw\u00e4lt:innen f\u00fcr Verwaltungsrecht","article_publisher":"https:\/\/www.facebook.com\/hotstegs.recht","article_published_time":"2018-03-04T15:04:08+00:00","article_modified_time":"2018-03-04T15:05:22+00:00","og_image":[{"width":2500,"height":1200,"url":"https:\/\/www.hotstegs-recht.de\/wp-content\/uploads\/2015\/12\/slider14_2500_1200.jpg","type":"image\/jpeg"}],"author":"Robert Hotstegs","twitter_card":"summary_large_image","twitter_creator":"@hotstegs_recht","twitter_site":"@hotstegs_recht","twitter_misc":{"Verfasst von":"Robert Hotstegs","Gesch\u00e4tzte Lesezeit":"4\u00a0Minuten"},"schema":{"@context":"https:\/\/schema.org","@graph":[{"@type":"Article","@id":"https:\/\/www.hotstegs-recht.de\/?p=6097#article","isPartOf":{"@id":"https:\/\/www.hotstegs-recht.de\/?p=6097"},"author":{"name":"Robert Hotstegs","@id":"https:\/\/www.hotstegs-recht.de\/#\/schema\/person\/b5290b51a91e1e27ec6af13643a76ab0"},"headline":"Quantensprung: Beamte genie\u00dfen Freiz\u00fcgigkeit in der EU und ab sofort eine h\u00f6here Nachversicherung, Verwaltungsgericht D\u00fcsseldorf, Urteil v. 26.02.2018, Az. 23 K 6871\/13","datePublished":"2018-03-04T15:04:08+00:00","dateModified":"2018-03-04T15:05:22+00:00","mainEntityOfPage":{"@id":"https:\/\/www.hotstegs-recht.de\/?p=6097"},"wordCount":888,"commentCount":2,"publisher":{"@id":"https:\/\/www.hotstegs-recht.de\/#organization"},"image":{"@id":"https:\/\/www.hotstegs-recht.de\/?p=6097#primaryimage"},"thumbnailUrl":"https:\/\/www.hotstegs-recht.de\/wp-content\/uploads\/2015\/12\/slider14_2500_1200.jpg","keywords":["Versetzung in den Ruhestand","Entfernung aus dem Beamtenverh\u00e4ltnis"],"articleSection":["Aktuelles","Beamtenrecht","ev. Kirchenrecht","Dienstordnungsangestellte (DO)","Richterdienstrecht"],"inLanguage":"de","potentialAction":[{"@type":"CommentAction","name":"Comment","target":["https:\/\/www.hotstegs-recht.de\/?p=6097#respond"]}]},{"@type":"WebPage","@id":"https:\/\/www.hotstegs-recht.de\/?p=6097","url":"https:\/\/www.hotstegs-recht.de\/?p=6097","name":"Quantensprung: Beamte genie\u00dfen Freiz\u00fcgigkeit in der EU und ab sofort eine h\u00f6here Nachversicherung, Verwaltungsgericht D\u00fcsseldorf, Urteil v. 26.02.2018, Az. 23 K 6871\/13 - Hotstegs Rechtsanwaltsgesellschaft | Rechtsanw\u00e4lt:innen und Fachanw\u00e4lt:innen f\u00fcr Verwaltungsrecht","isPartOf":{"@id":"https:\/\/www.hotstegs-recht.de\/#website"},"primaryImageOfPage":{"@id":"https:\/\/www.hotstegs-recht.de\/?p=6097#primaryimage"},"image":{"@id":"https:\/\/www.hotstegs-recht.de\/?p=6097#primaryimage"},"thumbnailUrl":"https:\/\/www.hotstegs-recht.de\/wp-content\/uploads\/2015\/12\/slider14_2500_1200.jpg","datePublished":"2018-03-04T15:04:08+00:00","dateModified":"2018-03-04T15:05:22+00:00","description":"- Termine unter Tel. 0211 \/ 497657-16","breadcrumb":{"@id":"https:\/\/www.hotstegs-recht.de\/?p=6097#breadcrumb"},"inLanguage":"de","potentialAction":[{"@type":"ReadAction","target":["https:\/\/www.hotstegs-recht.de\/?p=6097"]}]},{"@type":"ImageObject","inLanguage":"de","@id":"https:\/\/www.hotstegs-recht.de\/?p=6097#primaryimage","url":"https:\/\/www.hotstegs-recht.de\/wp-content\/uploads\/2015\/12\/slider14_2500_1200.jpg","contentUrl":"https:\/\/www.hotstegs-recht.de\/wp-content\/uploads\/2015\/12\/slider14_2500_1200.jpg","width":2500,"height":1200},{"@type":"BreadcrumbList","@id":"https:\/\/www.hotstegs-recht.de\/?p=6097#breadcrumb","itemListElement":[{"@type":"ListItem","position":1,"name":"Startseite","item":"https:\/\/www.hotstegs-recht.de\/"},{"@type":"ListItem","position":2,"name":"Quantensprung: Beamte genie\u00dfen Freiz\u00fcgigkeit in der EU und ab sofort eine h\u00f6here Nachversicherung, Verwaltungsgericht D\u00fcsseldorf, Urteil v. 26.02.2018, Az. 23 K 6871\/13"}]},{"@type":"WebSite","@id":"https:\/\/www.hotstegs-recht.de\/#website","url":"https:\/\/www.hotstegs-recht.de\/","name":"Hotstegs Rechtsanwaltsgesellschaft | Rechtsanw\u00e4lt:innen und Fachanw\u00e4lt:innen f\u00fcr Verwaltungsrecht","description":"\u00f6ffentliches Dienstrecht und Disziplinarverfahren | Rechtsanwalt Robert Hotstegs | Rechtsanw\u00e4ltin Sarah Nu\u00dfbaum | Rechtsanw\u00e4ltin Katharina Voigt","publisher":{"@id":"https:\/\/www.hotstegs-recht.de\/#organization"},"potentialAction":[{"@type":"SearchAction","target":{"@type":"EntryPoint","urlTemplate":"https:\/\/www.hotstegs-recht.de\/?s={search_term_string}"},"query-input":{"@type":"PropertyValueSpecification","valueRequired":true,"valueName":"search_term_string"}}],"inLanguage":"de"},{"@type":"Organization","@id":"https:\/\/www.hotstegs-recht.de\/#organization","name":"Hotstegs Rechtsanwaltsgesellschaft","url":"https:\/\/www.hotstegs-recht.de\/","logo":{"@type":"ImageObject","inLanguage":"de","@id":"https:\/\/www.hotstegs-recht.de\/#\/schema\/logo\/image\/","url":"https:\/\/www.hotstegs-recht.de\/wp-content\/uploads\/2021\/09\/logo_2020.png","contentUrl":"https:\/\/www.hotstegs-recht.de\/wp-content\/uploads\/2021\/09\/logo_2020.png","width":180,"height":51,"caption":"Hotstegs Rechtsanwaltsgesellschaft"},"image":{"@id":"https:\/\/www.hotstegs-recht.de\/#\/schema\/logo\/image\/"},"sameAs":["https:\/\/www.facebook.com\/hotstegs.recht","https:\/\/x.com\/hotstegs_recht","https:\/\/www.instagram.com\/hotstegs.recht","https:\/\/de.linkedin.com\/company\/hotstegs-recht"]},{"@type":"Person","@id":"https:\/\/www.hotstegs-recht.de\/#\/schema\/person\/b5290b51a91e1e27ec6af13643a76ab0","name":"Robert Hotstegs","image":{"@type":"ImageObject","inLanguage":"de","@id":"https:\/\/secure.gravatar.com\/avatar\/7d923d735cd88c8f3b65c6506ab775c5eb23a82716d81ce74eb3951cb8430f5a?s=96&d=blank&r=g","url":"https:\/\/secure.gravatar.com\/avatar\/7d923d735cd88c8f3b65c6506ab775c5eb23a82716d81ce74eb3951cb8430f5a?s=96&d=blank&r=g","contentUrl":"https:\/\/secure.gravatar.com\/avatar\/7d923d735cd88c8f3b65c6506ab775c5eb23a82716d81ce74eb3951cb8430f5a?s=96&d=blank&r=g","caption":"Robert Hotstegs"},"description":"Rechtsanwalt, Fachanwalt f\u00fcr Verwaltungsrecht","url":"https:\/\/www.hotstegs-recht.de\/?author=1"}]}},"amp_enabled":true,"_links":{"self":[{"href":"https:\/\/www.hotstegs-recht.de\/index.php?rest_route=\/wp\/v2\/posts\/6097","targetHints":{"allow":["GET"]}}],"collection":[{"href":"https:\/\/www.hotstegs-recht.de\/index.php?rest_route=\/wp\/v2\/posts"}],"about":[{"href":"https:\/\/www.hotstegs-recht.de\/index.php?rest_route=\/wp\/v2\/types\/post"}],"author":[{"embeddable":true,"href":"https:\/\/www.hotstegs-recht.de\/index.php?rest_route=\/wp\/v2\/users\/1"}],"replies":[{"embeddable":true,"href":"https:\/\/www.hotstegs-recht.de\/index.php?rest_route=%2Fwp%2Fv2%2Fcomments&post=6097"}],"version-history":[{"count":4,"href":"https:\/\/www.hotstegs-recht.de\/index.php?rest_route=\/wp\/v2\/posts\/6097\/revisions"}],"predecessor-version":[{"id":6099,"href":"https:\/\/www.hotstegs-recht.de\/index.php?rest_route=\/wp\/v2\/posts\/6097\/revisions\/6099"}],"wp:featuredmedia":[{"embeddable":true,"href":"https:\/\/www.hotstegs-recht.de\/index.php?rest_route=\/wp\/v2\/media\/4091"}],"wp:attachment":[{"href":"https:\/\/www.hotstegs-recht.de\/index.php?rest_route=%2Fwp%2Fv2%2Fmedia&parent=6097"}],"wp:term":[{"taxonomy":"category","embeddable":true,"href":"https:\/\/www.hotstegs-recht.de\/index.php?rest_route=%2Fwp%2Fv2%2Fcategories&post=6097"},{"taxonomy":"post_tag","embeddable":true,"href":"https:\/\/www.hotstegs-recht.de\/index.php?rest_route=%2Fwp%2Fv2%2Ftags&post=6097"}],"curies":[{"name":"wp","href":"https:\/\/api.w.org\/{rel}","templated":true}]}}