{"id":585,"date":"2008-02-08T17:46:27","date_gmt":"2008-02-08T16:46:27","guid":{"rendered":"http:\/\/www.obst-hotstegs.de\/?p=585"},"modified":"2014-03-09T22:14:33","modified_gmt":"2014-03-09T21:14:33","slug":"eilverfahren-geschaltet-%e2%80%93-abriss-nicht-mehr-in-diesem-monat-westfalische-rundschau-08-02-2008","status":"publish","type":"post","link":"https:\/\/www.hotstegs-recht.de\/?p=585","title":{"rendered":"&#8222;Eilverfahren geschaltet \u2013 Abriss nicht mehr in diesem Monat&#8220;, Westf\u00e4lische Rundschau, 08.02.2008"},"content":{"rendered":"<div>Dehne: Tauziehen um Abbruch von Haus Nummer 20 an der Massener Stra\u00dfe<\/div>\n<h1>Eilverfahren geschaltet \u2013 Abriss nicht mehr in diesem Monat<\/h1>\n<div>08.02.2008, Jens Schopp<\/div>\n<div>Unna. Mit dem zum Monatsende angek\u00fcndigten Abriss von Haus Nummer 20 in der Massener Stra\u00dfe wird&#8217;s wohl nichts werden. Denn: Die Abrissgegner haben das Eilverfahren beim Verwaltungsgericht geschaltet.<\/div>\n<div>\n<p>Zur Erinnerung: Auf dem von Projektentwicklerin Dr. Ulrike Hesse erworbenen Dehne-Komplex soll ein Elektro-Fachmarkt und Seniorenwohnungen entstehen. In diesem Zusammenhang muss auch Haus Nummer 20 samt historischer Fassade fallen. Dagegen stemmt sich die \u201eKulturinitiative Massener Stra\u00dfe\u201d. Ein B\u00fcrgerbegehren soll den Abriss verhindern. Der Rat erkl\u00e4rte das f\u00fcr unzul\u00e4ssig, jetzt wird geklagt.<!--more--><\/p>\n<p>Der Rat der Stadt Unna hat bis Donnerstag, 21. Februar, Zeit, eine Stellunngnahme zum Eilverfahren (Aktenzeichen: <a href=\"https:\/\/dejure.org\/dienste\/vernetzung\/rechtsprechung?Text=15%20L%20159\/08\" title=\"VG Gelsenkirchen, 14.02.2008 - 15 L 159\/08: Eilverfahren f&uuml;r B&uuml;rgerbegehren &quot;Totalabriss nein&quot; ...\">15 L 159\/08<\/a>) abzugeben, sagt Robert Hotstegs. Er vertritt in der Kanzlei Obst die Abrissgegner, namentlich Peter M\u00f6bius, Wolfgang Patzkowsky und Michael Sacher. Bis dahin kann Investorin Hesse nach Aussage des D\u00fcsseldorfer Juristen nicht die Bagger anrollen lassen. Denn: \u201eDie Abbruchgenehmigung enth\u00e4lt die Auflage, dass der Abriss des Geb\u00e4udes vier Wochen vorher dem Landschaftsverband mitgeteilt werden muss\u201d, wei\u00df Robert Hotstegs. Die zust\u00e4ndige Kammer beim Verwaltungsgericht Gelsenkirchen habe sich beim Landschaftsverband in M\u00fcnster erkundigt. Es liege noch keine Anzeige von Dr. Ulrike Hesse hinsichtlich des Abbruchs vor, so Rechtsanwalt Hotstegs.<\/p>\n<p>\u201eWir erhoffen und erwarten, dass die Entscheidung des Verwaltungsgerichts im Eilverfahren positiv ausf\u00e4llt\u201d, schreiben die Abrissgegner. Der Gesetzgeber untersagt es im Fall von zul\u00e4ssigen B\u00fcrgerbegehren vollendete Tatsachen zu schaffen, das w\u00e4re in Unna mit dem Abriss von Haus Nummer 20 der Fall, hei\u00dft es in der Mitteilung der \u201eKulturinitiative Massener Stra\u00dfe\u201d weiter.<\/p>\n<\/div>\n","protected":false},"excerpt":{"rendered":"<p>Dehne: Tauziehen um Abbruch von Haus Nummer 20 an der Massener Stra\u00dfe Eilverfahren geschaltet \u2013 Abriss nicht mehr in diesem Monat 08.02.2008, Jens Schopp Unna. Mit dem zum Monatsende angek\u00fcndigten Abriss von Haus Nummer 20 in der Massener Stra\u00dfe wird&#8217;s wohl nichts werden. Denn: Die Abrissgegner haben das Eilverfahren beim Verwaltungsgericht geschaltet. Zur Erinnerung: Auf &hellip; <\/p>\n<p class=\"link-more\"><a href=\"https:\/\/www.hotstegs-recht.de\/?p=585\" class=\"more-link\"><span class=\"screen-reader-text\">\u201e&#8222;Eilverfahren geschaltet \u2013 Abriss nicht mehr in diesem Monat&#8220;, Westf\u00e4lische Rundschau, 08.02.2008\u201c <\/span>weiterlesen<\/a><\/p>\n","protected":false},"author":4,"featured_media":0,"comment_status":"closed","ping_status":"closed","sticky":false,"template":"","format":"standard","meta":{"footnotes":""},"categories":[4,9,16],"tags":[],"class_list":["post-585","post","type-post","status-publish","format-standard","hentry","category-aktuelles","category-presse","category-burgerbeteiligung"],"yoast_head":"<!-- This site is optimized with the Yoast SEO plugin v27.4 - https:\/\/yoast.com\/product\/yoast-seo-wordpress\/ -->\n<title>&quot;Eilverfahren geschaltet \u2013 Abriss nicht mehr in diesem Monat&quot;, Westf\u00e4lische Rundschau, 08.02.2008 - Hotstegs Rechtsanwaltsgesellschaft | Rechtsanw\u00e4lt:innen und Fachanw\u00e4lt:innen f\u00fcr Verwaltungsrecht<\/title>\n<meta name=\"description\" content=\"- Termine unter Tel. 0211 \/ 497657-16\" \/>\n<meta name=\"robots\" content=\"index, follow, max-snippet:-1, max-image-preview:large, max-video-preview:-1\" \/>\n<link rel=\"canonical\" href=\"https:\/\/www.hotstegs-recht.de\/?p=585\" \/>\n<meta property=\"og:locale\" content=\"de_DE\" \/>\n<meta property=\"og:type\" content=\"article\" \/>\n<meta property=\"og:title\" content=\"&quot;Eilverfahren geschaltet \u2013 Abriss nicht mehr in diesem Monat&quot;, Westf\u00e4lische Rundschau, 08.02.2008 - Hotstegs Rechtsanwaltsgesellschaft | Rechtsanw\u00e4lt:innen und Fachanw\u00e4lt:innen f\u00fcr Verwaltungsrecht\" \/>\n<meta property=\"og:description\" content=\"- Termine unter Tel. 0211 \/ 497657-16\" \/>\n<meta property=\"og:url\" content=\"https:\/\/www.hotstegs-recht.de\/?p=585\" \/>\n<meta property=\"og:site_name\" content=\"Hotstegs Rechtsanwaltsgesellschaft | Rechtsanw\u00e4lt:innen und Fachanw\u00e4lt:innen f\u00fcr Verwaltungsrecht\" \/>\n<meta property=\"article:publisher\" content=\"https:\/\/www.facebook.com\/hotstegs.recht\" \/>\n<meta property=\"article:published_time\" content=\"2008-02-08T16:46:27+00:00\" \/>\n<meta property=\"article:modified_time\" content=\"2014-03-09T21:14:33+00:00\" \/>\n<meta name=\"author\" content=\"Mitarbeiter:in\" \/>\n<meta name=\"twitter:card\" content=\"summary_large_image\" \/>\n<meta name=\"twitter:creator\" content=\"@hotstegs_recht\" \/>\n<meta name=\"twitter:site\" content=\"@hotstegs_recht\" \/>\n<meta name=\"twitter:label1\" content=\"Verfasst von\" \/>\n\t<meta name=\"twitter:data1\" content=\"Mitarbeiter:in\" \/>\n\t<meta name=\"twitter:label2\" content=\"Gesch\u00e4tzte Lesezeit\" \/>\n\t<meta name=\"twitter:data2\" content=\"1\u00a0Minute\" \/>\n<!-- \/ Yoast SEO plugin. -->","yoast_head_json":{"title":"\"Eilverfahren geschaltet \u2013 Abriss nicht mehr in diesem Monat\", Westf\u00e4lische Rundschau, 08.02.2008 - Hotstegs Rechtsanwaltsgesellschaft | Rechtsanw\u00e4lt:innen und Fachanw\u00e4lt:innen f\u00fcr Verwaltungsrecht","description":"- Termine unter Tel. 0211 \/ 497657-16","robots":{"index":"index","follow":"follow","max-snippet":"max-snippet:-1","max-image-preview":"max-image-preview:large","max-video-preview":"max-video-preview:-1"},"canonical":"https:\/\/www.hotstegs-recht.de\/?p=585","og_locale":"de_DE","og_type":"article","og_title":"\"Eilverfahren geschaltet \u2013 Abriss nicht mehr in diesem Monat\", Westf\u00e4lische Rundschau, 08.02.2008 - Hotstegs Rechtsanwaltsgesellschaft | Rechtsanw\u00e4lt:innen und Fachanw\u00e4lt:innen f\u00fcr Verwaltungsrecht","og_description":"- Termine unter Tel. 0211 \/ 497657-16","og_url":"https:\/\/www.hotstegs-recht.de\/?p=585","og_site_name":"Hotstegs Rechtsanwaltsgesellschaft | Rechtsanw\u00e4lt:innen und Fachanw\u00e4lt:innen f\u00fcr Verwaltungsrecht","article_publisher":"https:\/\/www.facebook.com\/hotstegs.recht","article_published_time":"2008-02-08T16:46:27+00:00","article_modified_time":"2014-03-09T21:14:33+00:00","author":"Mitarbeiter:in","twitter_card":"summary_large_image","twitter_creator":"@hotstegs_recht","twitter_site":"@hotstegs_recht","twitter_misc":{"Verfasst von":"Mitarbeiter:in","Gesch\u00e4tzte Lesezeit":"1\u00a0Minute"},"schema":{"@context":"https:\/\/schema.org","@graph":[{"@type":"Article","@id":"https:\/\/www.hotstegs-recht.de\/?p=585#article","isPartOf":{"@id":"https:\/\/www.hotstegs-recht.de\/?p=585"},"author":{"name":"Mitarbeiter:in","@id":"https:\/\/www.hotstegs-recht.de\/#\/schema\/person\/18c7a8260c2d9ded2b8308feab0990a2"},"headline":"&#8222;Eilverfahren geschaltet \u2013 Abriss nicht mehr in diesem Monat&#8220;, Westf\u00e4lische Rundschau, 08.02.2008","datePublished":"2008-02-08T16:46:27+00:00","dateModified":"2014-03-09T21:14:33+00:00","mainEntityOfPage":{"@id":"https:\/\/www.hotstegs-recht.de\/?p=585"},"wordCount":283,"publisher":{"@id":"https:\/\/www.hotstegs-recht.de\/#organization"},"articleSection":["Aktuelles","Presse","B\u00fcrgerbeteiligung"],"inLanguage":"de"},{"@type":"WebPage","@id":"https:\/\/www.hotstegs-recht.de\/?p=585","url":"https:\/\/www.hotstegs-recht.de\/?p=585","name":"\"Eilverfahren geschaltet \u2013 Abriss nicht mehr in diesem Monat\", Westf\u00e4lische Rundschau, 08.02.2008 - Hotstegs Rechtsanwaltsgesellschaft | Rechtsanw\u00e4lt:innen und Fachanw\u00e4lt:innen f\u00fcr Verwaltungsrecht","isPartOf":{"@id":"https:\/\/www.hotstegs-recht.de\/#website"},"datePublished":"2008-02-08T16:46:27+00:00","dateModified":"2014-03-09T21:14:33+00:00","description":"- Termine unter Tel. 0211 \/ 497657-16","breadcrumb":{"@id":"https:\/\/www.hotstegs-recht.de\/?p=585#breadcrumb"},"inLanguage":"de","potentialAction":[{"@type":"ReadAction","target":["https:\/\/www.hotstegs-recht.de\/?p=585"]}]},{"@type":"BreadcrumbList","@id":"https:\/\/www.hotstegs-recht.de\/?p=585#breadcrumb","itemListElement":[{"@type":"ListItem","position":1,"name":"Startseite","item":"https:\/\/www.hotstegs-recht.de\/"},{"@type":"ListItem","position":2,"name":"&#8222;Eilverfahren geschaltet \u2013 Abriss nicht mehr in diesem Monat&#8220;, Westf\u00e4lische Rundschau, 08.02.2008"}]},{"@type":"WebSite","@id":"https:\/\/www.hotstegs-recht.de\/#website","url":"https:\/\/www.hotstegs-recht.de\/","name":"Hotstegs Rechtsanwaltsgesellschaft | Rechtsanw\u00e4lt:innen und Fachanw\u00e4lt:innen f\u00fcr Verwaltungsrecht","description":"\u00f6ffentliches Dienstrecht und Disziplinarverfahren | Rechtsanwalt Robert Hotstegs | Rechtsanw\u00e4ltin Sarah Nu\u00dfbaum | Rechtsanw\u00e4ltin Katharina Voigt","publisher":{"@id":"https:\/\/www.hotstegs-recht.de\/#organization"},"potentialAction":[{"@type":"SearchAction","target":{"@type":"EntryPoint","urlTemplate":"https:\/\/www.hotstegs-recht.de\/?s={search_term_string}"},"query-input":{"@type":"PropertyValueSpecification","valueRequired":true,"valueName":"search_term_string"}}],"inLanguage":"de"},{"@type":"Organization","@id":"https:\/\/www.hotstegs-recht.de\/#organization","name":"Hotstegs Rechtsanwaltsgesellschaft","url":"https:\/\/www.hotstegs-recht.de\/","logo":{"@type":"ImageObject","inLanguage":"de","@id":"https:\/\/www.hotstegs-recht.de\/#\/schema\/logo\/image\/","url":"https:\/\/www.hotstegs-recht.de\/wp-content\/uploads\/2021\/09\/logo_2020.png","contentUrl":"https:\/\/www.hotstegs-recht.de\/wp-content\/uploads\/2021\/09\/logo_2020.png","width":180,"height":51,"caption":"Hotstegs Rechtsanwaltsgesellschaft"},"image":{"@id":"https:\/\/www.hotstegs-recht.de\/#\/schema\/logo\/image\/"},"sameAs":["https:\/\/www.facebook.com\/hotstegs.recht","https:\/\/x.com\/hotstegs_recht","https:\/\/www.instagram.com\/hotstegs.recht","https:\/\/de.linkedin.com\/company\/hotstegs-recht"]},{"@type":"Person","@id":"https:\/\/www.hotstegs-recht.de\/#\/schema\/person\/18c7a8260c2d9ded2b8308feab0990a2","name":"Mitarbeiter:in","image":{"@type":"ImageObject","inLanguage":"de","@id":"https:\/\/secure.gravatar.com\/avatar\/ff927e44276052255fa51b438cd49d6bee71e07c0621a998717cee201e5d2fff?s=96&d=blank&r=g","url":"https:\/\/secure.gravatar.com\/avatar\/ff927e44276052255fa51b438cd49d6bee71e07c0621a998717cee201e5d2fff?s=96&d=blank&r=g","contentUrl":"https:\/\/secure.gravatar.com\/avatar\/ff927e44276052255fa51b438cd49d6bee71e07c0621a998717cee201e5d2fff?s=96&d=blank&r=g","caption":"Mitarbeiter:in"},"url":"https:\/\/www.hotstegs-recht.de\/?author=4"}]}},"amp_enabled":true,"_links":{"self":[{"href":"https:\/\/www.hotstegs-recht.de\/index.php?rest_route=\/wp\/v2\/posts\/585","targetHints":{"allow":["GET"]}}],"collection":[{"href":"https:\/\/www.hotstegs-recht.de\/index.php?rest_route=\/wp\/v2\/posts"}],"about":[{"href":"https:\/\/www.hotstegs-recht.de\/index.php?rest_route=\/wp\/v2\/types\/post"}],"author":[{"embeddable":true,"href":"https:\/\/www.hotstegs-recht.de\/index.php?rest_route=\/wp\/v2\/users\/4"}],"replies":[{"embeddable":true,"href":"https:\/\/www.hotstegs-recht.de\/index.php?rest_route=%2Fwp%2Fv2%2Fcomments&post=585"}],"version-history":[{"count":0,"href":"https:\/\/www.hotstegs-recht.de\/index.php?rest_route=\/wp\/v2\/posts\/585\/revisions"}],"wp:attachment":[{"href":"https:\/\/www.hotstegs-recht.de\/index.php?rest_route=%2Fwp%2Fv2%2Fmedia&parent=585"}],"wp:term":[{"taxonomy":"category","embeddable":true,"href":"https:\/\/www.hotstegs-recht.de\/index.php?rest_route=%2Fwp%2Fv2%2Fcategories&post=585"},{"taxonomy":"post_tag","embeddable":true,"href":"https:\/\/www.hotstegs-recht.de\/index.php?rest_route=%2Fwp%2Fv2%2Ftags&post=585"}],"curies":[{"name":"wp","href":"https:\/\/api.w.org\/{rel}","templated":true}]}}