{"id":583,"date":"2008-06-10T17:47:45","date_gmt":"2008-06-10T15:47:45","guid":{"rendered":"http:\/\/www.obst-hotstegs.de\/?p=583"},"modified":"2011-08-29T17:47:59","modified_gmt":"2011-08-29T15:47:59","slug":"im-paragraphendschungel-rheinische-post-vom-10-06-2008","status":"publish","type":"post","link":"https:\/\/www.hotstegs-recht.de\/?p=583","title":{"rendered":"&#8222;Im Paragraphendschungel&#8220;, Rheinische Post vom 10.06.2008"},"content":{"rendered":"<p>VON HERIBERT BRINKMANN<br \/>\n<em> Moers (RP)<\/em> <strong> B\u00fcrgermeister Norbert Ballhaus hat zwei Gutachter beauftragt. Diese sehen das B\u00fcrgerbegehren gegen Abriss der Bibliothek und Rathaus-Neubau als \u201eunzul\u00e4ssig\u201c an. Das sieht die Offene Linke Liste anders \u2013 und k\u00e4mpft weiter.<!--more--><\/strong><\/p>\n<p>Dass B\u00fcrgermeister Norbert Ballhaus am Freitag Vormittag erst den \u00c4ltestenrat und um 17 Uhr die Medien dar\u00fcber informierte, dass das B\u00fcrgerbegehren \u201eF\u00fcr den Erhalt der Bibliothek und gegen den Rathausneubau\u201c unzul\u00e4ssig sei, ist in Ordnung. Unverst\u00e4ndlich dagegen bleibt, dass die Initiatoren des Begehrens, Heinz Huppers und Birgitte H\u00fcbel, erst am Samstag \u00fcber das Ergebnis der juristischen Pr\u00fcfung informiert wurden.<\/p>\n<p>Gabriele Kaenders, Fraktionsvorsitzende der Offenen Linken Liste, gibt sich trotzdem weiterhin k\u00e4mpferisch. Die OliLi lie\u00df sich gestern Abend von ihrem D\u00fcsseldorfer Anwalt beraten. In der Sache bedauert Kaenders die Entwicklung, dass das B\u00fcrgerbegehren als unzul\u00e4ssig abgelehnt werde. Beim Vorgehen der Verwaltung reibt sie sich insgeheim die H\u00e4nde. Dass die Verwaltung mit juristischen Winkelz\u00fcgen das B\u00fcrgerbegehren verhindere, anstatt offen den Willen der B\u00fcrger abzufragen, k\u00f6nnten viele Moerser nicht verstehen. Das werde sich bei den n\u00e4chsten Kommunalwahlen zeigen, wo sie f\u00fcr die Linke mit weit h\u00f6heren Prozentzahlen rechnet \u2013 auf Kosten der regierenden Sozialdemokraten.<\/p>\n<p>\u201eDefinitiv falsch\u201c<\/p>\n<p>Auch in der Sache geben die Linken, die das B\u00fcrgerbegehren unterst\u00fctzt haben, nicht auf. Dirk Hooymann hat das Ergebnis erwartet. Man schiebe Experten vor, um nicht selbst die Ablehnung begr\u00fcnden zu m\u00fcssen. Aber auch das Papier der Jura-Professoren kritisiert er als \u201ehei\u00df gestrickt\u201c, weil es von falschen Angaben ausgehe. Das B\u00fcrgerbegehren beziehe sich auf Sanierungsvorschlag A. Die 35 Millionen f\u00fcr die Sanierung umfassten nach Angaben Hooymanns auch die Sanierung der Bibliothek. Die Gegenrechnung, die die Juristen nach den Angaben der Verwaltung aufmachten, sei \u201edefinitiv falsch\u201c. Und nach Meinung des D\u00fcsseldorfer Anwalts Dr. Henning Obst ziehe auch nicht der Vorwurf, keinen Deckungsvorschlag f\u00fcr die Sanierung der Bibliothek gemacht zu haben, da die Kosten unter dem Verwaltungsansatz blieben. Die Linken sehen sich in der Meinung ihres Anwaltes, das Gutachten sei falsch, best\u00e4tigt. Als \u201eUnversch\u00e4mtheit\u201c werten sie das Argument des B\u00fcrgermeisters, das Ausschreibungsverfahren sei bereits angelaufen und nicht mehr zu stoppen.<\/p>\n<p>Petra Rennicke, Fraktionsvorsitzende der CDU, ist gespannt, was gestern Abend in ihrer Fraktionssitzung herauskommt. Sie sei keine Juristin, pers\u00f6nlich w\u00fcrde sie sich der Verwaltung nicht verschlie\u00dfen, wenn das Verfahren formalrechtlich in Ordnung sei.<\/p>\n","protected":false},"excerpt":{"rendered":"<p>VON HERIBERT BRINKMANN Moers (RP) B\u00fcrgermeister Norbert Ballhaus hat zwei Gutachter beauftragt. Diese sehen das B\u00fcrgerbegehren gegen Abriss der Bibliothek und Rathaus-Neubau als \u201eunzul\u00e4ssig\u201c an. Das sieht die Offene Linke Liste anders \u2013 und k\u00e4mpft weiter.<\/p>\n","protected":false},"author":4,"featured_media":0,"comment_status":"closed","ping_status":"closed","sticky":false,"template":"","format":"standard","meta":{"footnotes":""},"categories":[9],"tags":[],"class_list":["post-583","post","type-post","status-publish","format-standard","hentry","category-presse"],"yoast_head":"<!-- This site is optimized with the Yoast SEO plugin v27.4 - https:\/\/yoast.com\/product\/yoast-seo-wordpress\/ -->\n<title>&quot;Im Paragraphendschungel&quot;, Rheinische Post vom 10.06.2008 - Hotstegs Rechtsanwaltsgesellschaft | Rechtsanw\u00e4lt:innen und Fachanw\u00e4lt:innen f\u00fcr Verwaltungsrecht<\/title>\n<meta name=\"description\" content=\"- Termine unter Tel. 0211 \/ 497657-16\" \/>\n<meta name=\"robots\" content=\"index, follow, max-snippet:-1, max-image-preview:large, max-video-preview:-1\" \/>\n<link rel=\"canonical\" href=\"https:\/\/www.hotstegs-recht.de\/?p=583\" \/>\n<meta property=\"og:locale\" content=\"de_DE\" \/>\n<meta property=\"og:type\" content=\"article\" \/>\n<meta property=\"og:title\" content=\"&quot;Im Paragraphendschungel&quot;, Rheinische Post vom 10.06.2008 - Hotstegs Rechtsanwaltsgesellschaft | Rechtsanw\u00e4lt:innen und Fachanw\u00e4lt:innen f\u00fcr Verwaltungsrecht\" \/>\n<meta property=\"og:description\" content=\"- Termine unter Tel. 0211 \/ 497657-16\" \/>\n<meta property=\"og:url\" content=\"https:\/\/www.hotstegs-recht.de\/?p=583\" \/>\n<meta property=\"og:site_name\" content=\"Hotstegs Rechtsanwaltsgesellschaft | Rechtsanw\u00e4lt:innen und Fachanw\u00e4lt:innen f\u00fcr Verwaltungsrecht\" \/>\n<meta property=\"article:publisher\" content=\"https:\/\/www.facebook.com\/hotstegs.recht\" \/>\n<meta property=\"article:published_time\" content=\"2008-06-10T15:47:45+00:00\" \/>\n<meta property=\"article:modified_time\" content=\"2011-08-29T15:47:59+00:00\" \/>\n<meta name=\"author\" content=\"Mitarbeiter:in\" \/>\n<meta name=\"twitter:card\" content=\"summary_large_image\" \/>\n<meta name=\"twitter:creator\" content=\"@hotstegs_recht\" \/>\n<meta name=\"twitter:site\" content=\"@hotstegs_recht\" \/>\n<meta name=\"twitter:label1\" content=\"Verfasst von\" \/>\n\t<meta name=\"twitter:data1\" content=\"Mitarbeiter:in\" \/>\n\t<meta name=\"twitter:label2\" content=\"Gesch\u00e4tzte Lesezeit\" \/>\n\t<meta name=\"twitter:data2\" content=\"2\u00a0Minuten\" \/>\n<!-- \/ Yoast SEO plugin. -->","yoast_head_json":{"title":"\"Im Paragraphendschungel\", Rheinische Post vom 10.06.2008 - Hotstegs Rechtsanwaltsgesellschaft | Rechtsanw\u00e4lt:innen und Fachanw\u00e4lt:innen f\u00fcr Verwaltungsrecht","description":"- Termine unter Tel. 0211 \/ 497657-16","robots":{"index":"index","follow":"follow","max-snippet":"max-snippet:-1","max-image-preview":"max-image-preview:large","max-video-preview":"max-video-preview:-1"},"canonical":"https:\/\/www.hotstegs-recht.de\/?p=583","og_locale":"de_DE","og_type":"article","og_title":"\"Im Paragraphendschungel\", Rheinische Post vom 10.06.2008 - Hotstegs Rechtsanwaltsgesellschaft | Rechtsanw\u00e4lt:innen und Fachanw\u00e4lt:innen f\u00fcr Verwaltungsrecht","og_description":"- Termine unter Tel. 0211 \/ 497657-16","og_url":"https:\/\/www.hotstegs-recht.de\/?p=583","og_site_name":"Hotstegs Rechtsanwaltsgesellschaft | Rechtsanw\u00e4lt:innen und Fachanw\u00e4lt:innen f\u00fcr Verwaltungsrecht","article_publisher":"https:\/\/www.facebook.com\/hotstegs.recht","article_published_time":"2008-06-10T15:47:45+00:00","article_modified_time":"2011-08-29T15:47:59+00:00","author":"Mitarbeiter:in","twitter_card":"summary_large_image","twitter_creator":"@hotstegs_recht","twitter_site":"@hotstegs_recht","twitter_misc":{"Verfasst von":"Mitarbeiter:in","Gesch\u00e4tzte Lesezeit":"2\u00a0Minuten"},"schema":{"@context":"https:\/\/schema.org","@graph":[{"@type":"Article","@id":"https:\/\/www.hotstegs-recht.de\/?p=583#article","isPartOf":{"@id":"https:\/\/www.hotstegs-recht.de\/?p=583"},"author":{"name":"Mitarbeiter:in","@id":"https:\/\/www.hotstegs-recht.de\/#\/schema\/person\/18c7a8260c2d9ded2b8308feab0990a2"},"headline":"&#8222;Im Paragraphendschungel&#8220;, Rheinische Post vom 10.06.2008","datePublished":"2008-06-10T15:47:45+00:00","dateModified":"2011-08-29T15:47:59+00:00","mainEntityOfPage":{"@id":"https:\/\/www.hotstegs-recht.de\/?p=583"},"wordCount":409,"publisher":{"@id":"https:\/\/www.hotstegs-recht.de\/#organization"},"articleSection":["Presse"],"inLanguage":"de"},{"@type":"WebPage","@id":"https:\/\/www.hotstegs-recht.de\/?p=583","url":"https:\/\/www.hotstegs-recht.de\/?p=583","name":"\"Im Paragraphendschungel\", Rheinische Post vom 10.06.2008 - Hotstegs Rechtsanwaltsgesellschaft | Rechtsanw\u00e4lt:innen und Fachanw\u00e4lt:innen f\u00fcr Verwaltungsrecht","isPartOf":{"@id":"https:\/\/www.hotstegs-recht.de\/#website"},"datePublished":"2008-06-10T15:47:45+00:00","dateModified":"2011-08-29T15:47:59+00:00","description":"- Termine unter Tel. 0211 \/ 497657-16","breadcrumb":{"@id":"https:\/\/www.hotstegs-recht.de\/?p=583#breadcrumb"},"inLanguage":"de","potentialAction":[{"@type":"ReadAction","target":["https:\/\/www.hotstegs-recht.de\/?p=583"]}]},{"@type":"BreadcrumbList","@id":"https:\/\/www.hotstegs-recht.de\/?p=583#breadcrumb","itemListElement":[{"@type":"ListItem","position":1,"name":"Startseite","item":"https:\/\/www.hotstegs-recht.de\/"},{"@type":"ListItem","position":2,"name":"&#8222;Im Paragraphendschungel&#8220;, Rheinische Post vom 10.06.2008"}]},{"@type":"WebSite","@id":"https:\/\/www.hotstegs-recht.de\/#website","url":"https:\/\/www.hotstegs-recht.de\/","name":"Hotstegs Rechtsanwaltsgesellschaft | Rechtsanw\u00e4lt:innen und Fachanw\u00e4lt:innen f\u00fcr Verwaltungsrecht","description":"\u00f6ffentliches Dienstrecht und Disziplinarverfahren | Rechtsanwalt Robert Hotstegs | Rechtsanw\u00e4ltin Sarah Nu\u00dfbaum | Rechtsanw\u00e4ltin Katharina Voigt","publisher":{"@id":"https:\/\/www.hotstegs-recht.de\/#organization"},"potentialAction":[{"@type":"SearchAction","target":{"@type":"EntryPoint","urlTemplate":"https:\/\/www.hotstegs-recht.de\/?s={search_term_string}"},"query-input":{"@type":"PropertyValueSpecification","valueRequired":true,"valueName":"search_term_string"}}],"inLanguage":"de"},{"@type":"Organization","@id":"https:\/\/www.hotstegs-recht.de\/#organization","name":"Hotstegs Rechtsanwaltsgesellschaft","url":"https:\/\/www.hotstegs-recht.de\/","logo":{"@type":"ImageObject","inLanguage":"de","@id":"https:\/\/www.hotstegs-recht.de\/#\/schema\/logo\/image\/","url":"https:\/\/www.hotstegs-recht.de\/wp-content\/uploads\/2021\/09\/logo_2020.png","contentUrl":"https:\/\/www.hotstegs-recht.de\/wp-content\/uploads\/2021\/09\/logo_2020.png","width":180,"height":51,"caption":"Hotstegs Rechtsanwaltsgesellschaft"},"image":{"@id":"https:\/\/www.hotstegs-recht.de\/#\/schema\/logo\/image\/"},"sameAs":["https:\/\/www.facebook.com\/hotstegs.recht","https:\/\/x.com\/hotstegs_recht","https:\/\/www.instagram.com\/hotstegs.recht","https:\/\/de.linkedin.com\/company\/hotstegs-recht"]},{"@type":"Person","@id":"https:\/\/www.hotstegs-recht.de\/#\/schema\/person\/18c7a8260c2d9ded2b8308feab0990a2","name":"Mitarbeiter:in","image":{"@type":"ImageObject","inLanguage":"de","@id":"https:\/\/secure.gravatar.com\/avatar\/ff927e44276052255fa51b438cd49d6bee71e07c0621a998717cee201e5d2fff?s=96&d=blank&r=g","url":"https:\/\/secure.gravatar.com\/avatar\/ff927e44276052255fa51b438cd49d6bee71e07c0621a998717cee201e5d2fff?s=96&d=blank&r=g","contentUrl":"https:\/\/secure.gravatar.com\/avatar\/ff927e44276052255fa51b438cd49d6bee71e07c0621a998717cee201e5d2fff?s=96&d=blank&r=g","caption":"Mitarbeiter:in"},"url":"https:\/\/www.hotstegs-recht.de\/?author=4"}]}},"amp_enabled":true,"_links":{"self":[{"href":"https:\/\/www.hotstegs-recht.de\/index.php?rest_route=\/wp\/v2\/posts\/583","targetHints":{"allow":["GET"]}}],"collection":[{"href":"https:\/\/www.hotstegs-recht.de\/index.php?rest_route=\/wp\/v2\/posts"}],"about":[{"href":"https:\/\/www.hotstegs-recht.de\/index.php?rest_route=\/wp\/v2\/types\/post"}],"author":[{"embeddable":true,"href":"https:\/\/www.hotstegs-recht.de\/index.php?rest_route=\/wp\/v2\/users\/4"}],"replies":[{"embeddable":true,"href":"https:\/\/www.hotstegs-recht.de\/index.php?rest_route=%2Fwp%2Fv2%2Fcomments&post=583"}],"version-history":[{"count":0,"href":"https:\/\/www.hotstegs-recht.de\/index.php?rest_route=\/wp\/v2\/posts\/583\/revisions"}],"wp:attachment":[{"href":"https:\/\/www.hotstegs-recht.de\/index.php?rest_route=%2Fwp%2Fv2%2Fmedia&parent=583"}],"wp:term":[{"taxonomy":"category","embeddable":true,"href":"https:\/\/www.hotstegs-recht.de\/index.php?rest_route=%2Fwp%2Fv2%2Fcategories&post=583"},{"taxonomy":"post_tag","embeddable":true,"href":"https:\/\/www.hotstegs-recht.de\/index.php?rest_route=%2Fwp%2Fv2%2Ftags&post=583"}],"curies":[{"name":"wp","href":"https:\/\/api.w.org\/{rel}","templated":true}]}}