{"id":581,"date":"2008-08-07T17:48:25","date_gmt":"2008-08-07T15:48:25","guid":{"rendered":"http:\/\/www.obst-hotstegs.de\/?p=581"},"modified":"2014-03-09T22:14:09","modified_gmt":"2014-03-09T21:14:09","slug":"direkte-demokratie-als-vortrag-und-im-landtag-rheinische-post-vom-07-08-2008","status":"publish","type":"post","link":"https:\/\/www.hotstegs-recht.de\/?p=581","title":{"rendered":"Direkte Demokratie als Vortrag und im Landtag, Rheinische Post vom 07.08.2008"},"content":{"rendered":"<p>(dr) Im Vorfeld des 15. Jahrestags der Einf\u00fchrung von B\u00fcrgerbegehren und B\u00fcrgerentscheiden in <acronym title=\"Nordrhein-Westfalen\">NRW<\/acronym> im Jahr 2009 ist landesweit eine Reihe von Vortr\u00e4gen und Seminaren zur B\u00fcrgerbeteiligung geplant. An der VHS bietet der Rechtsanwalt Robert Hotstegs am 15. Oktober um 18 Uhr einen Vortrag zur Direkten Demokratie an. Am 22. Oktober um 17 Uhr ist im Rahmen eines Landtagsbesuchs eine Diskussion mit Landtagsabgeordneten von SPD, Gr\u00fcnen und FDP geplant. Weitere Informationen gibt es im Internet unter www.ra-dr-obst.de (Rubrik &#8222;Aktuelles&#8220;) oder unter Telefon 49765716<\/p>\n","protected":false},"excerpt":{"rendered":"<p>(dr) Im Vorfeld des 15. Jahrestags der Einf\u00fchrung von B\u00fcrgerbegehren und B\u00fcrgerentscheiden in NRW im Jahr 2009 ist landesweit eine Reihe von Vortr\u00e4gen und Seminaren zur B\u00fcrgerbeteiligung geplant. An der VHS bietet der Rechtsanwalt Robert Hotstegs am 15. Oktober um 18 Uhr einen Vortrag zur Direkten Demokratie an. Am 22. Oktober um 17 Uhr ist &hellip; <\/p>\n<p class=\"link-more\"><a href=\"https:\/\/www.hotstegs-recht.de\/?p=581\" class=\"more-link\"><span class=\"screen-reader-text\">\u201eDirekte Demokratie als Vortrag und im Landtag, Rheinische Post vom 07.08.2008\u201c <\/span>weiterlesen<\/a><\/p>\n","protected":false},"author":4,"featured_media":0,"comment_status":"closed","ping_status":"closed","sticky":false,"template":"","format":"standard","meta":{"footnotes":""},"categories":[4,9,16],"tags":[],"class_list":["post-581","post","type-post","status-publish","format-standard","hentry","category-aktuelles","category-presse","category-burgerbeteiligung"],"yoast_head":"<!-- This site is optimized with the Yoast SEO plugin v27.4 - https:\/\/yoast.com\/product\/yoast-seo-wordpress\/ -->\n<title>Direkte Demokratie als Vortrag und im Landtag, Rheinische Post vom 07.08.2008 - Hotstegs Rechtsanwaltsgesellschaft | Rechtsanw\u00e4lt:innen und Fachanw\u00e4lt:innen f\u00fcr Verwaltungsrecht<\/title>\n<meta name=\"description\" content=\"- Termine unter Tel. 0211 \/ 497657-16\" \/>\n<meta name=\"robots\" content=\"index, follow, max-snippet:-1, max-image-preview:large, max-video-preview:-1\" \/>\n<link rel=\"canonical\" href=\"https:\/\/www.hotstegs-recht.de\/?p=581\" \/>\n<meta property=\"og:locale\" content=\"de_DE\" \/>\n<meta property=\"og:type\" content=\"article\" \/>\n<meta property=\"og:title\" content=\"Direkte Demokratie als Vortrag und im Landtag, Rheinische Post vom 07.08.2008 - Hotstegs Rechtsanwaltsgesellschaft | Rechtsanw\u00e4lt:innen und Fachanw\u00e4lt:innen f\u00fcr Verwaltungsrecht\" \/>\n<meta property=\"og:description\" content=\"- Termine unter Tel. 0211 \/ 497657-16\" \/>\n<meta property=\"og:url\" content=\"https:\/\/www.hotstegs-recht.de\/?p=581\" \/>\n<meta property=\"og:site_name\" content=\"Hotstegs Rechtsanwaltsgesellschaft | Rechtsanw\u00e4lt:innen und Fachanw\u00e4lt:innen f\u00fcr Verwaltungsrecht\" \/>\n<meta property=\"article:publisher\" content=\"https:\/\/www.facebook.com\/hotstegs.recht\" \/>\n<meta property=\"article:published_time\" content=\"2008-08-07T15:48:25+00:00\" \/>\n<meta property=\"article:modified_time\" content=\"2014-03-09T21:14:09+00:00\" \/>\n<meta name=\"author\" content=\"Mitarbeiter:in\" \/>\n<meta name=\"twitter:card\" content=\"summary_large_image\" \/>\n<meta name=\"twitter:creator\" content=\"@hotstegs_recht\" \/>\n<meta name=\"twitter:site\" content=\"@hotstegs_recht\" \/>\n<meta name=\"twitter:label1\" content=\"Verfasst von\" \/>\n\t<meta name=\"twitter:data1\" content=\"Mitarbeiter:in\" \/>\n<!-- \/ Yoast SEO plugin. -->","yoast_head_json":{"title":"Direkte Demokratie als Vortrag und im Landtag, Rheinische Post vom 07.08.2008 - Hotstegs Rechtsanwaltsgesellschaft | Rechtsanw\u00e4lt:innen und Fachanw\u00e4lt:innen f\u00fcr Verwaltungsrecht","description":"- Termine unter Tel. 0211 \/ 497657-16","robots":{"index":"index","follow":"follow","max-snippet":"max-snippet:-1","max-image-preview":"max-image-preview:large","max-video-preview":"max-video-preview:-1"},"canonical":"https:\/\/www.hotstegs-recht.de\/?p=581","og_locale":"de_DE","og_type":"article","og_title":"Direkte Demokratie als Vortrag und im Landtag, Rheinische Post vom 07.08.2008 - Hotstegs Rechtsanwaltsgesellschaft | Rechtsanw\u00e4lt:innen und Fachanw\u00e4lt:innen f\u00fcr Verwaltungsrecht","og_description":"- Termine unter Tel. 0211 \/ 497657-16","og_url":"https:\/\/www.hotstegs-recht.de\/?p=581","og_site_name":"Hotstegs Rechtsanwaltsgesellschaft | Rechtsanw\u00e4lt:innen und Fachanw\u00e4lt:innen f\u00fcr Verwaltungsrecht","article_publisher":"https:\/\/www.facebook.com\/hotstegs.recht","article_published_time":"2008-08-07T15:48:25+00:00","article_modified_time":"2014-03-09T21:14:09+00:00","author":"Mitarbeiter:in","twitter_card":"summary_large_image","twitter_creator":"@hotstegs_recht","twitter_site":"@hotstegs_recht","twitter_misc":{"Verfasst von":"Mitarbeiter:in"},"schema":{"@context":"https:\/\/schema.org","@graph":[{"@type":"Article","@id":"https:\/\/www.hotstegs-recht.de\/?p=581#article","isPartOf":{"@id":"https:\/\/www.hotstegs-recht.de\/?p=581"},"author":{"name":"Mitarbeiter:in","@id":"https:\/\/www.hotstegs-recht.de\/#\/schema\/person\/18c7a8260c2d9ded2b8308feab0990a2"},"headline":"Direkte Demokratie als Vortrag und im Landtag, Rheinische Post vom 07.08.2008","datePublished":"2008-08-07T15:48:25+00:00","dateModified":"2014-03-09T21:14:09+00:00","mainEntityOfPage":{"@id":"https:\/\/www.hotstegs-recht.de\/?p=581"},"wordCount":94,"publisher":{"@id":"https:\/\/www.hotstegs-recht.de\/#organization"},"articleSection":["Aktuelles","Presse","B\u00fcrgerbeteiligung"],"inLanguage":"de"},{"@type":"WebPage","@id":"https:\/\/www.hotstegs-recht.de\/?p=581","url":"https:\/\/www.hotstegs-recht.de\/?p=581","name":"Direkte Demokratie als Vortrag und im Landtag, Rheinische Post vom 07.08.2008 - Hotstegs Rechtsanwaltsgesellschaft | Rechtsanw\u00e4lt:innen und Fachanw\u00e4lt:innen f\u00fcr Verwaltungsrecht","isPartOf":{"@id":"https:\/\/www.hotstegs-recht.de\/#website"},"datePublished":"2008-08-07T15:48:25+00:00","dateModified":"2014-03-09T21:14:09+00:00","description":"- Termine unter Tel. 0211 \/ 497657-16","breadcrumb":{"@id":"https:\/\/www.hotstegs-recht.de\/?p=581#breadcrumb"},"inLanguage":"de","potentialAction":[{"@type":"ReadAction","target":["https:\/\/www.hotstegs-recht.de\/?p=581"]}]},{"@type":"BreadcrumbList","@id":"https:\/\/www.hotstegs-recht.de\/?p=581#breadcrumb","itemListElement":[{"@type":"ListItem","position":1,"name":"Startseite","item":"https:\/\/www.hotstegs-recht.de\/"},{"@type":"ListItem","position":2,"name":"Direkte Demokratie als Vortrag und im Landtag, Rheinische Post vom 07.08.2008"}]},{"@type":"WebSite","@id":"https:\/\/www.hotstegs-recht.de\/#website","url":"https:\/\/www.hotstegs-recht.de\/","name":"Hotstegs Rechtsanwaltsgesellschaft | Rechtsanw\u00e4lt:innen und Fachanw\u00e4lt:innen f\u00fcr Verwaltungsrecht","description":"\u00f6ffentliches Dienstrecht und Disziplinarverfahren | Rechtsanwalt Robert Hotstegs | Rechtsanw\u00e4ltin Sarah Nu\u00dfbaum | Rechtsanw\u00e4ltin Katharina Voigt","publisher":{"@id":"https:\/\/www.hotstegs-recht.de\/#organization"},"potentialAction":[{"@type":"SearchAction","target":{"@type":"EntryPoint","urlTemplate":"https:\/\/www.hotstegs-recht.de\/?s={search_term_string}"},"query-input":{"@type":"PropertyValueSpecification","valueRequired":true,"valueName":"search_term_string"}}],"inLanguage":"de"},{"@type":"Organization","@id":"https:\/\/www.hotstegs-recht.de\/#organization","name":"Hotstegs Rechtsanwaltsgesellschaft","url":"https:\/\/www.hotstegs-recht.de\/","logo":{"@type":"ImageObject","inLanguage":"de","@id":"https:\/\/www.hotstegs-recht.de\/#\/schema\/logo\/image\/","url":"https:\/\/www.hotstegs-recht.de\/wp-content\/uploads\/2021\/09\/logo_2020.png","contentUrl":"https:\/\/www.hotstegs-recht.de\/wp-content\/uploads\/2021\/09\/logo_2020.png","width":180,"height":51,"caption":"Hotstegs Rechtsanwaltsgesellschaft"},"image":{"@id":"https:\/\/www.hotstegs-recht.de\/#\/schema\/logo\/image\/"},"sameAs":["https:\/\/www.facebook.com\/hotstegs.recht","https:\/\/x.com\/hotstegs_recht","https:\/\/www.instagram.com\/hotstegs.recht","https:\/\/de.linkedin.com\/company\/hotstegs-recht"]},{"@type":"Person","@id":"https:\/\/www.hotstegs-recht.de\/#\/schema\/person\/18c7a8260c2d9ded2b8308feab0990a2","name":"Mitarbeiter:in","image":{"@type":"ImageObject","inLanguage":"de","@id":"https:\/\/secure.gravatar.com\/avatar\/ff927e44276052255fa51b438cd49d6bee71e07c0621a998717cee201e5d2fff?s=96&d=blank&r=g","url":"https:\/\/secure.gravatar.com\/avatar\/ff927e44276052255fa51b438cd49d6bee71e07c0621a998717cee201e5d2fff?s=96&d=blank&r=g","contentUrl":"https:\/\/secure.gravatar.com\/avatar\/ff927e44276052255fa51b438cd49d6bee71e07c0621a998717cee201e5d2fff?s=96&d=blank&r=g","caption":"Mitarbeiter:in"},"url":"https:\/\/www.hotstegs-recht.de\/?author=4"}]}},"amp_enabled":true,"_links":{"self":[{"href":"https:\/\/www.hotstegs-recht.de\/index.php?rest_route=\/wp\/v2\/posts\/581","targetHints":{"allow":["GET"]}}],"collection":[{"href":"https:\/\/www.hotstegs-recht.de\/index.php?rest_route=\/wp\/v2\/posts"}],"about":[{"href":"https:\/\/www.hotstegs-recht.de\/index.php?rest_route=\/wp\/v2\/types\/post"}],"author":[{"embeddable":true,"href":"https:\/\/www.hotstegs-recht.de\/index.php?rest_route=\/wp\/v2\/users\/4"}],"replies":[{"embeddable":true,"href":"https:\/\/www.hotstegs-recht.de\/index.php?rest_route=%2Fwp%2Fv2%2Fcomments&post=581"}],"version-history":[{"count":0,"href":"https:\/\/www.hotstegs-recht.de\/index.php?rest_route=\/wp\/v2\/posts\/581\/revisions"}],"wp:attachment":[{"href":"https:\/\/www.hotstegs-recht.de\/index.php?rest_route=%2Fwp%2Fv2%2Fmedia&parent=581"}],"wp:term":[{"taxonomy":"category","embeddable":true,"href":"https:\/\/www.hotstegs-recht.de\/index.php?rest_route=%2Fwp%2Fv2%2Fcategories&post=581"},{"taxonomy":"post_tag","embeddable":true,"href":"https:\/\/www.hotstegs-recht.de\/index.php?rest_route=%2Fwp%2Fv2%2Ftags&post=581"}],"curies":[{"name":"wp","href":"https:\/\/api.w.org\/{rel}","templated":true}]}}