{"id":5775,"date":"2017-05-29T11:11:42","date_gmt":"2017-05-29T09:11:42","guid":{"rendered":"http:\/\/www.hotstegs-recht.de\/?p=5775"},"modified":"2018-09-07T16:31:32","modified_gmt":"2018-09-07T14:31:32","slug":"video-auf-den-punkt-folge-7-wahlhelfer","status":"publish","type":"post","link":"https:\/\/www.hotstegs-recht.de\/?p=5775","title":{"rendered":"Video: &#8222;Auf den Punkt&#8220; Folge 7: Wahlhelfer"},"content":{"rendered":"<p><iframe loading=\"lazy\" width=\"560\" height=\"315\" src=\"https:\/\/www.youtube-nocookie.com\/embed\/SrvyoGp7gs4?rel=0\" frameborder=\"0\" allow=\"autoplay; encrypted-media\" allowfullscreen><\/iframe><\/p>\n<p>Kommunalpolitiker sehen sich in ihrer t\u00e4glichen politischen Arbeit immer wieder mit rechtlichen Fragen konfrontiert. Gemeinsam mit Rechtsanwalt Robert Hotstegs nimmt die VLK NRW interessante rechtliche Fragenstellungen rund um die Kommunalpolitik, aktuelle Urteile und ihre Auswirkungen unter die Lupe und bringt die Sachverhalte f\u00fcr Sie &#8222;Auf den Punkt&#8220;!<\/p>\n<blockquote><p><strong>Wahlhelfer<\/strong><\/p>\n<p>2017 ist Wahljahr &#8211; gleich mehrfach. Die Landtagswahl steht unmittelbar bevor. Die Bundestagswahl steckt auch schon in ihren Vorbereitungen.<\/p>\n<p>Ein Thema in vielen Kommunen ist schlicht und einfach die Frage, wie kann ich die Wahl eigentlich organisieren. Die Wahl ruht, jede Wahl ruht auf den Schultern vor allem von ehrenamtlichen Wahlhelferinnen und Wahlhelfern im jeweiligen Wahlvorstand. So sind alle Wahlen in Deutschland organisiert. So viel hauptamtliches Personal g\u00e4be es im Leben nicht. Insbesondere die Kommunen, die immer wieder an ihre Grenzen sto\u00dfen und feststellen, wir haben gar nicht genug Wahlhelferinnen und Wahlhelfer zur Verf\u00fcgung, fragen sich nat\u00fcrlich, was gibt es denn eigentlich, gibt es die Patentl\u00f6sung, gibt es die Idee oder den Ansto\u00df? <a href=\"https:\/\/www.fhoev.nrw.de\/nachrichten\/artikel\/wahlhelfergewinnung\/\" rel=\"noopener\" target=\"_blank\">Es gibt eine Studie, die zugegebener Ma\u00dfen jetzt schon 6 Jahre alt ist, von der Fachhochschule f\u00fcr \u00f6ffentlichen Verwaltung. Dort haben Studierende den Praxisratgeber zur Wahlhelfergewinnung erarbeitet.<\/a><\/p>\n<p>Der basiert, das ist das eigentlich Spannende auf einer Befragung von ganz unterschiedlichen St\u00e4dten. Ansto\u00df war die schwierige Situation in Bochum Wahlhelferinnen und Wahlhelfer zu gewinnen. Man hat sich daf\u00fcr entschieden St\u00e4dte in Nordrhein-Westfalen, in Deutschland, aber sogar weltweit zu befragen. Deswegen ist der Praxisratgeber eigentlich so spannend, weil man jetzt den anderen St\u00e4dten \u00fcber die Schultern schauen kann. Wie l\u00e4uft es? Best practice zum Beispiel in Kiel, wie l\u00e4uft es in Braunschweig? Zwei St\u00e4dte, die seit vielen Jahren ihre Wahlhelfer pflegen und in Kiel sogar beschenken. Derjenige, der zum zehnten Mal, zum zwanzigsten Mal dabei ist &#8211; Sie merken, da muss man einige Jahre also wirklich am Ball bleiben -, der kriegt einen Schal der Stadt Kiel geschenkt, dann gibt es ein Wahlhelferfr\u00fchst\u00fcck beim Oberb\u00fcrgermeister als Austausch. Also kurzum: es gibt gute Beispiele wie Wahlhelfer gepflegt und gehegt werden k\u00f6nnen.<\/p>\n<p>Es gibt auch ein Blick international, also \u00fcber den deutschen Tellerrand hinaus. Wie werden Wahlhelfer eigentlich in Skandinavien, in den Niederlanden, in den USA wie werden die da eigentlich eingesetzt. Manche Kommunen berichten, dass sie glauben alles geht nur \u00fcber das Geld. Ein hohes Erfrischungsgeld sei notwendig. Manche internationale Kommunen sagen, es sei ein Generationenproblem. Ich glaube am Ende l\u00e4uft der Praxisratgeber darauf hinaus: wir brauchen die Ehrenamtlichen f\u00fcr jede neue Wahl und wir m\u00fcssen die Ehrenamtlichen mit der Erfahrung tats\u00e4chlich auch hegen und pflegen. Wir m\u00fcssen die vor allen Dingen unmittelbar nach der Wahl und zwischen der Wahl an Bord behalten und die St\u00e4dte die  das in ihr Stammbuch schreiben, die sich auch nicht zu fein daf\u00fcr sind, ein Dankesbrief an alle ehrenamtlichen abzuschicken, die sind glaub ich die St\u00e4dte, die am Ende Erfolg haben.<\/p>\n<p>In dem Sinne: wir brauchen die Ehrenamtlichen auch bei der n\u00e4chsten Wahl. Bleiben Sie also am Ball.<\/p><\/blockquote>\n","protected":false},"excerpt":{"rendered":"<p>Kommunalpolitiker sehen sich in ihrer t\u00e4glichen politischen Arbeit immer wieder mit rechtlichen Fragen konfrontiert. Gemeinsam mit Rechtsanwalt Robert Hotstegs nimmt die VLK NRW interessante rechtliche Fragenstellungen rund um die Kommunalpolitik, aktuelle Urteile und ihre Auswirkungen unter die Lupe und bringt die Sachverhalte f\u00fcr Sie &#8222;Auf den Punkt&#8220;! Wahlhelfer 2017 ist Wahljahr &#8211; gleich mehrfach. Die &hellip; <\/p>\n<p class=\"link-more\"><a href=\"https:\/\/www.hotstegs-recht.de\/?p=5775\" class=\"more-link\"><span class=\"screen-reader-text\">\u201eVideo: &#8222;Auf den Punkt&#8220; Folge 7: Wahlhelfer\u201c <\/span>weiterlesen<\/a><\/p>\n","protected":false},"author":1,"featured_media":5085,"comment_status":"closed","ping_status":"open","sticky":false,"template":"","format":"video","meta":{"footnotes":""},"categories":[4,9,16,47],"tags":[59,40],"class_list":["post-5775","post","type-post","status-publish","format-video","has-post-thumbnail","hentry","category-aktuelles","category-presse","category-burgerbeteiligung","category-wahlrecht","tag-auf-den-punkt","tag-video","post_format-post-format-video"],"yoast_head":"<!-- This site is optimized with the Yoast SEO plugin v27.4 - https:\/\/yoast.com\/product\/yoast-seo-wordpress\/ -->\n<title>Video: &quot;Auf den Punkt&quot; Folge 7: Wahlhelfer - Hotstegs Rechtsanwaltsgesellschaft | Rechtsanw\u00e4lt:innen und Fachanw\u00e4lt:innen f\u00fcr Verwaltungsrecht<\/title>\n<meta name=\"description\" content=\"- Termine unter Tel. 0211 \/ 497657-16\" \/>\n<meta name=\"robots\" content=\"index, follow, max-snippet:-1, max-image-preview:large, max-video-preview:-1\" \/>\n<link rel=\"canonical\" href=\"https:\/\/www.hotstegs-recht.de\/?p=5775\" \/>\n<meta property=\"og:locale\" content=\"de_DE\" \/>\n<meta property=\"og:type\" content=\"article\" \/>\n<meta property=\"og:title\" content=\"Video: &quot;Auf den Punkt&quot; Folge 7: Wahlhelfer - Hotstegs Rechtsanwaltsgesellschaft | Rechtsanw\u00e4lt:innen und Fachanw\u00e4lt:innen f\u00fcr Verwaltungsrecht\" \/>\n<meta property=\"og:description\" content=\"- Termine unter Tel. 0211 \/ 497657-16\" \/>\n<meta property=\"og:url\" content=\"https:\/\/www.hotstegs-recht.de\/?p=5775\" \/>\n<meta property=\"og:site_name\" content=\"Hotstegs Rechtsanwaltsgesellschaft | Rechtsanw\u00e4lt:innen und Fachanw\u00e4lt:innen f\u00fcr Verwaltungsrecht\" \/>\n<meta property=\"article:publisher\" content=\"https:\/\/www.facebook.com\/hotstegs.recht\" \/>\n<meta property=\"article:published_time\" content=\"2017-05-29T09:11:42+00:00\" \/>\n<meta property=\"article:modified_time\" content=\"2018-09-07T14:31:32+00:00\" \/>\n<meta property=\"og:image\" content=\"https:\/\/www.hotstegs-recht.de\/wp-content\/uploads\/2016\/11\/slider22_2500_1200.jpg\" \/>\n\t<meta property=\"og:image:width\" content=\"2500\" \/>\n\t<meta property=\"og:image:height\" content=\"1200\" \/>\n\t<meta property=\"og:image:type\" content=\"image\/jpeg\" \/>\n<meta name=\"author\" content=\"Robert Hotstegs\" \/>\n<meta name=\"twitter:card\" content=\"summary_large_image\" \/>\n<meta name=\"twitter:creator\" content=\"@hotstegs_recht\" \/>\n<meta name=\"twitter:site\" content=\"@hotstegs_recht\" \/>\n<meta name=\"twitter:label1\" content=\"Verfasst von\" \/>\n\t<meta name=\"twitter:data1\" content=\"Robert Hotstegs\" \/>\n\t<meta name=\"twitter:label2\" content=\"Gesch\u00e4tzte Lesezeit\" \/>\n\t<meta name=\"twitter:data2\" content=\"3\u00a0Minuten\" \/>\n<!-- \/ Yoast SEO plugin. -->","yoast_head_json":{"title":"Video: \"Auf den Punkt\" Folge 7: Wahlhelfer - Hotstegs Rechtsanwaltsgesellschaft | Rechtsanw\u00e4lt:innen und Fachanw\u00e4lt:innen f\u00fcr Verwaltungsrecht","description":"- Termine unter Tel. 0211 \/ 497657-16","robots":{"index":"index","follow":"follow","max-snippet":"max-snippet:-1","max-image-preview":"max-image-preview:large","max-video-preview":"max-video-preview:-1"},"canonical":"https:\/\/www.hotstegs-recht.de\/?p=5775","og_locale":"de_DE","og_type":"article","og_title":"Video: \"Auf den Punkt\" Folge 7: Wahlhelfer - Hotstegs Rechtsanwaltsgesellschaft | Rechtsanw\u00e4lt:innen und Fachanw\u00e4lt:innen f\u00fcr Verwaltungsrecht","og_description":"- Termine unter Tel. 0211 \/ 497657-16","og_url":"https:\/\/www.hotstegs-recht.de\/?p=5775","og_site_name":"Hotstegs Rechtsanwaltsgesellschaft | Rechtsanw\u00e4lt:innen und Fachanw\u00e4lt:innen f\u00fcr Verwaltungsrecht","article_publisher":"https:\/\/www.facebook.com\/hotstegs.recht","article_published_time":"2017-05-29T09:11:42+00:00","article_modified_time":"2018-09-07T14:31:32+00:00","og_image":[{"width":2500,"height":1200,"url":"https:\/\/www.hotstegs-recht.de\/wp-content\/uploads\/2016\/11\/slider22_2500_1200.jpg","type":"image\/jpeg"}],"author":"Robert Hotstegs","twitter_card":"summary_large_image","twitter_creator":"@hotstegs_recht","twitter_site":"@hotstegs_recht","twitter_misc":{"Verfasst von":"Robert Hotstegs","Gesch\u00e4tzte Lesezeit":"3\u00a0Minuten"},"schema":{"@context":"https:\/\/schema.org","@graph":[{"@type":"Article","@id":"https:\/\/www.hotstegs-recht.de\/?p=5775#article","isPartOf":{"@id":"https:\/\/www.hotstegs-recht.de\/?p=5775"},"author":{"name":"Robert Hotstegs","@id":"https:\/\/www.hotstegs-recht.de\/#\/schema\/person\/b5290b51a91e1e27ec6af13643a76ab0"},"headline":"Video: &#8222;Auf den Punkt&#8220; Folge 7: Wahlhelfer","datePublished":"2017-05-29T09:11:42+00:00","dateModified":"2018-09-07T14:31:32+00:00","mainEntityOfPage":{"@id":"https:\/\/www.hotstegs-recht.de\/?p=5775"},"wordCount":515,"publisher":{"@id":"https:\/\/www.hotstegs-recht.de\/#organization"},"image":{"@id":"https:\/\/www.hotstegs-recht.de\/?p=5775#primaryimage"},"thumbnailUrl":"https:\/\/www.hotstegs-recht.de\/wp-content\/uploads\/2016\/11\/slider22_2500_1200.jpg","keywords":["Auf den Punkt","Video"],"articleSection":["Aktuelles","Presse","B\u00fcrgerbeteiligung","Wahlrecht"],"inLanguage":"de"},{"@type":"WebPage","@id":"https:\/\/www.hotstegs-recht.de\/?p=5775","url":"https:\/\/www.hotstegs-recht.de\/?p=5775","name":"Video: \"Auf den Punkt\" Folge 7: Wahlhelfer - Hotstegs Rechtsanwaltsgesellschaft | Rechtsanw\u00e4lt:innen und Fachanw\u00e4lt:innen f\u00fcr Verwaltungsrecht","isPartOf":{"@id":"https:\/\/www.hotstegs-recht.de\/#website"},"primaryImageOfPage":{"@id":"https:\/\/www.hotstegs-recht.de\/?p=5775#primaryimage"},"image":{"@id":"https:\/\/www.hotstegs-recht.de\/?p=5775#primaryimage"},"thumbnailUrl":"https:\/\/www.hotstegs-recht.de\/wp-content\/uploads\/2016\/11\/slider22_2500_1200.jpg","datePublished":"2017-05-29T09:11:42+00:00","dateModified":"2018-09-07T14:31:32+00:00","description":"- Termine unter Tel. 0211 \/ 497657-16","breadcrumb":{"@id":"https:\/\/www.hotstegs-recht.de\/?p=5775#breadcrumb"},"inLanguage":"de","potentialAction":[{"@type":"ReadAction","target":["https:\/\/www.hotstegs-recht.de\/?p=5775"]}]},{"@type":"ImageObject","inLanguage":"de","@id":"https:\/\/www.hotstegs-recht.de\/?p=5775#primaryimage","url":"https:\/\/www.hotstegs-recht.de\/wp-content\/uploads\/2016\/11\/slider22_2500_1200.jpg","contentUrl":"https:\/\/www.hotstegs-recht.de\/wp-content\/uploads\/2016\/11\/slider22_2500_1200.jpg","width":2500,"height":1200},{"@type":"BreadcrumbList","@id":"https:\/\/www.hotstegs-recht.de\/?p=5775#breadcrumb","itemListElement":[{"@type":"ListItem","position":1,"name":"Startseite","item":"https:\/\/www.hotstegs-recht.de\/"},{"@type":"ListItem","position":2,"name":"Video: &#8222;Auf den Punkt&#8220; Folge 7: Wahlhelfer"}]},{"@type":"WebSite","@id":"https:\/\/www.hotstegs-recht.de\/#website","url":"https:\/\/www.hotstegs-recht.de\/","name":"Hotstegs Rechtsanwaltsgesellschaft | Rechtsanw\u00e4lt:innen und Fachanw\u00e4lt:innen f\u00fcr Verwaltungsrecht","description":"\u00f6ffentliches Dienstrecht und Disziplinarverfahren | Rechtsanwalt Robert Hotstegs | Rechtsanw\u00e4ltin Sarah Nu\u00dfbaum | Rechtsanw\u00e4ltin Katharina Voigt","publisher":{"@id":"https:\/\/www.hotstegs-recht.de\/#organization"},"potentialAction":[{"@type":"SearchAction","target":{"@type":"EntryPoint","urlTemplate":"https:\/\/www.hotstegs-recht.de\/?s={search_term_string}"},"query-input":{"@type":"PropertyValueSpecification","valueRequired":true,"valueName":"search_term_string"}}],"inLanguage":"de"},{"@type":"Organization","@id":"https:\/\/www.hotstegs-recht.de\/#organization","name":"Hotstegs Rechtsanwaltsgesellschaft","url":"https:\/\/www.hotstegs-recht.de\/","logo":{"@type":"ImageObject","inLanguage":"de","@id":"https:\/\/www.hotstegs-recht.de\/#\/schema\/logo\/image\/","url":"https:\/\/www.hotstegs-recht.de\/wp-content\/uploads\/2021\/09\/logo_2020.png","contentUrl":"https:\/\/www.hotstegs-recht.de\/wp-content\/uploads\/2021\/09\/logo_2020.png","width":180,"height":51,"caption":"Hotstegs Rechtsanwaltsgesellschaft"},"image":{"@id":"https:\/\/www.hotstegs-recht.de\/#\/schema\/logo\/image\/"},"sameAs":["https:\/\/www.facebook.com\/hotstegs.recht","https:\/\/x.com\/hotstegs_recht","https:\/\/www.instagram.com\/hotstegs.recht","https:\/\/de.linkedin.com\/company\/hotstegs-recht"]},{"@type":"Person","@id":"https:\/\/www.hotstegs-recht.de\/#\/schema\/person\/b5290b51a91e1e27ec6af13643a76ab0","name":"Robert Hotstegs","image":{"@type":"ImageObject","inLanguage":"de","@id":"https:\/\/secure.gravatar.com\/avatar\/7d923d735cd88c8f3b65c6506ab775c5eb23a82716d81ce74eb3951cb8430f5a?s=96&d=blank&r=g","url":"https:\/\/secure.gravatar.com\/avatar\/7d923d735cd88c8f3b65c6506ab775c5eb23a82716d81ce74eb3951cb8430f5a?s=96&d=blank&r=g","contentUrl":"https:\/\/secure.gravatar.com\/avatar\/7d923d735cd88c8f3b65c6506ab775c5eb23a82716d81ce74eb3951cb8430f5a?s=96&d=blank&r=g","caption":"Robert Hotstegs"},"description":"Rechtsanwalt, Fachanwalt f\u00fcr Verwaltungsrecht","url":"https:\/\/www.hotstegs-recht.de\/?author=1"}]}},"amp_enabled":true,"_links":{"self":[{"href":"https:\/\/www.hotstegs-recht.de\/index.php?rest_route=\/wp\/v2\/posts\/5775","targetHints":{"allow":["GET"]}}],"collection":[{"href":"https:\/\/www.hotstegs-recht.de\/index.php?rest_route=\/wp\/v2\/posts"}],"about":[{"href":"https:\/\/www.hotstegs-recht.de\/index.php?rest_route=\/wp\/v2\/types\/post"}],"author":[{"embeddable":true,"href":"https:\/\/www.hotstegs-recht.de\/index.php?rest_route=\/wp\/v2\/users\/1"}],"replies":[{"embeddable":true,"href":"https:\/\/www.hotstegs-recht.de\/index.php?rest_route=%2Fwp%2Fv2%2Fcomments&post=5775"}],"version-history":[{"count":4,"href":"https:\/\/www.hotstegs-recht.de\/index.php?rest_route=\/wp\/v2\/posts\/5775\/revisions"}],"predecessor-version":[{"id":5777,"href":"https:\/\/www.hotstegs-recht.de\/index.php?rest_route=\/wp\/v2\/posts\/5775\/revisions\/5777"}],"wp:featuredmedia":[{"embeddable":true,"href":"https:\/\/www.hotstegs-recht.de\/index.php?rest_route=\/wp\/v2\/media\/5085"}],"wp:attachment":[{"href":"https:\/\/www.hotstegs-recht.de\/index.php?rest_route=%2Fwp%2Fv2%2Fmedia&parent=5775"}],"wp:term":[{"taxonomy":"category","embeddable":true,"href":"https:\/\/www.hotstegs-recht.de\/index.php?rest_route=%2Fwp%2Fv2%2Fcategories&post=5775"},{"taxonomy":"post_tag","embeddable":true,"href":"https:\/\/www.hotstegs-recht.de\/index.php?rest_route=%2Fwp%2Fv2%2Ftags&post=5775"}],"curies":[{"name":"wp","href":"https:\/\/api.w.org\/{rel}","templated":true}]}}