{"id":577,"date":"2008-09-16T17:51:13","date_gmt":"2008-09-16T15:51:13","guid":{"rendered":"http:\/\/www.obst-hotstegs.de\/?p=577"},"modified":"2014-03-09T22:13:19","modified_gmt":"2014-03-09T21:13:19","slug":"wem-gehort-die-stadt-nrw-mehr-demokratie-de-vom-16-09-2008","status":"publish","type":"post","link":"https:\/\/www.hotstegs-recht.de\/?p=577","title":{"rendered":"&#8222;Wem geh\u00f6rt die Stadt?&#8220;, nrw.mehr-demokratie.de vom 16.09.2008"},"content":{"rendered":"<p>Am 15. September hat der Wuppertaler Rat ein B\u00fcrgerbegehren f\u00fcr den Erhalt einer Hauptschule f\u00fcr unzul\u00e4ssig erkl\u00e4rt. Damit teilt es das Schicksal vieler Begehren in NRW. Am Abend der Ratssitzung informierte unser Landesvorstandsmitglied Robert Hotstegs interessierte B\u00fcrger in der Bergischen Volkshochschule \u00fcber die direkte Demokratie zwischen Rhein und Weser.<!--more--><\/p>\n<p>Mithilfe einer Pr\u00e4sentation erl\u00e4uterte Rechtsanwalt Hotstegs das Verfahren, das ein B\u00fcrgerbegehren zur Erreichung eines B\u00fcrgerentscheids durchlaufen muss. Das Schul-Begehren war an der H\u00fcrde des Kostendeckungsvorschlags gescheitert, der notwendig ist, wenn ein B\u00fcrgerbegehren f\u00fcr eine Stadt erh\u00f6hte Ausgaben oder Einnahme-Minderungen zur Folge hat. Hotstegs hatte vor seinem Vortrag die Ratssitzung besucht und konnte berichten, dass es dort hoch her ging. Als der die Sitzung nach zwei Stunden verlassen musste, wurde immer noch \u00fcber das B\u00fcrgerbegehren debattiert.<\/p>\n<p>Was eigentlich passiert, wenn B\u00fcrger mit einem Begehren wegen Unzul\u00e4ssigkeit ins Leere laufen, wollte Moderator Dr. Detlef Vonde wissen. Thorsten Sterk, Pressesprecher des Landesverbandes von Mehr Demokratie, konnte diese Frage aus dem Publikum heraus beantworten: &#8222;Teilweise ziehen sich die Betroffenen resigniert zur\u00fcck, teilweise engagieren sie sich aber auch weiter&#8220;. Er verwies auf eine in L\u00fcnen aufgrund eines abgelehnten B\u00fcrgerentscheids \u00fcber ein Kohlekraftwerk gegr\u00fcndeten W\u00e4hlergemeinschaft, die zur n\u00e4chsten Kommunalwahl antreten will. Und in K\u00f6ln haben B\u00fcrger nach der Unzul\u00e4ssigkeit eines B\u00fcrgerbegehrens gegen den Ausbau des Godorfer Hafens als Neumitglieder einen CDU-Ortsverband &#8222;gest\u00fcrmt&#8220; und dort den Vorsitz \u00fcbernommen.<\/p>\n<p>Gut kontern konnte Hotstegs auch immer wieder gegen die direkte Demokratie angef\u00fchrte Argumente. So d\u00fcrfe man an der Entscheidungskompetenz der B\u00fcrger schon deshalb nicht zweifeln, weil die gleichen B\u00fcrger auf kommunaler Ebene bereits auch schon ab dem 16. Lebensjahr w\u00e4hlen und damit weitreichende Entscheidungen treffen k\u00f6nnten. Die Erfahrungen mit B\u00fcrgerbegehren und B\u00fcrgerentscheid seien in der Praxis sehr positiv.<\/p>\n<p>Wem geh\u00f6rt die Stadt? Die Antwort auf diese im Veranstaltungstitel gestellte Frage lag f\u00fcr Moderator Detlef Vonde am Schluss der Veranstaltung auf der Hand: &#8222;Denjenigen B\u00fcrgern, die sich engagieren.&#8220;<\/p>\n<p>Der Vortrag in Wuppertal war der Auftakt einer Reihe von Vortr\u00e4gen zum Thema B\u00fcrgerbeteiligung, die in den n\u00e4chsten Monaten in Nordrhein-Westfalen stattfinden werden.<\/p>\n","protected":false},"excerpt":{"rendered":"<p>Am 15. September hat der Wuppertaler Rat ein B\u00fcrgerbegehren f\u00fcr den Erhalt einer Hauptschule f\u00fcr unzul\u00e4ssig erkl\u00e4rt. Damit teilt es das Schicksal vieler Begehren in NRW. Am Abend der Ratssitzung informierte unser Landesvorstandsmitglied Robert Hotstegs interessierte B\u00fcrger in der Bergischen Volkshochschule \u00fcber die direkte Demokratie zwischen Rhein und Weser.<\/p>\n","protected":false},"author":4,"featured_media":0,"comment_status":"closed","ping_status":"closed","sticky":false,"template":"","format":"standard","meta":{"footnotes":""},"categories":[4,9,16],"tags":[],"class_list":["post-577","post","type-post","status-publish","format-standard","hentry","category-aktuelles","category-presse","category-burgerbeteiligung"],"yoast_head":"<!-- This site is optimized with the Yoast SEO plugin v27.4 - https:\/\/yoast.com\/product\/yoast-seo-wordpress\/ -->\n<title>&quot;Wem geh\u00f6rt die Stadt?&quot;, nrw.mehr-demokratie.de vom 16.09.2008 - Hotstegs Rechtsanwaltsgesellschaft | Rechtsanw\u00e4lt:innen und Fachanw\u00e4lt:innen f\u00fcr Verwaltungsrecht<\/title>\n<meta name=\"description\" content=\"- Termine unter Tel. 0211 \/ 497657-16\" \/>\n<meta name=\"robots\" content=\"index, follow, max-snippet:-1, max-image-preview:large, max-video-preview:-1\" \/>\n<link rel=\"canonical\" href=\"https:\/\/www.hotstegs-recht.de\/?p=577\" \/>\n<meta property=\"og:locale\" content=\"de_DE\" \/>\n<meta property=\"og:type\" content=\"article\" \/>\n<meta property=\"og:title\" content=\"&quot;Wem geh\u00f6rt die Stadt?&quot;, nrw.mehr-demokratie.de vom 16.09.2008 - Hotstegs Rechtsanwaltsgesellschaft | Rechtsanw\u00e4lt:innen und Fachanw\u00e4lt:innen f\u00fcr Verwaltungsrecht\" \/>\n<meta property=\"og:description\" content=\"- Termine unter Tel. 0211 \/ 497657-16\" \/>\n<meta property=\"og:url\" content=\"https:\/\/www.hotstegs-recht.de\/?p=577\" \/>\n<meta property=\"og:site_name\" content=\"Hotstegs Rechtsanwaltsgesellschaft | Rechtsanw\u00e4lt:innen und Fachanw\u00e4lt:innen f\u00fcr Verwaltungsrecht\" \/>\n<meta property=\"article:publisher\" content=\"https:\/\/www.facebook.com\/hotstegs.recht\" \/>\n<meta property=\"article:published_time\" content=\"2008-09-16T15:51:13+00:00\" \/>\n<meta property=\"article:modified_time\" content=\"2014-03-09T21:13:19+00:00\" \/>\n<meta name=\"author\" content=\"Mitarbeiter:in\" \/>\n<meta name=\"twitter:card\" content=\"summary_large_image\" \/>\n<meta name=\"twitter:creator\" content=\"@hotstegs_recht\" \/>\n<meta name=\"twitter:site\" content=\"@hotstegs_recht\" \/>\n<meta name=\"twitter:label1\" content=\"Verfasst von\" \/>\n\t<meta name=\"twitter:data1\" content=\"Mitarbeiter:in\" \/>\n\t<meta name=\"twitter:label2\" content=\"Gesch\u00e4tzte Lesezeit\" \/>\n\t<meta name=\"twitter:data2\" content=\"2\u00a0Minuten\" \/>\n<!-- \/ Yoast SEO plugin. -->","yoast_head_json":{"title":"\"Wem geh\u00f6rt die Stadt?\", nrw.mehr-demokratie.de vom 16.09.2008 - Hotstegs Rechtsanwaltsgesellschaft | Rechtsanw\u00e4lt:innen und Fachanw\u00e4lt:innen f\u00fcr Verwaltungsrecht","description":"- Termine unter Tel. 0211 \/ 497657-16","robots":{"index":"index","follow":"follow","max-snippet":"max-snippet:-1","max-image-preview":"max-image-preview:large","max-video-preview":"max-video-preview:-1"},"canonical":"https:\/\/www.hotstegs-recht.de\/?p=577","og_locale":"de_DE","og_type":"article","og_title":"\"Wem geh\u00f6rt die Stadt?\", nrw.mehr-demokratie.de vom 16.09.2008 - Hotstegs Rechtsanwaltsgesellschaft | Rechtsanw\u00e4lt:innen und Fachanw\u00e4lt:innen f\u00fcr Verwaltungsrecht","og_description":"- Termine unter Tel. 0211 \/ 497657-16","og_url":"https:\/\/www.hotstegs-recht.de\/?p=577","og_site_name":"Hotstegs Rechtsanwaltsgesellschaft | Rechtsanw\u00e4lt:innen und Fachanw\u00e4lt:innen f\u00fcr Verwaltungsrecht","article_publisher":"https:\/\/www.facebook.com\/hotstegs.recht","article_published_time":"2008-09-16T15:51:13+00:00","article_modified_time":"2014-03-09T21:13:19+00:00","author":"Mitarbeiter:in","twitter_card":"summary_large_image","twitter_creator":"@hotstegs_recht","twitter_site":"@hotstegs_recht","twitter_misc":{"Verfasst von":"Mitarbeiter:in","Gesch\u00e4tzte Lesezeit":"2\u00a0Minuten"},"schema":{"@context":"https:\/\/schema.org","@graph":[{"@type":"Article","@id":"https:\/\/www.hotstegs-recht.de\/?p=577#article","isPartOf":{"@id":"https:\/\/www.hotstegs-recht.de\/?p=577"},"author":{"name":"Mitarbeiter:in","@id":"https:\/\/www.hotstegs-recht.de\/#\/schema\/person\/18c7a8260c2d9ded2b8308feab0990a2"},"headline":"&#8222;Wem geh\u00f6rt die Stadt?&#8220;, nrw.mehr-demokratie.de vom 16.09.2008","datePublished":"2008-09-16T15:51:13+00:00","dateModified":"2014-03-09T21:13:19+00:00","mainEntityOfPage":{"@id":"https:\/\/www.hotstegs-recht.de\/?p=577"},"wordCount":379,"publisher":{"@id":"https:\/\/www.hotstegs-recht.de\/#organization"},"articleSection":["Aktuelles","Presse","B\u00fcrgerbeteiligung"],"inLanguage":"de"},{"@type":"WebPage","@id":"https:\/\/www.hotstegs-recht.de\/?p=577","url":"https:\/\/www.hotstegs-recht.de\/?p=577","name":"\"Wem geh\u00f6rt die Stadt?\", nrw.mehr-demokratie.de vom 16.09.2008 - Hotstegs Rechtsanwaltsgesellschaft | Rechtsanw\u00e4lt:innen und Fachanw\u00e4lt:innen f\u00fcr Verwaltungsrecht","isPartOf":{"@id":"https:\/\/www.hotstegs-recht.de\/#website"},"datePublished":"2008-09-16T15:51:13+00:00","dateModified":"2014-03-09T21:13:19+00:00","description":"- Termine unter Tel. 0211 \/ 497657-16","breadcrumb":{"@id":"https:\/\/www.hotstegs-recht.de\/?p=577#breadcrumb"},"inLanguage":"de","potentialAction":[{"@type":"ReadAction","target":["https:\/\/www.hotstegs-recht.de\/?p=577"]}]},{"@type":"BreadcrumbList","@id":"https:\/\/www.hotstegs-recht.de\/?p=577#breadcrumb","itemListElement":[{"@type":"ListItem","position":1,"name":"Startseite","item":"https:\/\/www.hotstegs-recht.de\/"},{"@type":"ListItem","position":2,"name":"&#8222;Wem geh\u00f6rt die Stadt?&#8220;, nrw.mehr-demokratie.de vom 16.09.2008"}]},{"@type":"WebSite","@id":"https:\/\/www.hotstegs-recht.de\/#website","url":"https:\/\/www.hotstegs-recht.de\/","name":"Hotstegs Rechtsanwaltsgesellschaft | Rechtsanw\u00e4lt:innen und Fachanw\u00e4lt:innen f\u00fcr Verwaltungsrecht","description":"\u00f6ffentliches Dienstrecht und Disziplinarverfahren | Rechtsanwalt Robert Hotstegs | Rechtsanw\u00e4ltin Sarah Nu\u00dfbaum | Rechtsanw\u00e4ltin Katharina Voigt","publisher":{"@id":"https:\/\/www.hotstegs-recht.de\/#organization"},"potentialAction":[{"@type":"SearchAction","target":{"@type":"EntryPoint","urlTemplate":"https:\/\/www.hotstegs-recht.de\/?s={search_term_string}"},"query-input":{"@type":"PropertyValueSpecification","valueRequired":true,"valueName":"search_term_string"}}],"inLanguage":"de"},{"@type":"Organization","@id":"https:\/\/www.hotstegs-recht.de\/#organization","name":"Hotstegs Rechtsanwaltsgesellschaft","url":"https:\/\/www.hotstegs-recht.de\/","logo":{"@type":"ImageObject","inLanguage":"de","@id":"https:\/\/www.hotstegs-recht.de\/#\/schema\/logo\/image\/","url":"https:\/\/www.hotstegs-recht.de\/wp-content\/uploads\/2021\/09\/logo_2020.png","contentUrl":"https:\/\/www.hotstegs-recht.de\/wp-content\/uploads\/2021\/09\/logo_2020.png","width":180,"height":51,"caption":"Hotstegs Rechtsanwaltsgesellschaft"},"image":{"@id":"https:\/\/www.hotstegs-recht.de\/#\/schema\/logo\/image\/"},"sameAs":["https:\/\/www.facebook.com\/hotstegs.recht","https:\/\/x.com\/hotstegs_recht","https:\/\/www.instagram.com\/hotstegs.recht","https:\/\/de.linkedin.com\/company\/hotstegs-recht"]},{"@type":"Person","@id":"https:\/\/www.hotstegs-recht.de\/#\/schema\/person\/18c7a8260c2d9ded2b8308feab0990a2","name":"Mitarbeiter:in","image":{"@type":"ImageObject","inLanguage":"de","@id":"https:\/\/secure.gravatar.com\/avatar\/ff927e44276052255fa51b438cd49d6bee71e07c0621a998717cee201e5d2fff?s=96&d=blank&r=g","url":"https:\/\/secure.gravatar.com\/avatar\/ff927e44276052255fa51b438cd49d6bee71e07c0621a998717cee201e5d2fff?s=96&d=blank&r=g","contentUrl":"https:\/\/secure.gravatar.com\/avatar\/ff927e44276052255fa51b438cd49d6bee71e07c0621a998717cee201e5d2fff?s=96&d=blank&r=g","caption":"Mitarbeiter:in"},"url":"https:\/\/www.hotstegs-recht.de\/?author=4"}]}},"amp_enabled":true,"_links":{"self":[{"href":"https:\/\/www.hotstegs-recht.de\/index.php?rest_route=\/wp\/v2\/posts\/577","targetHints":{"allow":["GET"]}}],"collection":[{"href":"https:\/\/www.hotstegs-recht.de\/index.php?rest_route=\/wp\/v2\/posts"}],"about":[{"href":"https:\/\/www.hotstegs-recht.de\/index.php?rest_route=\/wp\/v2\/types\/post"}],"author":[{"embeddable":true,"href":"https:\/\/www.hotstegs-recht.de\/index.php?rest_route=\/wp\/v2\/users\/4"}],"replies":[{"embeddable":true,"href":"https:\/\/www.hotstegs-recht.de\/index.php?rest_route=%2Fwp%2Fv2%2Fcomments&post=577"}],"version-history":[{"count":0,"href":"https:\/\/www.hotstegs-recht.de\/index.php?rest_route=\/wp\/v2\/posts\/577\/revisions"}],"wp:attachment":[{"href":"https:\/\/www.hotstegs-recht.de\/index.php?rest_route=%2Fwp%2Fv2%2Fmedia&parent=577"}],"wp:term":[{"taxonomy":"category","embeddable":true,"href":"https:\/\/www.hotstegs-recht.de\/index.php?rest_route=%2Fwp%2Fv2%2Fcategories&post=577"},{"taxonomy":"post_tag","embeddable":true,"href":"https:\/\/www.hotstegs-recht.de\/index.php?rest_route=%2Fwp%2Fv2%2Ftags&post=577"}],"curies":[{"name":"wp","href":"https:\/\/api.w.org\/{rel}","templated":true}]}}