{"id":5606,"date":"2017-07-19T23:45:08","date_gmt":"2017-07-19T21:45:08","guid":{"rendered":"http:\/\/www.hotstegs-recht.de\/?p=5606"},"modified":"2020-05-20T17:31:11","modified_gmt":"2020-05-20T15:31:11","slug":"buergerinitiative-klagt-gegen-die-stadt-bonn-general-anzeiger-v-20-07-2017","status":"publish","type":"post","link":"https:\/\/www.hotstegs-recht.de\/?p=5606","title":{"rendered":"B\u00fcrgerinitiative klagt gegen die Stadt Bonn, General-Anzeiger v. 19.07.2017"},"content":{"rendered":"<p><b>Bonn. 52 Prozent der Bonner haben sich im April gegen eine Sanierung des Bad Godesberger Kurf&#xFC;rstenbads ausgesprochen. Nun hat die B&#xFC;rgerinitiative &#x201E;Kurf&#xFC;rstenbad bleibt!&#x201C; beim K&#xF6;lner Verwaltungsgericht Klage gegen die Stadt Bonn und Oberb&#xFC;rgermeister Ashok Sridharan eingereicht.<\/b><\/p>\n<p><b>Von Philipp K&#xF6;nigs<\/b><\/p>\n<p>Die Initiatoren des B&#xFC;rgerbegehrens &#x201E;Kurf&#xFC;rstbad bleibt!&#x201C; haben am Mittwoch Klage gegen die Stadt Bonn vor dem K&#xF6;lner Verwaltungsgericht eingereicht. Das sagte deren Rechtsanwalt Robert Hotstegs dem General-Anzeiger. Damit ist klar, dass der B&#xFC;rgerentscheid vom 21. April zur Zukunft des Kurf&#xFC;rstenbades ein juristisches Nachspiel haben wird. Ziel ist letztlich, den B&#xFC;rgerentscheid erneut durchzuf&#xFC;hren. Das Verwaltungsgericht best&#xE4;tigte den Eingang der Klage (Az: <a href=\"https:\/\/dejure.org\/dienste\/vernetzung\/rechtsprechung?Text=4%20K%2010496\/17\" title=\"VG K&ouml;ln, 07.06.2018 - 4 K 10496\/17: B&uuml;rgerentscheid &uuml;ber Erhalt des Bonner Kurf&uuml;rstenbads bleib...\">4 K 10496\/17<\/a>).<\/p>\n<p>In den vier Wochen vor dem 21. April waren Bonnerinnen und Bonner aufgerufen, dar&#xFC;ber abzustimmen, ob das sanierungsbed&#xFC;rftige Kurf&#xFC;rstenbad in Bad Godesberg modernisiert wird oder geschlossen bleibt. Mit dieser Entscheidung verwoben sind ein geplanter Badneubau durch die Bonner Stadtwerke in Dottendorf und nach dessen Fertigstellung die Schlie&#xDF;ung des Frankenbads in der Altstadt. F&#xFC;r die Schlie&#xDF;ung des Kurf&#xFC;rstenbads sprach sich letztlich mit 51,6 Prozent eine knappe Mehrheit aus. Die Kl&#xE4;ger werfen der Stadtverwaltung nun vor, den B&#xFC;rgern wichtige Informationen zu Finanzierungsproblemen eines neuen Bades bewusst vorenthalten zu haben.<\/p>\n<p>Hintergrund ist, dass erst zwei Tage vor Ablauf des B&#xFC;rgerentscheids &#xF6;ffentlich wurde, dass der steuerliche Querverbund f&#xFC;r ein etwaiges Betriebsdefizit des Bades m&#xF6;glicherweise gef&#xE4;hrdet sein k&#xF6;nnte, weil die Stadtwerke-Tochter Bus und Bahn bis zu 70 Millionen Euro f&#xFC;r 26 neue Niederflurbahnen ausgeben muss. &#x201E;Den Abstimmenden haben diese wichtigen Informationen gefehlt. W&#xE4;ren die Probleme fr&#xFC;her bekannt gewesen, w&#xE4;re der B&#xFC;rgerentscheid angesichts des hauchd&#xFC;nnen Ergebnisses vielleicht anders ausgegangen&#x201C;, meint Axel Bergfeld, einer der Kl&#xE4;ger von der Initiative &#x201E;Kurf&#xFC;rstenbad bleibt!&#x201C;<\/p>\n<p>Zugleich werfen die Kl&#xE4;ger Oberb&#xFC;rgermeister Ashok Sridharan vor, &#x201E;mit einer einseitigen Werbekampagne auf Kosten der Stadtwerke in unzul&#xE4;ssiger Weise in den Abstimmungskampf&#x201C; eingegriffen zu haben. Der Verein Mehr Demokratie unterst&#xFC;tzt das Verfahren finanziell. Aus dessen Sicht m&#xFC;sste es geregelte Wege geben, um gegen mangelhafte Abstimmungsergebnisse aus B&#xFC;rgerbegehren und B&#xFC;rgerentscheiden juristisch vorgehen zu k&#xF6;nnen. Das Oberverwaltungsgericht M&#xFC;nster hatte 2016 in einem Urteil angezweifelt, dass Richter einen B&#xFC;rgerentscheid f&#xFC;r unwirksam erkl&#xE4;ren k&#xF6;nnen; das sei &#x201E;weder in der Gemeindeordnung noch sonst ausdr&#xFC;cklich vorgesehen&#x201C;.<\/p>\n<p>Rechtsanwalt Hotstegs will ein Musterverfahren f&#xFC;hren und sagte dem GA, er halte ein Eilverfahren f&#xFC;r denkbar, sollte der Bau des neuen Schwimmbads vor einem Urteilsspruch avisiert werden. Vize-Stadtsprecher Marc Hoffmann teilte auf Anfrage mit, dass der Stadt bisher keine Klage zugestellt worden sei. Wenn sie einginge, werde die Verwaltung sie &#x201E;pr&#xFC;fen und sich zu gegebener Zeit &#xE4;u&#xDF;ern&#x201C;.<\/p>\n","protected":false},"excerpt":{"rendered":"<p>Bonn. 52 Prozent der Bonner haben sich im April gegen eine Sanierung des Bad Godesberger Kurf&#xFC;rstenbads ausgesprochen. Nun hat die B&#xFC;rgerinitiative &#x201E;Kurf&#xFC;rstenbad bleibt!&#x201C; beim K&#xF6;lner Verwaltungsgericht Klage gegen die Stadt Bonn und Oberb&#xFC;rgermeister Ashok Sridharan eingereicht. Von Philipp K&#xF6;nigs Die Initiatoren des B&#xFC;rgerbegehrens &#x201E;Kurf&#xFC;rstbad bleibt!&#x201C; haben am Mittwoch Klage gegen die Stadt Bonn vor dem &hellip; <\/p>\n<p class=\"link-more\"><a href=\"https:\/\/www.hotstegs-recht.de\/?p=5606\" class=\"more-link\"><span class=\"screen-reader-text\">\u201eB\u00fcrgerinitiative klagt gegen die Stadt Bonn, General-Anzeiger v. 19.07.2017\u201c <\/span>weiterlesen<\/a><\/p>\n","protected":false},"author":4,"featured_media":0,"comment_status":"open","ping_status":"open","sticky":false,"template":"","format":"standard","meta":{"footnotes":""},"categories":[4,9,16],"tags":[80],"class_list":["post-5606","post","type-post","status-publish","format-standard","hentry","category-aktuelles","category-presse","category-burgerbeteiligung","tag-mehr-demokratie"],"yoast_head":"<!-- This site is optimized with the Yoast SEO plugin v27.5 - https:\/\/yoast.com\/product\/yoast-seo-wordpress\/ -->\n<title>B\u00fcrgerinitiative klagt gegen die Stadt Bonn, General-Anzeiger v. 19.07.2017 - Hotstegs Rechtsanwaltsgesellschaft | Rechtsanw\u00e4lt:innen und Fachanw\u00e4lt:innen f\u00fcr Verwaltungsrecht<\/title>\n<meta name=\"description\" content=\"- Termine unter Tel. 0211 \/ 497657-16\" \/>\n<meta name=\"robots\" content=\"index, follow, max-snippet:-1, max-image-preview:large, max-video-preview:-1\" \/>\n<link rel=\"canonical\" href=\"https:\/\/www.hotstegs-recht.de\/?p=5606\" \/>\n<meta property=\"og:locale\" content=\"de_DE\" \/>\n<meta property=\"og:type\" content=\"article\" \/>\n<meta property=\"og:title\" content=\"B\u00fcrgerinitiative klagt gegen die Stadt Bonn, General-Anzeiger v. 19.07.2017 - Hotstegs Rechtsanwaltsgesellschaft | Rechtsanw\u00e4lt:innen und Fachanw\u00e4lt:innen f\u00fcr Verwaltungsrecht\" \/>\n<meta property=\"og:description\" content=\"- Termine unter Tel. 0211 \/ 497657-16\" \/>\n<meta property=\"og:url\" content=\"https:\/\/www.hotstegs-recht.de\/?p=5606\" \/>\n<meta property=\"og:site_name\" content=\"Hotstegs Rechtsanwaltsgesellschaft | Rechtsanw\u00e4lt:innen und Fachanw\u00e4lt:innen f\u00fcr Verwaltungsrecht\" \/>\n<meta property=\"article:publisher\" content=\"https:\/\/www.facebook.com\/hotstegs.recht\" \/>\n<meta property=\"article:published_time\" content=\"2017-07-19T21:45:08+00:00\" \/>\n<meta property=\"article:modified_time\" content=\"2020-05-20T15:31:11+00:00\" \/>\n<meta name=\"author\" content=\"Mitarbeiter:in\" \/>\n<meta name=\"twitter:card\" content=\"summary_large_image\" \/>\n<meta name=\"twitter:creator\" content=\"@hotstegs_recht\" \/>\n<meta name=\"twitter:site\" content=\"@hotstegs_recht\" \/>\n<meta name=\"twitter:label1\" content=\"Verfasst von\" \/>\n\t<meta name=\"twitter:data1\" content=\"Mitarbeiter:in\" \/>\n\t<meta name=\"twitter:label2\" content=\"Gesch\u00e4tzte Lesezeit\" \/>\n\t<meta name=\"twitter:data2\" content=\"3\u00a0Minuten\" \/>\n<!-- \/ Yoast SEO plugin. -->","yoast_head_json":{"title":"B\u00fcrgerinitiative klagt gegen die Stadt Bonn, General-Anzeiger v. 19.07.2017 - Hotstegs Rechtsanwaltsgesellschaft | Rechtsanw\u00e4lt:innen und Fachanw\u00e4lt:innen f\u00fcr Verwaltungsrecht","description":"- Termine unter Tel. 0211 \/ 497657-16","robots":{"index":"index","follow":"follow","max-snippet":"max-snippet:-1","max-image-preview":"max-image-preview:large","max-video-preview":"max-video-preview:-1"},"canonical":"https:\/\/www.hotstegs-recht.de\/?p=5606","og_locale":"de_DE","og_type":"article","og_title":"B\u00fcrgerinitiative klagt gegen die Stadt Bonn, General-Anzeiger v. 19.07.2017 - Hotstegs Rechtsanwaltsgesellschaft | Rechtsanw\u00e4lt:innen und Fachanw\u00e4lt:innen f\u00fcr Verwaltungsrecht","og_description":"- Termine unter Tel. 0211 \/ 497657-16","og_url":"https:\/\/www.hotstegs-recht.de\/?p=5606","og_site_name":"Hotstegs Rechtsanwaltsgesellschaft | Rechtsanw\u00e4lt:innen und Fachanw\u00e4lt:innen f\u00fcr Verwaltungsrecht","article_publisher":"https:\/\/www.facebook.com\/hotstegs.recht","article_published_time":"2017-07-19T21:45:08+00:00","article_modified_time":"2020-05-20T15:31:11+00:00","author":"Mitarbeiter:in","twitter_card":"summary_large_image","twitter_creator":"@hotstegs_recht","twitter_site":"@hotstegs_recht","twitter_misc":{"Verfasst von":"Mitarbeiter:in","Gesch\u00e4tzte Lesezeit":"3\u00a0Minuten"},"schema":{"@context":"https:\/\/schema.org","@graph":[{"@type":"Article","@id":"https:\/\/www.hotstegs-recht.de\/?p=5606#article","isPartOf":{"@id":"https:\/\/www.hotstegs-recht.de\/?p=5606"},"author":{"name":"Mitarbeiter:in","@id":"https:\/\/www.hotstegs-recht.de\/#\/schema\/person\/18c7a8260c2d9ded2b8308feab0990a2"},"headline":"B\u00fcrgerinitiative klagt gegen die Stadt Bonn, General-Anzeiger v. 19.07.2017","datePublished":"2017-07-19T21:45:08+00:00","dateModified":"2020-05-20T15:31:11+00:00","mainEntityOfPage":{"@id":"https:\/\/www.hotstegs-recht.de\/?p=5606"},"wordCount":541,"commentCount":0,"publisher":{"@id":"https:\/\/www.hotstegs-recht.de\/#organization"},"keywords":["Mehr Demokratie e.V."],"articleSection":["Aktuelles","Presse","B\u00fcrgerbeteiligung"],"inLanguage":"de","potentialAction":[{"@type":"CommentAction","name":"Comment","target":["https:\/\/www.hotstegs-recht.de\/?p=5606#respond"]}]},{"@type":"WebPage","@id":"https:\/\/www.hotstegs-recht.de\/?p=5606","url":"https:\/\/www.hotstegs-recht.de\/?p=5606","name":"B\u00fcrgerinitiative klagt gegen die Stadt Bonn, General-Anzeiger v. 19.07.2017 - Hotstegs Rechtsanwaltsgesellschaft | Rechtsanw\u00e4lt:innen und Fachanw\u00e4lt:innen f\u00fcr Verwaltungsrecht","isPartOf":{"@id":"https:\/\/www.hotstegs-recht.de\/#website"},"datePublished":"2017-07-19T21:45:08+00:00","dateModified":"2020-05-20T15:31:11+00:00","description":"- Termine unter Tel. 0211 \/ 497657-16","breadcrumb":{"@id":"https:\/\/www.hotstegs-recht.de\/?p=5606#breadcrumb"},"inLanguage":"de","potentialAction":[{"@type":"ReadAction","target":["https:\/\/www.hotstegs-recht.de\/?p=5606"]}]},{"@type":"BreadcrumbList","@id":"https:\/\/www.hotstegs-recht.de\/?p=5606#breadcrumb","itemListElement":[{"@type":"ListItem","position":1,"name":"Startseite","item":"https:\/\/www.hotstegs-recht.de\/"},{"@type":"ListItem","position":2,"name":"B\u00fcrgerinitiative klagt gegen die Stadt Bonn, General-Anzeiger v. 19.07.2017"}]},{"@type":"WebSite","@id":"https:\/\/www.hotstegs-recht.de\/#website","url":"https:\/\/www.hotstegs-recht.de\/","name":"Hotstegs Rechtsanwaltsgesellschaft | Rechtsanw\u00e4lt:innen und Fachanw\u00e4lt:innen f\u00fcr Verwaltungsrecht","description":"\u00f6ffentliches Dienstrecht und Disziplinarverfahren | Rechtsanwalt Robert Hotstegs | Rechtsanw\u00e4ltin Sarah Nu\u00dfbaum | Rechtsanw\u00e4ltin Katharina Voigt","publisher":{"@id":"https:\/\/www.hotstegs-recht.de\/#organization"},"potentialAction":[{"@type":"SearchAction","target":{"@type":"EntryPoint","urlTemplate":"https:\/\/www.hotstegs-recht.de\/?s={search_term_string}"},"query-input":{"@type":"PropertyValueSpecification","valueRequired":true,"valueName":"search_term_string"}}],"inLanguage":"de"},{"@type":"Organization","@id":"https:\/\/www.hotstegs-recht.de\/#organization","name":"Hotstegs Rechtsanwaltsgesellschaft","url":"https:\/\/www.hotstegs-recht.de\/","logo":{"@type":"ImageObject","inLanguage":"de","@id":"https:\/\/www.hotstegs-recht.de\/#\/schema\/logo\/image\/","url":"https:\/\/www.hotstegs-recht.de\/wp-content\/uploads\/2021\/09\/logo_2020.png","contentUrl":"https:\/\/www.hotstegs-recht.de\/wp-content\/uploads\/2021\/09\/logo_2020.png","width":180,"height":51,"caption":"Hotstegs Rechtsanwaltsgesellschaft"},"image":{"@id":"https:\/\/www.hotstegs-recht.de\/#\/schema\/logo\/image\/"},"sameAs":["https:\/\/www.facebook.com\/hotstegs.recht","https:\/\/x.com\/hotstegs_recht","https:\/\/www.instagram.com\/hotstegs.recht","https:\/\/de.linkedin.com\/company\/hotstegs-recht"]},{"@type":"Person","@id":"https:\/\/www.hotstegs-recht.de\/#\/schema\/person\/18c7a8260c2d9ded2b8308feab0990a2","name":"Mitarbeiter:in","image":{"@type":"ImageObject","inLanguage":"de","@id":"https:\/\/secure.gravatar.com\/avatar\/ff927e44276052255fa51b438cd49d6bee71e07c0621a998717cee201e5d2fff?s=96&d=blank&r=g","url":"https:\/\/secure.gravatar.com\/avatar\/ff927e44276052255fa51b438cd49d6bee71e07c0621a998717cee201e5d2fff?s=96&d=blank&r=g","contentUrl":"https:\/\/secure.gravatar.com\/avatar\/ff927e44276052255fa51b438cd49d6bee71e07c0621a998717cee201e5d2fff?s=96&d=blank&r=g","caption":"Mitarbeiter:in"},"url":"https:\/\/www.hotstegs-recht.de\/?author=4"}]}},"amp_enabled":true,"_links":{"self":[{"href":"https:\/\/www.hotstegs-recht.de\/index.php?rest_route=\/wp\/v2\/posts\/5606","targetHints":{"allow":["GET"]}}],"collection":[{"href":"https:\/\/www.hotstegs-recht.de\/index.php?rest_route=\/wp\/v2\/posts"}],"about":[{"href":"https:\/\/www.hotstegs-recht.de\/index.php?rest_route=\/wp\/v2\/types\/post"}],"author":[{"embeddable":true,"href":"https:\/\/www.hotstegs-recht.de\/index.php?rest_route=\/wp\/v2\/users\/4"}],"replies":[{"embeddable":true,"href":"https:\/\/www.hotstegs-recht.de\/index.php?rest_route=%2Fwp%2Fv2%2Fcomments&post=5606"}],"version-history":[{"count":4,"href":"https:\/\/www.hotstegs-recht.de\/index.php?rest_route=\/wp\/v2\/posts\/5606\/revisions"}],"predecessor-version":[{"id":7846,"href":"https:\/\/www.hotstegs-recht.de\/index.php?rest_route=\/wp\/v2\/posts\/5606\/revisions\/7846"}],"wp:attachment":[{"href":"https:\/\/www.hotstegs-recht.de\/index.php?rest_route=%2Fwp%2Fv2%2Fmedia&parent=5606"}],"wp:term":[{"taxonomy":"category","embeddable":true,"href":"https:\/\/www.hotstegs-recht.de\/index.php?rest_route=%2Fwp%2Fv2%2Fcategories&post=5606"},{"taxonomy":"post_tag","embeddable":true,"href":"https:\/\/www.hotstegs-recht.de\/index.php?rest_route=%2Fwp%2Fv2%2Ftags&post=5606"}],"curies":[{"name":"wp","href":"https:\/\/api.w.org\/{rel}","templated":true}]}}