{"id":5554,"date":"2017-07-03T11:19:06","date_gmt":"2017-07-03T09:19:06","guid":{"rendered":"http:\/\/www.hotstegs-recht.de\/?p=5554"},"modified":"2017-07-27T15:05:55","modified_gmt":"2017-07-27T13:05:55","slug":"seminar-gesundheitsmanagement-dienstunfaehigkeit-in-behoerden-difdi-pressemitteilung-2017-01","status":"publish","type":"post","link":"https:\/\/www.hotstegs-recht.de\/?p=5554","title":{"rendered":"Seminar: Gesundheitsmanagement \/ Dienstunf\u00e4higkeit in Beh\u00f6rden | difdi | Pressemitteilung 2017-01"},"content":{"rendered":"<p>D\u00fcsseldorfer Institut f\u00fcr Dienstrecht<br \/>\nD\u00fcsseldorf, den 03.07.2017<\/p>\n<p>::: Pressemitteilung 1\/2017 :::<\/p>\n<p>Seminar: Gesundheitsmanagement \/ Dienstunf\u00e4higkeit in Beh\u00f6rden<br \/>\nFolgen und Ver\u00e4nderungen nach der Dienstrechtsmodernisierung 2016, aktuelle Rechtsprechung<\/p>\n<p>D\u00fcsseldorf. Die Gesundheit ist ein kostbares Gut. Dienstunf\u00e4hig erkrankte Beamte erleiden finanzielle Einbu\u00dfen, Beh\u00f6rden stehen vor den rechtlichen H\u00fcrden des Verfahrens einer solchen Zurruhesetzung und scheitern allzu oft an Fehlern im amts\u00e4rztlichen Gutachten oder der Suche nach Weiterbesch\u00e4ftigungen. Eine M\u00f6glichkeit, die immer weiter steigende Anzahl der erkrankten Beamten zu verringern, ist die Einf\u00fchrung eines beh\u00f6rdlichen Gesundheitsmanagements.<!--more--><\/p>\n<p>Das D\u00fcsseldorfer Institut f\u00fcr Dienstrecht (difdi) hat sich f\u00fcr sein interdisziplin\u00e4res Seminar dem beh\u00f6rdlichen Gesundheitsmanagement und der Zurruhesetzung bei Dienstunf\u00e4higkeit angenommen. <\/p>\n<p>Aus juristischer Perspektive wird Rechtsanwalt Dr. Eberhard Baden das Verfahren der Zurruhesetzung beleuchten. Insbesondere im Beamten- und Disziplinarrecht t\u00e4tig, blickt er als Dozent und u.a. Mitautor des &#8222;Anwaltshandbuchs f\u00fcr Verwaltungsverfahren&#8220; und Mitautor des Formularbuches &#8222;Verwaltungsrecht&#8220; auf \u00fcber 30 Jahre als Rechtsanwalt und Fachanwalt f\u00fcr Verwaltungsrecht zur\u00fcck. Er gibt in seinem Fachreferat einen \u00dcberblick \u00fcber das Verfahren der Zurruhesetzung und thematisiert die Voraussetzungen der Dienstunf\u00e4higkeit. Insbesondere wird er auf die amts\u00e4rztliche Begutachtung und aktuelle Rechtsprechung eingehen. <\/p>\n<p>Die Einf\u00fchrung eines beh\u00f6rdlichen Gesundheitsmanagements, das nach dem Inkrafttreten des Dienstrechtsmodernisierungsgesetzes 2016 in diesem Zusammenhang immer mehr an Bedeutung gewinnt, beleuchtet einer der Autoren des Werks  \u201eBetriebliches Gesundheitsmanagement &#8211; Ein Leitfaden f\u00fcr kommunale und \u00f6ffentliche Verwaltungen\u201c (Koop\/Potratz). Prof. Dr. Koop ist seit 2009 Pr\u00e4sident der Kommunalen Hochschule f\u00fcr Verwaltung in Niedersachsen. Die betriebliche Gesundheitsmanagerin Ulrike Potratz ist dort seit 2009 Dozentin f\u00fcr sozialwissenschaftliche F\u00e4cher. <\/p>\n<p>Veranstaltungszeit:\t\tDonnerstag, 19.10.2017, 09.00 Uhr &#8211; 14.00 Uhr<br \/>\nVeranstaltungsort:\t\tMeli\u00e1 D\u00fcsseldorf, Inselstra\u00dfe 2, 40479 D\u00fcsseldorf<br \/>\nKosten:\t\t\t\t240,- \u20ac (zzgl. MwSt.)<br \/>\n\t\t\t\t210,- \u20ac (zzgl. MwSt.) bei Anmeldung bis zum 30.08.2017<br \/>\nAnmeldung &#038; Programm:\twww.difdi.eu<\/p>\n<p>::: Kontakt :::<\/p>\n<p>Assessorin Sarah Nu\u00dfbaum<br \/>\nTel.: 0211\/497657-16<br \/>\nnussbaum@hotstegs-recht.de<br \/>\nwww.difdi.eu<\/p>\n<p>::: das D\u00fcsseldorfer Institut f\u00fcr Dienstrecht :::<\/p>\n<p>Das D\u00fcsseldorfer Institut f\u00fcr Dienstrecht (difdi) versteht sich als interdisziplin\u00e4res Forum. Die Fortbildung richtet sich daher an Rechtsanw\u00e4lte und Fachanw\u00e4lte f\u00fcr Verwaltungsrecht, Richter, Verwaltungsjuristen und Verwaltungsmitarbeiter mit Personalverantwortung sowie Gewerkschaftsvertreter und Personalr\u00e4te.<\/p>\n","protected":false},"excerpt":{"rendered":"<p>D\u00fcsseldorfer Institut f\u00fcr Dienstrecht D\u00fcsseldorf, den 03.07.2017 ::: Pressemitteilung 1\/2017 ::: Seminar: Gesundheitsmanagement \/ Dienstunf\u00e4higkeit in Beh\u00f6rden Folgen und Ver\u00e4nderungen nach der Dienstrechtsmodernisierung 2016, aktuelle Rechtsprechung D\u00fcsseldorf. Die Gesundheit ist ein kostbares Gut. Dienstunf\u00e4hig erkrankte Beamte erleiden finanzielle Einbu\u00dfen, Beh\u00f6rden stehen vor den rechtlichen H\u00fcrden des Verfahrens einer solchen Zurruhesetzung und scheitern allzu oft an &hellip; <\/p>\n<p class=\"link-more\"><a href=\"https:\/\/www.hotstegs-recht.de\/?p=5554\" class=\"more-link\"><span class=\"screen-reader-text\">\u201eSeminar: Gesundheitsmanagement \/ Dienstunf\u00e4higkeit in Beh\u00f6rden | difdi | Pressemitteilung 2017-01\u201c <\/span>weiterlesen<\/a><\/p>\n","protected":false},"author":6,"featured_media":5555,"comment_status":"open","ping_status":"open","sticky":false,"template":"","format":"standard","meta":{"footnotes":""},"categories":[4,9,14,15,23,34,39,42,44,63],"tags":[67],"class_list":["post-5554","post","type-post","status-publish","format-standard","has-post-thumbnail","hentry","category-aktuelles","category-presse","category-beamtenrecht","category-disziplinarrecht","category-kanzlei","category-personalvertretungsrecht","category-ev-kirchenrecht","category-pressemitteilung","category-dienstordnungsangestellte-do","category-richterdienstrecht","tag-difdi"],"yoast_head":"<!-- This site is optimized with the Yoast SEO plugin v27.5 - https:\/\/yoast.com\/product\/yoast-seo-wordpress\/ -->\n<title>Seminar: Gesundheitsmanagement \/ Dienstunf\u00e4higkeit in Beh\u00f6rden | difdi | Pressemitteilung 2017-01 - Hotstegs Rechtsanwaltsgesellschaft | Rechtsanw\u00e4lt:innen und Fachanw\u00e4lt:innen f\u00fcr Verwaltungsrecht<\/title>\n<meta name=\"description\" content=\"- Termine unter Tel. 0211 \/ 497657-16\" \/>\n<meta name=\"robots\" content=\"index, follow, max-snippet:-1, max-image-preview:large, max-video-preview:-1\" \/>\n<link rel=\"canonical\" href=\"https:\/\/www.hotstegs-recht.de\/?p=5554\" \/>\n<meta property=\"og:locale\" content=\"de_DE\" \/>\n<meta property=\"og:type\" content=\"article\" \/>\n<meta property=\"og:title\" content=\"Seminar: Gesundheitsmanagement \/ Dienstunf\u00e4higkeit in Beh\u00f6rden | difdi | Pressemitteilung 2017-01 - Hotstegs Rechtsanwaltsgesellschaft | Rechtsanw\u00e4lt:innen und Fachanw\u00e4lt:innen f\u00fcr Verwaltungsrecht\" \/>\n<meta property=\"og:description\" content=\"- Termine unter Tel. 0211 \/ 497657-16\" \/>\n<meta property=\"og:url\" content=\"https:\/\/www.hotstegs-recht.de\/?p=5554\" \/>\n<meta property=\"og:site_name\" content=\"Hotstegs Rechtsanwaltsgesellschaft | Rechtsanw\u00e4lt:innen und Fachanw\u00e4lt:innen f\u00fcr Verwaltungsrecht\" \/>\n<meta property=\"article:publisher\" content=\"https:\/\/www.facebook.com\/hotstegs.recht\" \/>\n<meta property=\"article:published_time\" content=\"2017-07-03T09:19:06+00:00\" \/>\n<meta property=\"article:modified_time\" content=\"2017-07-27T13:05:55+00:00\" \/>\n<meta property=\"og:image\" content=\"https:\/\/www.hotstegs-recht.de\/wp-content\/uploads\/2017\/07\/Raum-Melia-.jpg\" \/>\n\t<meta property=\"og:image:width\" content=\"700\" \/>\n\t<meta property=\"og:image:height\" content=\"467\" \/>\n\t<meta property=\"og:image:type\" content=\"image\/jpeg\" \/>\n<meta name=\"author\" content=\"Sarah Nu\u00dfbaum\" \/>\n<meta name=\"twitter:card\" content=\"summary_large_image\" \/>\n<meta name=\"twitter:creator\" content=\"@hotstegs_recht\" \/>\n<meta name=\"twitter:site\" content=\"@hotstegs_recht\" \/>\n<meta name=\"twitter:label1\" content=\"Verfasst von\" \/>\n\t<meta name=\"twitter:data1\" content=\"Sarah Nu\u00dfbaum\" \/>\n\t<meta name=\"twitter:label2\" content=\"Gesch\u00e4tzte Lesezeit\" \/>\n\t<meta name=\"twitter:data2\" content=\"2\u00a0Minuten\" \/>\n<!-- \/ Yoast SEO plugin. -->","yoast_head_json":{"title":"Seminar: Gesundheitsmanagement \/ Dienstunf\u00e4higkeit in Beh\u00f6rden | difdi | Pressemitteilung 2017-01 - Hotstegs Rechtsanwaltsgesellschaft | Rechtsanw\u00e4lt:innen und Fachanw\u00e4lt:innen f\u00fcr Verwaltungsrecht","description":"- Termine unter Tel. 0211 \/ 497657-16","robots":{"index":"index","follow":"follow","max-snippet":"max-snippet:-1","max-image-preview":"max-image-preview:large","max-video-preview":"max-video-preview:-1"},"canonical":"https:\/\/www.hotstegs-recht.de\/?p=5554","og_locale":"de_DE","og_type":"article","og_title":"Seminar: Gesundheitsmanagement \/ Dienstunf\u00e4higkeit in Beh\u00f6rden | difdi | Pressemitteilung 2017-01 - Hotstegs Rechtsanwaltsgesellschaft | Rechtsanw\u00e4lt:innen und Fachanw\u00e4lt:innen f\u00fcr Verwaltungsrecht","og_description":"- Termine unter Tel. 0211 \/ 497657-16","og_url":"https:\/\/www.hotstegs-recht.de\/?p=5554","og_site_name":"Hotstegs Rechtsanwaltsgesellschaft | Rechtsanw\u00e4lt:innen und Fachanw\u00e4lt:innen f\u00fcr Verwaltungsrecht","article_publisher":"https:\/\/www.facebook.com\/hotstegs.recht","article_published_time":"2017-07-03T09:19:06+00:00","article_modified_time":"2017-07-27T13:05:55+00:00","og_image":[{"width":700,"height":467,"url":"https:\/\/www.hotstegs-recht.de\/wp-content\/uploads\/2017\/07\/Raum-Melia-.jpg","type":"image\/jpeg"}],"author":"Sarah Nu\u00dfbaum","twitter_card":"summary_large_image","twitter_creator":"@hotstegs_recht","twitter_site":"@hotstegs_recht","twitter_misc":{"Verfasst von":"Sarah Nu\u00dfbaum","Gesch\u00e4tzte Lesezeit":"2\u00a0Minuten"},"schema":{"@context":"https:\/\/schema.org","@graph":[{"@type":"Article","@id":"https:\/\/www.hotstegs-recht.de\/?p=5554#article","isPartOf":{"@id":"https:\/\/www.hotstegs-recht.de\/?p=5554"},"author":{"name":"Sarah Nu\u00dfbaum","@id":"https:\/\/www.hotstegs-recht.de\/#\/schema\/person\/bf67cfb664f2ba34f2a41520b90d0da1"},"headline":"Seminar: Gesundheitsmanagement \/ Dienstunf\u00e4higkeit in Beh\u00f6rden | difdi | Pressemitteilung 2017-01","datePublished":"2017-07-03T09:19:06+00:00","dateModified":"2017-07-27T13:05:55+00:00","mainEntityOfPage":{"@id":"https:\/\/www.hotstegs-recht.de\/?p=5554"},"wordCount":367,"commentCount":0,"publisher":{"@id":"https:\/\/www.hotstegs-recht.de\/#organization"},"image":{"@id":"https:\/\/www.hotstegs-recht.de\/?p=5554#primaryimage"},"thumbnailUrl":"https:\/\/www.hotstegs-recht.de\/wp-content\/uploads\/2017\/07\/Raum-Melia-.jpg","keywords":["D\u00fcsseldorfer Institut f\u00fcr Dienstrecht (difdi)"],"articleSection":["Aktuelles","Presse","Beamtenrecht","Disziplinarrecht","Kanzlei","Personalvertretungsrecht","ev. Kirchenrecht","Pressemitteilungen","Dienstordnungsangestellte (DO)","Richterdienstrecht"],"inLanguage":"de","potentialAction":[{"@type":"CommentAction","name":"Comment","target":["https:\/\/www.hotstegs-recht.de\/?p=5554#respond"]}]},{"@type":"WebPage","@id":"https:\/\/www.hotstegs-recht.de\/?p=5554","url":"https:\/\/www.hotstegs-recht.de\/?p=5554","name":"Seminar: Gesundheitsmanagement \/ Dienstunf\u00e4higkeit in Beh\u00f6rden | difdi | Pressemitteilung 2017-01 - Hotstegs Rechtsanwaltsgesellschaft | Rechtsanw\u00e4lt:innen und Fachanw\u00e4lt:innen f\u00fcr Verwaltungsrecht","isPartOf":{"@id":"https:\/\/www.hotstegs-recht.de\/#website"},"primaryImageOfPage":{"@id":"https:\/\/www.hotstegs-recht.de\/?p=5554#primaryimage"},"image":{"@id":"https:\/\/www.hotstegs-recht.de\/?p=5554#primaryimage"},"thumbnailUrl":"https:\/\/www.hotstegs-recht.de\/wp-content\/uploads\/2017\/07\/Raum-Melia-.jpg","datePublished":"2017-07-03T09:19:06+00:00","dateModified":"2017-07-27T13:05:55+00:00","description":"- Termine unter Tel. 0211 \/ 497657-16","breadcrumb":{"@id":"https:\/\/www.hotstegs-recht.de\/?p=5554#breadcrumb"},"inLanguage":"de","potentialAction":[{"@type":"ReadAction","target":["https:\/\/www.hotstegs-recht.de\/?p=5554"]}]},{"@type":"ImageObject","inLanguage":"de","@id":"https:\/\/www.hotstegs-recht.de\/?p=5554#primaryimage","url":"https:\/\/www.hotstegs-recht.de\/wp-content\/uploads\/2017\/07\/Raum-Melia-.jpg","contentUrl":"https:\/\/www.hotstegs-recht.de\/wp-content\/uploads\/2017\/07\/Raum-Melia-.jpg","width":700,"height":467},{"@type":"BreadcrumbList","@id":"https:\/\/www.hotstegs-recht.de\/?p=5554#breadcrumb","itemListElement":[{"@type":"ListItem","position":1,"name":"Startseite","item":"https:\/\/www.hotstegs-recht.de\/"},{"@type":"ListItem","position":2,"name":"Seminar: Gesundheitsmanagement \/ Dienstunf\u00e4higkeit in Beh\u00f6rden | difdi | Pressemitteilung 2017-01"}]},{"@type":"WebSite","@id":"https:\/\/www.hotstegs-recht.de\/#website","url":"https:\/\/www.hotstegs-recht.de\/","name":"Hotstegs Rechtsanwaltsgesellschaft | Rechtsanw\u00e4lt:innen und Fachanw\u00e4lt:innen f\u00fcr Verwaltungsrecht","description":"\u00f6ffentliches Dienstrecht und Disziplinarverfahren | Rechtsanwalt Robert Hotstegs | Rechtsanw\u00e4ltin Sarah Nu\u00dfbaum | Rechtsanw\u00e4ltin Katharina Voigt","publisher":{"@id":"https:\/\/www.hotstegs-recht.de\/#organization"},"potentialAction":[{"@type":"SearchAction","target":{"@type":"EntryPoint","urlTemplate":"https:\/\/www.hotstegs-recht.de\/?s={search_term_string}"},"query-input":{"@type":"PropertyValueSpecification","valueRequired":true,"valueName":"search_term_string"}}],"inLanguage":"de"},{"@type":"Organization","@id":"https:\/\/www.hotstegs-recht.de\/#organization","name":"Hotstegs Rechtsanwaltsgesellschaft","url":"https:\/\/www.hotstegs-recht.de\/","logo":{"@type":"ImageObject","inLanguage":"de","@id":"https:\/\/www.hotstegs-recht.de\/#\/schema\/logo\/image\/","url":"https:\/\/www.hotstegs-recht.de\/wp-content\/uploads\/2021\/09\/logo_2020.png","contentUrl":"https:\/\/www.hotstegs-recht.de\/wp-content\/uploads\/2021\/09\/logo_2020.png","width":180,"height":51,"caption":"Hotstegs Rechtsanwaltsgesellschaft"},"image":{"@id":"https:\/\/www.hotstegs-recht.de\/#\/schema\/logo\/image\/"},"sameAs":["https:\/\/www.facebook.com\/hotstegs.recht","https:\/\/x.com\/hotstegs_recht","https:\/\/www.instagram.com\/hotstegs.recht","https:\/\/de.linkedin.com\/company\/hotstegs-recht"]},{"@type":"Person","@id":"https:\/\/www.hotstegs-recht.de\/#\/schema\/person\/bf67cfb664f2ba34f2a41520b90d0da1","name":"Sarah Nu\u00dfbaum","image":{"@type":"ImageObject","inLanguage":"de","@id":"https:\/\/secure.gravatar.com\/avatar\/94b3358808ac6d649176ce0b9178d5ee64e0fd64e1cc7ce15a5703de06ebe438?s=96&d=blank&r=g","url":"https:\/\/secure.gravatar.com\/avatar\/94b3358808ac6d649176ce0b9178d5ee64e0fd64e1cc7ce15a5703de06ebe438?s=96&d=blank&r=g","contentUrl":"https:\/\/secure.gravatar.com\/avatar\/94b3358808ac6d649176ce0b9178d5ee64e0fd64e1cc7ce15a5703de06ebe438?s=96&d=blank&r=g","caption":"Sarah Nu\u00dfbaum"},"description":"Rechtsanw\u00e4ltin, Fachanw\u00e4ltin f\u00fcr Verwaltungsrecht","url":"https:\/\/www.hotstegs-recht.de\/?author=6"}]}},"amp_enabled":true,"_links":{"self":[{"href":"https:\/\/www.hotstegs-recht.de\/index.php?rest_route=\/wp\/v2\/posts\/5554","targetHints":{"allow":["GET"]}}],"collection":[{"href":"https:\/\/www.hotstegs-recht.de\/index.php?rest_route=\/wp\/v2\/posts"}],"about":[{"href":"https:\/\/www.hotstegs-recht.de\/index.php?rest_route=\/wp\/v2\/types\/post"}],"author":[{"embeddable":true,"href":"https:\/\/www.hotstegs-recht.de\/index.php?rest_route=\/wp\/v2\/users\/6"}],"replies":[{"embeddable":true,"href":"https:\/\/www.hotstegs-recht.de\/index.php?rest_route=%2Fwp%2Fv2%2Fcomments&post=5554"}],"version-history":[{"count":4,"href":"https:\/\/www.hotstegs-recht.de\/index.php?rest_route=\/wp\/v2\/posts\/5554\/revisions"}],"predecessor-version":[{"id":6065,"href":"https:\/\/www.hotstegs-recht.de\/index.php?rest_route=\/wp\/v2\/posts\/5554\/revisions\/6065"}],"wp:featuredmedia":[{"embeddable":true,"href":"https:\/\/www.hotstegs-recht.de\/index.php?rest_route=\/wp\/v2\/media\/5555"}],"wp:attachment":[{"href":"https:\/\/www.hotstegs-recht.de\/index.php?rest_route=%2Fwp%2Fv2%2Fmedia&parent=5554"}],"wp:term":[{"taxonomy":"category","embeddable":true,"href":"https:\/\/www.hotstegs-recht.de\/index.php?rest_route=%2Fwp%2Fv2%2Fcategories&post=5554"},{"taxonomy":"post_tag","embeddable":true,"href":"https:\/\/www.hotstegs-recht.de\/index.php?rest_route=%2Fwp%2Fv2%2Ftags&post=5554"}],"curies":[{"name":"wp","href":"https:\/\/api.w.org\/{rel}","templated":true}]}}