{"id":5511,"date":"2017-06-03T12:33:08","date_gmt":"2017-06-03T10:33:08","guid":{"rendered":"http:\/\/www.hotstegs-recht.de\/?p=5511"},"modified":"2017-09-19T17:38:28","modified_gmt":"2017-09-19T15:38:28","slug":"weil-die-fdp-geschaeftsstelle-listenplaetze-vertauschte-muss-nrw-neu-waehlen-lto-de-v-03-06-2017","status":"publish","type":"post","link":"https:\/\/www.hotstegs-recht.de\/?p=5511","title":{"rendered":"Weil die FDP-Gesch\u00e4ftsstelle Listenpl\u00e4tze vertauschte: Muss NRW neu w\u00e4hlen?, lto.de v. 03.06.2017"},"content":{"rendered":"<p><strong>Die FDP hat auf der Wahlliste zur Landtagswahl NRW die Pl\u00e4tze 24 und 48 vertauscht. F\u00fcr eine K\u00f6lner Anwaltskanzlei muss das zur Ung\u00fcltigkeit der Wahl f\u00fchren. Sie k\u00fcndigte an, den Pl\u00e4tzetausch notfalls vor den VerfGH NRW zu bringen.<\/strong><\/p>\n<p>Die FDP hat auf ihrer eingereichten Landesliste f\u00fcr die NRW-Landtagswahl vom 7. Mai dieses Jahres zwei Kandidaten vertauscht. Politiker Christian Sauter, urspr\u00fcnglich vorgesehen f\u00fcr Platz 24, tauschte unfreiwillig mit der Kollegin auf Platz 48, Martina Hannen, die nun an seiner statt im Landtag sitzen wird. Wie es zur der Verwechslung kam, ist nicht bekannt. <\/p>\n<p><a href=\"http:\/\/www.lto.de\/recht\/hintergruende\/h\/nrw-landtagswahl-2017-fdp-liste-platz-vertauscht-neuwahl-einspruch-wahlpruefungsbeschwerde\/\" target=\"_blank\">direkt zum LTO-Artikel\u00a0<\/a><\/p>\n","protected":false},"excerpt":{"rendered":"<p>Die FDP hat auf der Wahlliste zur Landtagswahl NRW die Pl\u00e4tze 24 und 48 vertauscht. F\u00fcr eine K\u00f6lner Anwaltskanzlei muss das zur Ung\u00fcltigkeit der Wahl f\u00fchren. Sie k\u00fcndigte an, den Pl\u00e4tzetausch notfalls vor den VerfGH NRW zu bringen. Die FDP hat auf ihrer eingereichten Landesliste f\u00fcr die NRW-Landtagswahl vom 7. Mai dieses Jahres zwei Kandidaten &hellip; <\/p>\n<p class=\"link-more\"><a href=\"https:\/\/www.hotstegs-recht.de\/?p=5511\" class=\"more-link\"><span class=\"screen-reader-text\">\u201eWeil die FDP-Gesch\u00e4ftsstelle Listenpl\u00e4tze vertauschte: Muss NRW neu w\u00e4hlen?, lto.de v. 03.06.2017\u201c <\/span>weiterlesen<\/a><\/p>\n","protected":false},"author":4,"featured_media":5105,"comment_status":"open","ping_status":"open","sticky":false,"template":"","format":"link","meta":{"footnotes":""},"categories":[4,9,16,47],"tags":[],"class_list":["post-5511","post","type-post","status-publish","format-link","has-post-thumbnail","hentry","category-aktuelles","category-presse","category-burgerbeteiligung","category-wahlrecht","post_format-post-format-link"],"yoast_head":"<!-- This site is optimized with the Yoast SEO plugin v27.5 - https:\/\/yoast.com\/product\/yoast-seo-wordpress\/ -->\n<title>Weil die FDP-Gesch\u00e4ftsstelle Listenpl\u00e4tze vertauschte: Muss NRW neu w\u00e4hlen?, lto.de v. 03.06.2017 - Hotstegs Rechtsanwaltsgesellschaft | Rechtsanw\u00e4lt:innen und Fachanw\u00e4lt:innen f\u00fcr Verwaltungsrecht<\/title>\n<meta name=\"description\" content=\"- Termine unter Tel. 0211 \/ 497657-16\" \/>\n<meta name=\"robots\" content=\"index, follow, max-snippet:-1, max-image-preview:large, max-video-preview:-1\" \/>\n<link rel=\"canonical\" href=\"https:\/\/www.hotstegs-recht.de\/?p=5511\" \/>\n<meta property=\"og:locale\" content=\"de_DE\" \/>\n<meta property=\"og:type\" content=\"article\" \/>\n<meta property=\"og:title\" content=\"Weil die FDP-Gesch\u00e4ftsstelle Listenpl\u00e4tze vertauschte: Muss NRW neu w\u00e4hlen?, lto.de v. 03.06.2017 - Hotstegs Rechtsanwaltsgesellschaft | Rechtsanw\u00e4lt:innen und Fachanw\u00e4lt:innen f\u00fcr Verwaltungsrecht\" \/>\n<meta property=\"og:description\" content=\"- Termine unter Tel. 0211 \/ 497657-16\" \/>\n<meta property=\"og:url\" content=\"https:\/\/www.hotstegs-recht.de\/?p=5511\" \/>\n<meta property=\"og:site_name\" content=\"Hotstegs Rechtsanwaltsgesellschaft | Rechtsanw\u00e4lt:innen und Fachanw\u00e4lt:innen f\u00fcr Verwaltungsrecht\" \/>\n<meta property=\"article:publisher\" content=\"https:\/\/www.facebook.com\/hotstegs.recht\" \/>\n<meta property=\"article:published_time\" content=\"2017-06-03T10:33:08+00:00\" \/>\n<meta property=\"article:modified_time\" content=\"2017-09-19T15:38:28+00:00\" \/>\n<meta property=\"og:image\" content=\"https:\/\/www.hotstegs-recht.de\/wp-content\/uploads\/2016\/01\/slider23_2500_483.jpg\" \/>\n\t<meta property=\"og:image:width\" content=\"2500\" \/>\n\t<meta property=\"og:image:height\" content=\"483\" \/>\n\t<meta property=\"og:image:type\" content=\"image\/jpeg\" \/>\n<meta name=\"author\" content=\"Mitarbeiter:in\" \/>\n<meta name=\"twitter:card\" content=\"summary_large_image\" \/>\n<meta name=\"twitter:creator\" content=\"@hotstegs_recht\" \/>\n<meta name=\"twitter:site\" content=\"@hotstegs_recht\" \/>\n<meta name=\"twitter:label1\" content=\"Verfasst von\" \/>\n\t<meta name=\"twitter:data1\" content=\"Mitarbeiter:in\" \/>\n\t<meta name=\"twitter:label2\" content=\"Gesch\u00e4tzte Lesezeit\" \/>\n\t<meta name=\"twitter:data2\" content=\"1\u00a0Minute\" \/>\n<!-- \/ Yoast SEO plugin. -->","yoast_head_json":{"title":"Weil die FDP-Gesch\u00e4ftsstelle Listenpl\u00e4tze vertauschte: Muss NRW neu w\u00e4hlen?, lto.de v. 03.06.2017 - Hotstegs Rechtsanwaltsgesellschaft | Rechtsanw\u00e4lt:innen und Fachanw\u00e4lt:innen f\u00fcr Verwaltungsrecht","description":"- Termine unter Tel. 0211 \/ 497657-16","robots":{"index":"index","follow":"follow","max-snippet":"max-snippet:-1","max-image-preview":"max-image-preview:large","max-video-preview":"max-video-preview:-1"},"canonical":"https:\/\/www.hotstegs-recht.de\/?p=5511","og_locale":"de_DE","og_type":"article","og_title":"Weil die FDP-Gesch\u00e4ftsstelle Listenpl\u00e4tze vertauschte: Muss NRW neu w\u00e4hlen?, lto.de v. 03.06.2017 - Hotstegs Rechtsanwaltsgesellschaft | Rechtsanw\u00e4lt:innen und Fachanw\u00e4lt:innen f\u00fcr Verwaltungsrecht","og_description":"- Termine unter Tel. 0211 \/ 497657-16","og_url":"https:\/\/www.hotstegs-recht.de\/?p=5511","og_site_name":"Hotstegs Rechtsanwaltsgesellschaft | Rechtsanw\u00e4lt:innen und Fachanw\u00e4lt:innen f\u00fcr Verwaltungsrecht","article_publisher":"https:\/\/www.facebook.com\/hotstegs.recht","article_published_time":"2017-06-03T10:33:08+00:00","article_modified_time":"2017-09-19T15:38:28+00:00","og_image":[{"width":2500,"height":483,"url":"https:\/\/www.hotstegs-recht.de\/wp-content\/uploads\/2016\/01\/slider23_2500_483.jpg","type":"image\/jpeg"}],"author":"Mitarbeiter:in","twitter_card":"summary_large_image","twitter_creator":"@hotstegs_recht","twitter_site":"@hotstegs_recht","twitter_misc":{"Verfasst von":"Mitarbeiter:in","Gesch\u00e4tzte Lesezeit":"1\u00a0Minute"},"schema":{"@context":"https:\/\/schema.org","@graph":[{"@type":"Article","@id":"https:\/\/www.hotstegs-recht.de\/?p=5511#article","isPartOf":{"@id":"https:\/\/www.hotstegs-recht.de\/?p=5511"},"author":{"name":"Mitarbeiter:in","@id":"https:\/\/www.hotstegs-recht.de\/#\/schema\/person\/18c7a8260c2d9ded2b8308feab0990a2"},"headline":"Weil die FDP-Gesch\u00e4ftsstelle Listenpl\u00e4tze vertauschte: Muss NRW neu w\u00e4hlen?, lto.de v. 03.06.2017","datePublished":"2017-06-03T10:33:08+00:00","dateModified":"2017-09-19T15:38:28+00:00","mainEntityOfPage":{"@id":"https:\/\/www.hotstegs-recht.de\/?p=5511"},"wordCount":115,"commentCount":0,"publisher":{"@id":"https:\/\/www.hotstegs-recht.de\/#organization"},"image":{"@id":"https:\/\/www.hotstegs-recht.de\/?p=5511#primaryimage"},"thumbnailUrl":"https:\/\/www.hotstegs-recht.de\/wp-content\/uploads\/2016\/01\/slider23_2500_483.jpg","articleSection":["Aktuelles","Presse","B\u00fcrgerbeteiligung","Wahlrecht"],"inLanguage":"de","potentialAction":[{"@type":"CommentAction","name":"Comment","target":["https:\/\/www.hotstegs-recht.de\/?p=5511#respond"]}]},{"@type":"WebPage","@id":"https:\/\/www.hotstegs-recht.de\/?p=5511","url":"https:\/\/www.hotstegs-recht.de\/?p=5511","name":"Weil die FDP-Gesch\u00e4ftsstelle Listenpl\u00e4tze vertauschte: Muss NRW neu w\u00e4hlen?, lto.de v. 03.06.2017 - Hotstegs Rechtsanwaltsgesellschaft | Rechtsanw\u00e4lt:innen und Fachanw\u00e4lt:innen f\u00fcr Verwaltungsrecht","isPartOf":{"@id":"https:\/\/www.hotstegs-recht.de\/#website"},"primaryImageOfPage":{"@id":"https:\/\/www.hotstegs-recht.de\/?p=5511#primaryimage"},"image":{"@id":"https:\/\/www.hotstegs-recht.de\/?p=5511#primaryimage"},"thumbnailUrl":"https:\/\/www.hotstegs-recht.de\/wp-content\/uploads\/2016\/01\/slider23_2500_483.jpg","datePublished":"2017-06-03T10:33:08+00:00","dateModified":"2017-09-19T15:38:28+00:00","description":"- Termine unter Tel. 0211 \/ 497657-16","breadcrumb":{"@id":"https:\/\/www.hotstegs-recht.de\/?p=5511#breadcrumb"},"inLanguage":"de","potentialAction":[{"@type":"ReadAction","target":["https:\/\/www.hotstegs-recht.de\/?p=5511"]}]},{"@type":"ImageObject","inLanguage":"de","@id":"https:\/\/www.hotstegs-recht.de\/?p=5511#primaryimage","url":"https:\/\/www.hotstegs-recht.de\/wp-content\/uploads\/2016\/01\/slider23_2500_483.jpg","contentUrl":"https:\/\/www.hotstegs-recht.de\/wp-content\/uploads\/2016\/01\/slider23_2500_483.jpg","width":2500,"height":483},{"@type":"BreadcrumbList","@id":"https:\/\/www.hotstegs-recht.de\/?p=5511#breadcrumb","itemListElement":[{"@type":"ListItem","position":1,"name":"Startseite","item":"https:\/\/www.hotstegs-recht.de\/"},{"@type":"ListItem","position":2,"name":"Weil die FDP-Gesch\u00e4ftsstelle Listenpl\u00e4tze vertauschte: Muss NRW neu w\u00e4hlen?, lto.de v. 03.06.2017"}]},{"@type":"WebSite","@id":"https:\/\/www.hotstegs-recht.de\/#website","url":"https:\/\/www.hotstegs-recht.de\/","name":"Hotstegs Rechtsanwaltsgesellschaft | Rechtsanw\u00e4lt:innen und Fachanw\u00e4lt:innen f\u00fcr Verwaltungsrecht","description":"\u00f6ffentliches Dienstrecht und Disziplinarverfahren | Rechtsanwalt Robert Hotstegs | Rechtsanw\u00e4ltin Sarah Nu\u00dfbaum | Rechtsanw\u00e4ltin Katharina Voigt","publisher":{"@id":"https:\/\/www.hotstegs-recht.de\/#organization"},"potentialAction":[{"@type":"SearchAction","target":{"@type":"EntryPoint","urlTemplate":"https:\/\/www.hotstegs-recht.de\/?s={search_term_string}"},"query-input":{"@type":"PropertyValueSpecification","valueRequired":true,"valueName":"search_term_string"}}],"inLanguage":"de"},{"@type":"Organization","@id":"https:\/\/www.hotstegs-recht.de\/#organization","name":"Hotstegs Rechtsanwaltsgesellschaft","url":"https:\/\/www.hotstegs-recht.de\/","logo":{"@type":"ImageObject","inLanguage":"de","@id":"https:\/\/www.hotstegs-recht.de\/#\/schema\/logo\/image\/","url":"https:\/\/www.hotstegs-recht.de\/wp-content\/uploads\/2021\/09\/logo_2020.png","contentUrl":"https:\/\/www.hotstegs-recht.de\/wp-content\/uploads\/2021\/09\/logo_2020.png","width":180,"height":51,"caption":"Hotstegs Rechtsanwaltsgesellschaft"},"image":{"@id":"https:\/\/www.hotstegs-recht.de\/#\/schema\/logo\/image\/"},"sameAs":["https:\/\/www.facebook.com\/hotstegs.recht","https:\/\/x.com\/hotstegs_recht","https:\/\/www.instagram.com\/hotstegs.recht","https:\/\/de.linkedin.com\/company\/hotstegs-recht"]},{"@type":"Person","@id":"https:\/\/www.hotstegs-recht.de\/#\/schema\/person\/18c7a8260c2d9ded2b8308feab0990a2","name":"Mitarbeiter:in","image":{"@type":"ImageObject","inLanguage":"de","@id":"https:\/\/secure.gravatar.com\/avatar\/ff927e44276052255fa51b438cd49d6bee71e07c0621a998717cee201e5d2fff?s=96&d=blank&r=g","url":"https:\/\/secure.gravatar.com\/avatar\/ff927e44276052255fa51b438cd49d6bee71e07c0621a998717cee201e5d2fff?s=96&d=blank&r=g","contentUrl":"https:\/\/secure.gravatar.com\/avatar\/ff927e44276052255fa51b438cd49d6bee71e07c0621a998717cee201e5d2fff?s=96&d=blank&r=g","caption":"Mitarbeiter:in"},"url":"https:\/\/www.hotstegs-recht.de\/?author=4"}]}},"amp_enabled":true,"_links":{"self":[{"href":"https:\/\/www.hotstegs-recht.de\/index.php?rest_route=\/wp\/v2\/posts\/5511","targetHints":{"allow":["GET"]}}],"collection":[{"href":"https:\/\/www.hotstegs-recht.de\/index.php?rest_route=\/wp\/v2\/posts"}],"about":[{"href":"https:\/\/www.hotstegs-recht.de\/index.php?rest_route=\/wp\/v2\/types\/post"}],"author":[{"embeddable":true,"href":"https:\/\/www.hotstegs-recht.de\/index.php?rest_route=\/wp\/v2\/users\/4"}],"replies":[{"embeddable":true,"href":"https:\/\/www.hotstegs-recht.de\/index.php?rest_route=%2Fwp%2Fv2%2Fcomments&post=5511"}],"version-history":[{"count":2,"href":"https:\/\/www.hotstegs-recht.de\/index.php?rest_route=\/wp\/v2\/posts\/5511\/revisions"}],"predecessor-version":[{"id":5514,"href":"https:\/\/www.hotstegs-recht.de\/index.php?rest_route=\/wp\/v2\/posts\/5511\/revisions\/5514"}],"wp:featuredmedia":[{"embeddable":true,"href":"https:\/\/www.hotstegs-recht.de\/index.php?rest_route=\/wp\/v2\/media\/5105"}],"wp:attachment":[{"href":"https:\/\/www.hotstegs-recht.de\/index.php?rest_route=%2Fwp%2Fv2%2Fmedia&parent=5511"}],"wp:term":[{"taxonomy":"category","embeddable":true,"href":"https:\/\/www.hotstegs-recht.de\/index.php?rest_route=%2Fwp%2Fv2%2Fcategories&post=5511"},{"taxonomy":"post_tag","embeddable":true,"href":"https:\/\/www.hotstegs-recht.de\/index.php?rest_route=%2Fwp%2Fv2%2Ftags&post=5511"}],"curies":[{"name":"wp","href":"https:\/\/api.w.org\/{rel}","templated":true}]}}