{"id":5507,"date":"2017-06-01T21:28:47","date_gmt":"2017-06-01T19:28:47","guid":{"rendered":"http:\/\/www.hotstegs-recht.de\/?p=5507"},"modified":"2019-05-20T22:17:27","modified_gmt":"2019-05-20T20:17:27","slug":"koelner-kanzlei-will-wegen-patzer-der-fdp-neuwahlen-durchsetzen-koelner-stadt-anzeiger-v-01-06-2017","status":"publish","type":"post","link":"https:\/\/www.hotstegs-recht.de\/?p=5507","title":{"rendered":"K\u00f6lner Kanzlei will wegen Patzer der FDP Neuwahlen durchsetzen, K\u00f6lner Stadt-Anzeiger v. 01.06.2017"},"content":{"rendered":"<p>NRW-Landtagswahlen<\/p>\n<p>Gerhard Voogt<\/p>\n<p>D\u00fcsseldorf. Das NRW-Verfassungsgericht in M\u00fcnster wird sich mit hoher Wahrscheinlichkeit mit der Landtagswahl in NRW besch\u00e4ftigen m\u00fcssen. Der K\u00f6lner Verwaltungsrechtler J\u00fcrgen K\u00fcttner k\u00fcndigte im Gespr\u00e4ch mit unser Zeitung eine Beschwerde beim Verfassungsgerichtshof an.<!--more--><\/p>\n<p>Bei der Einrichtung der Landesliste war der FDP ein m\u00f6glicherweise folgenschwerer Fehler unterlaufen. Aus bisher ungekl\u00e4rter Ursache wurden die zwei Kandidaten vertauscht. Auf dem Platz 24, der nun f\u00fcr den Einzug in den Landtag reichte, landete die Juristin Martina Hannen \u2013 obwohl der Parteitag den Politiker Christian Sauter aus Lippe f\u00fcr den Platz nominiert hatte. Nachdem die Liberale aus dem ostwestf\u00e4lischen Lage zun\u00e4chst angek\u00fcndigt hatte, sie werde das Zufallsmandat nicht annehmen, hat sie nun ihre Meinung ge\u00e4ndert. Hannen h\u00e4tte auf ihrem urspr\u00fcnglichen Listenplatz 48 wohl nicht die Chance bekommen, nach D\u00fcsseldorf zu wechseln.<\/p>\n<p><b>Falsche Person sitzt im Landtag<\/b><\/p>\n<p>J\u00fcrgen K\u00fcttner von der K\u00f6lner Kanzlei Teipel und Partner sagte, f\u00fcr die Anfechtung der Wahl sei es unerheblich, dass der Stimmenanteil der FDP durch die Panne unver\u00e4ndert geblieben sei: \u201eEntscheidend ist, dass durch den Fehler nicht die Person im Parlament sitzt, die dort eigentlich Politik machen sollte. Dieser Umstand begr\u00fcndet meines Erachtens die Notwendigkeit einer Neuwahl\u201c, so K\u00fcttner. Es stehe \u201ejetzt schon fest\u201c, dass die Kanzlei in jedem Fall beim Verfassungsgerichtshof NRW die Feststellung der Ung\u00fcltigkeit der Wahl beantragen werde.<\/p>\n<p>Auch der D\u00fcsseldorfer Verfassungsrechtler Robert Hotstegs h\u00e4lt den Fall f\u00fcr brisant: \u201eDie Liste der FDP ist nicht demokratisch zustande gekommen, sondern durch eine eindeutige Panne. Deswegen kann sie nicht unproblematisch als Grundlage f\u00fcr die Landtagswahl herangezogen werden\u201c, so der Jurist.<\/p>\n<p><b>\u201eWechselbad der Gef\u00fchle\u201c<\/b><\/p>\n<p>Die Anfechtung der NRW-Landtagswahl hat nach Hotstegs Einsch\u00e4tzung \u201eAussicht auf Erfolg\u201c. M\u00f6glicherweise komme der Verfassungsgerichtshof aber zu dem Ergebnis, dass der Gesetzgeber solche Fehler regeln m\u00fcsse. Damit w\u00e4ren Neuwahlen abgewendet.<\/p>\n<p>Hannens Entscheidung, ihr Mandat anzunehmen, hat auch Auswirkungen f\u00fcr den K\u00f6lner FDP-Politiker Lorenz Deutsch. \u201eIch erlebe seit der Wahl ein Wechselbad der Gef\u00fchle\u201c, sagte der Dozent f\u00fcr Altgermanistik unserer Zeitung.<\/p>\n<p>\u201eDurch die Verwechslung bestand f\u00fcr mich die M\u00f6glichkeit, als erster Nachr\u00fccker in den Landtag einzuziehen, falls Frau Hannen auf ihr Mandat verzichtet h\u00e4tte. Ihr \u00bbR\u00fccktritt vom R\u00fccktritt\u00ab ist nun ein D\u00e4mpfer f\u00fcr meine Hoffnung, nach D\u00fcsseldorf wechseln zu k\u00f6nnen.\u201c<\/p>\n<p>Der Vize-Chef der K\u00f6lner FDP will jetzt in Ruhe abwarten, was in den n\u00e4chsten Wochen passiert. \u201eFrau Hannen muss selbst entscheiden, wie sie mit der Situation umgeht\u201c, so Deutsch.<\/p>\n","protected":false},"excerpt":{"rendered":"<p>NRW-Landtagswahlen Gerhard Voogt D\u00fcsseldorf. Das NRW-Verfassungsgericht in M\u00fcnster wird sich mit hoher Wahrscheinlichkeit mit der Landtagswahl in NRW besch\u00e4ftigen m\u00fcssen. Der K\u00f6lner Verwaltungsrechtler J\u00fcrgen K\u00fcttner k\u00fcndigte im Gespr\u00e4ch mit unser Zeitung eine Beschwerde beim Verfassungsgerichtshof an.<\/p>\n","protected":false},"author":4,"featured_media":0,"comment_status":"open","ping_status":"open","sticky":false,"template":"","format":"standard","meta":{"footnotes":""},"categories":[4,9,16,47],"tags":[],"class_list":["post-5507","post","type-post","status-publish","format-standard","hentry","category-aktuelles","category-presse","category-burgerbeteiligung","category-wahlrecht"],"yoast_head":"<!-- This site is optimized with the Yoast SEO plugin v27.5 - https:\/\/yoast.com\/product\/yoast-seo-wordpress\/ -->\n<title>K\u00f6lner Kanzlei will wegen Patzer der FDP Neuwahlen durchsetzen, K\u00f6lner Stadt-Anzeiger v. 01.06.2017 - Hotstegs Rechtsanwaltsgesellschaft | Rechtsanw\u00e4lt:innen und Fachanw\u00e4lt:innen f\u00fcr Verwaltungsrecht<\/title>\n<meta name=\"description\" content=\"- Termine unter Tel. 0211 \/ 497657-16\" \/>\n<meta name=\"robots\" content=\"index, follow, max-snippet:-1, max-image-preview:large, max-video-preview:-1\" \/>\n<link rel=\"canonical\" href=\"https:\/\/www.hotstegs-recht.de\/?p=5507\" \/>\n<meta property=\"og:locale\" content=\"de_DE\" \/>\n<meta property=\"og:type\" content=\"article\" \/>\n<meta property=\"og:title\" content=\"K\u00f6lner Kanzlei will wegen Patzer der FDP Neuwahlen durchsetzen, K\u00f6lner Stadt-Anzeiger v. 01.06.2017 - Hotstegs Rechtsanwaltsgesellschaft | Rechtsanw\u00e4lt:innen und Fachanw\u00e4lt:innen f\u00fcr Verwaltungsrecht\" \/>\n<meta property=\"og:description\" content=\"- Termine unter Tel. 0211 \/ 497657-16\" \/>\n<meta property=\"og:url\" content=\"https:\/\/www.hotstegs-recht.de\/?p=5507\" \/>\n<meta property=\"og:site_name\" content=\"Hotstegs Rechtsanwaltsgesellschaft | Rechtsanw\u00e4lt:innen und Fachanw\u00e4lt:innen f\u00fcr Verwaltungsrecht\" \/>\n<meta property=\"article:publisher\" content=\"https:\/\/www.facebook.com\/hotstegs.recht\" \/>\n<meta property=\"article:published_time\" content=\"2017-06-01T19:28:47+00:00\" \/>\n<meta property=\"article:modified_time\" content=\"2019-05-20T20:17:27+00:00\" \/>\n<meta name=\"author\" content=\"Mitarbeiter:in\" \/>\n<meta name=\"twitter:card\" content=\"summary_large_image\" \/>\n<meta name=\"twitter:creator\" content=\"@hotstegs_recht\" \/>\n<meta name=\"twitter:site\" content=\"@hotstegs_recht\" \/>\n<meta name=\"twitter:label1\" content=\"Verfasst von\" \/>\n\t<meta name=\"twitter:data1\" content=\"Mitarbeiter:in\" \/>\n\t<meta name=\"twitter:label2\" content=\"Gesch\u00e4tzte Lesezeit\" \/>\n\t<meta name=\"twitter:data2\" content=\"2\u00a0Minuten\" \/>\n<!-- \/ Yoast SEO plugin. -->","yoast_head_json":{"title":"K\u00f6lner Kanzlei will wegen Patzer der FDP Neuwahlen durchsetzen, K\u00f6lner Stadt-Anzeiger v. 01.06.2017 - Hotstegs Rechtsanwaltsgesellschaft | Rechtsanw\u00e4lt:innen und Fachanw\u00e4lt:innen f\u00fcr Verwaltungsrecht","description":"- Termine unter Tel. 0211 \/ 497657-16","robots":{"index":"index","follow":"follow","max-snippet":"max-snippet:-1","max-image-preview":"max-image-preview:large","max-video-preview":"max-video-preview:-1"},"canonical":"https:\/\/www.hotstegs-recht.de\/?p=5507","og_locale":"de_DE","og_type":"article","og_title":"K\u00f6lner Kanzlei will wegen Patzer der FDP Neuwahlen durchsetzen, K\u00f6lner Stadt-Anzeiger v. 01.06.2017 - Hotstegs Rechtsanwaltsgesellschaft | Rechtsanw\u00e4lt:innen und Fachanw\u00e4lt:innen f\u00fcr Verwaltungsrecht","og_description":"- Termine unter Tel. 0211 \/ 497657-16","og_url":"https:\/\/www.hotstegs-recht.de\/?p=5507","og_site_name":"Hotstegs Rechtsanwaltsgesellschaft | Rechtsanw\u00e4lt:innen und Fachanw\u00e4lt:innen f\u00fcr Verwaltungsrecht","article_publisher":"https:\/\/www.facebook.com\/hotstegs.recht","article_published_time":"2017-06-01T19:28:47+00:00","article_modified_time":"2019-05-20T20:17:27+00:00","author":"Mitarbeiter:in","twitter_card":"summary_large_image","twitter_creator":"@hotstegs_recht","twitter_site":"@hotstegs_recht","twitter_misc":{"Verfasst von":"Mitarbeiter:in","Gesch\u00e4tzte Lesezeit":"2\u00a0Minuten"},"schema":{"@context":"https:\/\/schema.org","@graph":[{"@type":"Article","@id":"https:\/\/www.hotstegs-recht.de\/?p=5507#article","isPartOf":{"@id":"https:\/\/www.hotstegs-recht.de\/?p=5507"},"author":{"name":"Mitarbeiter:in","@id":"https:\/\/www.hotstegs-recht.de\/#\/schema\/person\/18c7a8260c2d9ded2b8308feab0990a2"},"headline":"K\u00f6lner Kanzlei will wegen Patzer der FDP Neuwahlen durchsetzen, K\u00f6lner Stadt-Anzeiger v. 01.06.2017","datePublished":"2017-06-01T19:28:47+00:00","dateModified":"2019-05-20T20:17:27+00:00","mainEntityOfPage":{"@id":"https:\/\/www.hotstegs-recht.de\/?p=5507"},"wordCount":449,"commentCount":0,"publisher":{"@id":"https:\/\/www.hotstegs-recht.de\/#organization"},"articleSection":["Aktuelles","Presse","B\u00fcrgerbeteiligung","Wahlrecht"],"inLanguage":"de","potentialAction":[{"@type":"CommentAction","name":"Comment","target":["https:\/\/www.hotstegs-recht.de\/?p=5507#respond"]}]},{"@type":"WebPage","@id":"https:\/\/www.hotstegs-recht.de\/?p=5507","url":"https:\/\/www.hotstegs-recht.de\/?p=5507","name":"K\u00f6lner Kanzlei will wegen Patzer der FDP Neuwahlen durchsetzen, K\u00f6lner Stadt-Anzeiger v. 01.06.2017 - Hotstegs Rechtsanwaltsgesellschaft | Rechtsanw\u00e4lt:innen und Fachanw\u00e4lt:innen f\u00fcr Verwaltungsrecht","isPartOf":{"@id":"https:\/\/www.hotstegs-recht.de\/#website"},"datePublished":"2017-06-01T19:28:47+00:00","dateModified":"2019-05-20T20:17:27+00:00","description":"- Termine unter Tel. 0211 \/ 497657-16","breadcrumb":{"@id":"https:\/\/www.hotstegs-recht.de\/?p=5507#breadcrumb"},"inLanguage":"de","potentialAction":[{"@type":"ReadAction","target":["https:\/\/www.hotstegs-recht.de\/?p=5507"]}]},{"@type":"BreadcrumbList","@id":"https:\/\/www.hotstegs-recht.de\/?p=5507#breadcrumb","itemListElement":[{"@type":"ListItem","position":1,"name":"Startseite","item":"https:\/\/www.hotstegs-recht.de\/"},{"@type":"ListItem","position":2,"name":"K\u00f6lner Kanzlei will wegen Patzer der FDP Neuwahlen durchsetzen, K\u00f6lner Stadt-Anzeiger v. 01.06.2017"}]},{"@type":"WebSite","@id":"https:\/\/www.hotstegs-recht.de\/#website","url":"https:\/\/www.hotstegs-recht.de\/","name":"Hotstegs Rechtsanwaltsgesellschaft | Rechtsanw\u00e4lt:innen und Fachanw\u00e4lt:innen f\u00fcr Verwaltungsrecht","description":"\u00f6ffentliches Dienstrecht und Disziplinarverfahren | Rechtsanwalt Robert Hotstegs | Rechtsanw\u00e4ltin Sarah Nu\u00dfbaum | Rechtsanw\u00e4ltin Katharina Voigt","publisher":{"@id":"https:\/\/www.hotstegs-recht.de\/#organization"},"potentialAction":[{"@type":"SearchAction","target":{"@type":"EntryPoint","urlTemplate":"https:\/\/www.hotstegs-recht.de\/?s={search_term_string}"},"query-input":{"@type":"PropertyValueSpecification","valueRequired":true,"valueName":"search_term_string"}}],"inLanguage":"de"},{"@type":"Organization","@id":"https:\/\/www.hotstegs-recht.de\/#organization","name":"Hotstegs Rechtsanwaltsgesellschaft","url":"https:\/\/www.hotstegs-recht.de\/","logo":{"@type":"ImageObject","inLanguage":"de","@id":"https:\/\/www.hotstegs-recht.de\/#\/schema\/logo\/image\/","url":"https:\/\/www.hotstegs-recht.de\/wp-content\/uploads\/2021\/09\/logo_2020.png","contentUrl":"https:\/\/www.hotstegs-recht.de\/wp-content\/uploads\/2021\/09\/logo_2020.png","width":180,"height":51,"caption":"Hotstegs Rechtsanwaltsgesellschaft"},"image":{"@id":"https:\/\/www.hotstegs-recht.de\/#\/schema\/logo\/image\/"},"sameAs":["https:\/\/www.facebook.com\/hotstegs.recht","https:\/\/x.com\/hotstegs_recht","https:\/\/www.instagram.com\/hotstegs.recht","https:\/\/de.linkedin.com\/company\/hotstegs-recht"]},{"@type":"Person","@id":"https:\/\/www.hotstegs-recht.de\/#\/schema\/person\/18c7a8260c2d9ded2b8308feab0990a2","name":"Mitarbeiter:in","image":{"@type":"ImageObject","inLanguage":"de","@id":"https:\/\/secure.gravatar.com\/avatar\/ff927e44276052255fa51b438cd49d6bee71e07c0621a998717cee201e5d2fff?s=96&d=blank&r=g","url":"https:\/\/secure.gravatar.com\/avatar\/ff927e44276052255fa51b438cd49d6bee71e07c0621a998717cee201e5d2fff?s=96&d=blank&r=g","contentUrl":"https:\/\/secure.gravatar.com\/avatar\/ff927e44276052255fa51b438cd49d6bee71e07c0621a998717cee201e5d2fff?s=96&d=blank&r=g","caption":"Mitarbeiter:in"},"url":"https:\/\/www.hotstegs-recht.de\/?author=4"}]}},"amp_enabled":true,"_links":{"self":[{"href":"https:\/\/www.hotstegs-recht.de\/index.php?rest_route=\/wp\/v2\/posts\/5507","targetHints":{"allow":["GET"]}}],"collection":[{"href":"https:\/\/www.hotstegs-recht.de\/index.php?rest_route=\/wp\/v2\/posts"}],"about":[{"href":"https:\/\/www.hotstegs-recht.de\/index.php?rest_route=\/wp\/v2\/types\/post"}],"author":[{"embeddable":true,"href":"https:\/\/www.hotstegs-recht.de\/index.php?rest_route=\/wp\/v2\/users\/4"}],"replies":[{"embeddable":true,"href":"https:\/\/www.hotstegs-recht.de\/index.php?rest_route=%2Fwp%2Fv2%2Fcomments&post=5507"}],"version-history":[{"count":2,"href":"https:\/\/www.hotstegs-recht.de\/index.php?rest_route=\/wp\/v2\/posts\/5507\/revisions"}],"predecessor-version":[{"id":5509,"href":"https:\/\/www.hotstegs-recht.de\/index.php?rest_route=\/wp\/v2\/posts\/5507\/revisions\/5509"}],"wp:attachment":[{"href":"https:\/\/www.hotstegs-recht.de\/index.php?rest_route=%2Fwp%2Fv2%2Fmedia&parent=5507"}],"wp:term":[{"taxonomy":"category","embeddable":true,"href":"https:\/\/www.hotstegs-recht.de\/index.php?rest_route=%2Fwp%2Fv2%2Fcategories&post=5507"},{"taxonomy":"post_tag","embeddable":true,"href":"https:\/\/www.hotstegs-recht.de\/index.php?rest_route=%2Fwp%2Fv2%2Ftags&post=5507"}],"curies":[{"name":"wp","href":"https:\/\/api.w.org\/{rel}","templated":true}]}}