{"id":5483,"date":"2017-06-01T10:42:07","date_gmt":"2017-06-01T08:42:07","guid":{"rendered":"http:\/\/www.hotstegs-recht.de\/?p=5483"},"modified":"2018-08-01T17:27:57","modified_gmt":"2018-08-01T15:27:57","slug":"leserforum-njw-aktuell-232017-10","status":"publish","type":"post","link":"https:\/\/www.hotstegs-recht.de\/?p=5483","title":{"rendered":"Leserforum, NJW-aktuell 23\/2017, 10"},"content":{"rendered":"<p>Leserbrief zu Rebehn, NJW-aktuell H. 21\/2017, 17<\/p>\n<p>Die Notwendigkeit eines Kurswechsels in der Personalpolitik der Justiz deutet sich an. Rebehn hat recht, wenn er jetzt eine vorbeugende Strategie einfordert. Besoldung, Arbeitspl\u00e4tze und Entwicklungschancen sind dabei aber nur drei der m\u00f6glichen Ansatzpunkte. Immer wieder hat es in der Vergangenheit auch systematische \u00dcberlegungen gegeben, etwa die Durchl\u00e4ssigkeit der volljuristischen Berufe zueinander zu verbessern. Die F\u00e4lle, in denen Staatsanw\u00e4lte, Richter und Rechtsanw\u00e4lte ihre Karriere jeweils in einem anderen Berufsfeld fortgesetzt haben, stellen sich vielfach als Bereicherung des neuen Berufes dar.<\/p>\n<p>Gerade vor dem Hintergrund, dass nach wie vor &#8211; statistisch anhand der Berufswahl bekanntlich nicht zu belegen &#8211; die Bef\u00e4higung zum Richteramt alle Volljuristen vereint, erscheint es doch geradezu attraktiv das Berufsrecht der Rechtsanw\u00e4lte und das Dienstrecht der Richter und Staatsanw\u00e4lte auf seine bessere Durchl\u00e4ssigkeit hin zu \u00fcberpr\u00fcfen. Nach der kleinen BRAO-Reform ist vielleicht ja vor einer gro\u00dfen DRiG-Reform?<\/p>\n<p>&nbsp;<\/p>\n<p>Fachanwalt f\u00fcr Verwaltungsrecht Robert Hotstegs, D\u00fcsseldorf<\/p>\n<p><a href=\"\/wp-content\/uploads\/2017\/05\/NJW_2017_23_10_Leserbrief_Hotstegs.jpg\"><img loading=\"lazy\" decoding=\"async\" class=\"alignleft size-thumbnail wp-image-5484\" src=\"\/wp-content\/uploads\/2017\/05\/NJW_2017_23_10_Leserbrief_Hotstegs-150x150.jpg\" alt=\"\" width=\"150\" height=\"150\" \/><\/a><\/p>\n","protected":false},"excerpt":{"rendered":"<p>Leserbrief zu Rebehn, NJW-aktuell H. 21\/2017, 17 Die Notwendigkeit eines Kurswechsels in der Personalpolitik der Justiz deutet sich an. Rebehn hat recht, wenn er jetzt eine vorbeugende Strategie einfordert. Besoldung, Arbeitspl\u00e4tze und Entwicklungschancen sind dabei aber nur drei der m\u00f6glichen Ansatzpunkte. Immer wieder hat es in der Vergangenheit auch systematische \u00dcberlegungen gegeben, etwa die Durchl\u00e4ssigkeit &hellip; <\/p>\n<p class=\"link-more\"><a href=\"https:\/\/www.hotstegs-recht.de\/?p=5483\" class=\"more-link\"><span class=\"screen-reader-text\">\u201eLeserforum, NJW-aktuell 23\/2017, 10\u201c <\/span>weiterlesen<\/a><\/p>\n","protected":false},"author":1,"featured_media":5484,"comment_status":"open","ping_status":"open","sticky":false,"template":"","format":"aside","meta":{"footnotes":""},"categories":[4,9,14,23,63,76],"tags":[],"class_list":["post-5483","post","type-post","status-publish","format-aside","has-post-thumbnail","hentry","category-aktuelles","category-presse","category-beamtenrecht","category-kanzlei","category-richterdienstrecht","category-berufsrecht-brao","post_format-post-format-aside"],"yoast_head":"<!-- This site is optimized with the Yoast SEO plugin v27.5 - https:\/\/yoast.com\/product\/yoast-seo-wordpress\/ -->\n<title>Leserforum, NJW-aktuell 23\/2017, 10 - Hotstegs Rechtsanwaltsgesellschaft | Rechtsanw\u00e4lt:innen und Fachanw\u00e4lt:innen f\u00fcr Verwaltungsrecht<\/title>\n<meta name=\"description\" content=\"- Termine unter Tel. 0211 \/ 497657-16\" \/>\n<meta name=\"robots\" content=\"index, follow, max-snippet:-1, max-image-preview:large, max-video-preview:-1\" \/>\n<link rel=\"canonical\" href=\"https:\/\/www.hotstegs-recht.de\/?p=5483\" \/>\n<meta property=\"og:locale\" content=\"de_DE\" \/>\n<meta property=\"og:type\" content=\"article\" \/>\n<meta property=\"og:title\" content=\"Leserforum, NJW-aktuell 23\/2017, 10 - Hotstegs Rechtsanwaltsgesellschaft | Rechtsanw\u00e4lt:innen und Fachanw\u00e4lt:innen f\u00fcr Verwaltungsrecht\" \/>\n<meta property=\"og:description\" content=\"- Termine unter Tel. 0211 \/ 497657-16\" \/>\n<meta property=\"og:url\" content=\"https:\/\/www.hotstegs-recht.de\/?p=5483\" \/>\n<meta property=\"og:site_name\" content=\"Hotstegs Rechtsanwaltsgesellschaft | Rechtsanw\u00e4lt:innen und Fachanw\u00e4lt:innen f\u00fcr Verwaltungsrecht\" \/>\n<meta property=\"article:publisher\" content=\"https:\/\/www.facebook.com\/hotstegs.recht\" \/>\n<meta property=\"article:published_time\" content=\"2017-06-01T08:42:07+00:00\" \/>\n<meta property=\"article:modified_time\" content=\"2018-08-01T15:27:57+00:00\" \/>\n<meta property=\"og:image\" content=\"https:\/\/www.hotstegs-recht.de\/wp-content\/uploads\/2017\/05\/NJW_2017_23_10_Leserbrief_Hotstegs.jpg\" \/>\n\t<meta property=\"og:image:width\" content=\"1295\" \/>\n\t<meta property=\"og:image:height\" content=\"651\" \/>\n\t<meta property=\"og:image:type\" content=\"image\/jpeg\" \/>\n<meta name=\"author\" content=\"Robert Hotstegs\" \/>\n<meta name=\"twitter:card\" content=\"summary_large_image\" \/>\n<meta name=\"twitter:creator\" content=\"@hotstegs_recht\" \/>\n<meta name=\"twitter:site\" content=\"@hotstegs_recht\" \/>\n<meta name=\"twitter:label1\" content=\"Verfasst von\" \/>\n\t<meta name=\"twitter:data1\" content=\"Robert Hotstegs\" \/>\n\t<meta name=\"twitter:label2\" content=\"Gesch\u00e4tzte Lesezeit\" \/>\n\t<meta name=\"twitter:data2\" content=\"1\u00a0Minute\" \/>\n<!-- \/ Yoast SEO plugin. -->","yoast_head_json":{"title":"Leserforum, NJW-aktuell 23\/2017, 10 - Hotstegs Rechtsanwaltsgesellschaft | Rechtsanw\u00e4lt:innen und Fachanw\u00e4lt:innen f\u00fcr Verwaltungsrecht","description":"- Termine unter Tel. 0211 \/ 497657-16","robots":{"index":"index","follow":"follow","max-snippet":"max-snippet:-1","max-image-preview":"max-image-preview:large","max-video-preview":"max-video-preview:-1"},"canonical":"https:\/\/www.hotstegs-recht.de\/?p=5483","og_locale":"de_DE","og_type":"article","og_title":"Leserforum, NJW-aktuell 23\/2017, 10 - Hotstegs Rechtsanwaltsgesellschaft | Rechtsanw\u00e4lt:innen und Fachanw\u00e4lt:innen f\u00fcr Verwaltungsrecht","og_description":"- Termine unter Tel. 0211 \/ 497657-16","og_url":"https:\/\/www.hotstegs-recht.de\/?p=5483","og_site_name":"Hotstegs Rechtsanwaltsgesellschaft | Rechtsanw\u00e4lt:innen und Fachanw\u00e4lt:innen f\u00fcr Verwaltungsrecht","article_publisher":"https:\/\/www.facebook.com\/hotstegs.recht","article_published_time":"2017-06-01T08:42:07+00:00","article_modified_time":"2018-08-01T15:27:57+00:00","og_image":[{"width":1295,"height":651,"url":"https:\/\/www.hotstegs-recht.de\/wp-content\/uploads\/2017\/05\/NJW_2017_23_10_Leserbrief_Hotstegs.jpg","type":"image\/jpeg"}],"author":"Robert Hotstegs","twitter_card":"summary_large_image","twitter_creator":"@hotstegs_recht","twitter_site":"@hotstegs_recht","twitter_misc":{"Verfasst von":"Robert Hotstegs","Gesch\u00e4tzte Lesezeit":"1\u00a0Minute"},"schema":{"@context":"https:\/\/schema.org","@graph":[{"@type":"Article","@id":"https:\/\/www.hotstegs-recht.de\/?p=5483#article","isPartOf":{"@id":"https:\/\/www.hotstegs-recht.de\/?p=5483"},"author":{"name":"Robert Hotstegs","@id":"https:\/\/www.hotstegs-recht.de\/#\/schema\/person\/b5290b51a91e1e27ec6af13643a76ab0"},"headline":"Leserforum, NJW-aktuell 23\/2017, 10","datePublished":"2017-06-01T08:42:07+00:00","dateModified":"2018-08-01T15:27:57+00:00","mainEntityOfPage":{"@id":"https:\/\/www.hotstegs-recht.de\/?p=5483"},"wordCount":167,"commentCount":0,"publisher":{"@id":"https:\/\/www.hotstegs-recht.de\/#organization"},"image":{"@id":"https:\/\/www.hotstegs-recht.de\/?p=5483#primaryimage"},"thumbnailUrl":"https:\/\/www.hotstegs-recht.de\/wp-content\/uploads\/2017\/05\/NJW_2017_23_10_Leserbrief_Hotstegs.jpg","articleSection":["Aktuelles","Presse","Beamtenrecht","Kanzlei","Richterdienstrecht","Berufsrecht (BRAO)"],"inLanguage":"de","potentialAction":[{"@type":"CommentAction","name":"Comment","target":["https:\/\/www.hotstegs-recht.de\/?p=5483#respond"]}]},{"@type":"WebPage","@id":"https:\/\/www.hotstegs-recht.de\/?p=5483","url":"https:\/\/www.hotstegs-recht.de\/?p=5483","name":"Leserforum, NJW-aktuell 23\/2017, 10 - Hotstegs Rechtsanwaltsgesellschaft | Rechtsanw\u00e4lt:innen und Fachanw\u00e4lt:innen f\u00fcr Verwaltungsrecht","isPartOf":{"@id":"https:\/\/www.hotstegs-recht.de\/#website"},"primaryImageOfPage":{"@id":"https:\/\/www.hotstegs-recht.de\/?p=5483#primaryimage"},"image":{"@id":"https:\/\/www.hotstegs-recht.de\/?p=5483#primaryimage"},"thumbnailUrl":"https:\/\/www.hotstegs-recht.de\/wp-content\/uploads\/2017\/05\/NJW_2017_23_10_Leserbrief_Hotstegs.jpg","datePublished":"2017-06-01T08:42:07+00:00","dateModified":"2018-08-01T15:27:57+00:00","description":"- Termine unter Tel. 0211 \/ 497657-16","breadcrumb":{"@id":"https:\/\/www.hotstegs-recht.de\/?p=5483#breadcrumb"},"inLanguage":"de","potentialAction":[{"@type":"ReadAction","target":["https:\/\/www.hotstegs-recht.de\/?p=5483"]}]},{"@type":"ImageObject","inLanguage":"de","@id":"https:\/\/www.hotstegs-recht.de\/?p=5483#primaryimage","url":"https:\/\/www.hotstegs-recht.de\/wp-content\/uploads\/2017\/05\/NJW_2017_23_10_Leserbrief_Hotstegs.jpg","contentUrl":"https:\/\/www.hotstegs-recht.de\/wp-content\/uploads\/2017\/05\/NJW_2017_23_10_Leserbrief_Hotstegs.jpg","width":1295,"height":651},{"@type":"BreadcrumbList","@id":"https:\/\/www.hotstegs-recht.de\/?p=5483#breadcrumb","itemListElement":[{"@type":"ListItem","position":1,"name":"Startseite","item":"https:\/\/www.hotstegs-recht.de\/"},{"@type":"ListItem","position":2,"name":"Leserforum, NJW-aktuell 23\/2017, 10"}]},{"@type":"WebSite","@id":"https:\/\/www.hotstegs-recht.de\/#website","url":"https:\/\/www.hotstegs-recht.de\/","name":"Hotstegs Rechtsanwaltsgesellschaft | Rechtsanw\u00e4lt:innen und Fachanw\u00e4lt:innen f\u00fcr Verwaltungsrecht","description":"\u00f6ffentliches Dienstrecht und Disziplinarverfahren | Rechtsanwalt Robert Hotstegs | Rechtsanw\u00e4ltin Sarah Nu\u00dfbaum | Rechtsanw\u00e4ltin Katharina Voigt","publisher":{"@id":"https:\/\/www.hotstegs-recht.de\/#organization"},"potentialAction":[{"@type":"SearchAction","target":{"@type":"EntryPoint","urlTemplate":"https:\/\/www.hotstegs-recht.de\/?s={search_term_string}"},"query-input":{"@type":"PropertyValueSpecification","valueRequired":true,"valueName":"search_term_string"}}],"inLanguage":"de"},{"@type":"Organization","@id":"https:\/\/www.hotstegs-recht.de\/#organization","name":"Hotstegs Rechtsanwaltsgesellschaft","url":"https:\/\/www.hotstegs-recht.de\/","logo":{"@type":"ImageObject","inLanguage":"de","@id":"https:\/\/www.hotstegs-recht.de\/#\/schema\/logo\/image\/","url":"https:\/\/www.hotstegs-recht.de\/wp-content\/uploads\/2021\/09\/logo_2020.png","contentUrl":"https:\/\/www.hotstegs-recht.de\/wp-content\/uploads\/2021\/09\/logo_2020.png","width":180,"height":51,"caption":"Hotstegs Rechtsanwaltsgesellschaft"},"image":{"@id":"https:\/\/www.hotstegs-recht.de\/#\/schema\/logo\/image\/"},"sameAs":["https:\/\/www.facebook.com\/hotstegs.recht","https:\/\/x.com\/hotstegs_recht","https:\/\/www.instagram.com\/hotstegs.recht","https:\/\/de.linkedin.com\/company\/hotstegs-recht"]},{"@type":"Person","@id":"https:\/\/www.hotstegs-recht.de\/#\/schema\/person\/b5290b51a91e1e27ec6af13643a76ab0","name":"Robert Hotstegs","image":{"@type":"ImageObject","inLanguage":"de","@id":"https:\/\/secure.gravatar.com\/avatar\/7d923d735cd88c8f3b65c6506ab775c5eb23a82716d81ce74eb3951cb8430f5a?s=96&d=blank&r=g","url":"https:\/\/secure.gravatar.com\/avatar\/7d923d735cd88c8f3b65c6506ab775c5eb23a82716d81ce74eb3951cb8430f5a?s=96&d=blank&r=g","contentUrl":"https:\/\/secure.gravatar.com\/avatar\/7d923d735cd88c8f3b65c6506ab775c5eb23a82716d81ce74eb3951cb8430f5a?s=96&d=blank&r=g","caption":"Robert Hotstegs"},"description":"Rechtsanwalt, Fachanwalt f\u00fcr Verwaltungsrecht","url":"https:\/\/www.hotstegs-recht.de\/?author=1"}]}},"amp_enabled":true,"_links":{"self":[{"href":"https:\/\/www.hotstegs-recht.de\/index.php?rest_route=\/wp\/v2\/posts\/5483","targetHints":{"allow":["GET"]}}],"collection":[{"href":"https:\/\/www.hotstegs-recht.de\/index.php?rest_route=\/wp\/v2\/posts"}],"about":[{"href":"https:\/\/www.hotstegs-recht.de\/index.php?rest_route=\/wp\/v2\/types\/post"}],"author":[{"embeddable":true,"href":"https:\/\/www.hotstegs-recht.de\/index.php?rest_route=\/wp\/v2\/users\/1"}],"replies":[{"embeddable":true,"href":"https:\/\/www.hotstegs-recht.de\/index.php?rest_route=%2Fwp%2Fv2%2Fcomments&post=5483"}],"version-history":[{"count":3,"href":"https:\/\/www.hotstegs-recht.de\/index.php?rest_route=\/wp\/v2\/posts\/5483\/revisions"}],"predecessor-version":[{"id":5487,"href":"https:\/\/www.hotstegs-recht.de\/index.php?rest_route=\/wp\/v2\/posts\/5483\/revisions\/5487"}],"wp:featuredmedia":[{"embeddable":true,"href":"https:\/\/www.hotstegs-recht.de\/index.php?rest_route=\/wp\/v2\/media\/5484"}],"wp:attachment":[{"href":"https:\/\/www.hotstegs-recht.de\/index.php?rest_route=%2Fwp%2Fv2%2Fmedia&parent=5483"}],"wp:term":[{"taxonomy":"category","embeddable":true,"href":"https:\/\/www.hotstegs-recht.de\/index.php?rest_route=%2Fwp%2Fv2%2Fcategories&post=5483"},{"taxonomy":"post_tag","embeddable":true,"href":"https:\/\/www.hotstegs-recht.de\/index.php?rest_route=%2Fwp%2Fv2%2Ftags&post=5483"}],"curies":[{"name":"wp","href":"https:\/\/api.w.org\/{rel}","templated":true}]}}