{"id":5445,"date":"2017-05-10T21:48:27","date_gmt":"2017-05-10T19:48:27","guid":{"rendered":"http:\/\/www.hotstegs-recht.de\/?p=5445"},"modified":"2017-05-14T21:50:29","modified_gmt":"2017-05-14T19:50:29","slug":"dormagen-zentrum-buergergehren-hallenbad-nievenheim-klartext-ne-de-v-10-05-2017","status":"publish","type":"post","link":"https:\/\/www.hotstegs-recht.de\/?p=5445","title":{"rendered":"Dormagen: Zentrum \u2013 B\u00fcrgergehren Hallenbad Nievenheim, klartext-ne.de v. 10.05.2017"},"content":{"rendered":"<p>Dormagen \u2013 \u201eDie Verwaltung verunsichert die B\u00fcrger durch falsche Aussagen zu Ratsbeschl\u00fcssen und \u00fcberh\u00f6hten Kostensch\u00e4tzungen f\u00fcr die Grundsanierung und den Weiterbetrieb des Hallenbades in Nievenheim.<\/p>\n<p>Der Versuch der Behinderung des B\u00fcrgerbegehrens durch die Verwaltung ist offensichtlich\u201c, so Hans-Joachim Woitzik. So gibt es bis heute entgegen den Aussagen der Verwaltung keinen Ratsbeschluss zur Schlie\u00dfung und zum Abriss des Hallenbades in Nievenheim.<\/p>\n<p>Die von der Verwaltung benannten Ratsbeschl\u00fcsse enthalten nur Beschl\u00fcsse zum Neubau des Hallenbades in Dormagen. Somit ist auch die in den Raum gestellte Unzul\u00e4ssigkeit des B\u00fcrgerbegehrens nicht begr\u00fcndet. Wie dies auch der renommierte Fachanwalt f\u00fcr B\u00fcrgerbegehren, Rechtsanwalt Robert Hotstegs, bereits festgestellt hat.<!--more--><\/p>\n<p>Auch die Kostensch\u00e4tzung der Verwaltung ist vollkommen \u00fcberh\u00f6ht. So betragen die Kosten f\u00fcr die Sanierung des Hallenbades in Nievenheim gem\u00e4\u00df dem Altenburg-Gutachten aus dem Jahre 2012 3,2 Mio. \u20ac netto. Selbst bei der Annahme einer Kostensteigerung von 10 % w\u00fcrden aktuell ca. 3,5 Mio. \u20ac netto als Sanierungsaufwand zu Buche schlagen. Dies ist exakt die Summe f\u00fcr die man auch einen komplett schl\u00fcsselfertigen Neubau des Hallenbades in Nievenheim in seiner jetzigen Form erhalten k\u00f6nnte. \u201eDiese Variante sollte unbedingt in zuk\u00fcnftige \u00dcberlegungen mit einbezogen werden\u201c, so Hans-Joachim Woitzik.<\/p>\n<p>Ein weiteres Mittel zur deutlichen Reduzierung der Baukosten um bis zu 90 % w\u00e4re die rechtzeitige Beantragung von F\u00f6rdermitteln f\u00fcr die Sanierung von Hallenb\u00e4dern.<\/p>\n<p>Weiterhin werden auch die zuk\u00fcnftigen Betriebskosten des Hallenbades in Nievenheim von der Verwaltung deutlich zu hoch angesetzt. So wurde auf der<\/p>\n<p>Einnahmenseite nicht ber\u00fccksichtigt, dass das Nievenheimer Bad viele Besucher aus dem Neusser S\u00fcden hat und nach einer erfolgten Grundsanierung\/Neubau mit deutlich h\u00f6heren Besucherzahlen zu rechnen ist. Wir sch\u00e4tzen die m\u00f6glichen Einnahmen auf ca. 300.000 \u20ac.<\/p>\n<p>Auf der Ausgabenseite betragen die Kapitalkosten ca. 220.000 \u20ac, die Energie- und sonstigen Betriebskosten ca. 150.000 \u20ac, die Personalkosten gem\u00e4\u00df Vorgaben aus dem Altenburg-Gutachten lediglich 150.000 \u20ac sowie die Kosten f\u00fcr Instandhaltung und Verwaltung ca. 60.000 \u20ac.<\/p>\n<p>Somit betragen nach unseren Berechnungen die laufenden Betriebskosten f\u00fcr das grundsanierte Hallenbad in Nievenheim j\u00e4hrlich ca. 300.000 \u20ac und nicht 851.000 \u20ac wie von der Verwaltung in der Kostensch\u00e4tzung dargelegt. \u201eEin Defizit in dieser Gr\u00f6\u00dfenordnung kann der st\u00e4dtische Haushalt durchaus verkraften und dies sollten uns auch unsere B\u00fcrger wert sein,\u201c so Hans-Joachim Woitzik.<\/p>\n<p>Weiterhin wurde bis heute seitens der Verwaltung nicht nachgewiesen, wie die zuk\u00fcnftige Belegung des neuen Hallenbades in Dormagen durch Vereine und Schulen sowie die \u00d6ffentlichkeit funktionieren soll. \u201eWir bef\u00fcrchten, dass insbesondere die Dormagener B\u00fcrger von den f\u00fcr sie zur Verf\u00fcgung stehenden Schwimmzeiten entt\u00e4uscht sein werden.\u201c<\/p>\n<p>\u201eDer Erhalt des Hallenbades in Nievenheim ist ein wichtiges Infrastrukturprojekt f\u00fcr den Dormagener Norden und die Verwaltung und die Politik sollten endlich aufh\u00f6ren gegen den Willen der B\u00fcrger zu arbeiten und zu einer vern\u00fcnftigen Gespr\u00e4chsbasis mit den B\u00fcrgern zur\u00fcck finden\u201c, so der Zentrumspolitiker.<\/p>\n","protected":false},"excerpt":{"rendered":"<p>Dormagen \u2013 \u201eDie Verwaltung verunsichert die B\u00fcrger durch falsche Aussagen zu Ratsbeschl\u00fcssen und \u00fcberh\u00f6hten Kostensch\u00e4tzungen f\u00fcr die Grundsanierung und den Weiterbetrieb des Hallenbades in Nievenheim. Der Versuch der Behinderung des B\u00fcrgerbegehrens durch die Verwaltung ist offensichtlich\u201c, so Hans-Joachim Woitzik. So gibt es bis heute entgegen den Aussagen der Verwaltung keinen Ratsbeschluss zur Schlie\u00dfung und zum &hellip; <\/p>\n<p class=\"link-more\"><a href=\"https:\/\/www.hotstegs-recht.de\/?p=5445\" class=\"more-link\"><span class=\"screen-reader-text\">\u201eDormagen: Zentrum \u2013 B\u00fcrgergehren Hallenbad Nievenheim, klartext-ne.de v. 10.05.2017\u201c <\/span>weiterlesen<\/a><\/p>\n","protected":false},"author":4,"featured_media":0,"comment_status":"open","ping_status":"open","sticky":false,"template":"","format":"standard","meta":{"footnotes":""},"categories":[4,16],"tags":[],"class_list":["post-5445","post","type-post","status-publish","format-standard","hentry","category-aktuelles","category-burgerbeteiligung"],"yoast_head":"<!-- This site is optimized with the Yoast SEO plugin v27.5 - https:\/\/yoast.com\/product\/yoast-seo-wordpress\/ -->\n<title>Dormagen: Zentrum \u2013 B\u00fcrgergehren Hallenbad Nievenheim, klartext-ne.de v. 10.05.2017 - Hotstegs Rechtsanwaltsgesellschaft | Rechtsanw\u00e4lt:innen und Fachanw\u00e4lt:innen f\u00fcr Verwaltungsrecht<\/title>\n<meta name=\"description\" content=\"- Termine unter Tel. 0211 \/ 497657-16\" \/>\n<meta name=\"robots\" content=\"index, follow, max-snippet:-1, max-image-preview:large, max-video-preview:-1\" \/>\n<link rel=\"canonical\" href=\"https:\/\/www.hotstegs-recht.de\/?p=5445\" \/>\n<meta property=\"og:locale\" content=\"de_DE\" \/>\n<meta property=\"og:type\" content=\"article\" \/>\n<meta property=\"og:title\" content=\"Dormagen: Zentrum \u2013 B\u00fcrgergehren Hallenbad Nievenheim, klartext-ne.de v. 10.05.2017 - Hotstegs Rechtsanwaltsgesellschaft | Rechtsanw\u00e4lt:innen und Fachanw\u00e4lt:innen f\u00fcr Verwaltungsrecht\" \/>\n<meta property=\"og:description\" content=\"- Termine unter Tel. 0211 \/ 497657-16\" \/>\n<meta property=\"og:url\" content=\"https:\/\/www.hotstegs-recht.de\/?p=5445\" \/>\n<meta property=\"og:site_name\" content=\"Hotstegs Rechtsanwaltsgesellschaft | Rechtsanw\u00e4lt:innen und Fachanw\u00e4lt:innen f\u00fcr Verwaltungsrecht\" \/>\n<meta property=\"article:publisher\" content=\"https:\/\/www.facebook.com\/hotstegs.recht\" \/>\n<meta property=\"article:published_time\" content=\"2017-05-10T19:48:27+00:00\" \/>\n<meta property=\"article:modified_time\" content=\"2017-05-14T19:50:29+00:00\" \/>\n<meta name=\"author\" content=\"Mitarbeiter:in\" \/>\n<meta name=\"twitter:card\" content=\"summary_large_image\" \/>\n<meta name=\"twitter:creator\" content=\"@hotstegs_recht\" \/>\n<meta name=\"twitter:site\" content=\"@hotstegs_recht\" \/>\n<meta name=\"twitter:label1\" content=\"Verfasst von\" \/>\n\t<meta name=\"twitter:data1\" content=\"Mitarbeiter:in\" \/>\n\t<meta name=\"twitter:label2\" content=\"Gesch\u00e4tzte Lesezeit\" \/>\n\t<meta name=\"twitter:data2\" content=\"2\u00a0Minuten\" \/>\n<!-- \/ Yoast SEO plugin. -->","yoast_head_json":{"title":"Dormagen: Zentrum \u2013 B\u00fcrgergehren Hallenbad Nievenheim, klartext-ne.de v. 10.05.2017 - Hotstegs Rechtsanwaltsgesellschaft | Rechtsanw\u00e4lt:innen und Fachanw\u00e4lt:innen f\u00fcr Verwaltungsrecht","description":"- Termine unter Tel. 0211 \/ 497657-16","robots":{"index":"index","follow":"follow","max-snippet":"max-snippet:-1","max-image-preview":"max-image-preview:large","max-video-preview":"max-video-preview:-1"},"canonical":"https:\/\/www.hotstegs-recht.de\/?p=5445","og_locale":"de_DE","og_type":"article","og_title":"Dormagen: Zentrum \u2013 B\u00fcrgergehren Hallenbad Nievenheim, klartext-ne.de v. 10.05.2017 - Hotstegs Rechtsanwaltsgesellschaft | Rechtsanw\u00e4lt:innen und Fachanw\u00e4lt:innen f\u00fcr Verwaltungsrecht","og_description":"- Termine unter Tel. 0211 \/ 497657-16","og_url":"https:\/\/www.hotstegs-recht.de\/?p=5445","og_site_name":"Hotstegs Rechtsanwaltsgesellschaft | Rechtsanw\u00e4lt:innen und Fachanw\u00e4lt:innen f\u00fcr Verwaltungsrecht","article_publisher":"https:\/\/www.facebook.com\/hotstegs.recht","article_published_time":"2017-05-10T19:48:27+00:00","article_modified_time":"2017-05-14T19:50:29+00:00","author":"Mitarbeiter:in","twitter_card":"summary_large_image","twitter_creator":"@hotstegs_recht","twitter_site":"@hotstegs_recht","twitter_misc":{"Verfasst von":"Mitarbeiter:in","Gesch\u00e4tzte Lesezeit":"2\u00a0Minuten"},"schema":{"@context":"https:\/\/schema.org","@graph":[{"@type":"Article","@id":"https:\/\/www.hotstegs-recht.de\/?p=5445#article","isPartOf":{"@id":"https:\/\/www.hotstegs-recht.de\/?p=5445"},"author":{"name":"Mitarbeiter:in","@id":"https:\/\/www.hotstegs-recht.de\/#\/schema\/person\/18c7a8260c2d9ded2b8308feab0990a2"},"headline":"Dormagen: Zentrum \u2013 B\u00fcrgergehren Hallenbad Nievenheim, klartext-ne.de v. 10.05.2017","datePublished":"2017-05-10T19:48:27+00:00","dateModified":"2017-05-14T19:50:29+00:00","mainEntityOfPage":{"@id":"https:\/\/www.hotstegs-recht.de\/?p=5445"},"wordCount":485,"commentCount":0,"publisher":{"@id":"https:\/\/www.hotstegs-recht.de\/#organization"},"articleSection":["Aktuelles","B\u00fcrgerbeteiligung"],"inLanguage":"de","potentialAction":[{"@type":"CommentAction","name":"Comment","target":["https:\/\/www.hotstegs-recht.de\/?p=5445#respond"]}]},{"@type":"WebPage","@id":"https:\/\/www.hotstegs-recht.de\/?p=5445","url":"https:\/\/www.hotstegs-recht.de\/?p=5445","name":"Dormagen: Zentrum \u2013 B\u00fcrgergehren Hallenbad Nievenheim, klartext-ne.de v. 10.05.2017 - Hotstegs Rechtsanwaltsgesellschaft | Rechtsanw\u00e4lt:innen und Fachanw\u00e4lt:innen f\u00fcr Verwaltungsrecht","isPartOf":{"@id":"https:\/\/www.hotstegs-recht.de\/#website"},"datePublished":"2017-05-10T19:48:27+00:00","dateModified":"2017-05-14T19:50:29+00:00","description":"- Termine unter Tel. 0211 \/ 497657-16","breadcrumb":{"@id":"https:\/\/www.hotstegs-recht.de\/?p=5445#breadcrumb"},"inLanguage":"de","potentialAction":[{"@type":"ReadAction","target":["https:\/\/www.hotstegs-recht.de\/?p=5445"]}]},{"@type":"BreadcrumbList","@id":"https:\/\/www.hotstegs-recht.de\/?p=5445#breadcrumb","itemListElement":[{"@type":"ListItem","position":1,"name":"Startseite","item":"https:\/\/www.hotstegs-recht.de\/"},{"@type":"ListItem","position":2,"name":"Dormagen: Zentrum \u2013 B\u00fcrgergehren Hallenbad Nievenheim, klartext-ne.de v. 10.05.2017"}]},{"@type":"WebSite","@id":"https:\/\/www.hotstegs-recht.de\/#website","url":"https:\/\/www.hotstegs-recht.de\/","name":"Hotstegs Rechtsanwaltsgesellschaft | Rechtsanw\u00e4lt:innen und Fachanw\u00e4lt:innen f\u00fcr Verwaltungsrecht","description":"\u00f6ffentliches Dienstrecht und Disziplinarverfahren | Rechtsanwalt Robert Hotstegs | Rechtsanw\u00e4ltin Sarah Nu\u00dfbaum | Rechtsanw\u00e4ltin Katharina Voigt","publisher":{"@id":"https:\/\/www.hotstegs-recht.de\/#organization"},"potentialAction":[{"@type":"SearchAction","target":{"@type":"EntryPoint","urlTemplate":"https:\/\/www.hotstegs-recht.de\/?s={search_term_string}"},"query-input":{"@type":"PropertyValueSpecification","valueRequired":true,"valueName":"search_term_string"}}],"inLanguage":"de"},{"@type":"Organization","@id":"https:\/\/www.hotstegs-recht.de\/#organization","name":"Hotstegs Rechtsanwaltsgesellschaft","url":"https:\/\/www.hotstegs-recht.de\/","logo":{"@type":"ImageObject","inLanguage":"de","@id":"https:\/\/www.hotstegs-recht.de\/#\/schema\/logo\/image\/","url":"https:\/\/www.hotstegs-recht.de\/wp-content\/uploads\/2021\/09\/logo_2020.png","contentUrl":"https:\/\/www.hotstegs-recht.de\/wp-content\/uploads\/2021\/09\/logo_2020.png","width":180,"height":51,"caption":"Hotstegs Rechtsanwaltsgesellschaft"},"image":{"@id":"https:\/\/www.hotstegs-recht.de\/#\/schema\/logo\/image\/"},"sameAs":["https:\/\/www.facebook.com\/hotstegs.recht","https:\/\/x.com\/hotstegs_recht","https:\/\/www.instagram.com\/hotstegs.recht","https:\/\/de.linkedin.com\/company\/hotstegs-recht"]},{"@type":"Person","@id":"https:\/\/www.hotstegs-recht.de\/#\/schema\/person\/18c7a8260c2d9ded2b8308feab0990a2","name":"Mitarbeiter:in","image":{"@type":"ImageObject","inLanguage":"de","@id":"https:\/\/secure.gravatar.com\/avatar\/ff927e44276052255fa51b438cd49d6bee71e07c0621a998717cee201e5d2fff?s=96&d=blank&r=g","url":"https:\/\/secure.gravatar.com\/avatar\/ff927e44276052255fa51b438cd49d6bee71e07c0621a998717cee201e5d2fff?s=96&d=blank&r=g","contentUrl":"https:\/\/secure.gravatar.com\/avatar\/ff927e44276052255fa51b438cd49d6bee71e07c0621a998717cee201e5d2fff?s=96&d=blank&r=g","caption":"Mitarbeiter:in"},"url":"https:\/\/www.hotstegs-recht.de\/?author=4"}]}},"amp_enabled":true,"_links":{"self":[{"href":"https:\/\/www.hotstegs-recht.de\/index.php?rest_route=\/wp\/v2\/posts\/5445","targetHints":{"allow":["GET"]}}],"collection":[{"href":"https:\/\/www.hotstegs-recht.de\/index.php?rest_route=\/wp\/v2\/posts"}],"about":[{"href":"https:\/\/www.hotstegs-recht.de\/index.php?rest_route=\/wp\/v2\/types\/post"}],"author":[{"embeddable":true,"href":"https:\/\/www.hotstegs-recht.de\/index.php?rest_route=\/wp\/v2\/users\/4"}],"replies":[{"embeddable":true,"href":"https:\/\/www.hotstegs-recht.de\/index.php?rest_route=%2Fwp%2Fv2%2Fcomments&post=5445"}],"version-history":[{"count":2,"href":"https:\/\/www.hotstegs-recht.de\/index.php?rest_route=\/wp\/v2\/posts\/5445\/revisions"}],"predecessor-version":[{"id":5447,"href":"https:\/\/www.hotstegs-recht.de\/index.php?rest_route=\/wp\/v2\/posts\/5445\/revisions\/5447"}],"wp:attachment":[{"href":"https:\/\/www.hotstegs-recht.de\/index.php?rest_route=%2Fwp%2Fv2%2Fmedia&parent=5445"}],"wp:term":[{"taxonomy":"category","embeddable":true,"href":"https:\/\/www.hotstegs-recht.de\/index.php?rest_route=%2Fwp%2Fv2%2Fcategories&post=5445"},{"taxonomy":"post_tag","embeddable":true,"href":"https:\/\/www.hotstegs-recht.de\/index.php?rest_route=%2Fwp%2Fv2%2Ftags&post=5445"}],"curies":[{"name":"wp","href":"https:\/\/api.w.org\/{rel}","templated":true}]}}