{"id":5439,"date":"2017-05-10T19:56:21","date_gmt":"2017-05-10T17:56:21","guid":{"rendered":"http:\/\/www.hotstegs-recht.de\/?p=5439"},"modified":"2018-08-27T21:18:50","modified_gmt":"2018-08-27T19:18:50","slug":"causa-wendt-muss-das-beamtenrecht-fortentwickelt-werden-zap-2017-495","status":"publish","type":"post","link":"https:\/\/www.hotstegs-recht.de\/?p=5439","title":{"rendered":"Causa Wendt: Muss das Beamtenrecht fortentwickelt werden?, ZAP 2017, 495"},"content":{"rendered":"<p>Der Journalist selbst schien ein wenig \u00fcberrascht von seinem Coup: Er interviewte den Vorsitzenden einer bundesdeutschen Beamtengewerkschaft, r\u00fcckte ihm mit Informationen \u00fcber gew\u00e4hrte Bez\u00fcge aus dem \u00f6ffentlichen Dienst zu Leibe, und der Betroffene stritt eine Besoldung rundheraus ab. Das Interview war \u201eim Kasten\u201c, unmittelbar im Anschluss widerrief der Beamte seine L\u00fcge: Er erhalte Bez\u00fcge und befinde sich in einem speziellen Dienstverh\u00e4ltnis. Die \u201eCausa Wendt\u201c sorgte landauf landab f\u00fcr Aufsehen. Eine Aufmerksamkeit, die das Beamtenrecht gar nicht gew\u00f6hnt ist.<\/p>\n<p><a href=\"\/wp-content\/uploads\/2011\/08\/Hotstegs_Causa-Wendt_ZAP_10-17.pdf\">Hotstegs, Causa Wendt: Muss das Beamtenrecht fortentwickelt werden?, ZAP 2017, 495<\/a><\/p>\n","protected":false},"excerpt":{"rendered":"<p>Der Journalist selbst schien ein wenig \u00fcberrascht von seinem Coup: Er interviewte den Vorsitzenden einer bundesdeutschen Beamtengewerkschaft, r\u00fcckte ihm mit Informationen \u00fcber gew\u00e4hrte Bez\u00fcge aus dem \u00f6ffentlichen Dienst zu Leibe, und der Betroffene stritt eine Besoldung rundheraus ab. Das Interview war \u201eim Kasten\u201c, unmittelbar im Anschluss widerrief der Beamte seine L\u00fcge: Er erhalte Bez\u00fcge und &hellip; <\/p>\n<p class=\"link-more\"><a href=\"https:\/\/www.hotstegs-recht.de\/?p=5439\" class=\"more-link\"><span class=\"screen-reader-text\">\u201eCausa Wendt: Muss das Beamtenrecht fortentwickelt werden?, ZAP 2017, 495\u201c <\/span>weiterlesen<\/a><\/p>\n","protected":false},"author":4,"featured_media":0,"comment_status":"open","ping_status":"open","sticky":false,"template":"","format":"aside","meta":{"footnotes":""},"categories":[4,9,14,15,34,39,44,63],"tags":[],"class_list":["post-5439","post","type-post","status-publish","format-aside","hentry","category-aktuelles","category-presse","category-beamtenrecht","category-disziplinarrecht","category-personalvertretungsrecht","category-ev-kirchenrecht","category-dienstordnungsangestellte-do","category-richterdienstrecht","post_format-post-format-aside"],"yoast_head":"<!-- This site is optimized with the Yoast SEO plugin v27.5 - https:\/\/yoast.com\/product\/yoast-seo-wordpress\/ -->\n<title>Causa Wendt: Muss das Beamtenrecht fortentwickelt werden?, ZAP 2017, 495 - Hotstegs Rechtsanwaltsgesellschaft | Rechtsanw\u00e4lt:innen und Fachanw\u00e4lt:innen f\u00fcr Verwaltungsrecht<\/title>\n<meta name=\"description\" content=\"- Termine unter Tel. 0211 \/ 497657-16\" \/>\n<meta name=\"robots\" content=\"index, follow, max-snippet:-1, max-image-preview:large, max-video-preview:-1\" \/>\n<link rel=\"canonical\" href=\"https:\/\/www.hotstegs-recht.de\/?p=5439\" \/>\n<meta property=\"og:locale\" content=\"de_DE\" \/>\n<meta property=\"og:type\" content=\"article\" \/>\n<meta property=\"og:title\" content=\"Causa Wendt: Muss das Beamtenrecht fortentwickelt werden?, ZAP 2017, 495 - Hotstegs Rechtsanwaltsgesellschaft | Rechtsanw\u00e4lt:innen und Fachanw\u00e4lt:innen f\u00fcr Verwaltungsrecht\" \/>\n<meta property=\"og:description\" content=\"- Termine unter Tel. 0211 \/ 497657-16\" \/>\n<meta property=\"og:url\" content=\"https:\/\/www.hotstegs-recht.de\/?p=5439\" \/>\n<meta property=\"og:site_name\" content=\"Hotstegs Rechtsanwaltsgesellschaft | Rechtsanw\u00e4lt:innen und Fachanw\u00e4lt:innen f\u00fcr Verwaltungsrecht\" \/>\n<meta property=\"article:publisher\" content=\"https:\/\/www.facebook.com\/hotstegs.recht\" \/>\n<meta property=\"article:published_time\" content=\"2017-05-10T17:56:21+00:00\" \/>\n<meta property=\"article:modified_time\" content=\"2018-08-27T19:18:50+00:00\" \/>\n<meta name=\"author\" content=\"Mitarbeiter:in\" \/>\n<meta name=\"twitter:card\" content=\"summary_large_image\" \/>\n<meta name=\"twitter:creator\" content=\"@hotstegs_recht\" \/>\n<meta name=\"twitter:site\" content=\"@hotstegs_recht\" \/>\n<meta name=\"twitter:label1\" content=\"Verfasst von\" \/>\n\t<meta name=\"twitter:data1\" content=\"Mitarbeiter:in\" \/>\n<!-- \/ Yoast SEO plugin. -->","yoast_head_json":{"title":"Causa Wendt: Muss das Beamtenrecht fortentwickelt werden?, ZAP 2017, 495 - Hotstegs Rechtsanwaltsgesellschaft | Rechtsanw\u00e4lt:innen und Fachanw\u00e4lt:innen f\u00fcr Verwaltungsrecht","description":"- Termine unter Tel. 0211 \/ 497657-16","robots":{"index":"index","follow":"follow","max-snippet":"max-snippet:-1","max-image-preview":"max-image-preview:large","max-video-preview":"max-video-preview:-1"},"canonical":"https:\/\/www.hotstegs-recht.de\/?p=5439","og_locale":"de_DE","og_type":"article","og_title":"Causa Wendt: Muss das Beamtenrecht fortentwickelt werden?, ZAP 2017, 495 - Hotstegs Rechtsanwaltsgesellschaft | Rechtsanw\u00e4lt:innen und Fachanw\u00e4lt:innen f\u00fcr Verwaltungsrecht","og_description":"- Termine unter Tel. 0211 \/ 497657-16","og_url":"https:\/\/www.hotstegs-recht.de\/?p=5439","og_site_name":"Hotstegs Rechtsanwaltsgesellschaft | Rechtsanw\u00e4lt:innen und Fachanw\u00e4lt:innen f\u00fcr Verwaltungsrecht","article_publisher":"https:\/\/www.facebook.com\/hotstegs.recht","article_published_time":"2017-05-10T17:56:21+00:00","article_modified_time":"2018-08-27T19:18:50+00:00","author":"Mitarbeiter:in","twitter_card":"summary_large_image","twitter_creator":"@hotstegs_recht","twitter_site":"@hotstegs_recht","twitter_misc":{"Verfasst von":"Mitarbeiter:in"},"schema":{"@context":"https:\/\/schema.org","@graph":[{"@type":"Article","@id":"https:\/\/www.hotstegs-recht.de\/?p=5439#article","isPartOf":{"@id":"https:\/\/www.hotstegs-recht.de\/?p=5439"},"author":{"name":"Mitarbeiter:in","@id":"https:\/\/www.hotstegs-recht.de\/#\/schema\/person\/18c7a8260c2d9ded2b8308feab0990a2"},"headline":"Causa Wendt: Muss das Beamtenrecht fortentwickelt werden?, ZAP 2017, 495","datePublished":"2017-05-10T17:56:21+00:00","dateModified":"2018-08-27T19:18:50+00:00","mainEntityOfPage":{"@id":"https:\/\/www.hotstegs-recht.de\/?p=5439"},"wordCount":103,"commentCount":0,"publisher":{"@id":"https:\/\/www.hotstegs-recht.de\/#organization"},"articleSection":["Aktuelles","Presse","Beamtenrecht","Disziplinarrecht","Personalvertretungsrecht","ev. Kirchenrecht","Dienstordnungsangestellte (DO)","Richterdienstrecht"],"inLanguage":"de","potentialAction":[{"@type":"CommentAction","name":"Comment","target":["https:\/\/www.hotstegs-recht.de\/?p=5439#respond"]}]},{"@type":"WebPage","@id":"https:\/\/www.hotstegs-recht.de\/?p=5439","url":"https:\/\/www.hotstegs-recht.de\/?p=5439","name":"Causa Wendt: Muss das Beamtenrecht fortentwickelt werden?, ZAP 2017, 495 - Hotstegs Rechtsanwaltsgesellschaft | Rechtsanw\u00e4lt:innen und Fachanw\u00e4lt:innen f\u00fcr Verwaltungsrecht","isPartOf":{"@id":"https:\/\/www.hotstegs-recht.de\/#website"},"datePublished":"2017-05-10T17:56:21+00:00","dateModified":"2018-08-27T19:18:50+00:00","description":"- Termine unter Tel. 0211 \/ 497657-16","breadcrumb":{"@id":"https:\/\/www.hotstegs-recht.de\/?p=5439#breadcrumb"},"inLanguage":"de","potentialAction":[{"@type":"ReadAction","target":["https:\/\/www.hotstegs-recht.de\/?p=5439"]}]},{"@type":"BreadcrumbList","@id":"https:\/\/www.hotstegs-recht.de\/?p=5439#breadcrumb","itemListElement":[{"@type":"ListItem","position":1,"name":"Startseite","item":"https:\/\/www.hotstegs-recht.de\/"},{"@type":"ListItem","position":2,"name":"Causa Wendt: Muss das Beamtenrecht fortentwickelt werden?, ZAP 2017, 495"}]},{"@type":"WebSite","@id":"https:\/\/www.hotstegs-recht.de\/#website","url":"https:\/\/www.hotstegs-recht.de\/","name":"Hotstegs Rechtsanwaltsgesellschaft | Rechtsanw\u00e4lt:innen und Fachanw\u00e4lt:innen f\u00fcr Verwaltungsrecht","description":"\u00f6ffentliches Dienstrecht und Disziplinarverfahren | Rechtsanwalt Robert Hotstegs | Rechtsanw\u00e4ltin Sarah Nu\u00dfbaum | Rechtsanw\u00e4ltin Katharina Voigt","publisher":{"@id":"https:\/\/www.hotstegs-recht.de\/#organization"},"potentialAction":[{"@type":"SearchAction","target":{"@type":"EntryPoint","urlTemplate":"https:\/\/www.hotstegs-recht.de\/?s={search_term_string}"},"query-input":{"@type":"PropertyValueSpecification","valueRequired":true,"valueName":"search_term_string"}}],"inLanguage":"de"},{"@type":"Organization","@id":"https:\/\/www.hotstegs-recht.de\/#organization","name":"Hotstegs Rechtsanwaltsgesellschaft","url":"https:\/\/www.hotstegs-recht.de\/","logo":{"@type":"ImageObject","inLanguage":"de","@id":"https:\/\/www.hotstegs-recht.de\/#\/schema\/logo\/image\/","url":"https:\/\/www.hotstegs-recht.de\/wp-content\/uploads\/2021\/09\/logo_2020.png","contentUrl":"https:\/\/www.hotstegs-recht.de\/wp-content\/uploads\/2021\/09\/logo_2020.png","width":180,"height":51,"caption":"Hotstegs Rechtsanwaltsgesellschaft"},"image":{"@id":"https:\/\/www.hotstegs-recht.de\/#\/schema\/logo\/image\/"},"sameAs":["https:\/\/www.facebook.com\/hotstegs.recht","https:\/\/x.com\/hotstegs_recht","https:\/\/www.instagram.com\/hotstegs.recht","https:\/\/de.linkedin.com\/company\/hotstegs-recht"]},{"@type":"Person","@id":"https:\/\/www.hotstegs-recht.de\/#\/schema\/person\/18c7a8260c2d9ded2b8308feab0990a2","name":"Mitarbeiter:in","image":{"@type":"ImageObject","inLanguage":"de","@id":"https:\/\/secure.gravatar.com\/avatar\/ff927e44276052255fa51b438cd49d6bee71e07c0621a998717cee201e5d2fff?s=96&d=blank&r=g","url":"https:\/\/secure.gravatar.com\/avatar\/ff927e44276052255fa51b438cd49d6bee71e07c0621a998717cee201e5d2fff?s=96&d=blank&r=g","contentUrl":"https:\/\/secure.gravatar.com\/avatar\/ff927e44276052255fa51b438cd49d6bee71e07c0621a998717cee201e5d2fff?s=96&d=blank&r=g","caption":"Mitarbeiter:in"},"url":"https:\/\/www.hotstegs-recht.de\/?author=4"}]}},"amp_enabled":true,"_links":{"self":[{"href":"https:\/\/www.hotstegs-recht.de\/index.php?rest_route=\/wp\/v2\/posts\/5439","targetHints":{"allow":["GET"]}}],"collection":[{"href":"https:\/\/www.hotstegs-recht.de\/index.php?rest_route=\/wp\/v2\/posts"}],"about":[{"href":"https:\/\/www.hotstegs-recht.de\/index.php?rest_route=\/wp\/v2\/types\/post"}],"author":[{"embeddable":true,"href":"https:\/\/www.hotstegs-recht.de\/index.php?rest_route=\/wp\/v2\/users\/4"}],"replies":[{"embeddable":true,"href":"https:\/\/www.hotstegs-recht.de\/index.php?rest_route=%2Fwp%2Fv2%2Fcomments&post=5439"}],"version-history":[{"count":3,"href":"https:\/\/www.hotstegs-recht.de\/index.php?rest_route=\/wp\/v2\/posts\/5439\/revisions"}],"predecessor-version":[{"id":6507,"href":"https:\/\/www.hotstegs-recht.de\/index.php?rest_route=\/wp\/v2\/posts\/5439\/revisions\/6507"}],"wp:attachment":[{"href":"https:\/\/www.hotstegs-recht.de\/index.php?rest_route=%2Fwp%2Fv2%2Fmedia&parent=5439"}],"wp:term":[{"taxonomy":"category","embeddable":true,"href":"https:\/\/www.hotstegs-recht.de\/index.php?rest_route=%2Fwp%2Fv2%2Fcategories&post=5439"},{"taxonomy":"post_tag","embeddable":true,"href":"https:\/\/www.hotstegs-recht.de\/index.php?rest_route=%2Fwp%2Fv2%2Ftags&post=5439"}],"curies":[{"name":"wp","href":"https:\/\/api.w.org\/{rel}","templated":true}]}}