{"id":5416,"date":"2017-04-21T03:17:39","date_gmt":"2017-04-21T01:17:39","guid":{"rendered":"http:\/\/www.hotstegs-recht.de\/?p=5416"},"modified":"2017-04-25T14:38:46","modified_gmt":"2017-04-25T12:38:46","slug":"3000-unterschriften-braucht-es-fuer-den-bad-erhalt-neuss-grevenbroicher-zeitung-v-21-04-2017","status":"publish","type":"post","link":"https:\/\/www.hotstegs-recht.de\/?p=5416","title":{"rendered":"3000 Unterschriften braucht es f\u00fcr den Bad-Erhalt, Neu\u00df-Grevenbroicher-Zeitung v. 21.04.2017"},"content":{"rendered":"<p>Dormagen. Die Bef\u00fcrworter des Bad-Erhalts und ihr Anwalt glauben fest an einen B\u00fcrgerentscheid &#8211; und daran, dass dieser erfolgreich sein wird.<\/p>\n<p>Klaus D. Schumilas<\/p>\n<p>Der Freitag ist f\u00fcr Reiner Bl\u00f6dgen, Bianca Lins und Natascha Held ein wichtiger: Im Rathaus werden sie vom Ersten Beigeordneten Robert Krumbein die Zahlen erfahren, die notwendig sind, um das B\u00fcrgerbegehren zur Sanierung und zum Erhalt des Hallenbads Nievenheim \u00fcberhaupt starten zu k\u00f6nnen. Es geht um die Sch\u00e4tzung der Kosten f\u00fcr eine Sanierung und f\u00fcr den weiteren Betrieb des von Schlie\u00dfung und Abriss bedrohten Bads.<!--more--><\/p>\n<p>Diese Zahlen wiederum m\u00fcssen Gegenstand der Unterschriftenlisten sein, von denen rund 3000 eingereicht werden m\u00fcssen. Bl\u00f6dgen als Hauptinitiator des B\u00fcrgerbegehrens und seine beiden engsten Mitstreiterinnen in der IG lassen keinen Zweifel daran, dass sie die Rathaus-Zahlen nicht unkommentiert transportieren werden, &#8222;wir werden dem sicherlich unsere eigenen Berechnungen entgegensetzen&#8220;, sagt der 54-J\u00e4hrige.<\/p>\n<p>Legt die IG die ben\u00f6tigte Zahl an g\u00fcltigen Unterschriften vor, dann muss der Stadtrat entscheiden, ob er dem Begehren stattgibt. Zun\u00e4chst wird er sich aber mit der rechtlichen Zul\u00e4ssigkeit des B\u00fcrgerbegehrens befassen und dar\u00fcber befinden m\u00fcssen. Die wird n\u00e4mlich von der Verwaltung bezweifelt, weil angeblich Fristen abgelaufen sind. Eine v\u00f6llig gegens\u00e4tzliche Haltung vertritt Robert Hotstegs.<\/p>\n<p>Er ist Inhaber der gleichnamigen Anwalts-Gesellschaft in D\u00fcsseldorf und Fachanwalt f\u00fcr Verwaltungsrecht. &#8222;Wir vertreten und beraten haupts\u00e4chlich B\u00fcrgerinitiativen&#8220;, sagt Hotstegs, so auch die IG Nievenheim. Er kann die Begr\u00fcndung der Verwaltung &#8222;inhaltlich nicht nachvollziehen&#8220;. Es gebe zwar die von der Verwaltung genannten Fristen, &#8222;die treffen im Kern aber auf dieses B\u00fcrgerbegehren nicht zu&#8220;, weil sich das Anliegen der IG eben nicht gegen einen Ratsbeschluss richtet. Hotstegs: &#8222;Ich habe keinen Beschluss des Dormagener Stadtrats gefunden, in dem es um das Hallenbad Nievenheim geht.&#8220;<\/p>\n<p>In der von der Verwaltung angegebenen Ratssitzung sei es damals lediglich &#8222;um die Feststellung des Ergebnisses des B\u00fcrgerentscheides gegangen, aber nicht um einen Beschluss zur Zukunft des Nievenheimer Bads&#8220;. Aus diesem Grund gelte auch eine andere Frist: Die in der Gemeindeordnung verankerte zweij\u00e4hrige Sperrfrist, &#8222;die das Ergebnis eines B\u00fcrgerentscheids sch\u00fctzt. Danach kann man zu diesem Thema erneut ein B\u00fcrgerbegehren initiieren&#8220;.<\/p>\n<p>Sollte der Stadtrat der Argumentation der IG nicht folgen und das B\u00fcrgerbegehren als unzul\u00e4ssig abweisen, w\u00fcrde laut Hotstegs der Gang vor das Verwaltungsgericht D\u00fcsseldorf erfolgen. Dort k\u00f6nnte dann auch per Eilverfahren verhindert werden, dass die Stadt durch einen zwischenzeitlichen Abriss Fakten schaffen w\u00fcrde.<\/p>\n<p>Davon gehen die IG-Vertreter jedoch nicht aus: &#8222;Es w\u00e4re ein Armutszeugnis der Politik, das B\u00fcrgerbegehren f\u00fcr unzul\u00e4ssig zu erkl\u00e4ren&#8220;, sagt Natascha Held. Die IG ist optimistisch, dass sie zum einen die 3000 Unterschriften erreicht, aber auch, dass sie mit einem folgenden B\u00fcrgerentscheid erfolgreich ist. &#8222;Beim ersten B\u00fcrgerentscheid 2013 sind nicht gen\u00fcgend Leute zur Wahlurne gegangen&#8220;, sagt Bianca Lins, &#8222;viele dachten, dass sie mit ihrer Unterschrift schon gegen die Schlie\u00dfung abgestimmt h\u00e4tten.&#8220;<\/p>\n<p>Dort will die IG mit gezielter Information ansetzen. &#8222;Wir sind viel mehr Leute, die aktiv sind als damals die BI Bad&#8220;, so Bl\u00f6dgen. &#8222;Wir erfahren jetzt schon viel Zustimmung&#8220;, sagt Lins, &#8222;die Argumente der Leute, die emotionalisiert sind, f\u00fcr das Nievenheimer Bad sind vielf\u00e4ltig. Da ist die 80-J\u00e4hrige, die auf ihr t\u00e4gliches Schwimmen verzichten m\u00fcsste, oder aber die Schwangere, die uns anspricht und fragt, wo sie mit ihrem Kind k\u00fcnftig zum Babyschwimmen kann.&#8220; Die IG ist zuversichtlich: &#8222;Wir schaffen das.&#8220;<\/p>\n<p>Quelle: NGZ<\/p>\n","protected":false},"excerpt":{"rendered":"<p>Dormagen. Die Bef\u00fcrworter des Bad-Erhalts und ihr Anwalt glauben fest an einen B\u00fcrgerentscheid &#8211; und daran, dass dieser erfolgreich sein wird. Klaus D. Schumilas Der Freitag ist f\u00fcr Reiner Bl\u00f6dgen, Bianca Lins und Natascha Held ein wichtiger: Im Rathaus werden sie vom Ersten Beigeordneten Robert Krumbein die Zahlen erfahren, die notwendig sind, um das B\u00fcrgerbegehren &hellip; <\/p>\n<p class=\"link-more\"><a href=\"https:\/\/www.hotstegs-recht.de\/?p=5416\" class=\"more-link\"><span class=\"screen-reader-text\">\u201e3000 Unterschriften braucht es f\u00fcr den Bad-Erhalt, Neu\u00df-Grevenbroicher-Zeitung v. 21.04.2017\u201c <\/span>weiterlesen<\/a><\/p>\n","protected":false},"author":4,"featured_media":4685,"comment_status":"open","ping_status":"open","sticky":false,"template":"","format":"standard","meta":{"footnotes":""},"categories":[9,16],"tags":[],"class_list":["post-5416","post","type-post","status-publish","format-standard","has-post-thumbnail","hentry","category-presse","category-burgerbeteiligung"],"yoast_head":"<!-- This site is optimized with the Yoast SEO plugin v27.4 - https:\/\/yoast.com\/product\/yoast-seo-wordpress\/ -->\n<title>3000 Unterschriften braucht es f\u00fcr den Bad-Erhalt, Neu\u00df-Grevenbroicher-Zeitung v. 21.04.2017 - Hotstegs Rechtsanwaltsgesellschaft | Rechtsanw\u00e4lt:innen und Fachanw\u00e4lt:innen f\u00fcr Verwaltungsrecht<\/title>\n<meta name=\"description\" content=\"- Termine unter Tel. 0211 \/ 497657-16\" \/>\n<meta name=\"robots\" content=\"index, follow, max-snippet:-1, max-image-preview:large, max-video-preview:-1\" \/>\n<link rel=\"canonical\" href=\"https:\/\/www.hotstegs-recht.de\/?p=5416\" \/>\n<meta property=\"og:locale\" content=\"de_DE\" \/>\n<meta property=\"og:type\" content=\"article\" \/>\n<meta property=\"og:title\" content=\"3000 Unterschriften braucht es f\u00fcr den Bad-Erhalt, Neu\u00df-Grevenbroicher-Zeitung v. 21.04.2017 - Hotstegs Rechtsanwaltsgesellschaft | Rechtsanw\u00e4lt:innen und Fachanw\u00e4lt:innen f\u00fcr Verwaltungsrecht\" \/>\n<meta property=\"og:description\" content=\"- Termine unter Tel. 0211 \/ 497657-16\" \/>\n<meta property=\"og:url\" content=\"https:\/\/www.hotstegs-recht.de\/?p=5416\" \/>\n<meta property=\"og:site_name\" content=\"Hotstegs Rechtsanwaltsgesellschaft | Rechtsanw\u00e4lt:innen und Fachanw\u00e4lt:innen f\u00fcr Verwaltungsrecht\" \/>\n<meta property=\"article:publisher\" content=\"https:\/\/www.facebook.com\/hotstegs.recht\" \/>\n<meta property=\"article:published_time\" content=\"2017-04-21T01:17:39+00:00\" \/>\n<meta property=\"article:modified_time\" content=\"2017-04-25T12:38:46+00:00\" \/>\n<meta property=\"og:image\" content=\"https:\/\/www.hotstegs-recht.de\/wp-content\/uploads\/2016\/06\/slider20_2500_1200.jpg\" \/>\n\t<meta property=\"og:image:width\" content=\"2500\" \/>\n\t<meta property=\"og:image:height\" content=\"1200\" \/>\n\t<meta property=\"og:image:type\" content=\"image\/jpeg\" \/>\n<meta name=\"author\" content=\"Mitarbeiter:in\" \/>\n<meta name=\"twitter:card\" content=\"summary_large_image\" \/>\n<meta name=\"twitter:creator\" content=\"@hotstegs_recht\" \/>\n<meta name=\"twitter:site\" content=\"@hotstegs_recht\" \/>\n<meta name=\"twitter:label1\" content=\"Verfasst von\" \/>\n\t<meta name=\"twitter:data1\" content=\"Mitarbeiter:in\" \/>\n\t<meta name=\"twitter:label2\" content=\"Gesch\u00e4tzte Lesezeit\" \/>\n\t<meta name=\"twitter:data2\" content=\"3\u00a0Minuten\" \/>\n<!-- \/ Yoast SEO plugin. -->","yoast_head_json":{"title":"3000 Unterschriften braucht es f\u00fcr den Bad-Erhalt, Neu\u00df-Grevenbroicher-Zeitung v. 21.04.2017 - Hotstegs Rechtsanwaltsgesellschaft | Rechtsanw\u00e4lt:innen und Fachanw\u00e4lt:innen f\u00fcr Verwaltungsrecht","description":"- Termine unter Tel. 0211 \/ 497657-16","robots":{"index":"index","follow":"follow","max-snippet":"max-snippet:-1","max-image-preview":"max-image-preview:large","max-video-preview":"max-video-preview:-1"},"canonical":"https:\/\/www.hotstegs-recht.de\/?p=5416","og_locale":"de_DE","og_type":"article","og_title":"3000 Unterschriften braucht es f\u00fcr den Bad-Erhalt, Neu\u00df-Grevenbroicher-Zeitung v. 21.04.2017 - Hotstegs Rechtsanwaltsgesellschaft | Rechtsanw\u00e4lt:innen und Fachanw\u00e4lt:innen f\u00fcr Verwaltungsrecht","og_description":"- Termine unter Tel. 0211 \/ 497657-16","og_url":"https:\/\/www.hotstegs-recht.de\/?p=5416","og_site_name":"Hotstegs Rechtsanwaltsgesellschaft | Rechtsanw\u00e4lt:innen und Fachanw\u00e4lt:innen f\u00fcr Verwaltungsrecht","article_publisher":"https:\/\/www.facebook.com\/hotstegs.recht","article_published_time":"2017-04-21T01:17:39+00:00","article_modified_time":"2017-04-25T12:38:46+00:00","og_image":[{"width":2500,"height":1200,"url":"https:\/\/www.hotstegs-recht.de\/wp-content\/uploads\/2016\/06\/slider20_2500_1200.jpg","type":"image\/jpeg"}],"author":"Mitarbeiter:in","twitter_card":"summary_large_image","twitter_creator":"@hotstegs_recht","twitter_site":"@hotstegs_recht","twitter_misc":{"Verfasst von":"Mitarbeiter:in","Gesch\u00e4tzte Lesezeit":"3\u00a0Minuten"},"schema":{"@context":"https:\/\/schema.org","@graph":[{"@type":"Article","@id":"https:\/\/www.hotstegs-recht.de\/?p=5416#article","isPartOf":{"@id":"https:\/\/www.hotstegs-recht.de\/?p=5416"},"author":{"name":"Mitarbeiter:in","@id":"https:\/\/www.hotstegs-recht.de\/#\/schema\/person\/18c7a8260c2d9ded2b8308feab0990a2"},"headline":"3000 Unterschriften braucht es f\u00fcr den Bad-Erhalt, Neu\u00df-Grevenbroicher-Zeitung v. 21.04.2017","datePublished":"2017-04-21T01:17:39+00:00","dateModified":"2017-04-25T12:38:46+00:00","mainEntityOfPage":{"@id":"https:\/\/www.hotstegs-recht.de\/?p=5416"},"wordCount":599,"commentCount":0,"publisher":{"@id":"https:\/\/www.hotstegs-recht.de\/#organization"},"image":{"@id":"https:\/\/www.hotstegs-recht.de\/?p=5416#primaryimage"},"thumbnailUrl":"https:\/\/www.hotstegs-recht.de\/wp-content\/uploads\/2016\/06\/slider20_2500_1200.jpg","articleSection":["Presse","B\u00fcrgerbeteiligung"],"inLanguage":"de","potentialAction":[{"@type":"CommentAction","name":"Comment","target":["https:\/\/www.hotstegs-recht.de\/?p=5416#respond"]}]},{"@type":"WebPage","@id":"https:\/\/www.hotstegs-recht.de\/?p=5416","url":"https:\/\/www.hotstegs-recht.de\/?p=5416","name":"3000 Unterschriften braucht es f\u00fcr den Bad-Erhalt, Neu\u00df-Grevenbroicher-Zeitung v. 21.04.2017 - Hotstegs Rechtsanwaltsgesellschaft | Rechtsanw\u00e4lt:innen und Fachanw\u00e4lt:innen f\u00fcr Verwaltungsrecht","isPartOf":{"@id":"https:\/\/www.hotstegs-recht.de\/#website"},"primaryImageOfPage":{"@id":"https:\/\/www.hotstegs-recht.de\/?p=5416#primaryimage"},"image":{"@id":"https:\/\/www.hotstegs-recht.de\/?p=5416#primaryimage"},"thumbnailUrl":"https:\/\/www.hotstegs-recht.de\/wp-content\/uploads\/2016\/06\/slider20_2500_1200.jpg","datePublished":"2017-04-21T01:17:39+00:00","dateModified":"2017-04-25T12:38:46+00:00","description":"- Termine unter Tel. 0211 \/ 497657-16","breadcrumb":{"@id":"https:\/\/www.hotstegs-recht.de\/?p=5416#breadcrumb"},"inLanguage":"de","potentialAction":[{"@type":"ReadAction","target":["https:\/\/www.hotstegs-recht.de\/?p=5416"]}]},{"@type":"ImageObject","inLanguage":"de","@id":"https:\/\/www.hotstegs-recht.de\/?p=5416#primaryimage","url":"https:\/\/www.hotstegs-recht.de\/wp-content\/uploads\/2016\/06\/slider20_2500_1200.jpg","contentUrl":"https:\/\/www.hotstegs-recht.de\/wp-content\/uploads\/2016\/06\/slider20_2500_1200.jpg","width":2500,"height":1200},{"@type":"BreadcrumbList","@id":"https:\/\/www.hotstegs-recht.de\/?p=5416#breadcrumb","itemListElement":[{"@type":"ListItem","position":1,"name":"Startseite","item":"https:\/\/www.hotstegs-recht.de\/"},{"@type":"ListItem","position":2,"name":"3000 Unterschriften braucht es f\u00fcr den Bad-Erhalt, Neu\u00df-Grevenbroicher-Zeitung v. 21.04.2017"}]},{"@type":"WebSite","@id":"https:\/\/www.hotstegs-recht.de\/#website","url":"https:\/\/www.hotstegs-recht.de\/","name":"Hotstegs Rechtsanwaltsgesellschaft | Rechtsanw\u00e4lt:innen und Fachanw\u00e4lt:innen f\u00fcr Verwaltungsrecht","description":"\u00f6ffentliches Dienstrecht und Disziplinarverfahren | Rechtsanwalt Robert Hotstegs | Rechtsanw\u00e4ltin Sarah Nu\u00dfbaum | Rechtsanw\u00e4ltin Katharina Voigt","publisher":{"@id":"https:\/\/www.hotstegs-recht.de\/#organization"},"potentialAction":[{"@type":"SearchAction","target":{"@type":"EntryPoint","urlTemplate":"https:\/\/www.hotstegs-recht.de\/?s={search_term_string}"},"query-input":{"@type":"PropertyValueSpecification","valueRequired":true,"valueName":"search_term_string"}}],"inLanguage":"de"},{"@type":"Organization","@id":"https:\/\/www.hotstegs-recht.de\/#organization","name":"Hotstegs Rechtsanwaltsgesellschaft","url":"https:\/\/www.hotstegs-recht.de\/","logo":{"@type":"ImageObject","inLanguage":"de","@id":"https:\/\/www.hotstegs-recht.de\/#\/schema\/logo\/image\/","url":"https:\/\/www.hotstegs-recht.de\/wp-content\/uploads\/2021\/09\/logo_2020.png","contentUrl":"https:\/\/www.hotstegs-recht.de\/wp-content\/uploads\/2021\/09\/logo_2020.png","width":180,"height":51,"caption":"Hotstegs Rechtsanwaltsgesellschaft"},"image":{"@id":"https:\/\/www.hotstegs-recht.de\/#\/schema\/logo\/image\/"},"sameAs":["https:\/\/www.facebook.com\/hotstegs.recht","https:\/\/x.com\/hotstegs_recht","https:\/\/www.instagram.com\/hotstegs.recht","https:\/\/de.linkedin.com\/company\/hotstegs-recht"]},{"@type":"Person","@id":"https:\/\/www.hotstegs-recht.de\/#\/schema\/person\/18c7a8260c2d9ded2b8308feab0990a2","name":"Mitarbeiter:in","image":{"@type":"ImageObject","inLanguage":"de","@id":"https:\/\/secure.gravatar.com\/avatar\/ff927e44276052255fa51b438cd49d6bee71e07c0621a998717cee201e5d2fff?s=96&d=blank&r=g","url":"https:\/\/secure.gravatar.com\/avatar\/ff927e44276052255fa51b438cd49d6bee71e07c0621a998717cee201e5d2fff?s=96&d=blank&r=g","contentUrl":"https:\/\/secure.gravatar.com\/avatar\/ff927e44276052255fa51b438cd49d6bee71e07c0621a998717cee201e5d2fff?s=96&d=blank&r=g","caption":"Mitarbeiter:in"},"url":"https:\/\/www.hotstegs-recht.de\/?author=4"}]}},"amp_enabled":true,"_links":{"self":[{"href":"https:\/\/www.hotstegs-recht.de\/index.php?rest_route=\/wp\/v2\/posts\/5416","targetHints":{"allow":["GET"]}}],"collection":[{"href":"https:\/\/www.hotstegs-recht.de\/index.php?rest_route=\/wp\/v2\/posts"}],"about":[{"href":"https:\/\/www.hotstegs-recht.de\/index.php?rest_route=\/wp\/v2\/types\/post"}],"author":[{"embeddable":true,"href":"https:\/\/www.hotstegs-recht.de\/index.php?rest_route=\/wp\/v2\/users\/4"}],"replies":[{"embeddable":true,"href":"https:\/\/www.hotstegs-recht.de\/index.php?rest_route=%2Fwp%2Fv2%2Fcomments&post=5416"}],"version-history":[{"count":3,"href":"https:\/\/www.hotstegs-recht.de\/index.php?rest_route=\/wp\/v2\/posts\/5416\/revisions"}],"predecessor-version":[{"id":5423,"href":"https:\/\/www.hotstegs-recht.de\/index.php?rest_route=\/wp\/v2\/posts\/5416\/revisions\/5423"}],"wp:featuredmedia":[{"embeddable":true,"href":"https:\/\/www.hotstegs-recht.de\/index.php?rest_route=\/wp\/v2\/media\/4685"}],"wp:attachment":[{"href":"https:\/\/www.hotstegs-recht.de\/index.php?rest_route=%2Fwp%2Fv2%2Fmedia&parent=5416"}],"wp:term":[{"taxonomy":"category","embeddable":true,"href":"https:\/\/www.hotstegs-recht.de\/index.php?rest_route=%2Fwp%2Fv2%2Fcategories&post=5416"},{"taxonomy":"post_tag","embeddable":true,"href":"https:\/\/www.hotstegs-recht.de\/index.php?rest_route=%2Fwp%2Fv2%2Ftags&post=5416"}],"curies":[{"name":"wp","href":"https:\/\/api.w.org\/{rel}","templated":true}]}}