{"id":5412,"date":"2017-04-20T18:37:01","date_gmt":"2017-04-20T16:37:01","guid":{"rendered":"http:\/\/www.hotstegs-recht.de\/?p=5412"},"modified":"2017-04-20T18:54:04","modified_gmt":"2017-04-20T16:54:04","slug":"sonderschulkonrektor-a14z-sticht-sonderschulrektor-a14-verwaltungsgericht-koeln-beschluss-v-19-04-2017-az-3-l-29617","status":"publish","type":"post","link":"https:\/\/www.hotstegs-recht.de\/?p=5412","title":{"rendered":"Sonderschulkonrektor (A14z) sticht Sonderschulrektor (A14), Verwaltungsgericht K\u00f6ln, Beschluss v. 19.04.2017, Az. 3 L 296\/17"},"content":{"rendered":"<p><strong>Das Verwaltungsgericht K\u00f6ln stellt noch einmal klar: Die Wertigkeit des Statusamts l\u00e4sst sich nicht aus der Amtsbezeichnung herauslesen<\/strong><\/p>\n<p>Eigentlich hatte das Bundesverwaltungsgericht jeglicher Verwirrung in der dem hier betroffenen Verfahren zu Grunde liegenden Rechtsfrage bereits im Jahr 2007 ein Ende gemacht, indem es unmissverst\u00e4ndlich feststellte:<\/p>\n<blockquote><p>&#8222;Bei \u00c4mtern gleicher Besoldungsgruppe mit und ohne Amtszulage handelt es sich um zwei statusrechtlich verschiedene \u00c4mter.&#8220;<\/p><\/blockquote>\n<p>vgl. Bundesverwaltungsgericht, Beschluss vom 16.04.2007, Az. <a href=\"https:\/\/dejure.org\/dienste\/vernetzung\/rechtsprechung?Text=2%20B%2025\/07\" title=\"2 B 25\/07 (2 zugeordnete Entscheidungen)\">2 B 25\/07<\/a>.<\/p>\n<p>Diese Erkenntnis scheint jedoch noch nicht an alle Beh\u00f6rden durchgesickert zu sein. Vorliegend hatte die Antragsgegnerin die Entscheidung \u00fcber die Besetzung der Stelle einer\/s Sonderschulrektor\/in zu Gunsten der Beigeladenen getroffen. Diese hatte in der dienstlichen Beurteilung das gleiche Ergebnis wie der Antragsteller erlangt und au\u00dferdem nach Auffassung der Beh\u00f6rde als Sonderschulrektorin mit Besoldungsgruppe A14 ein h\u00f6heres Statusamt inne als der Antragsteller als Sonderschulkonrektor mit Besoldungsgruppe A14 mit Amtszulage. Diese fehlerhafte Erkenntnis leitete die Antragsgegnerin aus den Amtsbezeichnungen &#8222;Sonderschulrektorin&#8220; bzw. &#8222;Sonderschulkonrektor&#8220; ab.<!--more--><\/p>\n<p>Das Verwaltungsgericht K\u00f6ln hat in seinem Beschluss vom 19.04.2017 die bereits vorhandene Rechtsprechung zu dem Thema noch einmal genau erl\u00e4utert und sich ihr angeschlossen:<\/p>\n<blockquote><p>&#8222;Da eine Amtszulage &#8211; wie sie der Antragsteller gem. Fu\u00dfnote 3 zur Besoldungsgruppe A 14 LBesO erh\u00e4lt &#8211; gem. \u00a7 19 Abs. 1 Satz 2 LBG NRW als Bestandteil des Grundgehalts gilt, f\u00fchrt die Amtszulage zu einem h\u00f6heren Statusamt. Damit handelt es sich bei \u00c4mtern gleicher Besoldungsgruppe mit und ohne Amtszulage um zwei statusrechtlich verschiedene \u00c4mter. [&#8230;]<\/p>\n<p><strong>Die aus Sicht der Bezirksregierung &#8218;h\u00f6here Funktion&#8216; der Beigeladenen und entsprechende Amtsbezeichnung als Sonderschulrektorin \u00e4ndert daran nichts. Dass ein Amt gleicher Besoldungsgruppe mit Amtszulage ein h\u00f6heres statusrechtliches Amt darstellt, setzt auch nicht voraus, dass die jeweiligen Amtsbezeichnungen gleich sind. Das beklagte Land als Dienstherr hat durch die besoldungsrechtliche Bewertung der verschiedenen \u00c4mter ihre besoldungsrechtliche Wertigkeit zum Ausdruck gebracht. Die Amtsbezeichnung ist demgegen\u00fcber nachrangig.<\/strong><\/p>\n<p>Dies wird auch dadurch deutlich, dass [&#8230;] gem. \u00a7 19 Abs. 1 Satz 1 Nr. 1 uns 2 LBG NRW pr\u00e4gendes Merkmal einer Bef\u00f6rderung die Verleihung eines anderen Amts mit h\u00f6herem Endgrundgehalt ist. Ob sich dadurch die Amtsbezeichnung \u00e4ndert, ist hingegen f\u00fcr das Vorliegen einer Bef\u00f6rderung irrelevant. W\u00fcrde die Beigeladene in das aktuelle Amt des Antragstellers ernannt, so stellte dies f\u00fcr sie eine Bef\u00f6rderung dar. Umgekehrt gilt dies nicht.&#8220;<\/p><\/blockquote>\n<p>So hat dieser Fall letztendlich zwar keine neuen rechtlichen Erkenntnisse zu Tage bef\u00f6rdert. Gleicherma\u00dfen wichtig d\u00fcrfte jedoch die Einsicht sein, dass auch abschlie\u00dfend gekl\u00e4rte Rechtsfragen immer wieder der Erl\u00e4uterung durch die Gerichte bed\u00fcrfen. Sollte Sie also das Gef\u00fchl beschleichen, Ihr Dienstherr k\u00f6nnte einem Irrtum unterliegen, kann es sich durchaus lohnen, dies rechtlich \u00fcberpr\u00fcfen zu lassen &#8211; und dies v\u00f6llig unabh\u00e4ngig davon, mit welcher Inbrunst und \u00dcberzeugung Ihnen die irrige Rechtsansicht vorgetragen wird.<\/p>\n","protected":false},"excerpt":{"rendered":"<p>Das Verwaltungsgericht K\u00f6ln stellt noch einmal klar: Die Wertigkeit des Statusamts l\u00e4sst sich nicht aus der Amtsbezeichnung herauslesen Eigentlich hatte das Bundesverwaltungsgericht jeglicher Verwirrung in der dem hier betroffenen Verfahren zu Grunde liegenden Rechtsfrage bereits im Jahr 2007 ein Ende gemacht, indem es unmissverst\u00e4ndlich feststellte: &#8222;Bei \u00c4mtern gleicher Besoldungsgruppe mit und ohne Amtszulage handelt es &hellip; <\/p>\n<p class=\"link-more\"><a href=\"https:\/\/www.hotstegs-recht.de\/?p=5412\" class=\"more-link\"><span class=\"screen-reader-text\">\u201eSonderschulkonrektor (A14z) sticht Sonderschulrektor (A14), Verwaltungsgericht K\u00f6ln, Beschluss v. 19.04.2017, Az. 3 L 296\/17\u201c <\/span>weiterlesen<\/a><\/p>\n","protected":false},"author":2,"featured_media":0,"comment_status":"open","ping_status":"open","sticky":false,"template":"","format":"standard","meta":{"footnotes":""},"categories":[39,44,4,14],"tags":[33],"class_list":["post-5412","post","type-post","status-publish","format-standard","hentry","category-ev-kirchenrecht","category-dienstordnungsangestellte-do","category-aktuelles","category-beamtenrecht","tag-dienstliche-beurteilung"],"yoast_head":"<!-- This site is optimized with the Yoast SEO plugin v27.4 - https:\/\/yoast.com\/product\/yoast-seo-wordpress\/ -->\n<title>Sonderschulkonrektor (A14z) sticht Sonderschulrektor (A14), Verwaltungsgericht K\u00f6ln, Beschluss v. 19.04.2017, Az. 3 L 296\/17 - Hotstegs Rechtsanwaltsgesellschaft | Rechtsanw\u00e4lt:innen und Fachanw\u00e4lt:innen f\u00fcr Verwaltungsrecht<\/title>\n<meta name=\"description\" content=\"- Termine unter Tel. 0211 \/ 497657-16\" \/>\n<meta name=\"robots\" content=\"index, follow, max-snippet:-1, max-image-preview:large, max-video-preview:-1\" \/>\n<link rel=\"canonical\" href=\"https:\/\/www.hotstegs-recht.de\/?p=5412\" \/>\n<meta property=\"og:locale\" content=\"de_DE\" \/>\n<meta property=\"og:type\" content=\"article\" \/>\n<meta property=\"og:title\" content=\"Sonderschulkonrektor (A14z) sticht Sonderschulrektor (A14), Verwaltungsgericht K\u00f6ln, Beschluss v. 19.04.2017, Az. 3 L 296\/17 - Hotstegs Rechtsanwaltsgesellschaft | Rechtsanw\u00e4lt:innen und Fachanw\u00e4lt:innen f\u00fcr Verwaltungsrecht\" \/>\n<meta property=\"og:description\" content=\"- Termine unter Tel. 0211 \/ 497657-16\" \/>\n<meta property=\"og:url\" content=\"https:\/\/www.hotstegs-recht.de\/?p=5412\" \/>\n<meta property=\"og:site_name\" content=\"Hotstegs Rechtsanwaltsgesellschaft | Rechtsanw\u00e4lt:innen und Fachanw\u00e4lt:innen f\u00fcr Verwaltungsrecht\" \/>\n<meta property=\"article:publisher\" content=\"https:\/\/www.facebook.com\/hotstegs.recht\" \/>\n<meta property=\"article:published_time\" content=\"2017-04-20T16:37:01+00:00\" \/>\n<meta property=\"article:modified_time\" content=\"2017-04-20T16:54:04+00:00\" \/>\n<meta name=\"author\" content=\"Katharina Voigt\" \/>\n<meta name=\"twitter:card\" content=\"summary_large_image\" \/>\n<meta name=\"twitter:creator\" content=\"@hotstegs_recht\" \/>\n<meta name=\"twitter:site\" content=\"@hotstegs_recht\" \/>\n<meta name=\"twitter:label1\" content=\"Verfasst von\" \/>\n\t<meta name=\"twitter:data1\" content=\"Katharina Voigt\" \/>\n\t<meta name=\"twitter:label2\" content=\"Gesch\u00e4tzte Lesezeit\" \/>\n\t<meta name=\"twitter:data2\" content=\"2\u00a0Minuten\" \/>\n<!-- \/ Yoast SEO plugin. -->","yoast_head_json":{"title":"Sonderschulkonrektor (A14z) sticht Sonderschulrektor (A14), Verwaltungsgericht K\u00f6ln, Beschluss v. 19.04.2017, Az. 3 L 296\/17 - Hotstegs Rechtsanwaltsgesellschaft | Rechtsanw\u00e4lt:innen und Fachanw\u00e4lt:innen f\u00fcr Verwaltungsrecht","description":"- Termine unter Tel. 0211 \/ 497657-16","robots":{"index":"index","follow":"follow","max-snippet":"max-snippet:-1","max-image-preview":"max-image-preview:large","max-video-preview":"max-video-preview:-1"},"canonical":"https:\/\/www.hotstegs-recht.de\/?p=5412","og_locale":"de_DE","og_type":"article","og_title":"Sonderschulkonrektor (A14z) sticht Sonderschulrektor (A14), Verwaltungsgericht K\u00f6ln, Beschluss v. 19.04.2017, Az. 3 L 296\/17 - Hotstegs Rechtsanwaltsgesellschaft | Rechtsanw\u00e4lt:innen und Fachanw\u00e4lt:innen f\u00fcr Verwaltungsrecht","og_description":"- Termine unter Tel. 0211 \/ 497657-16","og_url":"https:\/\/www.hotstegs-recht.de\/?p=5412","og_site_name":"Hotstegs Rechtsanwaltsgesellschaft | Rechtsanw\u00e4lt:innen und Fachanw\u00e4lt:innen f\u00fcr Verwaltungsrecht","article_publisher":"https:\/\/www.facebook.com\/hotstegs.recht","article_published_time":"2017-04-20T16:37:01+00:00","article_modified_time":"2017-04-20T16:54:04+00:00","author":"Katharina Voigt","twitter_card":"summary_large_image","twitter_creator":"@hotstegs_recht","twitter_site":"@hotstegs_recht","twitter_misc":{"Verfasst von":"Katharina Voigt","Gesch\u00e4tzte Lesezeit":"2\u00a0Minuten"},"schema":{"@context":"https:\/\/schema.org","@graph":[{"@type":"Article","@id":"https:\/\/www.hotstegs-recht.de\/?p=5412#article","isPartOf":{"@id":"https:\/\/www.hotstegs-recht.de\/?p=5412"},"author":{"name":"Katharina Voigt","@id":"https:\/\/www.hotstegs-recht.de\/#\/schema\/person\/8f5b1e61ee83a4e2535bb74e089e488e"},"headline":"Sonderschulkonrektor (A14z) sticht Sonderschulrektor (A14), Verwaltungsgericht K\u00f6ln, Beschluss v. 19.04.2017, Az. 3 L 296\/17","datePublished":"2017-04-20T16:37:01+00:00","dateModified":"2017-04-20T16:54:04+00:00","mainEntityOfPage":{"@id":"https:\/\/www.hotstegs-recht.de\/?p=5412"},"wordCount":468,"commentCount":0,"publisher":{"@id":"https:\/\/www.hotstegs-recht.de\/#organization"},"keywords":["dienstliche Beurteilung"],"articleSection":["ev. Kirchenrecht","Dienstordnungsangestellte (DO)","Aktuelles","Beamtenrecht"],"inLanguage":"de","potentialAction":[{"@type":"CommentAction","name":"Comment","target":["https:\/\/www.hotstegs-recht.de\/?p=5412#respond"]}]},{"@type":"WebPage","@id":"https:\/\/www.hotstegs-recht.de\/?p=5412","url":"https:\/\/www.hotstegs-recht.de\/?p=5412","name":"Sonderschulkonrektor (A14z) sticht Sonderschulrektor (A14), Verwaltungsgericht K\u00f6ln, Beschluss v. 19.04.2017, Az. 3 L 296\/17 - Hotstegs Rechtsanwaltsgesellschaft | Rechtsanw\u00e4lt:innen und Fachanw\u00e4lt:innen f\u00fcr Verwaltungsrecht","isPartOf":{"@id":"https:\/\/www.hotstegs-recht.de\/#website"},"datePublished":"2017-04-20T16:37:01+00:00","dateModified":"2017-04-20T16:54:04+00:00","description":"- Termine unter Tel. 0211 \/ 497657-16","breadcrumb":{"@id":"https:\/\/www.hotstegs-recht.de\/?p=5412#breadcrumb"},"inLanguage":"de","potentialAction":[{"@type":"ReadAction","target":["https:\/\/www.hotstegs-recht.de\/?p=5412"]}]},{"@type":"BreadcrumbList","@id":"https:\/\/www.hotstegs-recht.de\/?p=5412#breadcrumb","itemListElement":[{"@type":"ListItem","position":1,"name":"Startseite","item":"https:\/\/www.hotstegs-recht.de\/"},{"@type":"ListItem","position":2,"name":"Sonderschulkonrektor (A14z) sticht Sonderschulrektor (A14), Verwaltungsgericht K\u00f6ln, Beschluss v. 19.04.2017, Az. 3 L 296\/17"}]},{"@type":"WebSite","@id":"https:\/\/www.hotstegs-recht.de\/#website","url":"https:\/\/www.hotstegs-recht.de\/","name":"Hotstegs Rechtsanwaltsgesellschaft | Rechtsanw\u00e4lt:innen und Fachanw\u00e4lt:innen f\u00fcr Verwaltungsrecht","description":"\u00f6ffentliches Dienstrecht und Disziplinarverfahren | Rechtsanwalt Robert Hotstegs | Rechtsanw\u00e4ltin Sarah Nu\u00dfbaum | Rechtsanw\u00e4ltin Katharina Voigt","publisher":{"@id":"https:\/\/www.hotstegs-recht.de\/#organization"},"potentialAction":[{"@type":"SearchAction","target":{"@type":"EntryPoint","urlTemplate":"https:\/\/www.hotstegs-recht.de\/?s={search_term_string}"},"query-input":{"@type":"PropertyValueSpecification","valueRequired":true,"valueName":"search_term_string"}}],"inLanguage":"de"},{"@type":"Organization","@id":"https:\/\/www.hotstegs-recht.de\/#organization","name":"Hotstegs Rechtsanwaltsgesellschaft","url":"https:\/\/www.hotstegs-recht.de\/","logo":{"@type":"ImageObject","inLanguage":"de","@id":"https:\/\/www.hotstegs-recht.de\/#\/schema\/logo\/image\/","url":"https:\/\/www.hotstegs-recht.de\/wp-content\/uploads\/2021\/09\/logo_2020.png","contentUrl":"https:\/\/www.hotstegs-recht.de\/wp-content\/uploads\/2021\/09\/logo_2020.png","width":180,"height":51,"caption":"Hotstegs Rechtsanwaltsgesellschaft"},"image":{"@id":"https:\/\/www.hotstegs-recht.de\/#\/schema\/logo\/image\/"},"sameAs":["https:\/\/www.facebook.com\/hotstegs.recht","https:\/\/x.com\/hotstegs_recht","https:\/\/www.instagram.com\/hotstegs.recht","https:\/\/de.linkedin.com\/company\/hotstegs-recht"]},{"@type":"Person","@id":"https:\/\/www.hotstegs-recht.de\/#\/schema\/person\/8f5b1e61ee83a4e2535bb74e089e488e","name":"Katharina Voigt","image":{"@type":"ImageObject","inLanguage":"de","@id":"https:\/\/secure.gravatar.com\/avatar\/2c3d530c2e82a5c8b30c412e9a4ac98498fcc45bf870f25684cfc5128faa3d2f?s=96&d=blank&r=g","url":"https:\/\/secure.gravatar.com\/avatar\/2c3d530c2e82a5c8b30c412e9a4ac98498fcc45bf870f25684cfc5128faa3d2f?s=96&d=blank&r=g","contentUrl":"https:\/\/secure.gravatar.com\/avatar\/2c3d530c2e82a5c8b30c412e9a4ac98498fcc45bf870f25684cfc5128faa3d2f?s=96&d=blank&r=g","caption":"Katharina Voigt"},"description":"Rechtsanw\u00e4ltin, Fachanw\u00e4ltin f\u00fcr Verwaltungsrecht","url":"https:\/\/www.hotstegs-recht.de\/?author=2"}]}},"amp_enabled":true,"_links":{"self":[{"href":"https:\/\/www.hotstegs-recht.de\/index.php?rest_route=\/wp\/v2\/posts\/5412","targetHints":{"allow":["GET"]}}],"collection":[{"href":"https:\/\/www.hotstegs-recht.de\/index.php?rest_route=\/wp\/v2\/posts"}],"about":[{"href":"https:\/\/www.hotstegs-recht.de\/index.php?rest_route=\/wp\/v2\/types\/post"}],"author":[{"embeddable":true,"href":"https:\/\/www.hotstegs-recht.de\/index.php?rest_route=\/wp\/v2\/users\/2"}],"replies":[{"embeddable":true,"href":"https:\/\/www.hotstegs-recht.de\/index.php?rest_route=%2Fwp%2Fv2%2Fcomments&post=5412"}],"version-history":[{"count":3,"href":"https:\/\/www.hotstegs-recht.de\/index.php?rest_route=\/wp\/v2\/posts\/5412\/revisions"}],"predecessor-version":[{"id":5415,"href":"https:\/\/www.hotstegs-recht.de\/index.php?rest_route=\/wp\/v2\/posts\/5412\/revisions\/5415"}],"wp:attachment":[{"href":"https:\/\/www.hotstegs-recht.de\/index.php?rest_route=%2Fwp%2Fv2%2Fmedia&parent=5412"}],"wp:term":[{"taxonomy":"category","embeddable":true,"href":"https:\/\/www.hotstegs-recht.de\/index.php?rest_route=%2Fwp%2Fv2%2Fcategories&post=5412"},{"taxonomy":"post_tag","embeddable":true,"href":"https:\/\/www.hotstegs-recht.de\/index.php?rest_route=%2Fwp%2Fv2%2Ftags&post=5412"}],"curies":[{"name":"wp","href":"https:\/\/api.w.org\/{rel}","templated":true}]}}