{"id":5296,"date":"2017-02-21T14:59:02","date_gmt":"2017-02-21T13:59:02","guid":{"rendered":"http:\/\/www.hotstegs-recht.de\/?p=5296"},"modified":"2017-04-04T18:22:56","modified_gmt":"2017-04-04T16:22:56","slug":"kirchenrechtlicher-wartestand-bedroht-den-arbeitsplatz-nicht-sozialgericht-chemnitz-gerichtsbescheid-v-27-01-2017-s-28-al-75715","status":"publish","type":"post","link":"https:\/\/www.hotstegs-recht.de\/?p=5296","title":{"rendered":"kirchenrechtlicher Wartestand bedroht den Arbeitsplatz nicht, Sozialgericht Chemnitz, Gerichtsbescheid v. 27.01.2017, S 28 AL 757\/15"},"content":{"rendered":"<p>Erkrankt ein Besch\u00e4ftigter dauerhaft und wird ein Grad der Behinderung von 50 oder mehr festgestellt, gilt er als schwerbehindert im sozialrechtlichen Sinne. Dies gilt f\u00fcr alle Besch\u00e4ftigungsverh\u00e4ltnisse, also f\u00fcr Angestellte wie auch f\u00fcr Beamte und Richter, auch f\u00fcr Kirchenbeamte oder Pfarrer. Wird ein Grad der Behinderung von 30 oder 40 festgestellt, kommt eine sogenannte &#8222;Gleichstellung mit einem schwerbehinderten Menschen&#8220; in betracht. Hier\u00fcber entscheidet die zust\u00e4ndige Agentur f\u00fcr Arbeit.<\/p>\n<p>Im vorliegenden Verfahren ist nun ein Grad der Behinderung von 30 festgestellt worden und eine Pfarrerin mit der Versetzung in den Wartestand &#8222;bedroht&#8220;. Nachdem die Agentur f\u00fcr Arbeit den Antrag abgelehnt und auch dem Widerspruch nicht abgeholfen hat, versuchen wir die Gleichstellung gerichtlich zu erstreiten.<!--more--><\/p>\n<p>Das Verfahren weist gleich eine Vielzahl von interessanten Rechtsfragen auf. So war es f\u00fcr das Gericht entscheidend, wann ein Verlust des Arbeitsplatzes droht. Mit der Versetzung in den Wartestand &#8211; so meinen wir und beziehen uns auf den Wortlaut des landeskirchlichen Rechts &#8211; oder erst mit einer Versetzung in den Ruhestand &#8211; meint das Sozialgericht und lehnt unsere Klage ab.<\/p>\n<p>Und darf dar\u00fcber hinaus der Staat Geistliche von \u00f6ffentlich-rechtlichen K\u00f6rperschaften anders behandeln als Geistliche privater Organisationsformen? Was ist der sachliche Grund daf\u00fcr, dass Pfarrer mit einem GdB &gt;50 unter staatlichen Schutz fallen, die anderen nicht? Handelt es sich etwa um eine gesetzliche Diskriminierung wegen der Religion?<\/p>\n<p>Gegen den im folgenden wiedergegebenen Gerichtsbescheid ist die Berufung zum S\u00e4chsischen Landessozialgericht anh\u00e4ngig. (Az. L <a href=\"https:\/\/dejure.org\/dienste\/vernetzung\/rechtsprechung?Text=9%20AL%2026\/17\" title=\"SG Hannover, 26.07.2018 - S 9 AL 26\/17\">9 AL 26\/17<\/a>)<\/p>\n<blockquote><p><strong>1. Die Klage wird abgewiesen.<\/strong><br \/>\n<strong> 2. Au\u00dfergerichtliche Kosten werden nicht erstattet.<\/strong><br \/>\n<strong> 3. Die Sprungrevision wird nicht zugelassen.<\/strong><\/p>\n<p><strong>Tatbestand:<\/strong><\/p>\n<p>Die Beteiligten streiten \u00fcber die Gleichstellung der Kl\u00e4gerin mit schwerbehinderten Menschen.<\/p>\n<p>Die am &#8230;1960 geborene Kl\u00e4gerin steht als Pfarrerin auf Lebenszeit im Dienst der evangelisch-lutherischen Landeskirche Sachsens. [&#8230;]<\/p>\n<p>Mit Bescheid der Stadt &#8230; wurde bei ihr ein Grad der Behinderung (GdB) von 30 festgestellt.<\/p>\n<p>Am 1.6.2015 beantragte sie bei der Beklagten die Gleichstellung mit einem schwerbehinderten Menschen.<\/p>\n<p>Diesen Antrag wies die Beklagte mit Bescheid vom 13.8.2015 zur\u00fcck.<\/p>\n<p>Den hiergegen eingelegten Widerspruch wies die Beklagte mit Widerspruchsbescheid vom 26.11.2015 als unbegr\u00fcndet zur\u00fcck.<\/p>\n<p>Die Kl\u00e4gerin ist der Ansicht, sie sei als Pfarrerin nicht von der Gleichstellung ausgeschlossen, weil sie nicht Inhaberin einer Pfarrstelle sondern Pfarrerin im Wartestand sei. Dar\u00fcber hinaus sei die Versetzung in den Wartestand eine Vorwegnahme der Versetzung in den Ruhestand. Somit drohe konkret der Verlust des Arbeitsplatzes.<\/p>\n<p>Die Kl\u00e4gerin beantragt,<\/p>\n<p style=\"padding-left: 30px;\">die Beklagte unter Aufhebung ihres Bescheids vom 13.8.20 15 in Gestalt des Widerspruchsbescheids vom 26.11.2015 zu verurteilen, die Kl\u00e4gerin gem\u00e4\u00df <a href=\"https:\/\/dejure.org\/gesetze\/SGB_IX\/2.html\" title=\"&sect; 2 SGB IX: Begriffsbestimmungen\">\u00a7 2 Abs.3 SGB IX<\/a> einem schwerbehinderten Menschen gleichzustellen sowie die Sprungrevision zuzulassen.<\/p>\n<p>Die Beklagte beantragt,<\/p>\n<p style=\"padding-left: 30px;\">die Klage abzuweisen.<\/p>\n<p>Sie verweist auf die Gr\u00fcnde des angefochtenen Widerspruchsbescheids sowie den Inhalt der Verwaltungsakte. Der Zulassung der Sprungrevision tritt sie entgegen, weil deren Voraussetzungen nicht vorliegen.<\/p>\n<p>Die Beteiligten wurden zur Entscheidung durch Gerichtsbescheid angeh\u00f6rt.<\/p>\n<p>Dar\u00fcber hinaus hat das Gericht die Verwaltungsakte der Beklagten beigezogen. Diese sowie die in der Klageakte enthaltenen Schrifts\u00e4tze waren Gegenstand des Verfahrens. Hierauf und auf den weiteren Akteninhalt wird zur Erg\u00e4nzung des Tatbestands Bezug genommen.<\/p>\n<p><strong>Entscheidungsgr\u00fcnde:<\/strong><\/p>\n<p>Das Gericht konnte durch Gerichtsbescheid entscheiden, da die Beteiligten zuvor geh\u00f6rt wurden, der Sachverhalt gekl\u00e4rt ist und die Sache keine besonderen Schwierigkeiten rechtlicher oder tats\u00e4chlicher Art aufweist, <a href=\"https:\/\/dejure.org\/gesetze\/SGG\/105.html\" title=\"&sect; 105 SGG\">\u00a7 105<\/a> Sozialgerichtsgesetz (SGG).<\/p>\n<p>Die Klage ist zul\u00e4ssig aber unbegr\u00fcndet.<\/p>\n<p>Der angefochtene Bescheid in Gestalt des Widerspruchsbescheids vom 26.11.2015 verletzt die Kl\u00e4gerin nicht in ihren Rechten, <a href=\"https:\/\/dejure.org\/gesetze\/SGG\/54.html\" title=\"&sect; 54 SGG\">\u00a7 54 Abs.2 SGG<\/a>.<\/p>\n<p>Die Kl\u00e4gerin hat keinen Anspruch auf Gleichstellung mit behinderten Menschen nach <a href=\"https:\/\/dejure.org\/gesetze\/SGB_IX\/2.html\" title=\"&sect; 2 SGB IX: Begriffsbestimmungen\">\u00a7 2 Abs.3 SGB IX<\/a>.<\/p>\n<p>Auf die Ausf\u00fchrungen im angefochtenen Widerspruchsbescheid, denen das Gericht sich anschlie\u00dft, wird zun\u00e4chst gem\u00e4\u00df <a href=\"https:\/\/dejure.org\/gesetze\/SGG\/136.html\" title=\"&sect; 136 SGG\">\u00a7 136 Abs. 3 SGG<\/a> Bezug genommen.<\/p>\n<p>Eine Gleichstellung d\u00fcrfte bereits deshalb ausgeschlossen sein, weil die Kl\u00e4gerin als Pfarrerin auch im Wartestand keinen Arbeitsplatz im Sinne von <a href=\"https:\/\/dejure.org\/gesetze\/SGB_IX\/73.html\" title=\"&sect; 73 SGB IX: Reisekosten\">\u00a7 73 SGB IX<\/a> innehat, sondern gem\u00e4\u00df Abs.2 Ziff. 2 dieser Vorschrift als Geistliche einer \u00f6ffentlich-rechtlichen Religionsgemeinschaft besch\u00e4ftigt ist.<\/p>\n<p>Dies kann hier letztlich jedoch dahinstehen, weil zumindest kein konkreter Verlust des Arbeitsplatzes droht.<\/p>\n<p>Zwar sieht \u00a7 92 Abs.2 Satz 1 PfDG vor, dass Pfarrerinnen im Wartestand in den Ruhestand versetzt werden, wenn ihnen bis zum Ablauf von drei Jahren nach Beginn des Wartestands nicht erneut eine Pfarrstelle \u00fcbertragen worden ist.<\/p>\n<p>Wie die Kl\u00e4gerin selbst vortr\u00e4gt kann eine Versetzung in den Ruhestand fr\u00fchestens zum &#8230;2019 erfolgen, falls ihr bis dahin keine Pfarrstelle \u00fcbertragen wird. Hierf\u00fcr gibt es jedoch nicht den geringsten Anhaltspunkt noch ist vorgetragen, dass oder warum ihr gerade keine Pfarrstelle mehr \u00fcbertragen werden soll.<\/p>\n<p>Letztlich w\u00fcrde es selbst dann, wenn die Evangelische Landeskirche die Kl\u00e4gerin nach Ablauf von drei Jahren in den Ruhestand versetzen w\u00fcrde, an der zwingenden Kausalit\u00e4t zwischen Behinderung und Verlust des Arbeitsplatzes fehlen. Auch hierf\u00fcr sind weder Anhaltspunkte gegeben noch erfolgte entsprechender Vortrag. Kausal f\u00fcr die Versetzung in den Ruhestand w\u00e4re dann vielmehr die zwingend vorgeschriebene Rechtsfolge des \u00a7 92 PfDG.<\/p>\n<p>Da es f\u00fcr die Entscheidung hier nicht auf die vom Kl\u00e4gervertreter aufgeworfenen Rechtsfragen ankommt, sondern die Entscheidung des Gerichts einzig auf tats\u00e4chlichen Erw\u00e4gungen beruht, sind die Voraussetzungen f\u00fcr die Zulassung der Sprungrevision nach <a href=\"https:\/\/dejure.org\/gesetze\/SGG\/160.html\" title=\"&sect; 160 SGG\">\u00a7 160 Abs. 2 Nr. 1 SGG<\/a> nicht gegeben.<\/p>\n<p>Die Kostenentscheidung beruht auf <a href=\"https:\/\/dejure.org\/gesetze\/SGG\/193.html\" title=\"&sect; 193 SGG\">\u00a7 193 SGG<\/a>.<\/p><\/blockquote>\n","protected":false},"excerpt":{"rendered":"<p>Erkrankt ein Besch\u00e4ftigter dauerhaft und wird ein Grad der Behinderung von 50 oder mehr festgestellt, gilt er als schwerbehindert im sozialrechtlichen Sinne. Dies gilt f\u00fcr alle Besch\u00e4ftigungsverh\u00e4ltnisse, also f\u00fcr Angestellte wie auch f\u00fcr Beamte und Richter, auch f\u00fcr Kirchenbeamte oder Pfarrer. Wird ein Grad der Behinderung von 30 oder 40 festgestellt, kommt eine sogenannte &#8222;Gleichstellung &hellip; <\/p>\n<p class=\"link-more\"><a href=\"https:\/\/www.hotstegs-recht.de\/?p=5296\" class=\"more-link\"><span class=\"screen-reader-text\">\u201ekirchenrechtlicher Wartestand bedroht den Arbeitsplatz nicht, Sozialgericht Chemnitz, Gerichtsbescheid v. 27.01.2017, S 28 AL 757\/15\u201c <\/span>weiterlesen<\/a><\/p>\n","protected":false},"author":1,"featured_media":0,"comment_status":"open","ping_status":"open","sticky":false,"template":"","format":"standard","meta":{"footnotes":""},"categories":[4,39],"tags":[56],"class_list":["post-5296","post","type-post","status-publish","format-standard","hentry","category-aktuelles","category-ev-kirchenrecht","tag-versetzung-in-den-ruhestand"],"yoast_head":"<!-- This site is optimized with the Yoast SEO plugin v27.5 - https:\/\/yoast.com\/product\/yoast-seo-wordpress\/ -->\n<title>kirchenrechtlicher Wartestand bedroht den Arbeitsplatz nicht, Sozialgericht Chemnitz, Gerichtsbescheid v. 27.01.2017, S 28 AL 757\/15 - Hotstegs Rechtsanwaltsgesellschaft | Rechtsanw\u00e4lt:innen und Fachanw\u00e4lt:innen f\u00fcr Verwaltungsrecht<\/title>\n<meta name=\"description\" content=\"- Termine unter Tel. 0211 \/ 497657-16\" \/>\n<meta name=\"robots\" content=\"index, follow, max-snippet:-1, max-image-preview:large, max-video-preview:-1\" \/>\n<link rel=\"canonical\" href=\"https:\/\/www.hotstegs-recht.de\/?p=5296\" \/>\n<meta property=\"og:locale\" content=\"de_DE\" \/>\n<meta property=\"og:type\" content=\"article\" \/>\n<meta property=\"og:title\" content=\"kirchenrechtlicher Wartestand bedroht den Arbeitsplatz nicht, Sozialgericht Chemnitz, Gerichtsbescheid v. 27.01.2017, S 28 AL 757\/15 - Hotstegs Rechtsanwaltsgesellschaft | Rechtsanw\u00e4lt:innen und Fachanw\u00e4lt:innen f\u00fcr Verwaltungsrecht\" \/>\n<meta property=\"og:description\" content=\"- Termine unter Tel. 0211 \/ 497657-16\" \/>\n<meta property=\"og:url\" content=\"https:\/\/www.hotstegs-recht.de\/?p=5296\" \/>\n<meta property=\"og:site_name\" content=\"Hotstegs Rechtsanwaltsgesellschaft | Rechtsanw\u00e4lt:innen und Fachanw\u00e4lt:innen f\u00fcr Verwaltungsrecht\" \/>\n<meta property=\"article:publisher\" content=\"https:\/\/www.facebook.com\/hotstegs.recht\" \/>\n<meta property=\"article:published_time\" content=\"2017-02-21T13:59:02+00:00\" \/>\n<meta property=\"article:modified_time\" content=\"2017-04-04T16:22:56+00:00\" \/>\n<meta name=\"author\" content=\"Robert Hotstegs\" \/>\n<meta name=\"twitter:card\" content=\"summary_large_image\" \/>\n<meta name=\"twitter:creator\" content=\"@hotstegs_recht\" \/>\n<meta name=\"twitter:site\" content=\"@hotstegs_recht\" \/>\n<meta name=\"twitter:label1\" content=\"Verfasst von\" \/>\n\t<meta name=\"twitter:data1\" content=\"Robert Hotstegs\" \/>\n\t<meta name=\"twitter:label2\" content=\"Gesch\u00e4tzte Lesezeit\" \/>\n\t<meta name=\"twitter:data2\" content=\"4\u00a0Minuten\" \/>\n<!-- \/ Yoast SEO plugin. -->","yoast_head_json":{"title":"kirchenrechtlicher Wartestand bedroht den Arbeitsplatz nicht, Sozialgericht Chemnitz, Gerichtsbescheid v. 27.01.2017, S 28 AL 757\/15 - Hotstegs Rechtsanwaltsgesellschaft | Rechtsanw\u00e4lt:innen und Fachanw\u00e4lt:innen f\u00fcr Verwaltungsrecht","description":"- Termine unter Tel. 0211 \/ 497657-16","robots":{"index":"index","follow":"follow","max-snippet":"max-snippet:-1","max-image-preview":"max-image-preview:large","max-video-preview":"max-video-preview:-1"},"canonical":"https:\/\/www.hotstegs-recht.de\/?p=5296","og_locale":"de_DE","og_type":"article","og_title":"kirchenrechtlicher Wartestand bedroht den Arbeitsplatz nicht, Sozialgericht Chemnitz, Gerichtsbescheid v. 27.01.2017, S 28 AL 757\/15 - Hotstegs Rechtsanwaltsgesellschaft | Rechtsanw\u00e4lt:innen und Fachanw\u00e4lt:innen f\u00fcr Verwaltungsrecht","og_description":"- Termine unter Tel. 0211 \/ 497657-16","og_url":"https:\/\/www.hotstegs-recht.de\/?p=5296","og_site_name":"Hotstegs Rechtsanwaltsgesellschaft | Rechtsanw\u00e4lt:innen und Fachanw\u00e4lt:innen f\u00fcr Verwaltungsrecht","article_publisher":"https:\/\/www.facebook.com\/hotstegs.recht","article_published_time":"2017-02-21T13:59:02+00:00","article_modified_time":"2017-04-04T16:22:56+00:00","author":"Robert Hotstegs","twitter_card":"summary_large_image","twitter_creator":"@hotstegs_recht","twitter_site":"@hotstegs_recht","twitter_misc":{"Verfasst von":"Robert Hotstegs","Gesch\u00e4tzte Lesezeit":"4\u00a0Minuten"},"schema":{"@context":"https:\/\/schema.org","@graph":[{"@type":"Article","@id":"https:\/\/www.hotstegs-recht.de\/?p=5296#article","isPartOf":{"@id":"https:\/\/www.hotstegs-recht.de\/?p=5296"},"author":{"name":"Robert Hotstegs","@id":"https:\/\/www.hotstegs-recht.de\/#\/schema\/person\/b5290b51a91e1e27ec6af13643a76ab0"},"headline":"kirchenrechtlicher Wartestand bedroht den Arbeitsplatz nicht, Sozialgericht Chemnitz, Gerichtsbescheid v. 27.01.2017, S 28 AL 757\/15","datePublished":"2017-02-21T13:59:02+00:00","dateModified":"2017-04-04T16:22:56+00:00","mainEntityOfPage":{"@id":"https:\/\/www.hotstegs-recht.de\/?p=5296"},"wordCount":860,"commentCount":0,"publisher":{"@id":"https:\/\/www.hotstegs-recht.de\/#organization"},"keywords":["Versetzung in den Ruhestand"],"articleSection":["Aktuelles","ev. Kirchenrecht"],"inLanguage":"de","potentialAction":[{"@type":"CommentAction","name":"Comment","target":["https:\/\/www.hotstegs-recht.de\/?p=5296#respond"]}]},{"@type":"WebPage","@id":"https:\/\/www.hotstegs-recht.de\/?p=5296","url":"https:\/\/www.hotstegs-recht.de\/?p=5296","name":"kirchenrechtlicher Wartestand bedroht den Arbeitsplatz nicht, Sozialgericht Chemnitz, Gerichtsbescheid v. 27.01.2017, S 28 AL 757\/15 - Hotstegs Rechtsanwaltsgesellschaft | Rechtsanw\u00e4lt:innen und Fachanw\u00e4lt:innen f\u00fcr Verwaltungsrecht","isPartOf":{"@id":"https:\/\/www.hotstegs-recht.de\/#website"},"datePublished":"2017-02-21T13:59:02+00:00","dateModified":"2017-04-04T16:22:56+00:00","description":"- Termine unter Tel. 0211 \/ 497657-16","breadcrumb":{"@id":"https:\/\/www.hotstegs-recht.de\/?p=5296#breadcrumb"},"inLanguage":"de","potentialAction":[{"@type":"ReadAction","target":["https:\/\/www.hotstegs-recht.de\/?p=5296"]}]},{"@type":"BreadcrumbList","@id":"https:\/\/www.hotstegs-recht.de\/?p=5296#breadcrumb","itemListElement":[{"@type":"ListItem","position":1,"name":"Startseite","item":"https:\/\/www.hotstegs-recht.de\/"},{"@type":"ListItem","position":2,"name":"kirchenrechtlicher Wartestand bedroht den Arbeitsplatz nicht, Sozialgericht Chemnitz, Gerichtsbescheid v. 27.01.2017, S 28 AL 757\/15"}]},{"@type":"WebSite","@id":"https:\/\/www.hotstegs-recht.de\/#website","url":"https:\/\/www.hotstegs-recht.de\/","name":"Hotstegs Rechtsanwaltsgesellschaft | Rechtsanw\u00e4lt:innen und Fachanw\u00e4lt:innen f\u00fcr Verwaltungsrecht","description":"\u00f6ffentliches Dienstrecht und Disziplinarverfahren | Rechtsanwalt Robert Hotstegs | Rechtsanw\u00e4ltin Sarah Nu\u00dfbaum | Rechtsanw\u00e4ltin Katharina Voigt","publisher":{"@id":"https:\/\/www.hotstegs-recht.de\/#organization"},"potentialAction":[{"@type":"SearchAction","target":{"@type":"EntryPoint","urlTemplate":"https:\/\/www.hotstegs-recht.de\/?s={search_term_string}"},"query-input":{"@type":"PropertyValueSpecification","valueRequired":true,"valueName":"search_term_string"}}],"inLanguage":"de"},{"@type":"Organization","@id":"https:\/\/www.hotstegs-recht.de\/#organization","name":"Hotstegs Rechtsanwaltsgesellschaft","url":"https:\/\/www.hotstegs-recht.de\/","logo":{"@type":"ImageObject","inLanguage":"de","@id":"https:\/\/www.hotstegs-recht.de\/#\/schema\/logo\/image\/","url":"https:\/\/www.hotstegs-recht.de\/wp-content\/uploads\/2021\/09\/logo_2020.png","contentUrl":"https:\/\/www.hotstegs-recht.de\/wp-content\/uploads\/2021\/09\/logo_2020.png","width":180,"height":51,"caption":"Hotstegs Rechtsanwaltsgesellschaft"},"image":{"@id":"https:\/\/www.hotstegs-recht.de\/#\/schema\/logo\/image\/"},"sameAs":["https:\/\/www.facebook.com\/hotstegs.recht","https:\/\/x.com\/hotstegs_recht","https:\/\/www.instagram.com\/hotstegs.recht","https:\/\/de.linkedin.com\/company\/hotstegs-recht"]},{"@type":"Person","@id":"https:\/\/www.hotstegs-recht.de\/#\/schema\/person\/b5290b51a91e1e27ec6af13643a76ab0","name":"Robert Hotstegs","image":{"@type":"ImageObject","inLanguage":"de","@id":"https:\/\/secure.gravatar.com\/avatar\/7d923d735cd88c8f3b65c6506ab775c5eb23a82716d81ce74eb3951cb8430f5a?s=96&d=blank&r=g","url":"https:\/\/secure.gravatar.com\/avatar\/7d923d735cd88c8f3b65c6506ab775c5eb23a82716d81ce74eb3951cb8430f5a?s=96&d=blank&r=g","contentUrl":"https:\/\/secure.gravatar.com\/avatar\/7d923d735cd88c8f3b65c6506ab775c5eb23a82716d81ce74eb3951cb8430f5a?s=96&d=blank&r=g","caption":"Robert Hotstegs"},"description":"Rechtsanwalt, Fachanwalt f\u00fcr Verwaltungsrecht","url":"https:\/\/www.hotstegs-recht.de\/?author=1"}]}},"amp_enabled":true,"_links":{"self":[{"href":"https:\/\/www.hotstegs-recht.de\/index.php?rest_route=\/wp\/v2\/posts\/5296","targetHints":{"allow":["GET"]}}],"collection":[{"href":"https:\/\/www.hotstegs-recht.de\/index.php?rest_route=\/wp\/v2\/posts"}],"about":[{"href":"https:\/\/www.hotstegs-recht.de\/index.php?rest_route=\/wp\/v2\/types\/post"}],"author":[{"embeddable":true,"href":"https:\/\/www.hotstegs-recht.de\/index.php?rest_route=\/wp\/v2\/users\/1"}],"replies":[{"embeddable":true,"href":"https:\/\/www.hotstegs-recht.de\/index.php?rest_route=%2Fwp%2Fv2%2Fcomments&post=5296"}],"version-history":[{"count":4,"href":"https:\/\/www.hotstegs-recht.de\/index.php?rest_route=\/wp\/v2\/posts\/5296\/revisions"}],"predecessor-version":[{"id":5298,"href":"https:\/\/www.hotstegs-recht.de\/index.php?rest_route=\/wp\/v2\/posts\/5296\/revisions\/5298"}],"wp:attachment":[{"href":"https:\/\/www.hotstegs-recht.de\/index.php?rest_route=%2Fwp%2Fv2%2Fmedia&parent=5296"}],"wp:term":[{"taxonomy":"category","embeddable":true,"href":"https:\/\/www.hotstegs-recht.de\/index.php?rest_route=%2Fwp%2Fv2%2Fcategories&post=5296"},{"taxonomy":"post_tag","embeddable":true,"href":"https:\/\/www.hotstegs-recht.de\/index.php?rest_route=%2Fwp%2Fv2%2Ftags&post=5296"}],"curies":[{"name":"wp","href":"https:\/\/api.w.org\/{rel}","templated":true}]}}