{"id":529,"date":"2009-10-21T17:53:06","date_gmt":"2009-10-21T15:53:06","guid":{"rendered":"http:\/\/www.obst-hotstegs.de\/?p=529"},"modified":"2014-03-09T22:18:30","modified_gmt":"2014-03-09T21:18:30","slug":"stellenbesetzung-stadt-erleidet-gerichtsschlappe-rheinische-post-vom-21-10-2009","status":"publish","type":"post","link":"https:\/\/www.hotstegs-recht.de\/?p=529","title":{"rendered":"Stellenbesetzung: Stadt erleidet Gerichtsschlappe, Rheinische Post vom 21.10.2009"},"content":{"rendered":"<p>von J\u00f6rn T\u00fcffers<\/p>\n<p>Die Stadt hat vor Gericht eine Niederlage bei einer strittigen Stellenbesetzung erlitten. Das Oberverwaltungsgericht (O<acronym title=\"Verwaltungsgericht\">VG<\/acronym>) in M\u00fcnster hat die Besetzung mit Silke Vogelbusch als Leiterin des Schulverwaltungsamts als &#8222;willk\u00fcrlich und rechtswidrig&#8220; bezeichnet. Dies teilte gestern Rechtsanwalt Henning Obst mit. Er vertritt Thomas Eberhardt-K\u00f6ster, den stellvertretenden Leiter des Garten- und Friedhofsamts. Eberhardt-K\u00f6ster hatte gegen die Stellenbesetzung geklagt: Vogelbusch habe sich auf die Ausschreibung gar nicht beworben und zudem keine Leitungserfahrung. Ende M\u00e4rz hatte er vor dem Verwaltungsgericht D\u00fcsseldorf Recht erhalten. Gegen dieses Urteil hatte die Stadt Berufung eingelegt.<!--more--><\/p>\n<p>Die D\u00fcsseldorfer Richter wollten die Stadt &#8222;im Wege der einstweiligen Anordnung&#8220; verpflichten, die Besetzung der Stelle an der Spitze des Schulverwaltungsamts mit Silke Vogelbusch r\u00fcckg\u00e4ngig zu machen. Vogelbusch d\u00fcrften auch keine Aufgaben der Amtsleitung oder deren Stellvertretung \u00fcbertragen werden &#8211; &#8222;bis zu einer in einem erneuten Auswahlverfahren zu treffenden Entscheidung&#8220;. Das O<acronym title=\"Verwaltungsgericht\">VG<\/acronym> folgte dieser Einsch\u00e4tzung.<\/p>\n<p>Die Folge des M\u00fcnsteraner Urteils k\u00f6nnte &#8222;ein Rattenschwanz weiterer Prozesse&#8220; sein, wenn die Stadt darauf aus sei. Er und sein Mandant seien aber &#8222;gespr\u00e4chs- und vergleichsbereit&#8220;. 2008 hatte die Stadt ebenfalls vor dem O<acronym title=\"Verwaltungsgericht\">VG<\/acronym> in einer Personalentscheidung verloren. Damals ging es um die Leitung des Ordnungsamts. Auch damals kritisierten die Richter das Auswahlverfahren. Die Stelle sei f\u00fcr die Wunschkandidatin &#8222;ma\u00dfgeschneidert&#8220; gewesen, andere Bewerber seien benachteiligt worden.<\/p>\n<p>Beigeordneter Wilfried Kruse zu dem Urteil: &#8222;Das Gericht hat uns ein neues Auswahlverfahren aufgegeben, das werden wir jetzt starten.&#8220; Ziel m\u00fcsse sein, die Leitung des Schulverwaltungsamts schnell zu besetzen.<\/p>\n","protected":false},"excerpt":{"rendered":"<p>von J\u00f6rn T\u00fcffers Die Stadt hat vor Gericht eine Niederlage bei einer strittigen Stellenbesetzung erlitten. Das Oberverwaltungsgericht (OVG) in M\u00fcnster hat die Besetzung mit Silke Vogelbusch als Leiterin des Schulverwaltungsamts als &#8222;willk\u00fcrlich und rechtswidrig&#8220; bezeichnet. Dies teilte gestern Rechtsanwalt Henning Obst mit. Er vertritt Thomas Eberhardt-K\u00f6ster, den stellvertretenden Leiter des Garten- und Friedhofsamts. Eberhardt-K\u00f6ster hatte &hellip; <\/p>\n<p class=\"link-more\"><a href=\"https:\/\/www.hotstegs-recht.de\/?p=529\" class=\"more-link\"><span class=\"screen-reader-text\">\u201eStellenbesetzung: Stadt erleidet Gerichtsschlappe, Rheinische Post vom 21.10.2009\u201c <\/span>weiterlesen<\/a><\/p>\n","protected":false},"author":4,"featured_media":0,"comment_status":"closed","ping_status":"closed","sticky":false,"template":"","format":"standard","meta":{"footnotes":""},"categories":[4,9,14],"tags":[],"class_list":["post-529","post","type-post","status-publish","format-standard","hentry","category-aktuelles","category-presse","category-beamtenrecht"],"yoast_head":"<!-- This site is optimized with the Yoast SEO plugin v27.5 - https:\/\/yoast.com\/product\/yoast-seo-wordpress\/ -->\n<title>Stellenbesetzung: Stadt erleidet Gerichtsschlappe, Rheinische Post vom 21.10.2009 - Hotstegs Rechtsanwaltsgesellschaft | Rechtsanw\u00e4lt:innen und Fachanw\u00e4lt:innen f\u00fcr Verwaltungsrecht<\/title>\n<meta name=\"description\" content=\"- Termine unter Tel. 0211 \/ 497657-16\" \/>\n<meta name=\"robots\" content=\"index, follow, max-snippet:-1, max-image-preview:large, max-video-preview:-1\" \/>\n<link rel=\"canonical\" href=\"https:\/\/www.hotstegs-recht.de\/?p=529\" \/>\n<meta property=\"og:locale\" content=\"de_DE\" \/>\n<meta property=\"og:type\" content=\"article\" \/>\n<meta property=\"og:title\" content=\"Stellenbesetzung: Stadt erleidet Gerichtsschlappe, Rheinische Post vom 21.10.2009 - Hotstegs Rechtsanwaltsgesellschaft | Rechtsanw\u00e4lt:innen und Fachanw\u00e4lt:innen f\u00fcr Verwaltungsrecht\" \/>\n<meta property=\"og:description\" content=\"- Termine unter Tel. 0211 \/ 497657-16\" \/>\n<meta property=\"og:url\" content=\"https:\/\/www.hotstegs-recht.de\/?p=529\" \/>\n<meta property=\"og:site_name\" content=\"Hotstegs Rechtsanwaltsgesellschaft | Rechtsanw\u00e4lt:innen und Fachanw\u00e4lt:innen f\u00fcr Verwaltungsrecht\" \/>\n<meta property=\"article:publisher\" content=\"https:\/\/www.facebook.com\/hotstegs.recht\" \/>\n<meta property=\"article:published_time\" content=\"2009-10-21T15:53:06+00:00\" \/>\n<meta property=\"article:modified_time\" content=\"2014-03-09T21:18:30+00:00\" \/>\n<meta name=\"author\" content=\"Mitarbeiter:in\" \/>\n<meta name=\"twitter:card\" content=\"summary_large_image\" \/>\n<meta name=\"twitter:creator\" content=\"@hotstegs_recht\" \/>\n<meta name=\"twitter:site\" content=\"@hotstegs_recht\" \/>\n<meta name=\"twitter:label1\" content=\"Verfasst von\" \/>\n\t<meta name=\"twitter:data1\" content=\"Mitarbeiter:in\" \/>\n\t<meta name=\"twitter:label2\" content=\"Gesch\u00e4tzte Lesezeit\" \/>\n\t<meta name=\"twitter:data2\" content=\"1\u00a0Minute\" \/>\n<!-- \/ Yoast SEO plugin. -->","yoast_head_json":{"title":"Stellenbesetzung: Stadt erleidet Gerichtsschlappe, Rheinische Post vom 21.10.2009 - Hotstegs Rechtsanwaltsgesellschaft | Rechtsanw\u00e4lt:innen und Fachanw\u00e4lt:innen f\u00fcr Verwaltungsrecht","description":"- Termine unter Tel. 0211 \/ 497657-16","robots":{"index":"index","follow":"follow","max-snippet":"max-snippet:-1","max-image-preview":"max-image-preview:large","max-video-preview":"max-video-preview:-1"},"canonical":"https:\/\/www.hotstegs-recht.de\/?p=529","og_locale":"de_DE","og_type":"article","og_title":"Stellenbesetzung: Stadt erleidet Gerichtsschlappe, Rheinische Post vom 21.10.2009 - Hotstegs Rechtsanwaltsgesellschaft | Rechtsanw\u00e4lt:innen und Fachanw\u00e4lt:innen f\u00fcr Verwaltungsrecht","og_description":"- Termine unter Tel. 0211 \/ 497657-16","og_url":"https:\/\/www.hotstegs-recht.de\/?p=529","og_site_name":"Hotstegs Rechtsanwaltsgesellschaft | Rechtsanw\u00e4lt:innen und Fachanw\u00e4lt:innen f\u00fcr Verwaltungsrecht","article_publisher":"https:\/\/www.facebook.com\/hotstegs.recht","article_published_time":"2009-10-21T15:53:06+00:00","article_modified_time":"2014-03-09T21:18:30+00:00","author":"Mitarbeiter:in","twitter_card":"summary_large_image","twitter_creator":"@hotstegs_recht","twitter_site":"@hotstegs_recht","twitter_misc":{"Verfasst von":"Mitarbeiter:in","Gesch\u00e4tzte Lesezeit":"1\u00a0Minute"},"schema":{"@context":"https:\/\/schema.org","@graph":[{"@type":"Article","@id":"https:\/\/www.hotstegs-recht.de\/?p=529#article","isPartOf":{"@id":"https:\/\/www.hotstegs-recht.de\/?p=529"},"author":{"name":"Mitarbeiter:in","@id":"https:\/\/www.hotstegs-recht.de\/#\/schema\/person\/18c7a8260c2d9ded2b8308feab0990a2"},"headline":"Stellenbesetzung: Stadt erleidet Gerichtsschlappe, Rheinische Post vom 21.10.2009","datePublished":"2009-10-21T15:53:06+00:00","dateModified":"2014-03-09T21:18:30+00:00","mainEntityOfPage":{"@id":"https:\/\/www.hotstegs-recht.de\/?p=529"},"wordCount":265,"publisher":{"@id":"https:\/\/www.hotstegs-recht.de\/#organization"},"articleSection":["Aktuelles","Presse","Beamtenrecht"],"inLanguage":"de"},{"@type":"WebPage","@id":"https:\/\/www.hotstegs-recht.de\/?p=529","url":"https:\/\/www.hotstegs-recht.de\/?p=529","name":"Stellenbesetzung: Stadt erleidet Gerichtsschlappe, Rheinische Post vom 21.10.2009 - Hotstegs Rechtsanwaltsgesellschaft | Rechtsanw\u00e4lt:innen und Fachanw\u00e4lt:innen f\u00fcr Verwaltungsrecht","isPartOf":{"@id":"https:\/\/www.hotstegs-recht.de\/#website"},"datePublished":"2009-10-21T15:53:06+00:00","dateModified":"2014-03-09T21:18:30+00:00","description":"- Termine unter Tel. 0211 \/ 497657-16","breadcrumb":{"@id":"https:\/\/www.hotstegs-recht.de\/?p=529#breadcrumb"},"inLanguage":"de","potentialAction":[{"@type":"ReadAction","target":["https:\/\/www.hotstegs-recht.de\/?p=529"]}]},{"@type":"BreadcrumbList","@id":"https:\/\/www.hotstegs-recht.de\/?p=529#breadcrumb","itemListElement":[{"@type":"ListItem","position":1,"name":"Startseite","item":"https:\/\/www.hotstegs-recht.de\/"},{"@type":"ListItem","position":2,"name":"Stellenbesetzung: Stadt erleidet Gerichtsschlappe, Rheinische Post vom 21.10.2009"}]},{"@type":"WebSite","@id":"https:\/\/www.hotstegs-recht.de\/#website","url":"https:\/\/www.hotstegs-recht.de\/","name":"Hotstegs Rechtsanwaltsgesellschaft | Rechtsanw\u00e4lt:innen und Fachanw\u00e4lt:innen f\u00fcr Verwaltungsrecht","description":"\u00f6ffentliches Dienstrecht und Disziplinarverfahren | Rechtsanwalt Robert Hotstegs | Rechtsanw\u00e4ltin Sarah Nu\u00dfbaum | Rechtsanw\u00e4ltin Katharina Voigt","publisher":{"@id":"https:\/\/www.hotstegs-recht.de\/#organization"},"potentialAction":[{"@type":"SearchAction","target":{"@type":"EntryPoint","urlTemplate":"https:\/\/www.hotstegs-recht.de\/?s={search_term_string}"},"query-input":{"@type":"PropertyValueSpecification","valueRequired":true,"valueName":"search_term_string"}}],"inLanguage":"de"},{"@type":"Organization","@id":"https:\/\/www.hotstegs-recht.de\/#organization","name":"Hotstegs Rechtsanwaltsgesellschaft","url":"https:\/\/www.hotstegs-recht.de\/","logo":{"@type":"ImageObject","inLanguage":"de","@id":"https:\/\/www.hotstegs-recht.de\/#\/schema\/logo\/image\/","url":"https:\/\/www.hotstegs-recht.de\/wp-content\/uploads\/2021\/09\/logo_2020.png","contentUrl":"https:\/\/www.hotstegs-recht.de\/wp-content\/uploads\/2021\/09\/logo_2020.png","width":180,"height":51,"caption":"Hotstegs Rechtsanwaltsgesellschaft"},"image":{"@id":"https:\/\/www.hotstegs-recht.de\/#\/schema\/logo\/image\/"},"sameAs":["https:\/\/www.facebook.com\/hotstegs.recht","https:\/\/x.com\/hotstegs_recht","https:\/\/www.instagram.com\/hotstegs.recht","https:\/\/de.linkedin.com\/company\/hotstegs-recht"]},{"@type":"Person","@id":"https:\/\/www.hotstegs-recht.de\/#\/schema\/person\/18c7a8260c2d9ded2b8308feab0990a2","name":"Mitarbeiter:in","image":{"@type":"ImageObject","inLanguage":"de","@id":"https:\/\/secure.gravatar.com\/avatar\/ff927e44276052255fa51b438cd49d6bee71e07c0621a998717cee201e5d2fff?s=96&d=blank&r=g","url":"https:\/\/secure.gravatar.com\/avatar\/ff927e44276052255fa51b438cd49d6bee71e07c0621a998717cee201e5d2fff?s=96&d=blank&r=g","contentUrl":"https:\/\/secure.gravatar.com\/avatar\/ff927e44276052255fa51b438cd49d6bee71e07c0621a998717cee201e5d2fff?s=96&d=blank&r=g","caption":"Mitarbeiter:in"},"url":"https:\/\/www.hotstegs-recht.de\/?author=4"}]}},"amp_enabled":true,"_links":{"self":[{"href":"https:\/\/www.hotstegs-recht.de\/index.php?rest_route=\/wp\/v2\/posts\/529","targetHints":{"allow":["GET"]}}],"collection":[{"href":"https:\/\/www.hotstegs-recht.de\/index.php?rest_route=\/wp\/v2\/posts"}],"about":[{"href":"https:\/\/www.hotstegs-recht.de\/index.php?rest_route=\/wp\/v2\/types\/post"}],"author":[{"embeddable":true,"href":"https:\/\/www.hotstegs-recht.de\/index.php?rest_route=\/wp\/v2\/users\/4"}],"replies":[{"embeddable":true,"href":"https:\/\/www.hotstegs-recht.de\/index.php?rest_route=%2Fwp%2Fv2%2Fcomments&post=529"}],"version-history":[{"count":0,"href":"https:\/\/www.hotstegs-recht.de\/index.php?rest_route=\/wp\/v2\/posts\/529\/revisions"}],"wp:attachment":[{"href":"https:\/\/www.hotstegs-recht.de\/index.php?rest_route=%2Fwp%2Fv2%2Fmedia&parent=529"}],"wp:term":[{"taxonomy":"category","embeddable":true,"href":"https:\/\/www.hotstegs-recht.de\/index.php?rest_route=%2Fwp%2Fv2%2Fcategories&post=529"},{"taxonomy":"post_tag","embeddable":true,"href":"https:\/\/www.hotstegs-recht.de\/index.php?rest_route=%2Fwp%2Fv2%2Ftags&post=529"}],"curies":[{"name":"wp","href":"https:\/\/api.w.org\/{rel}","templated":true}]}}