{"id":5086,"date":"2016-11-09T20:36:41","date_gmt":"2016-11-09T19:36:41","guid":{"rendered":"http:\/\/www.hotstegs-recht.de\/?p=5086"},"modified":"2016-11-11T00:43:04","modified_gmt":"2016-11-10T23:43:04","slug":"die-uwg-verklagt-den-rat-der-stadt-krefeld-westdeutsche-zeitung-v-09-11-2016","status":"publish","type":"post","link":"https:\/\/www.hotstegs-recht.de\/?p=5086","title":{"rendered":"Die UWG verklagt den Rat der Stadt Krefeld, Westdeutsche Zeitung v. 09.11.2016"},"content":{"rendered":"<p>Von Beatrix Van Vlodrop<\/p>\n<p><strong>Verwaltungsjurist h\u00e4lt die Besetzung der Aussch\u00fcsse f\u00fcr rechtswidrig, die Stadt widerspricht dieser Bewertung.<\/strong><\/p>\n<p>Krefeld. Die Vertreter der UWG im Krefelder Rat f\u00fchlen sich in ihren Rechten beschnitten. Seit die Ratsfraktion, die UWG und AfD nach der Kommunalwahl im Mai 2014 gebildet hatten, sich aufgel\u00f6st hat, k\u00e4mpft Andreas Drabben (UWG) um mehr Rechte f\u00fcr seine Ratsgruppe. Sitze in den Aussch\u00fcssen m\u00fcssten neu verteilt werden.<\/p>\n<p>Nachdem Appelle und Beschwerden erfolg- und folgenlos blieben, verklagt die UWG jetzt den Rat der Stadt Krefeld, stellvertretend OB Meyer.<\/p>\n<p>Mit Datum vom 3. November ging die Klageschrift beim Verwaltungsgericht D\u00fcsseldorf ein, am Dienstag, 8. November, lag sie auch der Verwaltungsspitze in Krefeld vor. Danach will Rechtsanwalt Hotstegs im Auftrag des Mandanten unter anderem gerichtlich feststellen lassen, dass die Besetzung der Aussch\u00fcsse des Krefelder Rats nach der Aufl\u00f6sung der Fraktion UWG\/AfD und sp\u00e4ter der Ratsgruppe Piraten\/Die Partei rechtswidrig ist. Die &#8222;Spiegelbildlichkeit&#8220;, die proportional korrekte Abbildung der Ratsmehrheiten in den Fachaussch\u00fcssen, sei nicht gewahrt, der Gleichbehandlungsgrundsatz damit verletzt, argumentiert der Verwaltungsjurist.<!--more--><\/p>\n<p><strong>Ausgeschlossen aus der Ausschussarbeit<br \/>\n<\/strong><br \/>\nF\u00fcr Andreas Drabben ist es eine ganz einfache Rechnung: Bei der Besetzung der Aussch\u00fcsse erhielt er \u2013 damals Teil der UWG\/AfD-Fraktion \u2013 einen Sitz im Finanzausschuss, seine heutige Mitstreiterin Ruth Brauers einen im Rechnungspr\u00fcfungsausschuss. Sie konnten jeweils Antr\u00e4ge stellen und mit abstimmen. Ihren Sitz haben beide nach Aufl\u00f6sung der Fraktion behalten, auch ihr Antrags- und Stimmrecht. &#8222;Aber  ich habe beispielsweise keine M\u00f6glichkeit, einen Vertreter in den Ausschuss zu schicken, wenn ich verhindert bin&#8220;, sagt Drabben. In allen anderen au\u00dfer dem Finanzausschuss sei er ein &#8222;Zuh\u00f6rer, wie jeder andere B\u00fcrger auch&#8220;. <\/p>\n<p>Die Tatsache, dass die Piraten und Die Partei \u2013 obwohl sie nur je ein Ratsmitglied haben \u2013 jeweils in zwei Aussch\u00fcssen vertreten sind, widerspreche den Mehrheitsverh\u00e4ltnissen im Rat, sagt Drabben. Die Forderung: Alle Aussch\u00fcsse, in denen die UWG keinen Sitz hat, m\u00fcssen neu zusammengesetzt werden. Was Drabben besonders \u00e4rgert: &#8222;Die AfD-Politiker gehen kaum noch zu den Sitzungen, erfahrene UWG-ler bleiben aber au\u00dfen vor.&#8220;<\/p>\n<p><strong>Verwaltung sieht keine Pflicht zur Neubesetzung der Fachgremien <\/strong><\/p>\n<p>Die Verwaltungsspitze hat sich mehrfach mit dem Sachverhalt besch\u00e4ftigt, ihre Haltung ist unver\u00e4ndert: &#8222;Es besteht keine rechtliche Verpflichtung zur Aufl\u00f6sung und Neubesetzung der Aussch\u00fcsse. Die Spiegelbildlichkeit zwischen dem Rat und den Aussch\u00fcssen des Rates ist nach wie vor gewahrt.&#8220;<\/p>\n","protected":false},"excerpt":{"rendered":"<p>Von Beatrix Van Vlodrop Verwaltungsjurist h\u00e4lt die Besetzung der Aussch\u00fcsse f\u00fcr rechtswidrig, die Stadt widerspricht dieser Bewertung. Krefeld. Die Vertreter der UWG im Krefelder Rat f\u00fchlen sich in ihren Rechten beschnitten. Seit die Ratsfraktion, die UWG und AfD nach der Kommunalwahl im Mai 2014 gebildet hatten, sich aufgel\u00f6st hat, k\u00e4mpft Andreas Drabben (UWG) um mehr &hellip; <\/p>\n<p class=\"link-more\"><a href=\"https:\/\/www.hotstegs-recht.de\/?p=5086\" class=\"more-link\"><span class=\"screen-reader-text\">\u201eDie UWG verklagt den Rat der Stadt Krefeld, Westdeutsche Zeitung v. 09.11.2016\u201c <\/span>weiterlesen<\/a><\/p>\n","protected":false},"author":4,"featured_media":0,"comment_status":"open","ping_status":"open","sticky":false,"template":"","format":"standard","meta":{"footnotes":""},"categories":[4,9,16,47],"tags":[],"class_list":["post-5086","post","type-post","status-publish","format-standard","hentry","category-aktuelles","category-presse","category-burgerbeteiligung","category-wahlrecht"],"yoast_head":"<!-- This site is optimized with the Yoast SEO plugin v27.4 - https:\/\/yoast.com\/product\/yoast-seo-wordpress\/ -->\n<title>Die UWG verklagt den Rat der Stadt Krefeld, Westdeutsche Zeitung v. 09.11.2016 - Hotstegs Rechtsanwaltsgesellschaft | Rechtsanw\u00e4lt:innen und Fachanw\u00e4lt:innen f\u00fcr Verwaltungsrecht<\/title>\n<meta name=\"description\" content=\"- Termine unter Tel. 0211 \/ 497657-16\" \/>\n<meta name=\"robots\" content=\"index, follow, max-snippet:-1, max-image-preview:large, max-video-preview:-1\" \/>\n<link rel=\"canonical\" href=\"https:\/\/www.hotstegs-recht.de\/?p=5086\" \/>\n<meta property=\"og:locale\" content=\"de_DE\" \/>\n<meta property=\"og:type\" content=\"article\" \/>\n<meta property=\"og:title\" content=\"Die UWG verklagt den Rat der Stadt Krefeld, Westdeutsche Zeitung v. 09.11.2016 - Hotstegs Rechtsanwaltsgesellschaft | Rechtsanw\u00e4lt:innen und Fachanw\u00e4lt:innen f\u00fcr Verwaltungsrecht\" \/>\n<meta property=\"og:description\" content=\"- Termine unter Tel. 0211 \/ 497657-16\" \/>\n<meta property=\"og:url\" content=\"https:\/\/www.hotstegs-recht.de\/?p=5086\" \/>\n<meta property=\"og:site_name\" content=\"Hotstegs Rechtsanwaltsgesellschaft | Rechtsanw\u00e4lt:innen und Fachanw\u00e4lt:innen f\u00fcr Verwaltungsrecht\" \/>\n<meta property=\"article:publisher\" content=\"https:\/\/www.facebook.com\/hotstegs.recht\" \/>\n<meta property=\"article:published_time\" content=\"2016-11-09T19:36:41+00:00\" \/>\n<meta property=\"article:modified_time\" content=\"2016-11-10T23:43:04+00:00\" \/>\n<meta name=\"author\" content=\"Mitarbeiter:in\" \/>\n<meta name=\"twitter:card\" content=\"summary_large_image\" \/>\n<meta name=\"twitter:creator\" content=\"@hotstegs_recht\" \/>\n<meta name=\"twitter:site\" content=\"@hotstegs_recht\" \/>\n<meta name=\"twitter:label1\" content=\"Verfasst von\" \/>\n\t<meta name=\"twitter:data1\" content=\"Mitarbeiter:in\" \/>\n\t<meta name=\"twitter:label2\" content=\"Gesch\u00e4tzte Lesezeit\" \/>\n\t<meta name=\"twitter:data2\" content=\"2\u00a0Minuten\" \/>\n<!-- \/ Yoast SEO plugin. -->","yoast_head_json":{"title":"Die UWG verklagt den Rat der Stadt Krefeld, Westdeutsche Zeitung v. 09.11.2016 - Hotstegs Rechtsanwaltsgesellschaft | Rechtsanw\u00e4lt:innen und Fachanw\u00e4lt:innen f\u00fcr Verwaltungsrecht","description":"- Termine unter Tel. 0211 \/ 497657-16","robots":{"index":"index","follow":"follow","max-snippet":"max-snippet:-1","max-image-preview":"max-image-preview:large","max-video-preview":"max-video-preview:-1"},"canonical":"https:\/\/www.hotstegs-recht.de\/?p=5086","og_locale":"de_DE","og_type":"article","og_title":"Die UWG verklagt den Rat der Stadt Krefeld, Westdeutsche Zeitung v. 09.11.2016 - Hotstegs Rechtsanwaltsgesellschaft | Rechtsanw\u00e4lt:innen und Fachanw\u00e4lt:innen f\u00fcr Verwaltungsrecht","og_description":"- Termine unter Tel. 0211 \/ 497657-16","og_url":"https:\/\/www.hotstegs-recht.de\/?p=5086","og_site_name":"Hotstegs Rechtsanwaltsgesellschaft | Rechtsanw\u00e4lt:innen und Fachanw\u00e4lt:innen f\u00fcr Verwaltungsrecht","article_publisher":"https:\/\/www.facebook.com\/hotstegs.recht","article_published_time":"2016-11-09T19:36:41+00:00","article_modified_time":"2016-11-10T23:43:04+00:00","author":"Mitarbeiter:in","twitter_card":"summary_large_image","twitter_creator":"@hotstegs_recht","twitter_site":"@hotstegs_recht","twitter_misc":{"Verfasst von":"Mitarbeiter:in","Gesch\u00e4tzte Lesezeit":"2\u00a0Minuten"},"schema":{"@context":"https:\/\/schema.org","@graph":[{"@type":"Article","@id":"https:\/\/www.hotstegs-recht.de\/?p=5086#article","isPartOf":{"@id":"https:\/\/www.hotstegs-recht.de\/?p=5086"},"author":{"name":"Mitarbeiter:in","@id":"https:\/\/www.hotstegs-recht.de\/#\/schema\/person\/18c7a8260c2d9ded2b8308feab0990a2"},"headline":"Die UWG verklagt den Rat der Stadt Krefeld, Westdeutsche Zeitung v. 09.11.2016","datePublished":"2016-11-09T19:36:41+00:00","dateModified":"2016-11-10T23:43:04+00:00","mainEntityOfPage":{"@id":"https:\/\/www.hotstegs-recht.de\/?p=5086"},"wordCount":411,"commentCount":0,"publisher":{"@id":"https:\/\/www.hotstegs-recht.de\/#organization"},"articleSection":["Aktuelles","Presse","B\u00fcrgerbeteiligung","Wahlrecht"],"inLanguage":"de","potentialAction":[{"@type":"CommentAction","name":"Comment","target":["https:\/\/www.hotstegs-recht.de\/?p=5086#respond"]}]},{"@type":"WebPage","@id":"https:\/\/www.hotstegs-recht.de\/?p=5086","url":"https:\/\/www.hotstegs-recht.de\/?p=5086","name":"Die UWG verklagt den Rat der Stadt Krefeld, Westdeutsche Zeitung v. 09.11.2016 - Hotstegs Rechtsanwaltsgesellschaft | Rechtsanw\u00e4lt:innen und Fachanw\u00e4lt:innen f\u00fcr Verwaltungsrecht","isPartOf":{"@id":"https:\/\/www.hotstegs-recht.de\/#website"},"datePublished":"2016-11-09T19:36:41+00:00","dateModified":"2016-11-10T23:43:04+00:00","description":"- Termine unter Tel. 0211 \/ 497657-16","breadcrumb":{"@id":"https:\/\/www.hotstegs-recht.de\/?p=5086#breadcrumb"},"inLanguage":"de","potentialAction":[{"@type":"ReadAction","target":["https:\/\/www.hotstegs-recht.de\/?p=5086"]}]},{"@type":"BreadcrumbList","@id":"https:\/\/www.hotstegs-recht.de\/?p=5086#breadcrumb","itemListElement":[{"@type":"ListItem","position":1,"name":"Startseite","item":"https:\/\/www.hotstegs-recht.de\/"},{"@type":"ListItem","position":2,"name":"Die UWG verklagt den Rat der Stadt Krefeld, Westdeutsche Zeitung v. 09.11.2016"}]},{"@type":"WebSite","@id":"https:\/\/www.hotstegs-recht.de\/#website","url":"https:\/\/www.hotstegs-recht.de\/","name":"Hotstegs Rechtsanwaltsgesellschaft | Rechtsanw\u00e4lt:innen und Fachanw\u00e4lt:innen f\u00fcr Verwaltungsrecht","description":"\u00f6ffentliches Dienstrecht und Disziplinarverfahren | Rechtsanwalt Robert Hotstegs | Rechtsanw\u00e4ltin Sarah Nu\u00dfbaum | Rechtsanw\u00e4ltin Katharina Voigt","publisher":{"@id":"https:\/\/www.hotstegs-recht.de\/#organization"},"potentialAction":[{"@type":"SearchAction","target":{"@type":"EntryPoint","urlTemplate":"https:\/\/www.hotstegs-recht.de\/?s={search_term_string}"},"query-input":{"@type":"PropertyValueSpecification","valueRequired":true,"valueName":"search_term_string"}}],"inLanguage":"de"},{"@type":"Organization","@id":"https:\/\/www.hotstegs-recht.de\/#organization","name":"Hotstegs Rechtsanwaltsgesellschaft","url":"https:\/\/www.hotstegs-recht.de\/","logo":{"@type":"ImageObject","inLanguage":"de","@id":"https:\/\/www.hotstegs-recht.de\/#\/schema\/logo\/image\/","url":"https:\/\/www.hotstegs-recht.de\/wp-content\/uploads\/2021\/09\/logo_2020.png","contentUrl":"https:\/\/www.hotstegs-recht.de\/wp-content\/uploads\/2021\/09\/logo_2020.png","width":180,"height":51,"caption":"Hotstegs Rechtsanwaltsgesellschaft"},"image":{"@id":"https:\/\/www.hotstegs-recht.de\/#\/schema\/logo\/image\/"},"sameAs":["https:\/\/www.facebook.com\/hotstegs.recht","https:\/\/x.com\/hotstegs_recht","https:\/\/www.instagram.com\/hotstegs.recht","https:\/\/de.linkedin.com\/company\/hotstegs-recht"]},{"@type":"Person","@id":"https:\/\/www.hotstegs-recht.de\/#\/schema\/person\/18c7a8260c2d9ded2b8308feab0990a2","name":"Mitarbeiter:in","image":{"@type":"ImageObject","inLanguage":"de","@id":"https:\/\/secure.gravatar.com\/avatar\/ff927e44276052255fa51b438cd49d6bee71e07c0621a998717cee201e5d2fff?s=96&d=blank&r=g","url":"https:\/\/secure.gravatar.com\/avatar\/ff927e44276052255fa51b438cd49d6bee71e07c0621a998717cee201e5d2fff?s=96&d=blank&r=g","contentUrl":"https:\/\/secure.gravatar.com\/avatar\/ff927e44276052255fa51b438cd49d6bee71e07c0621a998717cee201e5d2fff?s=96&d=blank&r=g","caption":"Mitarbeiter:in"},"url":"https:\/\/www.hotstegs-recht.de\/?author=4"}]}},"amp_enabled":true,"_links":{"self":[{"href":"https:\/\/www.hotstegs-recht.de\/index.php?rest_route=\/wp\/v2\/posts\/5086","targetHints":{"allow":["GET"]}}],"collection":[{"href":"https:\/\/www.hotstegs-recht.de\/index.php?rest_route=\/wp\/v2\/posts"}],"about":[{"href":"https:\/\/www.hotstegs-recht.de\/index.php?rest_route=\/wp\/v2\/types\/post"}],"author":[{"embeddable":true,"href":"https:\/\/www.hotstegs-recht.de\/index.php?rest_route=\/wp\/v2\/users\/4"}],"replies":[{"embeddable":true,"href":"https:\/\/www.hotstegs-recht.de\/index.php?rest_route=%2Fwp%2Fv2%2Fcomments&post=5086"}],"version-history":[{"count":2,"href":"https:\/\/www.hotstegs-recht.de\/index.php?rest_route=\/wp\/v2\/posts\/5086\/revisions"}],"predecessor-version":[{"id":5092,"href":"https:\/\/www.hotstegs-recht.de\/index.php?rest_route=\/wp\/v2\/posts\/5086\/revisions\/5092"}],"wp:attachment":[{"href":"https:\/\/www.hotstegs-recht.de\/index.php?rest_route=%2Fwp%2Fv2%2Fmedia&parent=5086"}],"wp:term":[{"taxonomy":"category","embeddable":true,"href":"https:\/\/www.hotstegs-recht.de\/index.php?rest_route=%2Fwp%2Fv2%2Fcategories&post=5086"},{"taxonomy":"post_tag","embeddable":true,"href":"https:\/\/www.hotstegs-recht.de\/index.php?rest_route=%2Fwp%2Fv2%2Ftags&post=5086"}],"curies":[{"name":"wp","href":"https:\/\/api.w.org\/{rel}","templated":true}]}}