{"id":5082,"date":"2016-11-18T14:34:37","date_gmt":"2016-11-18T13:34:37","guid":{"rendered":"http:\/\/www.hotstegs-recht.de\/?p=5082"},"modified":"2025-10-15T12:17:04","modified_gmt":"2025-10-15T10:17:04","slug":"video-auf-den-punkt-folge-3-zusammenschluss-zur-fraktion","status":"publish","type":"post","link":"https:\/\/www.hotstegs-recht.de\/?p=5082","title":{"rendered":"Video: &#8222;Auf den Punkt&#8220; Folge 3: Zusammenschluss zur Fraktion"},"content":{"rendered":"<p><iframe loading=\"lazy\" title=\"&quot;Auf den Punkt&quot; Folge 3: Zusammenschluss zur Fraktion\" width=\"525\" height=\"295\" src=\"https:\/\/www.youtube.com\/embed\/nlwRbkKfsSA?feature=oembed\" frameborder=\"0\" allow=\"accelerometer; autoplay; clipboard-write; encrypted-media; gyroscope; picture-in-picture; web-share\" referrerpolicy=\"strict-origin-when-cross-origin\" allowfullscreen><\/iframe><\/p>\n\n\n\n<p>Kommunalpolitiker sehen sich in ihrer t\u00e4glichen politischen Arbeit immer wieder mit rechtlichen Fragen konfrontiert. Gemeinsam mit Rechtsanwalt Robert Hotstegs nimmt die VLK NRW interessante rechtliche Fragenstellungen rund um die Kommunalpolitik, aktuelle Urteile und ihre Auswirkungen unter die Lupe und bringt die Sachverhalte f\u00fcr Sie &#8222;Auf den Punkt&#8220;!<\/p>\n\n\n\n<blockquote class=\"wp-block-quote is-layout-flow wp-block-quote-is-layout-flow\">\n<p><strong>Zusammenschluss zur Fraktion<\/strong><\/p>\n\n\n\n<p>Wie finden eigentlich Ratsfraktionen zueinander? Das ist eine Frage, die sich nicht nur zu Beginn einer Legislaturperiode stellt, sondern auch immer wieder unterwegs. Insbesondere die Frage, wie kann man neue Mitglieder aufnehmen, Mitglieder ausschlie\u00dfen. K\u00f6nnen sich neue Fraktionen ergeben?<\/p>\n\n\n\n<p>Zu diesem Thema g\u00e4b\u2018 es sicherlich mehr zu erz\u00e4hlen, als wir in diesem Clip darstellen k\u00f6nnen. Grunds\u00e4tzlich muss man sagen: die Leitplanken, die die Gemeindeordnung, die Kreisordnung vorgeben sind simpel. In einer Fraktion finden politisch gleichgerichtete Mandatstr\u00e4ger zueinander. Das sind freiwillige Zusammenschl\u00fcsse. Niemand kann einer Fraktion vorgeben, dass sie sich zusammenschlie\u00dfen muss oder dass sie sich aufl\u00f6sen muss.<\/p>\n\n\n\n<!--more-->\n\n\n\n<p>Zu Schwierigkeiten kommt es immer dort, wo insbesondere einzelne Mandatstr\u00e4ger sich zusammenschlie\u00dfen, die vorher im Wahlkampf erbittert konkurriert haben, und wo sich dann die Frage stellt: ist das eigentlich politisch gleichgerichtet oder nicht? Man muss sagen, das Ergebnis zeigt dann die Rats- und Kreistagarbeit. Denn nat\u00fcrlich ist es m\u00f6glich, dass sich auch vorherige Konkurrenten in einer laufenden Legislaturperiode daf\u00fcr entscheiden gemeinsame Ziele zu verfolgen und vielleicht auch gro\u00dfe Streitpunkte erst einmal hintenanzustellen. Das schlie\u00dft \u00fcberhaupt nicht aus, dass man sich in einer Fraktion zusammenfindet, dass die Fraktion auch um andere Mandatstr\u00e4ger erweitert wird.<\/p>\n\n\n\n<p>Wenn es zu Schwierigkeiten in einer Fraktion kommt, also insbesondere nat\u00fcrlich zu politischen Auseinandersetzungen, aber manchmal auch zu pers\u00f6nlichen Anfeindungen, stellt sich die Frage: wie kann man sich auch wieder voneinander trennen?<\/p>\n\n\n\n<p>In der Regel sieht jedes Fraktionsstatut vor, dass ein Ausschluss m\u00f6glich ist. Das hei\u00dft die Fraktion kann auch mit Mehrheit beschlie\u00dfen sich von einzelnen Mitgliedern zu trennen. <a href=\"http:\/\/www.vg-arnsberg.nrw.de\/behoerde\/presse\/pressemitteilungen\/archiv\/2016\/05_160427\/index.php\" target=\"_blank\" rel=\"noopener\">Das Verwaltungsgericht in Arnsberg hatte jetzt in diesem Jahr ein solchen einen Fall zu entscheiden, wo auch schon vor der Kommunalwahl und im Kommunalwahlkampf klar war, dass es Animosit\u00e4ten zwischen dem einzelnen Mitglied und den \u00fcbrigen Mitgliedern der Fraktion gibt. Das Verwaltungsgericht hat deutlich gemacht, es gibt so eine Art Fraktionsmitgliedschaft auf Bew\u00e4hrung.<\/a> Wenn man sich dann eben nicht bew\u00e4hrt und nicht politisch zueinander findet, sondern immer noch die Rolle der inneren Opposition einnimmt und unangek\u00fcndigt Eigeninitiativen startet, die Fraktion blo\u00dfstellt, ist das ein Grund f\u00fcr eine Scheidung oder einen Ausschluss.<\/p>\n\n\n\n<p>Ob ein solcher Ausschluss dann am Ende rechtm\u00e4\u00dfig oder nicht ist, muss dann im Zweifel das einzelne Mitglied durch einen Rechtsstreit kl\u00e4ren lassen. Es ist nicht Aufgabe eines B\u00fcrgermeisters, eines Landrats oder einer Verwaltung das zu \u00fcberpr\u00fcfen. Auch da sind die Fraktionen grunds\u00e4tzlich frei, genauso wie auch die Gr\u00fcndung keiner Anerkennung bedarf.<\/p>\n<\/blockquote>\n","protected":false},"excerpt":{"rendered":"<p>Kommunalpolitiker sehen sich in ihrer t\u00e4glichen politischen Arbeit immer wieder mit rechtlichen Fragen konfrontiert. Gemeinsam mit Rechtsanwalt Robert Hotstegs nimmt die VLK NRW interessante rechtliche Fragenstellungen rund um die Kommunalpolitik, aktuelle Urteile und ihre Auswirkungen unter die Lupe und bringt die Sachverhalte f\u00fcr Sie &#8222;Auf den Punkt&#8220;! Zusammenschluss zur Fraktion Wie finden eigentlich Ratsfraktionen zueinander? &hellip; <\/p>\n<p class=\"link-more\"><a href=\"https:\/\/www.hotstegs-recht.de\/?p=5082\" class=\"more-link\"><span class=\"screen-reader-text\">\u201eVideo: &#8222;Auf den Punkt&#8220; Folge 3: Zusammenschluss zur Fraktion\u201c <\/span>weiterlesen<\/a><\/p>\n","protected":false},"author":1,"featured_media":5085,"comment_status":"closed","ping_status":"closed","sticky":false,"template":"","format":"video","meta":{"footnotes":""},"categories":[47,4,9,16],"tags":[40,59],"class_list":["post-5082","post","type-post","status-publish","format-video","has-post-thumbnail","hentry","category-wahlrecht","category-aktuelles","category-presse","category-burgerbeteiligung","tag-video","tag-auf-den-punkt","post_format-post-format-video"],"yoast_head":"<!-- This site is optimized with the Yoast SEO plugin v27.4 - https:\/\/yoast.com\/product\/yoast-seo-wordpress\/ -->\n<title>Video: &quot;Auf den Punkt&quot; Folge 3: Zusammenschluss zur Fraktion - Hotstegs Rechtsanwaltsgesellschaft | Rechtsanw\u00e4lt:innen und Fachanw\u00e4lt:innen f\u00fcr Verwaltungsrecht<\/title>\n<meta name=\"description\" content=\"Aktuelles - Termine unter Tel. 0211 \/ 497657-16\" \/>\n<meta name=\"robots\" content=\"index, follow, max-snippet:-1, max-image-preview:large, max-video-preview:-1\" \/>\n<link rel=\"canonical\" href=\"https:\/\/www.hotstegs-recht.de\/?p=5082\" \/>\n<meta property=\"og:locale\" content=\"de_DE\" \/>\n<meta property=\"og:type\" content=\"article\" \/>\n<meta property=\"og:title\" content=\"Video: &quot;Auf den Punkt&quot; Folge 3: Zusammenschluss zur Fraktion - Hotstegs Rechtsanwaltsgesellschaft | Rechtsanw\u00e4lt:innen und Fachanw\u00e4lt:innen f\u00fcr Verwaltungsrecht\" \/>\n<meta property=\"og:description\" content=\"Aktuelles - Termine unter Tel. 0211 \/ 497657-16\" \/>\n<meta property=\"og:url\" content=\"https:\/\/www.hotstegs-recht.de\/?p=5082\" \/>\n<meta property=\"og:site_name\" content=\"Hotstegs Rechtsanwaltsgesellschaft | Rechtsanw\u00e4lt:innen und Fachanw\u00e4lt:innen f\u00fcr Verwaltungsrecht\" \/>\n<meta property=\"article:publisher\" content=\"https:\/\/www.facebook.com\/hotstegs.recht\" \/>\n<meta property=\"article:published_time\" content=\"2016-11-18T13:34:37+00:00\" \/>\n<meta property=\"article:modified_time\" content=\"2025-10-15T10:17:04+00:00\" \/>\n<meta property=\"og:image\" content=\"https:\/\/www.hotstegs-recht.de\/wp-content\/uploads\/2016\/11\/slider22_2500_1200.jpg\" \/>\n\t<meta property=\"og:image:width\" content=\"2500\" \/>\n\t<meta property=\"og:image:height\" content=\"1200\" \/>\n\t<meta property=\"og:image:type\" content=\"image\/jpeg\" \/>\n<meta name=\"author\" content=\"Robert Hotstegs\" \/>\n<meta name=\"twitter:card\" content=\"summary_large_image\" \/>\n<meta name=\"twitter:creator\" content=\"@hotstegs_recht\" \/>\n<meta name=\"twitter:site\" content=\"@hotstegs_recht\" \/>\n<meta name=\"twitter:label1\" content=\"Verfasst von\" \/>\n\t<meta name=\"twitter:data1\" content=\"Robert Hotstegs\" \/>\n\t<meta name=\"twitter:label2\" content=\"Gesch\u00e4tzte Lesezeit\" \/>\n\t<meta name=\"twitter:data2\" content=\"1\u00a0Minute\" \/>\n<!-- \/ Yoast SEO plugin. -->","yoast_head_json":{"title":"Video: \"Auf den Punkt\" Folge 3: Zusammenschluss zur Fraktion - Hotstegs Rechtsanwaltsgesellschaft | Rechtsanw\u00e4lt:innen und Fachanw\u00e4lt:innen f\u00fcr Verwaltungsrecht","description":"Aktuelles - Termine unter Tel. 0211 \/ 497657-16","robots":{"index":"index","follow":"follow","max-snippet":"max-snippet:-1","max-image-preview":"max-image-preview:large","max-video-preview":"max-video-preview:-1"},"canonical":"https:\/\/www.hotstegs-recht.de\/?p=5082","og_locale":"de_DE","og_type":"article","og_title":"Video: \"Auf den Punkt\" Folge 3: Zusammenschluss zur Fraktion - Hotstegs Rechtsanwaltsgesellschaft | Rechtsanw\u00e4lt:innen und Fachanw\u00e4lt:innen f\u00fcr Verwaltungsrecht","og_description":"Aktuelles - Termine unter Tel. 0211 \/ 497657-16","og_url":"https:\/\/www.hotstegs-recht.de\/?p=5082","og_site_name":"Hotstegs Rechtsanwaltsgesellschaft | Rechtsanw\u00e4lt:innen und Fachanw\u00e4lt:innen f\u00fcr Verwaltungsrecht","article_publisher":"https:\/\/www.facebook.com\/hotstegs.recht","article_published_time":"2016-11-18T13:34:37+00:00","article_modified_time":"2025-10-15T10:17:04+00:00","og_image":[{"width":2500,"height":1200,"url":"https:\/\/www.hotstegs-recht.de\/wp-content\/uploads\/2016\/11\/slider22_2500_1200.jpg","type":"image\/jpeg"}],"author":"Robert Hotstegs","twitter_card":"summary_large_image","twitter_creator":"@hotstegs_recht","twitter_site":"@hotstegs_recht","twitter_misc":{"Verfasst von":"Robert Hotstegs","Gesch\u00e4tzte Lesezeit":"1\u00a0Minute"},"schema":{"@context":"https:\/\/schema.org","@graph":[{"@type":"Article","@id":"https:\/\/www.hotstegs-recht.de\/?p=5082#article","isPartOf":{"@id":"https:\/\/www.hotstegs-recht.de\/?p=5082"},"author":{"name":"Robert Hotstegs","@id":"https:\/\/www.hotstegs-recht.de\/#\/schema\/person\/b5290b51a91e1e27ec6af13643a76ab0"},"headline":"Video: &#8222;Auf den Punkt&#8220; Folge 3: Zusammenschluss zur Fraktion","datePublished":"2016-11-18T13:34:37+00:00","dateModified":"2025-10-15T10:17:04+00:00","mainEntityOfPage":{"@id":"https:\/\/www.hotstegs-recht.de\/?p=5082"},"wordCount":493,"publisher":{"@id":"https:\/\/www.hotstegs-recht.de\/#organization"},"image":{"@id":"https:\/\/www.hotstegs-recht.de\/?p=5082#primaryimage"},"thumbnailUrl":"https:\/\/www.hotstegs-recht.de\/wp-content\/uploads\/2016\/11\/slider22_2500_1200.jpg","keywords":["Video","Auf den Punkt"],"articleSection":["Wahlrecht","Aktuelles","Presse","B\u00fcrgerbeteiligung"],"inLanguage":"de"},{"@type":"WebPage","@id":"https:\/\/www.hotstegs-recht.de\/?p=5082","url":"https:\/\/www.hotstegs-recht.de\/?p=5082","name":"Video: \"Auf den Punkt\" Folge 3: Zusammenschluss zur Fraktion - Hotstegs Rechtsanwaltsgesellschaft | Rechtsanw\u00e4lt:innen und Fachanw\u00e4lt:innen f\u00fcr Verwaltungsrecht","isPartOf":{"@id":"https:\/\/www.hotstegs-recht.de\/#website"},"primaryImageOfPage":{"@id":"https:\/\/www.hotstegs-recht.de\/?p=5082#primaryimage"},"image":{"@id":"https:\/\/www.hotstegs-recht.de\/?p=5082#primaryimage"},"thumbnailUrl":"https:\/\/www.hotstegs-recht.de\/wp-content\/uploads\/2016\/11\/slider22_2500_1200.jpg","datePublished":"2016-11-18T13:34:37+00:00","dateModified":"2025-10-15T10:17:04+00:00","description":"Aktuelles - Termine unter Tel. 0211 \/ 497657-16","breadcrumb":{"@id":"https:\/\/www.hotstegs-recht.de\/?p=5082#breadcrumb"},"inLanguage":"de","potentialAction":[{"@type":"ReadAction","target":["https:\/\/www.hotstegs-recht.de\/?p=5082"]}]},{"@type":"ImageObject","inLanguage":"de","@id":"https:\/\/www.hotstegs-recht.de\/?p=5082#primaryimage","url":"https:\/\/www.hotstegs-recht.de\/wp-content\/uploads\/2016\/11\/slider22_2500_1200.jpg","contentUrl":"https:\/\/www.hotstegs-recht.de\/wp-content\/uploads\/2016\/11\/slider22_2500_1200.jpg","width":2500,"height":1200},{"@type":"BreadcrumbList","@id":"https:\/\/www.hotstegs-recht.de\/?p=5082#breadcrumb","itemListElement":[{"@type":"ListItem","position":1,"name":"Startseite","item":"https:\/\/www.hotstegs-recht.de\/"},{"@type":"ListItem","position":2,"name":"Video: &#8222;Auf den Punkt&#8220; Folge 3: Zusammenschluss zur Fraktion"}]},{"@type":"WebSite","@id":"https:\/\/www.hotstegs-recht.de\/#website","url":"https:\/\/www.hotstegs-recht.de\/","name":"Hotstegs Rechtsanwaltsgesellschaft | Rechtsanw\u00e4lt:innen und Fachanw\u00e4lt:innen f\u00fcr Verwaltungsrecht","description":"\u00f6ffentliches Dienstrecht und Disziplinarverfahren | Rechtsanwalt Robert Hotstegs | Rechtsanw\u00e4ltin Sarah Nu\u00dfbaum | Rechtsanw\u00e4ltin Katharina Voigt","publisher":{"@id":"https:\/\/www.hotstegs-recht.de\/#organization"},"potentialAction":[{"@type":"SearchAction","target":{"@type":"EntryPoint","urlTemplate":"https:\/\/www.hotstegs-recht.de\/?s={search_term_string}"},"query-input":{"@type":"PropertyValueSpecification","valueRequired":true,"valueName":"search_term_string"}}],"inLanguage":"de"},{"@type":"Organization","@id":"https:\/\/www.hotstegs-recht.de\/#organization","name":"Hotstegs Rechtsanwaltsgesellschaft","url":"https:\/\/www.hotstegs-recht.de\/","logo":{"@type":"ImageObject","inLanguage":"de","@id":"https:\/\/www.hotstegs-recht.de\/#\/schema\/logo\/image\/","url":"https:\/\/www.hotstegs-recht.de\/wp-content\/uploads\/2021\/09\/logo_2020.png","contentUrl":"https:\/\/www.hotstegs-recht.de\/wp-content\/uploads\/2021\/09\/logo_2020.png","width":180,"height":51,"caption":"Hotstegs Rechtsanwaltsgesellschaft"},"image":{"@id":"https:\/\/www.hotstegs-recht.de\/#\/schema\/logo\/image\/"},"sameAs":["https:\/\/www.facebook.com\/hotstegs.recht","https:\/\/x.com\/hotstegs_recht","https:\/\/www.instagram.com\/hotstegs.recht","https:\/\/de.linkedin.com\/company\/hotstegs-recht"]},{"@type":"Person","@id":"https:\/\/www.hotstegs-recht.de\/#\/schema\/person\/b5290b51a91e1e27ec6af13643a76ab0","name":"Robert Hotstegs","image":{"@type":"ImageObject","inLanguage":"de","@id":"https:\/\/secure.gravatar.com\/avatar\/7d923d735cd88c8f3b65c6506ab775c5eb23a82716d81ce74eb3951cb8430f5a?s=96&d=blank&r=g","url":"https:\/\/secure.gravatar.com\/avatar\/7d923d735cd88c8f3b65c6506ab775c5eb23a82716d81ce74eb3951cb8430f5a?s=96&d=blank&r=g","contentUrl":"https:\/\/secure.gravatar.com\/avatar\/7d923d735cd88c8f3b65c6506ab775c5eb23a82716d81ce74eb3951cb8430f5a?s=96&d=blank&r=g","caption":"Robert Hotstegs"},"description":"Rechtsanwalt, Fachanwalt f\u00fcr Verwaltungsrecht","url":"https:\/\/www.hotstegs-recht.de\/?author=1"}]}},"amp_enabled":true,"_links":{"self":[{"href":"https:\/\/www.hotstegs-recht.de\/index.php?rest_route=\/wp\/v2\/posts\/5082","targetHints":{"allow":["GET"]}}],"collection":[{"href":"https:\/\/www.hotstegs-recht.de\/index.php?rest_route=\/wp\/v2\/posts"}],"about":[{"href":"https:\/\/www.hotstegs-recht.de\/index.php?rest_route=\/wp\/v2\/types\/post"}],"author":[{"embeddable":true,"href":"https:\/\/www.hotstegs-recht.de\/index.php?rest_route=\/wp\/v2\/users\/1"}],"replies":[{"embeddable":true,"href":"https:\/\/www.hotstegs-recht.de\/index.php?rest_route=%2Fwp%2Fv2%2Fcomments&post=5082"}],"version-history":[{"count":3,"href":"https:\/\/www.hotstegs-recht.de\/index.php?rest_route=\/wp\/v2\/posts\/5082\/revisions"}],"predecessor-version":[{"id":10230,"href":"https:\/\/www.hotstegs-recht.de\/index.php?rest_route=\/wp\/v2\/posts\/5082\/revisions\/10230"}],"wp:featuredmedia":[{"embeddable":true,"href":"https:\/\/www.hotstegs-recht.de\/index.php?rest_route=\/wp\/v2\/media\/5085"}],"wp:attachment":[{"href":"https:\/\/www.hotstegs-recht.de\/index.php?rest_route=%2Fwp%2Fv2%2Fmedia&parent=5082"}],"wp:term":[{"taxonomy":"category","embeddable":true,"href":"https:\/\/www.hotstegs-recht.de\/index.php?rest_route=%2Fwp%2Fv2%2Fcategories&post=5082"},{"taxonomy":"post_tag","embeddable":true,"href":"https:\/\/www.hotstegs-recht.de\/index.php?rest_route=%2Fwp%2Fv2%2Ftags&post=5082"}],"curies":[{"name":"wp","href":"https:\/\/api.w.org\/{rel}","templated":true}]}}