{"id":463,"date":"2010-09-28T22:32:38","date_gmt":"2010-09-28T20:32:38","guid":{"rendered":"http:\/\/www.obst-hotstegs.de\/?p=463"},"modified":"2021-04-14T15:05:39","modified_gmt":"2021-04-14T13:05:39","slug":"erfolgreicher-verlauf-des-ersten-dualen-anwaltsorientierten-praktikumsprogramms-von-rak-und-universitat-newsletter-der-rechtsanwaltskammer-dusseldorf-vom-28-09-2010","status":"publish","type":"post","link":"https:\/\/www.hotstegs-recht.de\/?p=463","title":{"rendered":"Erfolgreicher Verlauf des ersten dualen anwaltsorientierten Praktikumsprogramms von RAK und Universit\u00e4t, Newsletter der Rechtsanwaltskammer D\u00fcsseldorf vom 28.09.2010"},"content":{"rendered":"<p>In der Zeit zwischen dem 02.08. und dem 10.09.2010 hat die Rechtsanwaltskammer D\u00fcsseldorf in Kooperation mit der Juristischen Fakult\u00e4t der Heinrich-Heine-Universit\u00e4t D\u00fcsseldorf und unterst\u00fctzt vom Freundeskreis der D\u00fcsseldorfer Juristischen Fakult\u00e4t <acronym title=\"eingetragener Verein\">e.V.<\/acronym> erstmals ein duales anwaltsorientiertes Praktikumsprogramm f\u00fcr Jurastudentinnen und \u2013studenten der D\u00fcsseldorfer Uni durchgef\u00fchrt.<!--more--><\/p>\n<p>Die Besonderheit bestand darin, dass die Studierenden zus\u00e4tzlich zu der Ausbildung in einer Anwaltskanzlei an insgesamt sechs Theorietagen in der Rechtsanwaltskammer teilnahmen. Im Rahmen dieser Theorietage wurden sie u.a. mit den Themen \u201eDas zivilrechtliche Mandat\u201c, \u201eDas Mandat in einer gro\u00dfen Wirtschaftskanzlei\u201c, \u201eDas strafrechtliche Mandat\u201c und \u201eDas verwaltungsrechtliche Mandat\u201c vertraut gemacht. Dabei wurden Vortrags- und Referatsteile durch praktische \u00dcbungen, Rollenspiele und Diskussionen erg\u00e4nzt. Zur Begleitung des Theorieteils hatten alle Referenten Skripten erstellt, die au\u00dfer den Studierenden auch den Ausbildungskanzleien zur Verf\u00fcgung gestellt wurden, um ein Ineinandergreifen von theoretischer und praktischer Ausbildung zu gew\u00e4hrleisten.<\/p>\n<p>An der Pilotphase nahmen insgesamt 30 Studierende teil. F\u00fcr das erfolgreiche Durchlaufen des Programms, das als praktische Ausbildung im Rahmen des Pflichtpraktikums nach \u00a7 8 <acronym title=\"Juristische Arbeitsbl\u00e4tter\">JA<\/acronym>G NW anerkannt wird, erhielten sie ein besonderes Zertifikat mit den Unterschriften des Studiendekans der D\u00fcsseldorfer Juristischen Fakult\u00e4t Prof. Dr. Horst Schlehofer und des Pr\u00e4sidenten der Rechtsanwaltskammer D\u00fcsseldorf Alfred Ulrich.<\/p>\n<p>Aufgrund des sehr guten Verlaufs und der \u00fcberaus positiven R\u00fcckmeldungen sowohl seitens der Studierenden als auch der Ausbildungskanzleien soll das Programm fortgesetzt werden.<\/p>\n<hr \/>\n<p><a title=\"Rechtsanwalt Hotstegs\" href=\"\/?people=robert-hotstegs\"> Rechtsanwalt Robert Hotstegs<\/a> referierte im Rahmen der dualen Ausbildung \u00fcber &#8222;das verwaltungsrechtliche Mandat&#8220;.<\/p>\n","protected":false},"excerpt":{"rendered":"<p>In der Zeit zwischen dem 02.08. und dem 10.09.2010 hat die Rechtsanwaltskammer D\u00fcsseldorf in Kooperation mit der Juristischen Fakult\u00e4t der Heinrich-Heine-Universit\u00e4t D\u00fcsseldorf und unterst\u00fctzt vom Freundeskreis der D\u00fcsseldorfer Juristischen Fakult\u00e4t e.V. erstmals ein duales anwaltsorientiertes Praktikumsprogramm f\u00fcr Jurastudentinnen und \u2013studenten der D\u00fcsseldorfer Uni durchgef\u00fchrt.<\/p>\n","protected":false},"author":4,"featured_media":0,"comment_status":"closed","ping_status":"closed","sticky":false,"template":"","format":"standard","meta":{"footnotes":""},"categories":[9],"tags":[],"class_list":["post-463","post","type-post","status-publish","format-standard","hentry","category-presse"],"yoast_head":"<!-- This site is optimized with the Yoast SEO plugin v27.4 - https:\/\/yoast.com\/product\/yoast-seo-wordpress\/ -->\n<title>Erfolgreicher Verlauf des ersten dualen anwaltsorientierten Praktikumsprogramms von RAK und Universit\u00e4t, Newsletter der Rechtsanwaltskammer D\u00fcsseldorf vom 28.09.2010 - Hotstegs Rechtsanwaltsgesellschaft | Rechtsanw\u00e4lt:innen und Fachanw\u00e4lt:innen f\u00fcr Verwaltungsrecht<\/title>\n<meta name=\"description\" content=\"- Termine unter Tel. 0211 \/ 497657-16\" \/>\n<meta name=\"robots\" content=\"index, follow, max-snippet:-1, max-image-preview:large, max-video-preview:-1\" \/>\n<link rel=\"canonical\" href=\"https:\/\/www.hotstegs-recht.de\/?p=463\" \/>\n<meta property=\"og:locale\" content=\"de_DE\" \/>\n<meta property=\"og:type\" content=\"article\" \/>\n<meta property=\"og:title\" content=\"Erfolgreicher Verlauf des ersten dualen anwaltsorientierten Praktikumsprogramms von RAK und Universit\u00e4t, Newsletter der Rechtsanwaltskammer D\u00fcsseldorf vom 28.09.2010 - Hotstegs Rechtsanwaltsgesellschaft | Rechtsanw\u00e4lt:innen und Fachanw\u00e4lt:innen f\u00fcr Verwaltungsrecht\" \/>\n<meta property=\"og:description\" content=\"- Termine unter Tel. 0211 \/ 497657-16\" \/>\n<meta property=\"og:url\" content=\"https:\/\/www.hotstegs-recht.de\/?p=463\" \/>\n<meta property=\"og:site_name\" content=\"Hotstegs Rechtsanwaltsgesellschaft | Rechtsanw\u00e4lt:innen und Fachanw\u00e4lt:innen f\u00fcr Verwaltungsrecht\" \/>\n<meta property=\"article:publisher\" content=\"https:\/\/www.facebook.com\/hotstegs.recht\" \/>\n<meta property=\"article:published_time\" content=\"2010-09-28T20:32:38+00:00\" \/>\n<meta property=\"article:modified_time\" content=\"2021-04-14T13:05:39+00:00\" \/>\n<meta name=\"author\" content=\"Mitarbeiter:in\" \/>\n<meta name=\"twitter:card\" content=\"summary_large_image\" \/>\n<meta name=\"twitter:creator\" content=\"@hotstegs_recht\" \/>\n<meta name=\"twitter:site\" content=\"@hotstegs_recht\" \/>\n<meta name=\"twitter:label1\" content=\"Verfasst von\" \/>\n\t<meta name=\"twitter:data1\" content=\"Mitarbeiter:in\" \/>\n\t<meta name=\"twitter:label2\" content=\"Gesch\u00e4tzte Lesezeit\" \/>\n\t<meta name=\"twitter:data2\" content=\"1\u00a0Minute\" \/>\n<!-- \/ Yoast SEO plugin. -->","yoast_head_json":{"title":"Erfolgreicher Verlauf des ersten dualen anwaltsorientierten Praktikumsprogramms von RAK und Universit\u00e4t, Newsletter der Rechtsanwaltskammer D\u00fcsseldorf vom 28.09.2010 - Hotstegs Rechtsanwaltsgesellschaft | Rechtsanw\u00e4lt:innen und Fachanw\u00e4lt:innen f\u00fcr Verwaltungsrecht","description":"- Termine unter Tel. 0211 \/ 497657-16","robots":{"index":"index","follow":"follow","max-snippet":"max-snippet:-1","max-image-preview":"max-image-preview:large","max-video-preview":"max-video-preview:-1"},"canonical":"https:\/\/www.hotstegs-recht.de\/?p=463","og_locale":"de_DE","og_type":"article","og_title":"Erfolgreicher Verlauf des ersten dualen anwaltsorientierten Praktikumsprogramms von RAK und Universit\u00e4t, Newsletter der Rechtsanwaltskammer D\u00fcsseldorf vom 28.09.2010 - Hotstegs Rechtsanwaltsgesellschaft | Rechtsanw\u00e4lt:innen und Fachanw\u00e4lt:innen f\u00fcr Verwaltungsrecht","og_description":"- Termine unter Tel. 0211 \/ 497657-16","og_url":"https:\/\/www.hotstegs-recht.de\/?p=463","og_site_name":"Hotstegs Rechtsanwaltsgesellschaft | Rechtsanw\u00e4lt:innen und Fachanw\u00e4lt:innen f\u00fcr Verwaltungsrecht","article_publisher":"https:\/\/www.facebook.com\/hotstegs.recht","article_published_time":"2010-09-28T20:32:38+00:00","article_modified_time":"2021-04-14T13:05:39+00:00","author":"Mitarbeiter:in","twitter_card":"summary_large_image","twitter_creator":"@hotstegs_recht","twitter_site":"@hotstegs_recht","twitter_misc":{"Verfasst von":"Mitarbeiter:in","Gesch\u00e4tzte Lesezeit":"1\u00a0Minute"},"schema":{"@context":"https:\/\/schema.org","@graph":[{"@type":"Article","@id":"https:\/\/www.hotstegs-recht.de\/?p=463#article","isPartOf":{"@id":"https:\/\/www.hotstegs-recht.de\/?p=463"},"author":{"name":"Mitarbeiter:in","@id":"https:\/\/www.hotstegs-recht.de\/#\/schema\/person\/18c7a8260c2d9ded2b8308feab0990a2"},"headline":"Erfolgreicher Verlauf des ersten dualen anwaltsorientierten Praktikumsprogramms von RAK und Universit\u00e4t, Newsletter der Rechtsanwaltskammer D\u00fcsseldorf vom 28.09.2010","datePublished":"2010-09-28T20:32:38+00:00","dateModified":"2021-04-14T13:05:39+00:00","mainEntityOfPage":{"@id":"https:\/\/www.hotstegs-recht.de\/?p=463"},"wordCount":264,"publisher":{"@id":"https:\/\/www.hotstegs-recht.de\/#organization"},"articleSection":["Presse"],"inLanguage":"de"},{"@type":"WebPage","@id":"https:\/\/www.hotstegs-recht.de\/?p=463","url":"https:\/\/www.hotstegs-recht.de\/?p=463","name":"Erfolgreicher Verlauf des ersten dualen anwaltsorientierten Praktikumsprogramms von RAK und Universit\u00e4t, Newsletter der Rechtsanwaltskammer D\u00fcsseldorf vom 28.09.2010 - Hotstegs Rechtsanwaltsgesellschaft | Rechtsanw\u00e4lt:innen und Fachanw\u00e4lt:innen f\u00fcr Verwaltungsrecht","isPartOf":{"@id":"https:\/\/www.hotstegs-recht.de\/#website"},"datePublished":"2010-09-28T20:32:38+00:00","dateModified":"2021-04-14T13:05:39+00:00","description":"- Termine unter Tel. 0211 \/ 497657-16","breadcrumb":{"@id":"https:\/\/www.hotstegs-recht.de\/?p=463#breadcrumb"},"inLanguage":"de","potentialAction":[{"@type":"ReadAction","target":["https:\/\/www.hotstegs-recht.de\/?p=463"]}]},{"@type":"BreadcrumbList","@id":"https:\/\/www.hotstegs-recht.de\/?p=463#breadcrumb","itemListElement":[{"@type":"ListItem","position":1,"name":"Startseite","item":"https:\/\/www.hotstegs-recht.de\/"},{"@type":"ListItem","position":2,"name":"Erfolgreicher Verlauf des ersten dualen anwaltsorientierten Praktikumsprogramms von RAK und Universit\u00e4t, Newsletter der Rechtsanwaltskammer D\u00fcsseldorf vom 28.09.2010"}]},{"@type":"WebSite","@id":"https:\/\/www.hotstegs-recht.de\/#website","url":"https:\/\/www.hotstegs-recht.de\/","name":"Hotstegs Rechtsanwaltsgesellschaft | Rechtsanw\u00e4lt:innen und Fachanw\u00e4lt:innen f\u00fcr Verwaltungsrecht","description":"\u00f6ffentliches Dienstrecht und Disziplinarverfahren | Rechtsanwalt Robert Hotstegs | Rechtsanw\u00e4ltin Sarah Nu\u00dfbaum | Rechtsanw\u00e4ltin Katharina Voigt","publisher":{"@id":"https:\/\/www.hotstegs-recht.de\/#organization"},"potentialAction":[{"@type":"SearchAction","target":{"@type":"EntryPoint","urlTemplate":"https:\/\/www.hotstegs-recht.de\/?s={search_term_string}"},"query-input":{"@type":"PropertyValueSpecification","valueRequired":true,"valueName":"search_term_string"}}],"inLanguage":"de"},{"@type":"Organization","@id":"https:\/\/www.hotstegs-recht.de\/#organization","name":"Hotstegs Rechtsanwaltsgesellschaft","url":"https:\/\/www.hotstegs-recht.de\/","logo":{"@type":"ImageObject","inLanguage":"de","@id":"https:\/\/www.hotstegs-recht.de\/#\/schema\/logo\/image\/","url":"https:\/\/www.hotstegs-recht.de\/wp-content\/uploads\/2021\/09\/logo_2020.png","contentUrl":"https:\/\/www.hotstegs-recht.de\/wp-content\/uploads\/2021\/09\/logo_2020.png","width":180,"height":51,"caption":"Hotstegs Rechtsanwaltsgesellschaft"},"image":{"@id":"https:\/\/www.hotstegs-recht.de\/#\/schema\/logo\/image\/"},"sameAs":["https:\/\/www.facebook.com\/hotstegs.recht","https:\/\/x.com\/hotstegs_recht","https:\/\/www.instagram.com\/hotstegs.recht","https:\/\/de.linkedin.com\/company\/hotstegs-recht"]},{"@type":"Person","@id":"https:\/\/www.hotstegs-recht.de\/#\/schema\/person\/18c7a8260c2d9ded2b8308feab0990a2","name":"Mitarbeiter:in","image":{"@type":"ImageObject","inLanguage":"de","@id":"https:\/\/secure.gravatar.com\/avatar\/ff927e44276052255fa51b438cd49d6bee71e07c0621a998717cee201e5d2fff?s=96&d=blank&r=g","url":"https:\/\/secure.gravatar.com\/avatar\/ff927e44276052255fa51b438cd49d6bee71e07c0621a998717cee201e5d2fff?s=96&d=blank&r=g","contentUrl":"https:\/\/secure.gravatar.com\/avatar\/ff927e44276052255fa51b438cd49d6bee71e07c0621a998717cee201e5d2fff?s=96&d=blank&r=g","caption":"Mitarbeiter:in"},"url":"https:\/\/www.hotstegs-recht.de\/?author=4"}]}},"amp_enabled":true,"_links":{"self":[{"href":"https:\/\/www.hotstegs-recht.de\/index.php?rest_route=\/wp\/v2\/posts\/463","targetHints":{"allow":["GET"]}}],"collection":[{"href":"https:\/\/www.hotstegs-recht.de\/index.php?rest_route=\/wp\/v2\/posts"}],"about":[{"href":"https:\/\/www.hotstegs-recht.de\/index.php?rest_route=\/wp\/v2\/types\/post"}],"author":[{"embeddable":true,"href":"https:\/\/www.hotstegs-recht.de\/index.php?rest_route=\/wp\/v2\/users\/4"}],"replies":[{"embeddable":true,"href":"https:\/\/www.hotstegs-recht.de\/index.php?rest_route=%2Fwp%2Fv2%2Fcomments&post=463"}],"version-history":[{"count":1,"href":"https:\/\/www.hotstegs-recht.de\/index.php?rest_route=\/wp\/v2\/posts\/463\/revisions"}],"predecessor-version":[{"id":8218,"href":"https:\/\/www.hotstegs-recht.de\/index.php?rest_route=\/wp\/v2\/posts\/463\/revisions\/8218"}],"wp:attachment":[{"href":"https:\/\/www.hotstegs-recht.de\/index.php?rest_route=%2Fwp%2Fv2%2Fmedia&parent=463"}],"wp:term":[{"taxonomy":"category","embeddable":true,"href":"https:\/\/www.hotstegs-recht.de\/index.php?rest_route=%2Fwp%2Fv2%2Fcategories&post=463"},{"taxonomy":"post_tag","embeddable":true,"href":"https:\/\/www.hotstegs-recht.de\/index.php?rest_route=%2Fwp%2Fv2%2Ftags&post=463"}],"curies":[{"name":"wp","href":"https:\/\/api.w.org\/{rel}","templated":true}]}}