{"id":4543,"date":"2016-04-15T17:14:19","date_gmt":"2016-04-15T15:14:19","guid":{"rendered":"http:\/\/www.hotstegs-recht.de\/?p=4543"},"modified":"2016-09-06T14:29:47","modified_gmt":"2016-09-06T12:29:47","slug":"leserbrief-zu-lisa-erzinger-maenner-als-gleichstellungsbeauftragte-im-oeffentlichen-dienst-nvwz-2016-heft-8-vii","status":"publish","type":"post","link":"https:\/\/www.hotstegs-recht.de\/?p=4543","title":{"rendered":"Leserbrief: Zu Lisa Erzinger, &#8222;M\u00e4nner als Gleichstellungsbeauftragte im \u00f6ffentlichen Dienst&#8220;, NVwZ 2016, Heft 8, VII"},"content":{"rendered":"<p>Der \u00dcberblick von Erzinger ist zutreffend, es lohnt aber den Blick \u00fcber die klassischen Gesetzgeber in Bund und Land hinaus zu erweitern. So regeln etwa die Kirchen f\u00fcr ihren Bereich die Frage der Frauen-\/M\u00e4nnerf\u00f6rderung eigenst\u00e4ndig. Erw\u00e4hnenswert ist hier die aktuelle \u00c4nderung des Gleichstellungsgesetzes der Ev. Kirche im Rheinland durch \u00c4nderungsgesetz vom 15.1.2016. Darin hat die Kirche \u00fcber den im Aufsatz erw\u00e4hnten Bildungsbereich hinaus auch eine fehlende Repr\u00e4sentanz von M\u00e4nnern etwa im Pflegebereich oder im Bereich der Kindererziehung erkannt. Gerade bei der Ausgliederung von sozialen Aufgaben auf rechtlich eigenst\u00e4ndige Tr\u00e4ger d\u00fcrften h\u00e4ufiger weibliche Besch\u00e4ftigte in der Mehrzahl sein. Der kirchliche Gesetzgeber hat dem nun Rechnung getragen und als Soll-Vorschrift die Bestellung einer\/eines Gleichstellungsbeauftragten mit einer Stellvertreterin\/einem Stellvertreter des jeweils anderen Geschlechts eingef\u00fchrt (\u00a7 13 Abs. 1 S. 2 Gleichstellungsgesetz EKiR). Neben dem Hamburg-Modell d\u00fcrfte dieses Rheinland-Modell noch gr\u00f6\u00dfere Flexibilit\u00e4t f\u00fcr die jeweilige Dienststelle bieten.<\/p>\n<p>Robert Hotstegs, Fachanwalt f\u00fcr Verwaltungsrecht, D\u00fcsseldorf<\/p>\n","protected":false},"excerpt":{"rendered":"<p>Der \u00dcberblick von Erzinger ist zutreffend, es lohnt aber den Blick \u00fcber die klassischen Gesetzgeber in Bund und Land hinaus zu erweitern. So regeln etwa die Kirchen f\u00fcr ihren Bereich die Frage der Frauen-\/M\u00e4nnerf\u00f6rderung eigenst\u00e4ndig. Erw\u00e4hnenswert ist hier die aktuelle \u00c4nderung des Gleichstellungsgesetzes der Ev. Kirche im Rheinland durch \u00c4nderungsgesetz vom 15.1.2016. Darin hat die &hellip; <\/p>\n<p class=\"link-more\"><a href=\"https:\/\/www.hotstegs-recht.de\/?p=4543\" class=\"more-link\"><span class=\"screen-reader-text\">\u201eLeserbrief: Zu Lisa Erzinger, &#8222;M\u00e4nner als Gleichstellungsbeauftragte im \u00f6ffentlichen Dienst&#8220;, NVwZ 2016, Heft 8, VII\u201c <\/span>weiterlesen<\/a><\/p>\n","protected":false},"author":1,"featured_media":0,"comment_status":"open","ping_status":"open","sticky":false,"template":"","format":"aside","meta":{"footnotes":""},"categories":[4,9,14,39],"tags":[],"class_list":["post-4543","post","type-post","status-publish","format-aside","hentry","category-aktuelles","category-presse","category-beamtenrecht","category-ev-kirchenrecht","post_format-post-format-aside"],"yoast_head":"<!-- This site is optimized with the Yoast SEO plugin v27.5 - https:\/\/yoast.com\/product\/yoast-seo-wordpress\/ -->\n<title>Leserbrief: Zu Lisa Erzinger, &quot;M\u00e4nner als Gleichstellungsbeauftragte im \u00f6ffentlichen Dienst&quot;, NVwZ 2016, Heft 8, VII - Hotstegs Rechtsanwaltsgesellschaft | Rechtsanw\u00e4lt:innen und Fachanw\u00e4lt:innen f\u00fcr Verwaltungsrecht<\/title>\n<meta name=\"description\" content=\"- Termine unter Tel. 0211 \/ 497657-16\" \/>\n<meta name=\"robots\" content=\"index, follow, max-snippet:-1, max-image-preview:large, max-video-preview:-1\" \/>\n<link rel=\"canonical\" href=\"https:\/\/www.hotstegs-recht.de\/?p=4543\" \/>\n<meta property=\"og:locale\" content=\"de_DE\" \/>\n<meta property=\"og:type\" content=\"article\" \/>\n<meta property=\"og:title\" content=\"Leserbrief: Zu Lisa Erzinger, &quot;M\u00e4nner als Gleichstellungsbeauftragte im \u00f6ffentlichen Dienst&quot;, NVwZ 2016, Heft 8, VII - Hotstegs Rechtsanwaltsgesellschaft | Rechtsanw\u00e4lt:innen und Fachanw\u00e4lt:innen f\u00fcr Verwaltungsrecht\" \/>\n<meta property=\"og:description\" content=\"- Termine unter Tel. 0211 \/ 497657-16\" \/>\n<meta property=\"og:url\" content=\"https:\/\/www.hotstegs-recht.de\/?p=4543\" \/>\n<meta property=\"og:site_name\" content=\"Hotstegs Rechtsanwaltsgesellschaft | Rechtsanw\u00e4lt:innen und Fachanw\u00e4lt:innen f\u00fcr Verwaltungsrecht\" \/>\n<meta property=\"article:publisher\" content=\"https:\/\/www.facebook.com\/hotstegs.recht\" \/>\n<meta property=\"article:published_time\" content=\"2016-04-15T15:14:19+00:00\" \/>\n<meta property=\"article:modified_time\" content=\"2016-09-06T12:29:47+00:00\" \/>\n<meta name=\"author\" content=\"Robert Hotstegs\" \/>\n<meta name=\"twitter:card\" content=\"summary_large_image\" \/>\n<meta name=\"twitter:creator\" content=\"@hotstegs_recht\" \/>\n<meta name=\"twitter:site\" content=\"@hotstegs_recht\" \/>\n<meta name=\"twitter:label1\" content=\"Verfasst von\" \/>\n\t<meta name=\"twitter:data1\" content=\"Robert Hotstegs\" \/>\n\t<meta name=\"twitter:label2\" content=\"Gesch\u00e4tzte Lesezeit\" \/>\n\t<meta name=\"twitter:data2\" content=\"1\u00a0Minute\" \/>\n<!-- \/ Yoast SEO plugin. -->","yoast_head_json":{"title":"Leserbrief: Zu Lisa Erzinger, \"M\u00e4nner als Gleichstellungsbeauftragte im \u00f6ffentlichen Dienst\", NVwZ 2016, Heft 8, VII - Hotstegs Rechtsanwaltsgesellschaft | Rechtsanw\u00e4lt:innen und Fachanw\u00e4lt:innen f\u00fcr Verwaltungsrecht","description":"- Termine unter Tel. 0211 \/ 497657-16","robots":{"index":"index","follow":"follow","max-snippet":"max-snippet:-1","max-image-preview":"max-image-preview:large","max-video-preview":"max-video-preview:-1"},"canonical":"https:\/\/www.hotstegs-recht.de\/?p=4543","og_locale":"de_DE","og_type":"article","og_title":"Leserbrief: Zu Lisa Erzinger, \"M\u00e4nner als Gleichstellungsbeauftragte im \u00f6ffentlichen Dienst\", NVwZ 2016, Heft 8, VII - Hotstegs Rechtsanwaltsgesellschaft | Rechtsanw\u00e4lt:innen und Fachanw\u00e4lt:innen f\u00fcr Verwaltungsrecht","og_description":"- Termine unter Tel. 0211 \/ 497657-16","og_url":"https:\/\/www.hotstegs-recht.de\/?p=4543","og_site_name":"Hotstegs Rechtsanwaltsgesellschaft | Rechtsanw\u00e4lt:innen und Fachanw\u00e4lt:innen f\u00fcr Verwaltungsrecht","article_publisher":"https:\/\/www.facebook.com\/hotstegs.recht","article_published_time":"2016-04-15T15:14:19+00:00","article_modified_time":"2016-09-06T12:29:47+00:00","author":"Robert Hotstegs","twitter_card":"summary_large_image","twitter_creator":"@hotstegs_recht","twitter_site":"@hotstegs_recht","twitter_misc":{"Verfasst von":"Robert Hotstegs","Gesch\u00e4tzte Lesezeit":"1\u00a0Minute"},"schema":{"@context":"https:\/\/schema.org","@graph":[{"@type":"Article","@id":"https:\/\/www.hotstegs-recht.de\/?p=4543#article","isPartOf":{"@id":"https:\/\/www.hotstegs-recht.de\/?p=4543"},"author":{"name":"Robert Hotstegs","@id":"https:\/\/www.hotstegs-recht.de\/#\/schema\/person\/b5290b51a91e1e27ec6af13643a76ab0"},"headline":"Leserbrief: Zu Lisa Erzinger, &#8222;M\u00e4nner als Gleichstellungsbeauftragte im \u00f6ffentlichen Dienst&#8220;, NVwZ 2016, Heft 8, VII","datePublished":"2016-04-15T15:14:19+00:00","dateModified":"2016-09-06T12:29:47+00:00","mainEntityOfPage":{"@id":"https:\/\/www.hotstegs-recht.de\/?p=4543"},"wordCount":181,"commentCount":0,"publisher":{"@id":"https:\/\/www.hotstegs-recht.de\/#organization"},"articleSection":["Aktuelles","Presse","Beamtenrecht","ev. Kirchenrecht"],"inLanguage":"de","potentialAction":[{"@type":"CommentAction","name":"Comment","target":["https:\/\/www.hotstegs-recht.de\/?p=4543#respond"]}]},{"@type":"WebPage","@id":"https:\/\/www.hotstegs-recht.de\/?p=4543","url":"https:\/\/www.hotstegs-recht.de\/?p=4543","name":"Leserbrief: Zu Lisa Erzinger, \"M\u00e4nner als Gleichstellungsbeauftragte im \u00f6ffentlichen Dienst\", NVwZ 2016, Heft 8, VII - Hotstegs Rechtsanwaltsgesellschaft | Rechtsanw\u00e4lt:innen und Fachanw\u00e4lt:innen f\u00fcr Verwaltungsrecht","isPartOf":{"@id":"https:\/\/www.hotstegs-recht.de\/#website"},"datePublished":"2016-04-15T15:14:19+00:00","dateModified":"2016-09-06T12:29:47+00:00","description":"- Termine unter Tel. 0211 \/ 497657-16","breadcrumb":{"@id":"https:\/\/www.hotstegs-recht.de\/?p=4543#breadcrumb"},"inLanguage":"de","potentialAction":[{"@type":"ReadAction","target":["https:\/\/www.hotstegs-recht.de\/?p=4543"]}]},{"@type":"BreadcrumbList","@id":"https:\/\/www.hotstegs-recht.de\/?p=4543#breadcrumb","itemListElement":[{"@type":"ListItem","position":1,"name":"Startseite","item":"https:\/\/www.hotstegs-recht.de\/"},{"@type":"ListItem","position":2,"name":"Leserbrief: Zu Lisa Erzinger, &#8222;M\u00e4nner als Gleichstellungsbeauftragte im \u00f6ffentlichen Dienst&#8220;, NVwZ 2016, Heft 8, VII"}]},{"@type":"WebSite","@id":"https:\/\/www.hotstegs-recht.de\/#website","url":"https:\/\/www.hotstegs-recht.de\/","name":"Hotstegs Rechtsanwaltsgesellschaft | Rechtsanw\u00e4lt:innen und Fachanw\u00e4lt:innen f\u00fcr Verwaltungsrecht","description":"\u00f6ffentliches Dienstrecht und Disziplinarverfahren | Rechtsanwalt Robert Hotstegs | Rechtsanw\u00e4ltin Sarah Nu\u00dfbaum | Rechtsanw\u00e4ltin Katharina Voigt","publisher":{"@id":"https:\/\/www.hotstegs-recht.de\/#organization"},"potentialAction":[{"@type":"SearchAction","target":{"@type":"EntryPoint","urlTemplate":"https:\/\/www.hotstegs-recht.de\/?s={search_term_string}"},"query-input":{"@type":"PropertyValueSpecification","valueRequired":true,"valueName":"search_term_string"}}],"inLanguage":"de"},{"@type":"Organization","@id":"https:\/\/www.hotstegs-recht.de\/#organization","name":"Hotstegs Rechtsanwaltsgesellschaft","url":"https:\/\/www.hotstegs-recht.de\/","logo":{"@type":"ImageObject","inLanguage":"de","@id":"https:\/\/www.hotstegs-recht.de\/#\/schema\/logo\/image\/","url":"https:\/\/www.hotstegs-recht.de\/wp-content\/uploads\/2021\/09\/logo_2020.png","contentUrl":"https:\/\/www.hotstegs-recht.de\/wp-content\/uploads\/2021\/09\/logo_2020.png","width":180,"height":51,"caption":"Hotstegs Rechtsanwaltsgesellschaft"},"image":{"@id":"https:\/\/www.hotstegs-recht.de\/#\/schema\/logo\/image\/"},"sameAs":["https:\/\/www.facebook.com\/hotstegs.recht","https:\/\/x.com\/hotstegs_recht","https:\/\/www.instagram.com\/hotstegs.recht","https:\/\/de.linkedin.com\/company\/hotstegs-recht"]},{"@type":"Person","@id":"https:\/\/www.hotstegs-recht.de\/#\/schema\/person\/b5290b51a91e1e27ec6af13643a76ab0","name":"Robert Hotstegs","image":{"@type":"ImageObject","inLanguage":"de","@id":"https:\/\/secure.gravatar.com\/avatar\/7d923d735cd88c8f3b65c6506ab775c5eb23a82716d81ce74eb3951cb8430f5a?s=96&d=blank&r=g","url":"https:\/\/secure.gravatar.com\/avatar\/7d923d735cd88c8f3b65c6506ab775c5eb23a82716d81ce74eb3951cb8430f5a?s=96&d=blank&r=g","contentUrl":"https:\/\/secure.gravatar.com\/avatar\/7d923d735cd88c8f3b65c6506ab775c5eb23a82716d81ce74eb3951cb8430f5a?s=96&d=blank&r=g","caption":"Robert Hotstegs"},"description":"Rechtsanwalt, Fachanwalt f\u00fcr Verwaltungsrecht","url":"https:\/\/www.hotstegs-recht.de\/?author=1"}]}},"amp_enabled":true,"_links":{"self":[{"href":"https:\/\/www.hotstegs-recht.de\/index.php?rest_route=\/wp\/v2\/posts\/4543","targetHints":{"allow":["GET"]}}],"collection":[{"href":"https:\/\/www.hotstegs-recht.de\/index.php?rest_route=\/wp\/v2\/posts"}],"about":[{"href":"https:\/\/www.hotstegs-recht.de\/index.php?rest_route=\/wp\/v2\/types\/post"}],"author":[{"embeddable":true,"href":"https:\/\/www.hotstegs-recht.de\/index.php?rest_route=\/wp\/v2\/users\/1"}],"replies":[{"embeddable":true,"href":"https:\/\/www.hotstegs-recht.de\/index.php?rest_route=%2Fwp%2Fv2%2Fcomments&post=4543"}],"version-history":[{"count":2,"href":"https:\/\/www.hotstegs-recht.de\/index.php?rest_route=\/wp\/v2\/posts\/4543\/revisions"}],"predecessor-version":[{"id":4905,"href":"https:\/\/www.hotstegs-recht.de\/index.php?rest_route=\/wp\/v2\/posts\/4543\/revisions\/4905"}],"wp:attachment":[{"href":"https:\/\/www.hotstegs-recht.de\/index.php?rest_route=%2Fwp%2Fv2%2Fmedia&parent=4543"}],"wp:term":[{"taxonomy":"category","embeddable":true,"href":"https:\/\/www.hotstegs-recht.de\/index.php?rest_route=%2Fwp%2Fv2%2Fcategories&post=4543"},{"taxonomy":"post_tag","embeddable":true,"href":"https:\/\/www.hotstegs-recht.de\/index.php?rest_route=%2Fwp%2Fv2%2Ftags&post=4543"}],"curies":[{"name":"wp","href":"https:\/\/api.w.org\/{rel}","templated":true}]}}