{"id":4334,"date":"2016-01-13T15:33:11","date_gmt":"2016-01-13T14:33:11","guid":{"rendered":"http:\/\/www.hotstegs-recht.de\/?p=4334"},"modified":"2021-09-28T16:43:22","modified_gmt":"2021-09-28T14:43:22","slug":"fachanwaelte-und-experten-wer-fragt-verstehts-kanzlei-pressemitteilung-2016-01","status":"publish","type":"post","link":"https:\/\/www.hotstegs-recht.de\/?p=4334","title":{"rendered":"Fachanw\u00e4lte und Experten: Wer fragt, versteht`s &#8230; | Kanzlei | Pressemitteilung 2016-01"},"content":{"rendered":"<p>Hotstegs Rechtsanwaltsgesellschaft<br \/>\nD\u00fcsseldorf, den 13.01.2016<\/p>\n<p>::: Pressemitteilung 1\/2016 :::<\/p>\n<p><strong>Fachanw\u00e4lte und Experten: Wer fragt, versteht`s \u2026<br \/>\nAnsprechpartner f\u00fcr Medien zum Verfassungs-, Verwaltungs-, Beamten- und Kommunalrecht<br \/>\n<\/strong><br \/>\nD\u00fcsseldorf. Auch im neuen Jahr m\u00f6chten wir Ihnen als Ansprechpartnerinnen und Ansprechpartner zur Verf\u00fcgung stehen. Bitte kontaktieren Sie uns bei Bedarf:<\/p>\n<table>\n<tr>\n<td>\n<\/td>\n<td><strong>Rechtsanwalt Robert Hotstegs<\/strong><br \/>\nFachanwalt f\u00fcr Verwaltungsrecht \/ Mediator<\/p>\n<p>Tel.: 0211\/497657-16<br \/>\nhotstegs@hotstegs-recht.de\n<\/td>\n<td># B\u00fcrgerbegehren<br \/>\n# Beamtenrecht<br \/>\n# Disziplinarrecht<br \/>\n# ev. Kirchenrecht<br \/>\n# Verfassungsrecht<\/td>\n<\/tr>\n<p><!--more--><\/p>\n<tr>\n<td>\n<\/td>\n<td><strong>Rechtsanw\u00e4ltin Katharina Voigt<\/strong><br \/>\nFachanw\u00e4ltin f\u00fcr Verwaltungsrecht<\/p>\n<p>Tel.: 0211\/497657-16<br \/>\nvoigt@hotstegs-recht.de\n<\/td>\n<td># Beamtenrecht<br \/>\n# Disziplinarrecht<br \/>\n# Verwaltungsrecht\n<\/td>\n<\/tr>\n<tr>\n<td>\n<\/td>\n<td><strong>Rechtsanw\u00e4ltin Dr. Nicole Wolf<\/strong><\/p>\n<p>Tel.: 0211\/497657-16<br \/>\nwolf@hotstegs-recht.de\n<\/td>\n<td># Beamtenrecht<br \/>\n# Disziplinarrecht<br \/>\n# Personalvertretungsrecht\n<\/td>\n<\/tr>\n<\/table>\n<p>Bitte beachten Sie f\u00fcr weitere Informationen auch unsere aktualisierte Homepage www.hotstegs-recht.de.<\/p>\n<p>::: Kontakt :::<\/p>\n<p>Rechtsanwalt Robert Hotstegs<br \/>\nFachanwalt f\u00fcr Verwaltungsrecht<br \/>\nTel.: 0211\/497657-16<br \/>\nhotstegs@hotstegs-recht.de<br \/>\nProfil: www.hotstegs-recht.de\/?people=robert-hotstegs<\/p>\n<p>::: die Kanzlei :::<\/p>\n<p>Seit 1985 ber\u00e4t die Hotstegs Rechtsanwaltsgesellschaft in den Spezialgebieten des Verwaltungsrechts. Hierzu z\u00e4hlen insbesondere das Beamten- und Disziplinarrecht, das Personalvertretungsrecht, sowie das Recht der B\u00fcrgerbeteiligung und das Kommunalverfassungsrecht. Die Kanzlei vertritt Mandanten vor dem Bundesverwaltungsgericht und allen Verwaltungsgerichten und Oberverwaltungsgerichten.<\/p>\n","protected":false},"excerpt":{"rendered":"<p>Hotstegs Rechtsanwaltsgesellschaft D\u00fcsseldorf, den 13.01.2016 ::: Pressemitteilung 1\/2016 ::: Fachanw\u00e4lte und Experten: Wer fragt, versteht`s \u2026 Ansprechpartner f\u00fcr Medien zum Verfassungs-, Verwaltungs-, Beamten- und Kommunalrecht D\u00fcsseldorf. Auch im neuen Jahr m\u00f6chten wir Ihnen als Ansprechpartnerinnen und Ansprechpartner zur Verf\u00fcgung stehen. Bitte kontaktieren Sie uns bei Bedarf: Rechtsanwalt Robert Hotstegs Fachanwalt f\u00fcr Verwaltungsrecht \/ Mediator Tel.: &hellip; <\/p>\n<p class=\"link-more\"><a href=\"https:\/\/www.hotstegs-recht.de\/?p=4334\" class=\"more-link\"><span class=\"screen-reader-text\">\u201eFachanw\u00e4lte und Experten: Wer fragt, versteht`s &#8230; | Kanzlei | Pressemitteilung 2016-01\u201c <\/span>weiterlesen<\/a><\/p>\n","protected":false},"author":1,"featured_media":0,"comment_status":"open","ping_status":"open","sticky":false,"template":"","format":"standard","meta":{"footnotes":""},"categories":[23,25,34,39,42,44,4,47,9,14,15,16],"tags":[54],"class_list":["post-4334","post","type-post","status-publish","format-standard","hentry","category-kanzlei","category-mediation","category-personalvertretungsrecht","category-ev-kirchenrecht","category-pressemitteilung","category-dienstordnungsangestellte-do","category-aktuelles","category-wahlrecht","category-presse","category-beamtenrecht","category-disziplinarrecht","category-burgerbeteiligung","tag-mediation"],"yoast_head":"<!-- This site is optimized with the Yoast SEO plugin v27.4 - https:\/\/yoast.com\/product\/yoast-seo-wordpress\/ -->\n<title>Fachanw\u00e4lte und Experten: Wer fragt, versteht`s ... | Kanzlei | Pressemitteilung 2016-01 - Hotstegs Rechtsanwaltsgesellschaft | Rechtsanw\u00e4lt:innen und Fachanw\u00e4lt:innen f\u00fcr Verwaltungsrecht<\/title>\n<meta name=\"description\" content=\"- Termine unter Tel. 0211 \/ 497657-16\" \/>\n<meta name=\"robots\" content=\"index, follow, max-snippet:-1, max-image-preview:large, max-video-preview:-1\" \/>\n<link rel=\"canonical\" href=\"https:\/\/www.hotstegs-recht.de\/?p=4334\" \/>\n<meta property=\"og:locale\" content=\"de_DE\" \/>\n<meta property=\"og:type\" content=\"article\" \/>\n<meta property=\"og:title\" content=\"Fachanw\u00e4lte und Experten: Wer fragt, versteht`s ... | Kanzlei | Pressemitteilung 2016-01 - Hotstegs Rechtsanwaltsgesellschaft | Rechtsanw\u00e4lt:innen und Fachanw\u00e4lt:innen f\u00fcr Verwaltungsrecht\" \/>\n<meta property=\"og:description\" content=\"- Termine unter Tel. 0211 \/ 497657-16\" \/>\n<meta property=\"og:url\" content=\"https:\/\/www.hotstegs-recht.de\/?p=4334\" \/>\n<meta property=\"og:site_name\" content=\"Hotstegs Rechtsanwaltsgesellschaft | Rechtsanw\u00e4lt:innen und Fachanw\u00e4lt:innen f\u00fcr Verwaltungsrecht\" \/>\n<meta property=\"article:publisher\" content=\"https:\/\/www.facebook.com\/hotstegs.recht\" \/>\n<meta property=\"article:published_time\" content=\"2016-01-13T14:33:11+00:00\" \/>\n<meta property=\"article:modified_time\" content=\"2021-09-28T14:43:22+00:00\" \/>\n<meta name=\"author\" content=\"Robert Hotstegs\" \/>\n<meta name=\"twitter:card\" content=\"summary_large_image\" \/>\n<meta name=\"twitter:creator\" content=\"@hotstegs_recht\" \/>\n<meta name=\"twitter:site\" content=\"@hotstegs_recht\" \/>\n<meta name=\"twitter:label1\" content=\"Verfasst von\" \/>\n\t<meta name=\"twitter:data1\" content=\"Robert Hotstegs\" \/>\n\t<meta name=\"twitter:label2\" content=\"Gesch\u00e4tzte Lesezeit\" \/>\n\t<meta name=\"twitter:data2\" content=\"1\u00a0Minute\" \/>\n<!-- \/ Yoast SEO plugin. -->","yoast_head_json":{"title":"Fachanw\u00e4lte und Experten: Wer fragt, versteht`s ... | Kanzlei | Pressemitteilung 2016-01 - Hotstegs Rechtsanwaltsgesellschaft | Rechtsanw\u00e4lt:innen und Fachanw\u00e4lt:innen f\u00fcr Verwaltungsrecht","description":"- Termine unter Tel. 0211 \/ 497657-16","robots":{"index":"index","follow":"follow","max-snippet":"max-snippet:-1","max-image-preview":"max-image-preview:large","max-video-preview":"max-video-preview:-1"},"canonical":"https:\/\/www.hotstegs-recht.de\/?p=4334","og_locale":"de_DE","og_type":"article","og_title":"Fachanw\u00e4lte und Experten: Wer fragt, versteht`s ... | Kanzlei | Pressemitteilung 2016-01 - Hotstegs Rechtsanwaltsgesellschaft | Rechtsanw\u00e4lt:innen und Fachanw\u00e4lt:innen f\u00fcr Verwaltungsrecht","og_description":"- Termine unter Tel. 0211 \/ 497657-16","og_url":"https:\/\/www.hotstegs-recht.de\/?p=4334","og_site_name":"Hotstegs Rechtsanwaltsgesellschaft | Rechtsanw\u00e4lt:innen und Fachanw\u00e4lt:innen f\u00fcr Verwaltungsrecht","article_publisher":"https:\/\/www.facebook.com\/hotstegs.recht","article_published_time":"2016-01-13T14:33:11+00:00","article_modified_time":"2021-09-28T14:43:22+00:00","author":"Robert Hotstegs","twitter_card":"summary_large_image","twitter_creator":"@hotstegs_recht","twitter_site":"@hotstegs_recht","twitter_misc":{"Verfasst von":"Robert Hotstegs","Gesch\u00e4tzte Lesezeit":"1\u00a0Minute"},"schema":{"@context":"https:\/\/schema.org","@graph":[{"@type":"Article","@id":"https:\/\/www.hotstegs-recht.de\/?p=4334#article","isPartOf":{"@id":"https:\/\/www.hotstegs-recht.de\/?p=4334"},"author":{"name":"Robert Hotstegs","@id":"https:\/\/www.hotstegs-recht.de\/#\/schema\/person\/b5290b51a91e1e27ec6af13643a76ab0"},"headline":"Fachanw\u00e4lte und Experten: Wer fragt, versteht`s &#8230; | Kanzlei | Pressemitteilung 2016-01","datePublished":"2016-01-13T14:33:11+00:00","dateModified":"2021-09-28T14:43:22+00:00","mainEntityOfPage":{"@id":"https:\/\/www.hotstegs-recht.de\/?p=4334"},"wordCount":186,"commentCount":0,"publisher":{"@id":"https:\/\/www.hotstegs-recht.de\/#organization"},"keywords":["Mediation"],"articleSection":["Kanzlei","Mediation","Personalvertretungsrecht","ev. Kirchenrecht","Pressemitteilungen","Dienstordnungsangestellte (DO)","Aktuelles","Wahlrecht","Presse","Beamtenrecht","Disziplinarrecht","B\u00fcrgerbeteiligung"],"inLanguage":"de","potentialAction":[{"@type":"CommentAction","name":"Comment","target":["https:\/\/www.hotstegs-recht.de\/?p=4334#respond"]}]},{"@type":"WebPage","@id":"https:\/\/www.hotstegs-recht.de\/?p=4334","url":"https:\/\/www.hotstegs-recht.de\/?p=4334","name":"Fachanw\u00e4lte und Experten: Wer fragt, versteht`s ... | Kanzlei | Pressemitteilung 2016-01 - Hotstegs Rechtsanwaltsgesellschaft | Rechtsanw\u00e4lt:innen und Fachanw\u00e4lt:innen f\u00fcr Verwaltungsrecht","isPartOf":{"@id":"https:\/\/www.hotstegs-recht.de\/#website"},"datePublished":"2016-01-13T14:33:11+00:00","dateModified":"2021-09-28T14:43:22+00:00","description":"- Termine unter Tel. 0211 \/ 497657-16","breadcrumb":{"@id":"https:\/\/www.hotstegs-recht.de\/?p=4334#breadcrumb"},"inLanguage":"de","potentialAction":[{"@type":"ReadAction","target":["https:\/\/www.hotstegs-recht.de\/?p=4334"]}]},{"@type":"BreadcrumbList","@id":"https:\/\/www.hotstegs-recht.de\/?p=4334#breadcrumb","itemListElement":[{"@type":"ListItem","position":1,"name":"Startseite","item":"https:\/\/www.hotstegs-recht.de\/"},{"@type":"ListItem","position":2,"name":"Fachanw\u00e4lte und Experten: Wer fragt, versteht`s &#8230; | Kanzlei | Pressemitteilung 2016-01"}]},{"@type":"WebSite","@id":"https:\/\/www.hotstegs-recht.de\/#website","url":"https:\/\/www.hotstegs-recht.de\/","name":"Hotstegs Rechtsanwaltsgesellschaft | Rechtsanw\u00e4lt:innen und Fachanw\u00e4lt:innen f\u00fcr Verwaltungsrecht","description":"\u00f6ffentliches Dienstrecht und Disziplinarverfahren | Rechtsanwalt Robert Hotstegs | Rechtsanw\u00e4ltin Sarah Nu\u00dfbaum | Rechtsanw\u00e4ltin Katharina Voigt","publisher":{"@id":"https:\/\/www.hotstegs-recht.de\/#organization"},"potentialAction":[{"@type":"SearchAction","target":{"@type":"EntryPoint","urlTemplate":"https:\/\/www.hotstegs-recht.de\/?s={search_term_string}"},"query-input":{"@type":"PropertyValueSpecification","valueRequired":true,"valueName":"search_term_string"}}],"inLanguage":"de"},{"@type":"Organization","@id":"https:\/\/www.hotstegs-recht.de\/#organization","name":"Hotstegs Rechtsanwaltsgesellschaft","url":"https:\/\/www.hotstegs-recht.de\/","logo":{"@type":"ImageObject","inLanguage":"de","@id":"https:\/\/www.hotstegs-recht.de\/#\/schema\/logo\/image\/","url":"https:\/\/www.hotstegs-recht.de\/wp-content\/uploads\/2021\/09\/logo_2020.png","contentUrl":"https:\/\/www.hotstegs-recht.de\/wp-content\/uploads\/2021\/09\/logo_2020.png","width":180,"height":51,"caption":"Hotstegs Rechtsanwaltsgesellschaft"},"image":{"@id":"https:\/\/www.hotstegs-recht.de\/#\/schema\/logo\/image\/"},"sameAs":["https:\/\/www.facebook.com\/hotstegs.recht","https:\/\/x.com\/hotstegs_recht","https:\/\/www.instagram.com\/hotstegs.recht","https:\/\/de.linkedin.com\/company\/hotstegs-recht"]},{"@type":"Person","@id":"https:\/\/www.hotstegs-recht.de\/#\/schema\/person\/b5290b51a91e1e27ec6af13643a76ab0","name":"Robert Hotstegs","image":{"@type":"ImageObject","inLanguage":"de","@id":"https:\/\/secure.gravatar.com\/avatar\/7d923d735cd88c8f3b65c6506ab775c5eb23a82716d81ce74eb3951cb8430f5a?s=96&d=blank&r=g","url":"https:\/\/secure.gravatar.com\/avatar\/7d923d735cd88c8f3b65c6506ab775c5eb23a82716d81ce74eb3951cb8430f5a?s=96&d=blank&r=g","contentUrl":"https:\/\/secure.gravatar.com\/avatar\/7d923d735cd88c8f3b65c6506ab775c5eb23a82716d81ce74eb3951cb8430f5a?s=96&d=blank&r=g","caption":"Robert Hotstegs"},"description":"Rechtsanwalt, Fachanwalt f\u00fcr Verwaltungsrecht","url":"https:\/\/www.hotstegs-recht.de\/?author=1"}]}},"amp_enabled":true,"_links":{"self":[{"href":"https:\/\/www.hotstegs-recht.de\/index.php?rest_route=\/wp\/v2\/posts\/4334","targetHints":{"allow":["GET"]}}],"collection":[{"href":"https:\/\/www.hotstegs-recht.de\/index.php?rest_route=\/wp\/v2\/posts"}],"about":[{"href":"https:\/\/www.hotstegs-recht.de\/index.php?rest_route=\/wp\/v2\/types\/post"}],"author":[{"embeddable":true,"href":"https:\/\/www.hotstegs-recht.de\/index.php?rest_route=\/wp\/v2\/users\/1"}],"replies":[{"embeddable":true,"href":"https:\/\/www.hotstegs-recht.de\/index.php?rest_route=%2Fwp%2Fv2%2Fcomments&post=4334"}],"version-history":[{"count":6,"href":"https:\/\/www.hotstegs-recht.de\/index.php?rest_route=\/wp\/v2\/posts\/4334\/revisions"}],"predecessor-version":[{"id":8629,"href":"https:\/\/www.hotstegs-recht.de\/index.php?rest_route=\/wp\/v2\/posts\/4334\/revisions\/8629"}],"wp:attachment":[{"href":"https:\/\/www.hotstegs-recht.de\/index.php?rest_route=%2Fwp%2Fv2%2Fmedia&parent=4334"}],"wp:term":[{"taxonomy":"category","embeddable":true,"href":"https:\/\/www.hotstegs-recht.de\/index.php?rest_route=%2Fwp%2Fv2%2Fcategories&post=4334"},{"taxonomy":"post_tag","embeddable":true,"href":"https:\/\/www.hotstegs-recht.de\/index.php?rest_route=%2Fwp%2Fv2%2Ftags&post=4334"}],"curies":[{"name":"wp","href":"https:\/\/api.w.org\/{rel}","templated":true}]}}