{"id":413,"date":"2010-10-07T12:20:36","date_gmt":"2010-10-07T10:20:36","guid":{"rendered":"http:\/\/www.obst-hotstegs.de\/?p=413"},"modified":"2011-08-25T12:20:54","modified_gmt":"2011-08-25T10:20:54","slug":"burgerbegehren-droht-das-aus-neue-westfalische-vom-07-10-2010","status":"publish","type":"post","link":"https:\/\/www.hotstegs-recht.de\/?p=413","title":{"rendered":"B\u00fcrgerbegehren droht das Aus, Neue Westf\u00e4lische vom 07.10.2010"},"content":{"rendered":"<div>Bezirksregierung h\u00e4lt es f\u00fcr rechtswidrig \/ Initiative gegen Schulschlie\u00dfungen widerspricht<\/div>\n<div>VON BIRGIT GUHLKE<\/div>\n<div>\n<div>Bielefeld. Der Zuspruch war immens. Nach nicht einmal zwei Wochen haben die Initiatoren des B\u00fcrgerbegehrens gegen die Grundschulschlie\u00dfungen mit rund 20.000 Unterschriften knapp doppelt so viele zusammen wie n\u00f6tig. Jetzt kommt Einspruch von der Bezirksregierung Detmold. Darin hei\u00dft es: Das B\u00fcrgerbegehren sei rechtswidrig, die darin enthaltenen Forderungen unzul\u00e4ssig. Die Initiative widerspricht \u2013 und macht weiter.<\/div>\n<p>Gestern Morgen allerdings sah die Welt f\u00fcr Silke Sch\u00fcler und Anette Davidsohn als Initiatorinnen des B\u00fcrgerbegehrens &#8222;Chancengleichheit f\u00fcr Bielefelder Sch\u00fcler&#8220; reichlich d\u00fcster aus. Sozialdezernent Tim K\u00e4hler hatte sie in seiner Funktion als Stellvertreter des derzeit im Urlaub weilenden Oberb\u00fcrgermeisters um ein Gespr\u00e4ch gebeten \u2013 und \u00fcber die Post aus Detmold informiert. F\u00fcr K\u00e4hler war das ein Gebot der Fairness, &#8222;damit sie nicht unn\u00f6tig weiter Unterschriften sammeln, die am Ende wertlos sind&#8220;.<\/p>\n<p>F\u00fcr Silke Sch\u00fcler war es &#8222;der erwartete Gegenwind&#8220;. Der sie und ihre Mitstreiter allerdings nicht zum Aufgeben veranlasst. Sie haben gestern noch einmal juristischen Beistand gesucht und zusammen mit ihrem Rechtsanwalt Robert Hotstegs eine Erkl\u00e4rung verfasst. Darin erkl\u00e4ren sie, das B\u00fcrgerbegehren, wie geplant, heute bei der Stadt einreichen zu wollen. <!--more--><\/p>\n<p>Denn ihrer Einsch\u00e4tzung nach ist das B\u00fcrgerbegehren nicht rechtswidrig. Die gro\u00dfe Zustimmung \u2013 statt der erforderlichen 10.100 Unterschriften gab es bis gestern Abend bereits gut 20.000 \u2013 zeige deutlich, dass die B\u00fcrgerschaft eine Abstimmung wolle und damit sei ein wesentliches Kriterium der Gemeindeordnung schon erf\u00fcllt.<\/p>\n<p>Gerd Kranzmann (SPD) hatte &#8222;bereits vor drei Wochen schon vermutet, dass das B\u00fcrgerbegehren rechtswidrig ist&#8220;. Denn die Stadt habe &#8222;ein Planungsermessen, wie sie die Schullandschaft plant, das im Schulgesetz verankert ist&#8220;. Und: &#8222;Das kann nicht durch ein B\u00fcrgerbegehren ausgehebelt werden&#8220;.<\/p>\n<p>Die Ampelkoalition (SPD, Gr\u00fcne, FDP) will heute ihre Pl\u00e4ne zur weiteren Grundschulentwicklung vorstellen. Inge Schulze (Gr\u00fcne) hofft nun, &#8222;dass wir die B\u00fcrgerinnen und B\u00fcrger von den notwendigen Ver\u00e4nderungen \u00fcberzeugen k\u00f6nnen&#8220;. Beigeordneter Tim K\u00e4hler hat den Fraktionen nun zur Diskussion gestellt, das Thema &#8222;schulorganisatorische Ma\u00dfnahmen&#8220; erst in einer Sondersitzung (25. November) des Rates zu beraten und nicht in der Sitzung am 4. November. So gebe es die M\u00f6glichkeit, &#8222;gegebenenfalls ein neues B\u00fcrgerbegehren zu starten, das den rechtlichen Anforderungen gen\u00fcgt&#8220;, so K\u00e4hler. Bis zum 15. November allerdings m\u00fcssen Eltern ihre Kinder f\u00fcr die Grundschulen anmelden.<\/p>\n<p>Neu starten will die Initiative nicht. Ihr Rechtsanwalt beruft sich auf einen \u00e4hnlichen Fall aus Hagen. Da sei es vor zwei Jahren auch um Schulschlie\u00dfungen gegangen, auch dort gab es ein B\u00fcrgerbegehren gegen die Schulschlie\u00dfungen. Der Rat hatte das B\u00fcrgerbegehren laut Hotstegs f\u00fcr zul\u00e4ssig erkl\u00e4rt, die Bezirksregierung indes diesen Ratsbeschluss beanstandet und aufgehoben. Seinerzeit hatte die Bezirksregierung Arnsberg als Kommunalaufsicht die &#8222;Auffassung vertreten, die Stadt Hagen sei haushaltsrechtlich schon jetzt zur Aufl\u00f6sung der Schulen verpflichtet&#8220;, hei\u00dft es in der Erkl\u00e4rung des Oberverwaltungsgerichts <acronym title=\"Nordrhein-Westfalen\">NRW<\/acronym>. Das O<acronym title=\"Verwaltungsgericht\">VG<\/acronym> folgte dieser Argumentation nicht, setzte die Anordnung der Schulschlie\u00dfungen vorl\u00e4ufig au\u00dfer Kraft (<acronym title=\"Aktenzeichen\">Az<\/acronym>: <a href=\"https:\/\/dejure.org\/dienste\/vernetzung\/rechtsprechung?Text=15%20B%201755\/08\" title=\"OVG Nordrhein-Westfalen, 17.12.2008 - 15 B 1755\/08: Anordnung weiterer Schulschlie&szlig;ungen in Hag...\">15 B 1755\/08<\/a>).<\/p>\n<p>Andreas R\u00fcther (CDU) verweist darauf, dass die Initiative ihr B\u00fcrgerbegehren bereits vorab habe juristisch pr\u00fcfen lassen. Und sagt: &#8222;Wir bleiben bei unserer Haltung, die Grundschulen erhalten zu wollen&#8220;.<\/p>\n<\/div>\n","protected":false},"excerpt":{"rendered":"<p>Bezirksregierung h\u00e4lt es f\u00fcr rechtswidrig \/ Initiative gegen Schulschlie\u00dfungen widerspricht VON BIRGIT GUHLKE Bielefeld. Der Zuspruch war immens. Nach nicht einmal zwei Wochen haben die Initiatoren des B\u00fcrgerbegehrens gegen die Grundschulschlie\u00dfungen mit rund 20.000 Unterschriften knapp doppelt so viele zusammen wie n\u00f6tig. Jetzt kommt Einspruch von der Bezirksregierung Detmold. Darin hei\u00dft es: Das B\u00fcrgerbegehren sei &hellip; <\/p>\n<p class=\"link-more\"><a href=\"https:\/\/www.hotstegs-recht.de\/?p=413\" class=\"more-link\"><span class=\"screen-reader-text\">\u201eB\u00fcrgerbegehren droht das Aus, Neue Westf\u00e4lische vom 07.10.2010\u201c <\/span>weiterlesen<\/a><\/p>\n","protected":false},"author":4,"featured_media":0,"comment_status":"closed","ping_status":"closed","sticky":false,"template":"","format":"standard","meta":{"footnotes":""},"categories":[9],"tags":[],"class_list":["post-413","post","type-post","status-publish","format-standard","hentry","category-presse"],"yoast_head":"<!-- This site is optimized with the Yoast SEO plugin v27.4 - https:\/\/yoast.com\/product\/yoast-seo-wordpress\/ -->\n<title>B\u00fcrgerbegehren droht das Aus, Neue Westf\u00e4lische vom 07.10.2010 - Hotstegs Rechtsanwaltsgesellschaft | Rechtsanw\u00e4lt:innen und Fachanw\u00e4lt:innen f\u00fcr Verwaltungsrecht<\/title>\n<meta name=\"description\" content=\"- Termine unter Tel. 0211 \/ 497657-16\" \/>\n<meta name=\"robots\" content=\"index, follow, max-snippet:-1, max-image-preview:large, max-video-preview:-1\" \/>\n<link rel=\"canonical\" href=\"https:\/\/www.hotstegs-recht.de\/?p=413\" \/>\n<meta property=\"og:locale\" content=\"de_DE\" \/>\n<meta property=\"og:type\" content=\"article\" \/>\n<meta property=\"og:title\" content=\"B\u00fcrgerbegehren droht das Aus, Neue Westf\u00e4lische vom 07.10.2010 - Hotstegs Rechtsanwaltsgesellschaft | Rechtsanw\u00e4lt:innen und Fachanw\u00e4lt:innen f\u00fcr Verwaltungsrecht\" \/>\n<meta property=\"og:description\" content=\"- Termine unter Tel. 0211 \/ 497657-16\" \/>\n<meta property=\"og:url\" content=\"https:\/\/www.hotstegs-recht.de\/?p=413\" \/>\n<meta property=\"og:site_name\" content=\"Hotstegs Rechtsanwaltsgesellschaft | Rechtsanw\u00e4lt:innen und Fachanw\u00e4lt:innen f\u00fcr Verwaltungsrecht\" \/>\n<meta property=\"article:publisher\" content=\"https:\/\/www.facebook.com\/hotstegs.recht\" \/>\n<meta property=\"article:published_time\" content=\"2010-10-07T10:20:36+00:00\" \/>\n<meta property=\"article:modified_time\" content=\"2011-08-25T10:20:54+00:00\" \/>\n<meta name=\"author\" content=\"Mitarbeiter:in\" \/>\n<meta name=\"twitter:card\" content=\"summary_large_image\" \/>\n<meta name=\"twitter:creator\" content=\"@hotstegs_recht\" \/>\n<meta name=\"twitter:site\" content=\"@hotstegs_recht\" \/>\n<meta name=\"twitter:label1\" content=\"Verfasst von\" \/>\n\t<meta name=\"twitter:data1\" content=\"Mitarbeiter:in\" \/>\n\t<meta name=\"twitter:label2\" content=\"Gesch\u00e4tzte Lesezeit\" \/>\n\t<meta name=\"twitter:data2\" content=\"3\u00a0Minuten\" \/>\n<!-- \/ Yoast SEO plugin. -->","yoast_head_json":{"title":"B\u00fcrgerbegehren droht das Aus, Neue Westf\u00e4lische vom 07.10.2010 - Hotstegs Rechtsanwaltsgesellschaft | Rechtsanw\u00e4lt:innen und Fachanw\u00e4lt:innen f\u00fcr Verwaltungsrecht","description":"- Termine unter Tel. 0211 \/ 497657-16","robots":{"index":"index","follow":"follow","max-snippet":"max-snippet:-1","max-image-preview":"max-image-preview:large","max-video-preview":"max-video-preview:-1"},"canonical":"https:\/\/www.hotstegs-recht.de\/?p=413","og_locale":"de_DE","og_type":"article","og_title":"B\u00fcrgerbegehren droht das Aus, Neue Westf\u00e4lische vom 07.10.2010 - Hotstegs Rechtsanwaltsgesellschaft | Rechtsanw\u00e4lt:innen und Fachanw\u00e4lt:innen f\u00fcr Verwaltungsrecht","og_description":"- Termine unter Tel. 0211 \/ 497657-16","og_url":"https:\/\/www.hotstegs-recht.de\/?p=413","og_site_name":"Hotstegs Rechtsanwaltsgesellschaft | Rechtsanw\u00e4lt:innen und Fachanw\u00e4lt:innen f\u00fcr Verwaltungsrecht","article_publisher":"https:\/\/www.facebook.com\/hotstegs.recht","article_published_time":"2010-10-07T10:20:36+00:00","article_modified_time":"2011-08-25T10:20:54+00:00","author":"Mitarbeiter:in","twitter_card":"summary_large_image","twitter_creator":"@hotstegs_recht","twitter_site":"@hotstegs_recht","twitter_misc":{"Verfasst von":"Mitarbeiter:in","Gesch\u00e4tzte Lesezeit":"3\u00a0Minuten"},"schema":{"@context":"https:\/\/schema.org","@graph":[{"@type":"Article","@id":"https:\/\/www.hotstegs-recht.de\/?p=413#article","isPartOf":{"@id":"https:\/\/www.hotstegs-recht.de\/?p=413"},"author":{"name":"Mitarbeiter:in","@id":"https:\/\/www.hotstegs-recht.de\/#\/schema\/person\/18c7a8260c2d9ded2b8308feab0990a2"},"headline":"B\u00fcrgerbegehren droht das Aus, Neue Westf\u00e4lische vom 07.10.2010","datePublished":"2010-10-07T10:20:36+00:00","dateModified":"2011-08-25T10:20:54+00:00","mainEntityOfPage":{"@id":"https:\/\/www.hotstegs-recht.de\/?p=413"},"wordCount":556,"publisher":{"@id":"https:\/\/www.hotstegs-recht.de\/#organization"},"articleSection":["Presse"],"inLanguage":"de"},{"@type":"WebPage","@id":"https:\/\/www.hotstegs-recht.de\/?p=413","url":"https:\/\/www.hotstegs-recht.de\/?p=413","name":"B\u00fcrgerbegehren droht das Aus, Neue Westf\u00e4lische vom 07.10.2010 - Hotstegs Rechtsanwaltsgesellschaft | Rechtsanw\u00e4lt:innen und Fachanw\u00e4lt:innen f\u00fcr Verwaltungsrecht","isPartOf":{"@id":"https:\/\/www.hotstegs-recht.de\/#website"},"datePublished":"2010-10-07T10:20:36+00:00","dateModified":"2011-08-25T10:20:54+00:00","description":"- Termine unter Tel. 0211 \/ 497657-16","breadcrumb":{"@id":"https:\/\/www.hotstegs-recht.de\/?p=413#breadcrumb"},"inLanguage":"de","potentialAction":[{"@type":"ReadAction","target":["https:\/\/www.hotstegs-recht.de\/?p=413"]}]},{"@type":"BreadcrumbList","@id":"https:\/\/www.hotstegs-recht.de\/?p=413#breadcrumb","itemListElement":[{"@type":"ListItem","position":1,"name":"Startseite","item":"https:\/\/www.hotstegs-recht.de\/"},{"@type":"ListItem","position":2,"name":"B\u00fcrgerbegehren droht das Aus, Neue Westf\u00e4lische vom 07.10.2010"}]},{"@type":"WebSite","@id":"https:\/\/www.hotstegs-recht.de\/#website","url":"https:\/\/www.hotstegs-recht.de\/","name":"Hotstegs Rechtsanwaltsgesellschaft | Rechtsanw\u00e4lt:innen und Fachanw\u00e4lt:innen f\u00fcr Verwaltungsrecht","description":"\u00f6ffentliches Dienstrecht und Disziplinarverfahren | Rechtsanwalt Robert Hotstegs | Rechtsanw\u00e4ltin Sarah Nu\u00dfbaum | Rechtsanw\u00e4ltin Katharina Voigt","publisher":{"@id":"https:\/\/www.hotstegs-recht.de\/#organization"},"potentialAction":[{"@type":"SearchAction","target":{"@type":"EntryPoint","urlTemplate":"https:\/\/www.hotstegs-recht.de\/?s={search_term_string}"},"query-input":{"@type":"PropertyValueSpecification","valueRequired":true,"valueName":"search_term_string"}}],"inLanguage":"de"},{"@type":"Organization","@id":"https:\/\/www.hotstegs-recht.de\/#organization","name":"Hotstegs Rechtsanwaltsgesellschaft","url":"https:\/\/www.hotstegs-recht.de\/","logo":{"@type":"ImageObject","inLanguage":"de","@id":"https:\/\/www.hotstegs-recht.de\/#\/schema\/logo\/image\/","url":"https:\/\/www.hotstegs-recht.de\/wp-content\/uploads\/2021\/09\/logo_2020.png","contentUrl":"https:\/\/www.hotstegs-recht.de\/wp-content\/uploads\/2021\/09\/logo_2020.png","width":180,"height":51,"caption":"Hotstegs Rechtsanwaltsgesellschaft"},"image":{"@id":"https:\/\/www.hotstegs-recht.de\/#\/schema\/logo\/image\/"},"sameAs":["https:\/\/www.facebook.com\/hotstegs.recht","https:\/\/x.com\/hotstegs_recht","https:\/\/www.instagram.com\/hotstegs.recht","https:\/\/de.linkedin.com\/company\/hotstegs-recht"]},{"@type":"Person","@id":"https:\/\/www.hotstegs-recht.de\/#\/schema\/person\/18c7a8260c2d9ded2b8308feab0990a2","name":"Mitarbeiter:in","image":{"@type":"ImageObject","inLanguage":"de","@id":"https:\/\/secure.gravatar.com\/avatar\/ff927e44276052255fa51b438cd49d6bee71e07c0621a998717cee201e5d2fff?s=96&d=blank&r=g","url":"https:\/\/secure.gravatar.com\/avatar\/ff927e44276052255fa51b438cd49d6bee71e07c0621a998717cee201e5d2fff?s=96&d=blank&r=g","contentUrl":"https:\/\/secure.gravatar.com\/avatar\/ff927e44276052255fa51b438cd49d6bee71e07c0621a998717cee201e5d2fff?s=96&d=blank&r=g","caption":"Mitarbeiter:in"},"url":"https:\/\/www.hotstegs-recht.de\/?author=4"}]}},"amp_enabled":true,"_links":{"self":[{"href":"https:\/\/www.hotstegs-recht.de\/index.php?rest_route=\/wp\/v2\/posts\/413","targetHints":{"allow":["GET"]}}],"collection":[{"href":"https:\/\/www.hotstegs-recht.de\/index.php?rest_route=\/wp\/v2\/posts"}],"about":[{"href":"https:\/\/www.hotstegs-recht.de\/index.php?rest_route=\/wp\/v2\/types\/post"}],"author":[{"embeddable":true,"href":"https:\/\/www.hotstegs-recht.de\/index.php?rest_route=\/wp\/v2\/users\/4"}],"replies":[{"embeddable":true,"href":"https:\/\/www.hotstegs-recht.de\/index.php?rest_route=%2Fwp%2Fv2%2Fcomments&post=413"}],"version-history":[{"count":0,"href":"https:\/\/www.hotstegs-recht.de\/index.php?rest_route=\/wp\/v2\/posts\/413\/revisions"}],"wp:attachment":[{"href":"https:\/\/www.hotstegs-recht.de\/index.php?rest_route=%2Fwp%2Fv2%2Fmedia&parent=413"}],"wp:term":[{"taxonomy":"category","embeddable":true,"href":"https:\/\/www.hotstegs-recht.de\/index.php?rest_route=%2Fwp%2Fv2%2Fcategories&post=413"},{"taxonomy":"post_tag","embeddable":true,"href":"https:\/\/www.hotstegs-recht.de\/index.php?rest_route=%2Fwp%2Fv2%2Ftags&post=413"}],"curies":[{"name":"wp","href":"https:\/\/api.w.org\/{rel}","templated":true}]}}