{"id":409,"date":"2010-10-14T12:19:30","date_gmt":"2010-10-14T10:19:30","guid":{"rendered":"http:\/\/www.obst-hotstegs.de\/?p=409"},"modified":"2011-08-25T12:19:53","modified_gmt":"2011-08-25T10:19:53","slug":"altenheim-gegner-ziehen-vor-gericht-kolnische-rundschau-vom-14-10-2010","status":"publish","type":"post","link":"https:\/\/www.hotstegs-recht.de\/?p=409","title":{"rendered":"Altenheim-Gegner ziehen vor Gericht, K\u00f6lnische Rundschau vom 14.10.2010"},"content":{"rendered":"<p>Von Claus Boelen-Theile<\/p>\n<p><strong> Schon in der n\u00e4chsten Woche wird das K\u00f6lner Verwaltungsgericht sich mit dem B\u00fcrgerbegehren gegen das geplante Seniorenheim besch\u00e4ftigen. Die Initiatoren wollen erreichen, dass das Begehren f\u00fcr zul\u00e4ssig erkl\u00e4rt wird. Das Verfahren k\u00f6nnte sich \u00fcber Monate hinziehen.<\/strong><\/p>\n<p>(K\u00fcrten) Die n\u00e4chste Etappe beim K\u00fcrtener B\u00fcrgerbegehren ist in Sicht: Schon in der n\u00e4chsten Woche wird das K\u00f6lner Verwaltungsgericht ein Schriftst\u00fcck der D\u00fcsseldorfer Anwaltskanzlei Dr. Obst &amp; Hotstegs erhalten. Inhalt: die Klage gegen das vom K\u00fcrtener Rat abgelehnte B\u00fcrgerbegehren \u201eF\u00fcr humanes Wohnen und Leben im Alter\u201c. Die drei Vertretungsberechtigten wollen damit eine Gerichtsentscheidung zugunsten der Zul\u00e4ssigkeit des B\u00fcrgerbegehrens erreichen. \u201eFormal handelt es sich um eine Verpflichtungsklage: Die Gemeinde K\u00fcrten soll verpflichtet werden, die Zul\u00e4ssigkeit des B\u00fcrgerbegehrens anzuerkennen\u201c, berichtet Hermann-Josef Fischer, Sprecher der IG Bechen, und Unterst\u00fctzer des B\u00fcrgerbegehrens. \u201eAm vergangenen Freitag haben wir uns zusammengesetzt und beschlossen, den Klageauftrag an unsere Kanzlei zu geben.\u201c Trotz des Ratsentscheids sehe man sich nicht als Verlierer. \u201eDie Stimmung ist positiv. Es haben schlie\u00dflich \u00fcber 2.100 K\u00fcrtener B\u00fcrger unseren Wunsch nach einem B\u00fcrgerbegehren geteilt.\u201c Offenbar f\u00fcrchte sich die CDU-SPD-Mehrheit vor einem Votum der B\u00fcrgerschaft und verstecke sich hinter der angeblichen Unzul\u00e4ssigkeit des B\u00fcrgerbegehrens. Fischer: \u201eWir machen deshalb jetzt die n\u00e4chste Etappe.\u201c Die D\u00fcsseldorfer Kanzlei habe in ihrer Stellungnahme die Zul\u00e4ssigkeit des B\u00fcrgerbegehrens schl\u00fcssig begr\u00fcndet, deshalb herrsche bei den Mitstreitern eine gewisse Zuversicht. Stichtag f\u00fcr eine Klage w\u00e4re der 5. November, vier Wochen nach der Ratssitzung vom 6. Oktober.<!--more--><\/p>\n<p><strong> Drei bis f\u00fcnf Monate Verfahren<\/strong><\/p>\n<p>Eine schnelle Entscheidung der Verwaltungsrichter erwartet Fischer nicht. \u201eSolch ein Verfahren dauert erfahrungsgem\u00e4\u00df drei bis f\u00fcnf Monate.\u201c Das Verwaltungsgericht habe dabei bereits signalisiert, die Sache vorrangig zu behandeln. Dies werde bei allen strittigen B\u00fcrgerbegehren so gehandhabt. Nach dem Richterspruch in erster Instanz w\u00e4re noch eine Entscheidung in zweiter Instanz m\u00f6glich. \u201eDaf\u00fcr m\u00fcsste man die Begr\u00fcndung der Richter pr\u00fcfen\u201c, sagt Fischer. Er bef\u00fcrchte, dass der Investor des geplanten Seniorenheims am Unterfeld in Bechen nach dem Ratsvotum Fakten schaffen wolle. \u201eWenn die Bagger vor einer Gerichtsentscheidung rollen, werden wir einen Eilantrag auf Einstweilige Verf\u00fcgung stellen\u201c, k\u00fcndigt Fischer an.<\/p>\n","protected":false},"excerpt":{"rendered":"<p>Von Claus Boelen-Theile Schon in der n\u00e4chsten Woche wird das K\u00f6lner Verwaltungsgericht sich mit dem B\u00fcrgerbegehren gegen das geplante Seniorenheim besch\u00e4ftigen. Die Initiatoren wollen erreichen, dass das Begehren f\u00fcr zul\u00e4ssig erkl\u00e4rt wird. Das Verfahren k\u00f6nnte sich \u00fcber Monate hinziehen. (K\u00fcrten) Die n\u00e4chste Etappe beim K\u00fcrtener B\u00fcrgerbegehren ist in Sicht: Schon in der n\u00e4chsten Woche wird &hellip; <\/p>\n<p class=\"link-more\"><a href=\"https:\/\/www.hotstegs-recht.de\/?p=409\" class=\"more-link\"><span class=\"screen-reader-text\">\u201eAltenheim-Gegner ziehen vor Gericht, K\u00f6lnische Rundschau vom 14.10.2010\u201c <\/span>weiterlesen<\/a><\/p>\n","protected":false},"author":4,"featured_media":0,"comment_status":"closed","ping_status":"closed","sticky":false,"template":"","format":"standard","meta":{"footnotes":""},"categories":[9],"tags":[],"class_list":["post-409","post","type-post","status-publish","format-standard","hentry","category-presse"],"yoast_head":"<!-- This site is optimized with the Yoast SEO plugin v27.4 - https:\/\/yoast.com\/product\/yoast-seo-wordpress\/ -->\n<title>Altenheim-Gegner ziehen vor Gericht, K\u00f6lnische Rundschau vom 14.10.2010 - Hotstegs Rechtsanwaltsgesellschaft | Rechtsanw\u00e4lt:innen und Fachanw\u00e4lt:innen f\u00fcr Verwaltungsrecht<\/title>\n<meta name=\"description\" content=\"- Termine unter Tel. 0211 \/ 497657-16\" \/>\n<meta name=\"robots\" content=\"index, follow, max-snippet:-1, max-image-preview:large, max-video-preview:-1\" \/>\n<link rel=\"canonical\" href=\"https:\/\/www.hotstegs-recht.de\/?p=409\" \/>\n<meta property=\"og:locale\" content=\"de_DE\" \/>\n<meta property=\"og:type\" content=\"article\" \/>\n<meta property=\"og:title\" content=\"Altenheim-Gegner ziehen vor Gericht, K\u00f6lnische Rundschau vom 14.10.2010 - Hotstegs Rechtsanwaltsgesellschaft | Rechtsanw\u00e4lt:innen und Fachanw\u00e4lt:innen f\u00fcr Verwaltungsrecht\" \/>\n<meta property=\"og:description\" content=\"- Termine unter Tel. 0211 \/ 497657-16\" \/>\n<meta property=\"og:url\" content=\"https:\/\/www.hotstegs-recht.de\/?p=409\" \/>\n<meta property=\"og:site_name\" content=\"Hotstegs Rechtsanwaltsgesellschaft | Rechtsanw\u00e4lt:innen und Fachanw\u00e4lt:innen f\u00fcr Verwaltungsrecht\" \/>\n<meta property=\"article:publisher\" content=\"https:\/\/www.facebook.com\/hotstegs.recht\" \/>\n<meta property=\"article:published_time\" content=\"2010-10-14T10:19:30+00:00\" \/>\n<meta property=\"article:modified_time\" content=\"2011-08-25T10:19:53+00:00\" \/>\n<meta name=\"author\" content=\"Mitarbeiter:in\" \/>\n<meta name=\"twitter:card\" content=\"summary_large_image\" \/>\n<meta name=\"twitter:creator\" content=\"@hotstegs_recht\" \/>\n<meta name=\"twitter:site\" content=\"@hotstegs_recht\" \/>\n<meta name=\"twitter:label1\" content=\"Verfasst von\" \/>\n\t<meta name=\"twitter:data1\" content=\"Mitarbeiter:in\" \/>\n\t<meta name=\"twitter:label2\" content=\"Gesch\u00e4tzte Lesezeit\" \/>\n\t<meta name=\"twitter:data2\" content=\"2\u00a0Minuten\" \/>\n<!-- \/ Yoast SEO plugin. -->","yoast_head_json":{"title":"Altenheim-Gegner ziehen vor Gericht, K\u00f6lnische Rundschau vom 14.10.2010 - Hotstegs Rechtsanwaltsgesellschaft | Rechtsanw\u00e4lt:innen und Fachanw\u00e4lt:innen f\u00fcr Verwaltungsrecht","description":"- Termine unter Tel. 0211 \/ 497657-16","robots":{"index":"index","follow":"follow","max-snippet":"max-snippet:-1","max-image-preview":"max-image-preview:large","max-video-preview":"max-video-preview:-1"},"canonical":"https:\/\/www.hotstegs-recht.de\/?p=409","og_locale":"de_DE","og_type":"article","og_title":"Altenheim-Gegner ziehen vor Gericht, K\u00f6lnische Rundschau vom 14.10.2010 - Hotstegs Rechtsanwaltsgesellschaft | Rechtsanw\u00e4lt:innen und Fachanw\u00e4lt:innen f\u00fcr Verwaltungsrecht","og_description":"- Termine unter Tel. 0211 \/ 497657-16","og_url":"https:\/\/www.hotstegs-recht.de\/?p=409","og_site_name":"Hotstegs Rechtsanwaltsgesellschaft | Rechtsanw\u00e4lt:innen und Fachanw\u00e4lt:innen f\u00fcr Verwaltungsrecht","article_publisher":"https:\/\/www.facebook.com\/hotstegs.recht","article_published_time":"2010-10-14T10:19:30+00:00","article_modified_time":"2011-08-25T10:19:53+00:00","author":"Mitarbeiter:in","twitter_card":"summary_large_image","twitter_creator":"@hotstegs_recht","twitter_site":"@hotstegs_recht","twitter_misc":{"Verfasst von":"Mitarbeiter:in","Gesch\u00e4tzte Lesezeit":"2\u00a0Minuten"},"schema":{"@context":"https:\/\/schema.org","@graph":[{"@type":"Article","@id":"https:\/\/www.hotstegs-recht.de\/?p=409#article","isPartOf":{"@id":"https:\/\/www.hotstegs-recht.de\/?p=409"},"author":{"name":"Mitarbeiter:in","@id":"https:\/\/www.hotstegs-recht.de\/#\/schema\/person\/18c7a8260c2d9ded2b8308feab0990a2"},"headline":"Altenheim-Gegner ziehen vor Gericht, K\u00f6lnische Rundschau vom 14.10.2010","datePublished":"2010-10-14T10:19:30+00:00","dateModified":"2011-08-25T10:19:53+00:00","mainEntityOfPage":{"@id":"https:\/\/www.hotstegs-recht.de\/?p=409"},"wordCount":393,"publisher":{"@id":"https:\/\/www.hotstegs-recht.de\/#organization"},"articleSection":["Presse"],"inLanguage":"de"},{"@type":"WebPage","@id":"https:\/\/www.hotstegs-recht.de\/?p=409","url":"https:\/\/www.hotstegs-recht.de\/?p=409","name":"Altenheim-Gegner ziehen vor Gericht, K\u00f6lnische Rundschau vom 14.10.2010 - Hotstegs Rechtsanwaltsgesellschaft | Rechtsanw\u00e4lt:innen und Fachanw\u00e4lt:innen f\u00fcr Verwaltungsrecht","isPartOf":{"@id":"https:\/\/www.hotstegs-recht.de\/#website"},"datePublished":"2010-10-14T10:19:30+00:00","dateModified":"2011-08-25T10:19:53+00:00","description":"- Termine unter Tel. 0211 \/ 497657-16","breadcrumb":{"@id":"https:\/\/www.hotstegs-recht.de\/?p=409#breadcrumb"},"inLanguage":"de","potentialAction":[{"@type":"ReadAction","target":["https:\/\/www.hotstegs-recht.de\/?p=409"]}]},{"@type":"BreadcrumbList","@id":"https:\/\/www.hotstegs-recht.de\/?p=409#breadcrumb","itemListElement":[{"@type":"ListItem","position":1,"name":"Startseite","item":"https:\/\/www.hotstegs-recht.de\/"},{"@type":"ListItem","position":2,"name":"Altenheim-Gegner ziehen vor Gericht, K\u00f6lnische Rundschau vom 14.10.2010"}]},{"@type":"WebSite","@id":"https:\/\/www.hotstegs-recht.de\/#website","url":"https:\/\/www.hotstegs-recht.de\/","name":"Hotstegs Rechtsanwaltsgesellschaft | Rechtsanw\u00e4lt:innen und Fachanw\u00e4lt:innen f\u00fcr Verwaltungsrecht","description":"\u00f6ffentliches Dienstrecht und Disziplinarverfahren | Rechtsanwalt Robert Hotstegs | Rechtsanw\u00e4ltin Sarah Nu\u00dfbaum | Rechtsanw\u00e4ltin Katharina Voigt","publisher":{"@id":"https:\/\/www.hotstegs-recht.de\/#organization"},"potentialAction":[{"@type":"SearchAction","target":{"@type":"EntryPoint","urlTemplate":"https:\/\/www.hotstegs-recht.de\/?s={search_term_string}"},"query-input":{"@type":"PropertyValueSpecification","valueRequired":true,"valueName":"search_term_string"}}],"inLanguage":"de"},{"@type":"Organization","@id":"https:\/\/www.hotstegs-recht.de\/#organization","name":"Hotstegs Rechtsanwaltsgesellschaft","url":"https:\/\/www.hotstegs-recht.de\/","logo":{"@type":"ImageObject","inLanguage":"de","@id":"https:\/\/www.hotstegs-recht.de\/#\/schema\/logo\/image\/","url":"https:\/\/www.hotstegs-recht.de\/wp-content\/uploads\/2021\/09\/logo_2020.png","contentUrl":"https:\/\/www.hotstegs-recht.de\/wp-content\/uploads\/2021\/09\/logo_2020.png","width":180,"height":51,"caption":"Hotstegs Rechtsanwaltsgesellschaft"},"image":{"@id":"https:\/\/www.hotstegs-recht.de\/#\/schema\/logo\/image\/"},"sameAs":["https:\/\/www.facebook.com\/hotstegs.recht","https:\/\/x.com\/hotstegs_recht","https:\/\/www.instagram.com\/hotstegs.recht","https:\/\/de.linkedin.com\/company\/hotstegs-recht"]},{"@type":"Person","@id":"https:\/\/www.hotstegs-recht.de\/#\/schema\/person\/18c7a8260c2d9ded2b8308feab0990a2","name":"Mitarbeiter:in","image":{"@type":"ImageObject","inLanguage":"de","@id":"https:\/\/secure.gravatar.com\/avatar\/ff927e44276052255fa51b438cd49d6bee71e07c0621a998717cee201e5d2fff?s=96&d=blank&r=g","url":"https:\/\/secure.gravatar.com\/avatar\/ff927e44276052255fa51b438cd49d6bee71e07c0621a998717cee201e5d2fff?s=96&d=blank&r=g","contentUrl":"https:\/\/secure.gravatar.com\/avatar\/ff927e44276052255fa51b438cd49d6bee71e07c0621a998717cee201e5d2fff?s=96&d=blank&r=g","caption":"Mitarbeiter:in"},"url":"https:\/\/www.hotstegs-recht.de\/?author=4"}]}},"amp_enabled":true,"_links":{"self":[{"href":"https:\/\/www.hotstegs-recht.de\/index.php?rest_route=\/wp\/v2\/posts\/409","targetHints":{"allow":["GET"]}}],"collection":[{"href":"https:\/\/www.hotstegs-recht.de\/index.php?rest_route=\/wp\/v2\/posts"}],"about":[{"href":"https:\/\/www.hotstegs-recht.de\/index.php?rest_route=\/wp\/v2\/types\/post"}],"author":[{"embeddable":true,"href":"https:\/\/www.hotstegs-recht.de\/index.php?rest_route=\/wp\/v2\/users\/4"}],"replies":[{"embeddable":true,"href":"https:\/\/www.hotstegs-recht.de\/index.php?rest_route=%2Fwp%2Fv2%2Fcomments&post=409"}],"version-history":[{"count":0,"href":"https:\/\/www.hotstegs-recht.de\/index.php?rest_route=\/wp\/v2\/posts\/409\/revisions"}],"wp:attachment":[{"href":"https:\/\/www.hotstegs-recht.de\/index.php?rest_route=%2Fwp%2Fv2%2Fmedia&parent=409"}],"wp:term":[{"taxonomy":"category","embeddable":true,"href":"https:\/\/www.hotstegs-recht.de\/index.php?rest_route=%2Fwp%2Fv2%2Fcategories&post=409"},{"taxonomy":"post_tag","embeddable":true,"href":"https:\/\/www.hotstegs-recht.de\/index.php?rest_route=%2Fwp%2Fv2%2Ftags&post=409"}],"curies":[{"name":"wp","href":"https:\/\/api.w.org\/{rel}","templated":true}]}}