{"id":3899,"date":"2015-12-21T12:08:06","date_gmt":"2015-12-21T11:08:06","guid":{"rendered":"http:\/\/www.hotstegs-recht.de\/?p=3899"},"modified":"2016-01-05T10:11:57","modified_gmt":"2016-01-05T09:11:57","slug":"schwerbehinderung-bei-pfarrern-nur-gottes-lohn-und-warme-worte-lto-de-v-21-12-2015","status":"publish","type":"post","link":"https:\/\/www.hotstegs-recht.de\/?p=3899","title":{"rendered":"Schwerbehinderung bei Pfarrern: Nur Gottes Lohn und warme Worte, lto.de v. 21.12.2015"},"content":{"rendered":"<p>von Tanja Podolski<\/p>\n<p><strong>Wird ein Pfarrer im Laufe seines Berufslebens behindert, tut er gut daran, einen Grad von 50 Prozent zu erreichen. Darunter ist er von den Regelungen zum Arbeitsschutz f\u00fcr Behinderte nicht erfasst. Ein Geistlicher wehrt sich jetzt.<br \/>\n<\/strong><\/p>\n<p><strong>Eine Sonderregelung f\u00fcr Pfarrer<\/strong><\/p>\n<p>F\u00fcr Pfarrer gibt es ganz eigene Verordnungen und besondere Regelungen. Manchmal ist das eine feine Sache, wie etwa spezielle Urlaubsverordnungen Geistlichen bis zu 44 Urlaubstage garantiert. Mit einer Sonderregelung im Sozialgesetzbuch IX (SGB) sieht das anders aus. In <a href=\"https:\/\/dejure.org\/gesetze\/SGB_IX\/73.html\" title=\"&sect; 73 SGB IX: Reisekosten\">\u00a7 73 SGB IX<\/a> ist der Begriff des Arbeitsplatzes definiert \u2013 und darunter fallen nach Abs. 2 Nr. 2 keine Stellen, auf denen &#8222;Geistliche \u00f6ffentlich-rechtlicher Religionsgemeinschaften&#8220; besch\u00e4ftigt werden. Auf die Regelung des <a href=\"https:\/\/dejure.org\/gesetze\/SGB_IX\/73.html\" title=\"&sect; 73 SGB IX: Reisekosten\">\u00a7 73 SGB IX<\/a> verweist wiederum <a href=\"https:\/\/dejure.org\/gesetze\/SGB_IX\/2.html\" title=\"&sect; 2 SGB IX: Begriffsbestimmungen\">\u00a7 2 SGB IX<\/a>, in dem eine Behinderung \u00fcberhaupt definiert ist \u2013 und eigentlich soll es in \u00a7 73 um die Z\u00e4hlung von Arbeitspl\u00e4tzen gehen, damit die H\u00f6he der Ausgleichszahlung f\u00fcr Unternehmen berechnet werden kann, falls diese nicht genug Arbeitspl\u00e4tze f\u00fcr Behinderte vorhalten.<!--more--><\/p>\n<p>Das Problem daran ist, dass nur diese Besch\u00e4ftigten, die einen Arbeitsplatz im Sinne dieses Gesetzes haben, im Falle einer Schwerbehinderung einen Antrag auf Gleichstellung mit Schwerbehinderten nach <a href=\"https:\/\/dejure.org\/gesetze\/SGB_IX\/68.html\" title=\"&sect; 68 SGB IX: Berechnungsgrundlage in Sonderf&auml;llen\">\u00a7 68 Abs. 2 SGB IX<\/a> stellen k\u00f6nnen. Und nur Schwerbehinderten bzw. ihnen Gleichgestellten kommen besondere Schutzma\u00dfnahmen zugute, wie die behindertengerechte Einrichtung von Arbeitspl\u00e4tzen oder der besondere K\u00fcndigungsschutz nach Kapitel 4 des Gesetzes.<\/p>\n<p>Pfarrer haben diese M\u00f6glichkeit also nach dem Gesetzeswortlaut nicht. Wenn sie einen Behindertengrad von mindestens 50 Prozent haben, ist auch bei ihnen f\u00fcr besonderen Schutz gesorgt. Haben sie hingegen eine geringer eingestufte Beeintr\u00e4chtigung, bleibt f\u00fcr die Gestaltung ihres Arbeitsplatzes &#8211; und die Arbeitsaus\u00fcbung &#8211; alles beim Alten.<br \/>\nArbeitsagentur verh\u00e4lt sich gesetzeskonform<\/p>\n<p>So geht es einem Mandanten von Robert Hotstegs, Fachanwalt f\u00fcr Verwaltungsrecht in D\u00fcsseldorf. Wie der Anwalt schildert, hat der Pfarrer hat bei der Aus\u00fcbung seines Berufslebens eine Beeintr\u00e4chtigung erlitten, die nun zu einem Grad der Behinderung von 30 Prozent gef\u00fchrt hat. Der Mann stellte einen Antrag auf Gleichstellung mit Schwerbehinderten bei einer Agentur f\u00fcr Arbeit \u2013 der abgelehnt wurde. Hotstegs erhob Anfang Dezember in seinem Namen Klage (Sozialgericht Chemnitz, Az. <a href=\"https:\/\/dejure.org\/dienste\/vernetzung\/rechtsprechung?Text=S%2028%20AL%20757\/15\" title=\"SG Chemnitz, 26.01.2017 - S 28 AL 757\/15: Sozialrecht bei Kirchen: Pfarrerin nicht behindert ge...\">S 28 AL 757\/15<\/a>).<\/p>\n<p>&#8222;Pfarrerin oder Pfarrer zu sein ist kein Beruf wie jeder andere. Das verr\u00e4t bereits ein kurzer Blick auf die ungew\u00f6hnlichen Arbeitszeiten, die von 0 bis 24 Uhr reichen k\u00f6nnen und gerne am Sonntag liegen. Ebenso sind die Arbeitsinhalte mit Themen von Geburt bis Tod sicherlich etwas Besonderes&#8220;, sagt Hotstegs. Dennoch verdienten die Geistlichen mit ihrem Beruf ihren Lebensunterhalt und arbeiteten nicht nur &#8222;f\u00fcr Gottes Lohn und warme Worte&#8220;. Sie ern\u00e4hrten sich und ihre Familie, zahlten Miete und Lebenshaltungskosten. &#8222;Aber das deutsche Sozialrecht sagt, dass Pfarrer keinen Arbeitsplatz im Rechtssinne h\u00e4tten. Und damit entsteht pl\u00f6tzlich eine Schutzl\u00fccke f\u00fcr behinderte Geistliche&#8220;, so der Anwalt. Und das auch dann, wenn ein Pfarrer tats\u00e4chlich etwa den Job eines Religionslehrers aus\u00fcbe.<\/p>\n<p>Mit seiner Anfechtungsklage wendet er sich nun gegen den ablehnenden Bescheid der Beh\u00f6rde. &#8222;Die Agentur f\u00fcr Arbeit h\u00e4lt den Gesetzeswortlaut hoch&#8220;, sagt er. &#8222;Doch was im Gesetz steht, wissen wir auch.&#8220; Nat\u00fcrlich verhalte sich die Arbeitsagentur damit gesetzeskonform &#8211; doch die Frage sei, ob sie nicht auch das Willk\u00fcrgebot und das Grundgesetz h\u00e4tte beachten m\u00fcssen.<\/p>\n<p>&#8222;Die Agentur f\u00fcr Arbeit Chemnitz sieht keine M\u00f6glichkeit, von dieser gesetzlichen Regelung abzuweichen. Das SGB IX l\u00e4sst hier keinen Ermessensspielraum zu&#8220;, sagte Dr. Andreas Zehr, Gesch\u00e4ftsf\u00fchrer operativer Service Chemnitz. Die \u00a7\u00a7 2, 68 und 73 des SGBIX regelten die rechtlichen Grundlagen der Gleichstellung behinderter Menschen mit Schwerbehinderten, f\u00fchrt die Arbeitsagentur aus. In dem konkreten Fall werde explizit <a href=\"https:\/\/dejure.org\/gesetze\/SGB_IX\/73.html\" title=\"&sect; 73 SGB IX: Reisekosten\">\u00a7 73 SGB IX<\/a> zugrunde gelegt. Im Abs. 1 werde der Begriff des Arbeitsplatzes definiert und Abs. 2 enthalte Fallgruppen von Arbeitspl\u00e4tzen, bei denen eine Gleichstellung wegen fehlender Anspruchsvoraussetzungen ausgeschlossen sei, etwa durch einen nicht vorhandenen Arbeitsvertrag.<\/p>\n<p>Der in Rede stehende Arbeitsplatz eines Geistlichen falle unter diese gesetzliche Ausschlussregelung. Ungeachtet dessen sei immer eine Einzelfallpr\u00fcfung notwendig, so die Arbeitsagentur weiter. Dabei sei der konkrete Arbeitsplatz zu betrachten. Entscheidend daf\u00fcr seien die Inhalte der zum Antrag gemachten Angaben und der eingereichten Unterlagen, wie zum Beispiel der Arbeitsvertrag. Anhand der daraus resultierenden Fakten werde entsprechend der einschl\u00e4gigen Regelungen des Sozialgesetzbuches IX eine fundierte Entscheidung \u00fcber die Gleichstellung mit Schwerbehinderten getroffen.<\/p>\n<p><strong>Vom Unterschied zwischen M\u00f6nchen und Pfarrern<br \/>\nAnwalt: Pauschale Ausnahme f\u00fcr Geistliche &#8222;nicht nachvollziehbar&#8220;<br \/>\n<\/strong><br \/>\nNun m\u00fcsse das SG kl\u00e4ren, ob die Norm Raum f\u00fcr Ermessensspielr\u00e4ume lasse und ggf. eine gesetzeskonforme Auslegung notwendig gewesen w\u00e4re. Dann k\u00f6nnte das SG entscheiden, dass dem Antrag h\u00e4tte stattgegeben werden m\u00fcssen. Wenn nicht, w\u00fcrde es die Klage abweisen m\u00fcssen \u2013 oder direkt einen Vorlagenbeschluss an das Bundesverfassungsgericht richten. &#8222;Das ist eine so grunds\u00e4tzliche Frage, vielleicht kann man die gar nicht in Sachsen kl\u00e4ren&#8220;, meint Hotstegs. Sein Ziel w\u00e4re jedenfalls, einen geeigneten Arbeitsplatz f\u00fcr seinen Mandanten ohne wirtschaftliche Einbu\u00dfen zu erreichen, die etwa mit einer Fr\u00fchverrentung einhergehen k\u00f6nnten.<\/p>\n<p>Dem Protestanten Hotstegs jedenfalls f\u00e4llt es schwer, den Fall anders zu beurteilen, als er es jetzt f\u00fcr seinen Mandanten tut \u2013 und tun muss. &#8222;Es gibt ganz wenig Anhaltspunkte daf\u00fcr, warum der Gesetzgeber diese pauschale Ausnahme f\u00fcr Geistliche geschaffen hat&#8220;, so der D\u00fcsseldorfer, dessen Kanzlei sich nach eigenen Angaben seit Jahren auch auf das kirchliche Dienstrecht spezialisiert hat. Andere im Gesetz genannte Ausnahmen seien durchaus nachvollziehbar, so etwa, dass kein behindertengerechter Arbeitsplatz extra eingerichtet werden m\u00fcsse, wenn Menschen maximal acht Wochen in diesem Job arbeiten. Dann sei schlichtweg der Aufwand zu hoch.<\/p>\n<p><strong>Kirchliche Sonderregelungen f\u00fcr das Arbeitsrecht des Pfarrers noch nie \u00fcberpr\u00fcft<\/strong><\/p>\n<p>Oder die Ausnahme f\u00fcr M\u00f6nche oder Nonnen etwa, weil deren Besch\u00e4ftigung nicht dem Erwerb diene, versteht Hotstegs. &#8222;Aber f\u00fcr die T\u00e4tigkeit von Pfarrern in der heutigen Zeit&#8220;, in der sein Mandant auch eine Familie \u2013 wenn auch mit schon recht erwachsenen Kindern\u2013 habe, bleibt die SGB-Ausnahme f\u00fcr ihn &#8222;ein gro\u00dfes Fragezeichen&#8220;.<\/p>\n<p>In vielen anderen Bereiche seien die Sonderregelungen f\u00fcr kirchliche Besch\u00e4ftigte f\u00fcr ihn nachvollziehbar, etwa der Sonderweg beim Streik oder Gewerkschaftsbeteiligung, diverse K\u00fcndigungen, z.B. wegen Homosexualit\u00e4t oder Ehebruchs, das Vorgehen bei Kirchenaustritten und die Regelungen zur Berufsaus\u00fcbung wie etwa das Tragen eines islamischen Kopftuchs im Selbstverst\u00e4ndnis der Kirchen &#8211; ein Vorgehen, das die katholische Kirche im Sommer selbst \u00e4nderte. &#8222;Der Staat hat der Kirche und allgemein den Glaubensgemeinschaften ein hohes Ma\u00df an Autonomie zugestanden&#8220;, so Hotstegs. &#8222;\u00dcblicherweise besteht er dann allerdings darauf, dass die Kirchen eigene Regelungen treffen und \u00fcberpr\u00fcft nur das Ergebnis daraufhin, ob dieses verfassungskonform ist.&#8220; Das habe der Gesetzgeber bei <a href=\"https:\/\/dejure.org\/gesetze\/SGB_IX\/73.html\" title=\"&sect; 73 SGB IX: Reisekosten\">\u00a7 73 SGB IX<\/a> aber gerade nicht gemacht.<\/p>\n<p>R\u00fcckendeckung bekommt er von Professor Dr. Hermann Reichold von der Uni T\u00fcbingen und Leiter der Forschungsstelle f\u00fcr kirchliches Arbeitsrecht: &#8222;Der Verweis aus <a href=\"https:\/\/dejure.org\/gesetze\/SGB_IX\/2.html\" title=\"&sect; 2 SGB IX: Begriffsbestimmungen\">\u00a7 2 Abs. 2 SGB IX<\/a> auf \u00a7 73 ist in diesem Fall vom Sinn und Zweck her sehr in Frage zu stellen&#8220;, sagt Reichold. &#8222;Die Ausgleichszahlung steht in einem ganz anderen systematischen Kontext und entspricht nicht dem Sinn des \u00a7 2 Abs. 2.&#8220; Dies zusammen genommen mit der unterschiedlichen Behandlung etwa von Beamten und Geistlichen l\u00e4sst die Vermutung zu, dass der Gesetzgeber diese Wechselwirkung zwischen den Normen nicht richtig bedacht hat.&#8220; &#8222;Aber wer wei\u00df&#8220;, sagt Hotstegs, &#8222;vielleicht muss ich mich ja am Ende tief beeindruckt zeigen, welche filigranen Gedanken sich der Gesetzgeber bei dieser Regelung gemacht hat.&#8220; Klar ist f\u00fcr ihn jedenfalls: &#8222;Wir werden diese Grundsatzfrage kl\u00e4ren und die Sache ausfechten.&#8220; So wahr ihm Gott helfe.<\/p>\n","protected":false},"excerpt":{"rendered":"<p>von Tanja Podolski Wird ein Pfarrer im Laufe seines Berufslebens behindert, tut er gut daran, einen Grad von 50 Prozent zu erreichen. Darunter ist er von den Regelungen zum Arbeitsschutz f\u00fcr Behinderte nicht erfasst. Ein Geistlicher wehrt sich jetzt. Eine Sonderregelung f\u00fcr Pfarrer F\u00fcr Pfarrer gibt es ganz eigene Verordnungen und besondere Regelungen. Manchmal ist &hellip; <\/p>\n<p class=\"link-more\"><a href=\"https:\/\/www.hotstegs-recht.de\/?p=3899\" class=\"more-link\"><span class=\"screen-reader-text\">\u201eSchwerbehinderung bei Pfarrern: Nur Gottes Lohn und warme Worte, lto.de v. 21.12.2015\u201c <\/span>weiterlesen<\/a><\/p>\n","protected":false},"author":4,"featured_media":0,"comment_status":"open","ping_status":"open","sticky":false,"template":"","format":"standard","meta":{"footnotes":""},"categories":[4,9,14,39],"tags":[],"class_list":["post-3899","post","type-post","status-publish","format-standard","hentry","category-aktuelles","category-presse","category-beamtenrecht","category-ev-kirchenrecht"],"yoast_head":"<!-- This site is optimized with the Yoast SEO plugin v27.4 - https:\/\/yoast.com\/product\/yoast-seo-wordpress\/ -->\n<title>Schwerbehinderung bei Pfarrern: Nur Gottes Lohn und warme Worte, lto.de v. 21.12.2015 - Hotstegs Rechtsanwaltsgesellschaft | Rechtsanw\u00e4lt:innen und Fachanw\u00e4lt:innen f\u00fcr Verwaltungsrecht<\/title>\n<meta name=\"description\" content=\"- Termine unter Tel. 0211 \/ 497657-16\" \/>\n<meta name=\"robots\" content=\"index, follow, max-snippet:-1, max-image-preview:large, max-video-preview:-1\" \/>\n<link rel=\"canonical\" href=\"https:\/\/www.hotstegs-recht.de\/?p=3899\" \/>\n<meta property=\"og:locale\" content=\"de_DE\" \/>\n<meta property=\"og:type\" content=\"article\" \/>\n<meta property=\"og:title\" content=\"Schwerbehinderung bei Pfarrern: Nur Gottes Lohn und warme Worte, lto.de v. 21.12.2015 - Hotstegs Rechtsanwaltsgesellschaft | Rechtsanw\u00e4lt:innen und Fachanw\u00e4lt:innen f\u00fcr Verwaltungsrecht\" \/>\n<meta property=\"og:description\" content=\"- Termine unter Tel. 0211 \/ 497657-16\" \/>\n<meta property=\"og:url\" content=\"https:\/\/www.hotstegs-recht.de\/?p=3899\" \/>\n<meta property=\"og:site_name\" content=\"Hotstegs Rechtsanwaltsgesellschaft | Rechtsanw\u00e4lt:innen und Fachanw\u00e4lt:innen f\u00fcr Verwaltungsrecht\" \/>\n<meta property=\"article:publisher\" content=\"https:\/\/www.facebook.com\/hotstegs.recht\" \/>\n<meta property=\"article:published_time\" content=\"2015-12-21T11:08:06+00:00\" \/>\n<meta property=\"article:modified_time\" content=\"2016-01-05T09:11:57+00:00\" \/>\n<meta name=\"author\" content=\"Mitarbeiter:in\" \/>\n<meta name=\"twitter:card\" content=\"summary_large_image\" \/>\n<meta name=\"twitter:creator\" content=\"@hotstegs_recht\" \/>\n<meta name=\"twitter:site\" content=\"@hotstegs_recht\" \/>\n<meta name=\"twitter:label1\" content=\"Verfasst von\" \/>\n\t<meta name=\"twitter:data1\" content=\"Mitarbeiter:in\" \/>\n\t<meta name=\"twitter:label2\" content=\"Gesch\u00e4tzte Lesezeit\" \/>\n\t<meta name=\"twitter:data2\" content=\"6\u00a0Minuten\" \/>\n<!-- \/ Yoast SEO plugin. -->","yoast_head_json":{"title":"Schwerbehinderung bei Pfarrern: Nur Gottes Lohn und warme Worte, lto.de v. 21.12.2015 - Hotstegs Rechtsanwaltsgesellschaft | Rechtsanw\u00e4lt:innen und Fachanw\u00e4lt:innen f\u00fcr Verwaltungsrecht","description":"- Termine unter Tel. 0211 \/ 497657-16","robots":{"index":"index","follow":"follow","max-snippet":"max-snippet:-1","max-image-preview":"max-image-preview:large","max-video-preview":"max-video-preview:-1"},"canonical":"https:\/\/www.hotstegs-recht.de\/?p=3899","og_locale":"de_DE","og_type":"article","og_title":"Schwerbehinderung bei Pfarrern: Nur Gottes Lohn und warme Worte, lto.de v. 21.12.2015 - Hotstegs Rechtsanwaltsgesellschaft | Rechtsanw\u00e4lt:innen und Fachanw\u00e4lt:innen f\u00fcr Verwaltungsrecht","og_description":"- Termine unter Tel. 0211 \/ 497657-16","og_url":"https:\/\/www.hotstegs-recht.de\/?p=3899","og_site_name":"Hotstegs Rechtsanwaltsgesellschaft | Rechtsanw\u00e4lt:innen und Fachanw\u00e4lt:innen f\u00fcr Verwaltungsrecht","article_publisher":"https:\/\/www.facebook.com\/hotstegs.recht","article_published_time":"2015-12-21T11:08:06+00:00","article_modified_time":"2016-01-05T09:11:57+00:00","author":"Mitarbeiter:in","twitter_card":"summary_large_image","twitter_creator":"@hotstegs_recht","twitter_site":"@hotstegs_recht","twitter_misc":{"Verfasst von":"Mitarbeiter:in","Gesch\u00e4tzte Lesezeit":"6\u00a0Minuten"},"schema":{"@context":"https:\/\/schema.org","@graph":[{"@type":"Article","@id":"https:\/\/www.hotstegs-recht.de\/?p=3899#article","isPartOf":{"@id":"https:\/\/www.hotstegs-recht.de\/?p=3899"},"author":{"name":"Mitarbeiter:in","@id":"https:\/\/www.hotstegs-recht.de\/#\/schema\/person\/18c7a8260c2d9ded2b8308feab0990a2"},"headline":"Schwerbehinderung bei Pfarrern: Nur Gottes Lohn und warme Worte, lto.de v. 21.12.2015","datePublished":"2015-12-21T11:08:06+00:00","dateModified":"2016-01-05T09:11:57+00:00","mainEntityOfPage":{"@id":"https:\/\/www.hotstegs-recht.de\/?p=3899"},"wordCount":1256,"commentCount":0,"publisher":{"@id":"https:\/\/www.hotstegs-recht.de\/#organization"},"articleSection":["Aktuelles","Presse","Beamtenrecht","ev. Kirchenrecht"],"inLanguage":"de","potentialAction":[{"@type":"CommentAction","name":"Comment","target":["https:\/\/www.hotstegs-recht.de\/?p=3899#respond"]}]},{"@type":"WebPage","@id":"https:\/\/www.hotstegs-recht.de\/?p=3899","url":"https:\/\/www.hotstegs-recht.de\/?p=3899","name":"Schwerbehinderung bei Pfarrern: Nur Gottes Lohn und warme Worte, lto.de v. 21.12.2015 - Hotstegs Rechtsanwaltsgesellschaft | Rechtsanw\u00e4lt:innen und Fachanw\u00e4lt:innen f\u00fcr Verwaltungsrecht","isPartOf":{"@id":"https:\/\/www.hotstegs-recht.de\/#website"},"datePublished":"2015-12-21T11:08:06+00:00","dateModified":"2016-01-05T09:11:57+00:00","description":"- Termine unter Tel. 0211 \/ 497657-16","breadcrumb":{"@id":"https:\/\/www.hotstegs-recht.de\/?p=3899#breadcrumb"},"inLanguage":"de","potentialAction":[{"@type":"ReadAction","target":["https:\/\/www.hotstegs-recht.de\/?p=3899"]}]},{"@type":"BreadcrumbList","@id":"https:\/\/www.hotstegs-recht.de\/?p=3899#breadcrumb","itemListElement":[{"@type":"ListItem","position":1,"name":"Startseite","item":"https:\/\/www.hotstegs-recht.de\/"},{"@type":"ListItem","position":2,"name":"Schwerbehinderung bei Pfarrern: Nur Gottes Lohn und warme Worte, lto.de v. 21.12.2015"}]},{"@type":"WebSite","@id":"https:\/\/www.hotstegs-recht.de\/#website","url":"https:\/\/www.hotstegs-recht.de\/","name":"Hotstegs Rechtsanwaltsgesellschaft | Rechtsanw\u00e4lt:innen und Fachanw\u00e4lt:innen f\u00fcr Verwaltungsrecht","description":"\u00f6ffentliches Dienstrecht und Disziplinarverfahren | Rechtsanwalt Robert Hotstegs | Rechtsanw\u00e4ltin Sarah Nu\u00dfbaum | Rechtsanw\u00e4ltin Katharina Voigt","publisher":{"@id":"https:\/\/www.hotstegs-recht.de\/#organization"},"potentialAction":[{"@type":"SearchAction","target":{"@type":"EntryPoint","urlTemplate":"https:\/\/www.hotstegs-recht.de\/?s={search_term_string}"},"query-input":{"@type":"PropertyValueSpecification","valueRequired":true,"valueName":"search_term_string"}}],"inLanguage":"de"},{"@type":"Organization","@id":"https:\/\/www.hotstegs-recht.de\/#organization","name":"Hotstegs Rechtsanwaltsgesellschaft","url":"https:\/\/www.hotstegs-recht.de\/","logo":{"@type":"ImageObject","inLanguage":"de","@id":"https:\/\/www.hotstegs-recht.de\/#\/schema\/logo\/image\/","url":"https:\/\/www.hotstegs-recht.de\/wp-content\/uploads\/2021\/09\/logo_2020.png","contentUrl":"https:\/\/www.hotstegs-recht.de\/wp-content\/uploads\/2021\/09\/logo_2020.png","width":180,"height":51,"caption":"Hotstegs Rechtsanwaltsgesellschaft"},"image":{"@id":"https:\/\/www.hotstegs-recht.de\/#\/schema\/logo\/image\/"},"sameAs":["https:\/\/www.facebook.com\/hotstegs.recht","https:\/\/x.com\/hotstegs_recht","https:\/\/www.instagram.com\/hotstegs.recht","https:\/\/de.linkedin.com\/company\/hotstegs-recht"]},{"@type":"Person","@id":"https:\/\/www.hotstegs-recht.de\/#\/schema\/person\/18c7a8260c2d9ded2b8308feab0990a2","name":"Mitarbeiter:in","image":{"@type":"ImageObject","inLanguage":"de","@id":"https:\/\/secure.gravatar.com\/avatar\/ff927e44276052255fa51b438cd49d6bee71e07c0621a998717cee201e5d2fff?s=96&d=blank&r=g","url":"https:\/\/secure.gravatar.com\/avatar\/ff927e44276052255fa51b438cd49d6bee71e07c0621a998717cee201e5d2fff?s=96&d=blank&r=g","contentUrl":"https:\/\/secure.gravatar.com\/avatar\/ff927e44276052255fa51b438cd49d6bee71e07c0621a998717cee201e5d2fff?s=96&d=blank&r=g","caption":"Mitarbeiter:in"},"url":"https:\/\/www.hotstegs-recht.de\/?author=4"}]}},"amp_enabled":true,"_links":{"self":[{"href":"https:\/\/www.hotstegs-recht.de\/index.php?rest_route=\/wp\/v2\/posts\/3899","targetHints":{"allow":["GET"]}}],"collection":[{"href":"https:\/\/www.hotstegs-recht.de\/index.php?rest_route=\/wp\/v2\/posts"}],"about":[{"href":"https:\/\/www.hotstegs-recht.de\/index.php?rest_route=\/wp\/v2\/types\/post"}],"author":[{"embeddable":true,"href":"https:\/\/www.hotstegs-recht.de\/index.php?rest_route=\/wp\/v2\/users\/4"}],"replies":[{"embeddable":true,"href":"https:\/\/www.hotstegs-recht.de\/index.php?rest_route=%2Fwp%2Fv2%2Fcomments&post=3899"}],"version-history":[{"count":0,"href":"https:\/\/www.hotstegs-recht.de\/index.php?rest_route=\/wp\/v2\/posts\/3899\/revisions"}],"wp:attachment":[{"href":"https:\/\/www.hotstegs-recht.de\/index.php?rest_route=%2Fwp%2Fv2%2Fmedia&parent=3899"}],"wp:term":[{"taxonomy":"category","embeddable":true,"href":"https:\/\/www.hotstegs-recht.de\/index.php?rest_route=%2Fwp%2Fv2%2Fcategories&post=3899"},{"taxonomy":"post_tag","embeddable":true,"href":"https:\/\/www.hotstegs-recht.de\/index.php?rest_route=%2Fwp%2Fv2%2Ftags&post=3899"}],"curies":[{"name":"wp","href":"https:\/\/api.w.org\/{rel}","templated":true}]}}