{"id":3844,"date":"2015-10-08T17:49:52","date_gmt":"2015-10-08T15:49:52","guid":{"rendered":"http:\/\/www.hotstegs-recht.de\/?p=3844"},"modified":"2015-11-06T17:51:10","modified_gmt":"2015-11-06T16:51:10","slug":"auch-landtagswahl-im-blick-linke-kommunalpolitiker_innen-diskutierten-beim-ratschlag-dielinke-nrw-de-v-07-10-2015","status":"publish","type":"post","link":"https:\/\/www.hotstegs-recht.de\/?p=3844","title":{"rendered":"Auch Landtagswahl im Blick &#8211; Linke Kommunalpolitiker_innen diskutierten beim &#8222;Ratschlag&#8220;, dielinke-nrw.de v. 07.10.2015"},"content":{"rendered":"<p>Die neue 2,5%-H\u00fcrde bei Kommunalwahlen, von CDU, SPD und Gr\u00fcnen gewollt, ist undemokratisch. Das war die einhellige Meinung der kommunalen Mandatstr\u00e4ger_innen, die zur Er\u00f6ffnung des Kommunalpolitischen Ratschlags \u00fcber dieses Thema diskutierten. Das kopofo nrw hatte f\u00fcr den 19. und 20. 9. nach Dortmund eingeladen. LINKE-Landessprecher Ralf Michalowsky bekr\u00e4ftigte das klare \u201eNein\u201c des Landesvorstands zur neuen H\u00fcrde. Fraglich erscheint, ob die Entscheidung rechtlich Bestand haben wird. Rechtsanwalt Robert Hotstegs von \u201eMehr Demokratie\u201c sieht zahlreiche Angriffspunkte. Auch seine Initiative lehnt das Gesetzesvorhaben ab.<!--more--><\/p>\n<p>Wer fliehen muss vor Krieg, Armut oder Unterdr\u00fcckung, hat nicht nur ein Recht, bei uns aufgenommen werden. Sie\/Er muss sp\u00fcren, willkommen zu sein und verdient unsere Solidarit\u00e4t. F\u00fcr linke Kommunalpolitiker_innen ist das selbstverst\u00e4ndlich. \u00dcber n\u00f6tige Ma\u00dfnahmen und Forderungen diskutierten die Mandatstr\u00e4ger_innen mit Gabi Giesecke (Linksfraktion Essen) und Uwe Vorberg (Medizinische Fl\u00fcchtlingshilfe Bochum). Weitere Themen in den Arbeitskreisen waren Armutsbek\u00e4mpfung vor Ort, die Finanzkrise der Kommunen und Aspekte der Stadtentwicklung am Beispiel Dortmund. Wie immer gab es beim Ratschlag auch praktischen Rat: Tipps zur Verbesserung der \u00d6ffentlichkeitsarbeit und ein Einblick in die Arbeit von Fraktionsgesch\u00e4ftsf\u00fchrer_innen.<\/p>\n<p>Die LINKE muss 2017 zur\u00fcck in den Landtag. Dieses wichtige Ziel war Gegenstand des Abschlussplenums. Ausgangspunkt war die Frage, was aus der erfolgreichen Arbeit in R\u00e4ten und Kreistagen f\u00fcr den Landtagswahlkampf nutzbar gemacht werden kann. Viele Themen aus der Kommunalpolitik wie Bildung und Verkehr sind auch landespolitische Themen. LINKE-Landessprecherin \u00d6zlem Demirel erl\u00e4uterte, dass die ersten Arbeiten am Landtagswahlprogramm schon laufen und in den Arbeitsgemeinschaften bereits diskutiert werde. Aus der Runde kam die Anregung, f\u00fcnf oder sechs Schwerpunktthemen zu identifizieren, die im Wahlkampf entscheidend sein k\u00f6nnen. \u00d6zlem sagte zu, die Anregung mitzunehmen.<\/p>\n<p>(Andreas M\u00fcller)<\/p>\n","protected":false},"excerpt":{"rendered":"<p>Die neue 2,5%-H\u00fcrde bei Kommunalwahlen, von CDU, SPD und Gr\u00fcnen gewollt, ist undemokratisch. Das war die einhellige Meinung der kommunalen Mandatstr\u00e4ger_innen, die zur Er\u00f6ffnung des Kommunalpolitischen Ratschlags \u00fcber dieses Thema diskutierten. Das kopofo nrw hatte f\u00fcr den 19. und 20. 9. nach Dortmund eingeladen. LINKE-Landessprecher Ralf Michalowsky bekr\u00e4ftigte das klare \u201eNein\u201c des Landesvorstands zur neuen &hellip; <\/p>\n<p class=\"link-more\"><a href=\"https:\/\/www.hotstegs-recht.de\/?p=3844\" class=\"more-link\"><span class=\"screen-reader-text\">\u201eAuch Landtagswahl im Blick &#8211; Linke Kommunalpolitiker_innen diskutierten beim &#8222;Ratschlag&#8220;, dielinke-nrw.de v. 07.10.2015\u201c <\/span>weiterlesen<\/a><\/p>\n","protected":false},"author":4,"featured_media":0,"comment_status":"open","ping_status":"open","sticky":false,"template":"","format":"standard","meta":{"footnotes":""},"categories":[4,16,47],"tags":[],"class_list":["post-3844","post","type-post","status-publish","format-standard","hentry","category-aktuelles","category-burgerbeteiligung","category-wahlrecht"],"yoast_head":"<!-- This site is optimized with the Yoast SEO plugin v27.4 - https:\/\/yoast.com\/product\/yoast-seo-wordpress\/ -->\n<title>Auch Landtagswahl im Blick - Linke Kommunalpolitiker_innen diskutierten beim &quot;Ratschlag&quot;, dielinke-nrw.de v. 07.10.2015 - Hotstegs Rechtsanwaltsgesellschaft | Rechtsanw\u00e4lt:innen und Fachanw\u00e4lt:innen f\u00fcr Verwaltungsrecht<\/title>\n<meta name=\"description\" content=\"- Termine unter Tel. 0211 \/ 497657-16\" \/>\n<meta name=\"robots\" content=\"index, follow, max-snippet:-1, max-image-preview:large, max-video-preview:-1\" \/>\n<link rel=\"canonical\" href=\"https:\/\/www.hotstegs-recht.de\/?p=3844\" \/>\n<meta property=\"og:locale\" content=\"de_DE\" \/>\n<meta property=\"og:type\" content=\"article\" \/>\n<meta property=\"og:title\" content=\"Auch Landtagswahl im Blick - Linke Kommunalpolitiker_innen diskutierten beim &quot;Ratschlag&quot;, dielinke-nrw.de v. 07.10.2015 - Hotstegs Rechtsanwaltsgesellschaft | Rechtsanw\u00e4lt:innen und Fachanw\u00e4lt:innen f\u00fcr Verwaltungsrecht\" \/>\n<meta property=\"og:description\" content=\"- Termine unter Tel. 0211 \/ 497657-16\" \/>\n<meta property=\"og:url\" content=\"https:\/\/www.hotstegs-recht.de\/?p=3844\" \/>\n<meta property=\"og:site_name\" content=\"Hotstegs Rechtsanwaltsgesellschaft | Rechtsanw\u00e4lt:innen und Fachanw\u00e4lt:innen f\u00fcr Verwaltungsrecht\" \/>\n<meta property=\"article:publisher\" content=\"https:\/\/www.facebook.com\/hotstegs.recht\" \/>\n<meta property=\"article:published_time\" content=\"2015-10-08T15:49:52+00:00\" \/>\n<meta property=\"article:modified_time\" content=\"2015-11-06T16:51:10+00:00\" \/>\n<meta name=\"author\" content=\"Mitarbeiter:in\" \/>\n<meta name=\"twitter:card\" content=\"summary_large_image\" \/>\n<meta name=\"twitter:creator\" content=\"@hotstegs_recht\" \/>\n<meta name=\"twitter:site\" content=\"@hotstegs_recht\" \/>\n<meta name=\"twitter:label1\" content=\"Verfasst von\" \/>\n\t<meta name=\"twitter:data1\" content=\"Mitarbeiter:in\" \/>\n\t<meta name=\"twitter:label2\" content=\"Gesch\u00e4tzte Lesezeit\" \/>\n\t<meta name=\"twitter:data2\" content=\"1\u00a0Minute\" \/>\n<!-- \/ Yoast SEO plugin. -->","yoast_head_json":{"title":"Auch Landtagswahl im Blick - Linke Kommunalpolitiker_innen diskutierten beim \"Ratschlag\", dielinke-nrw.de v. 07.10.2015 - Hotstegs Rechtsanwaltsgesellschaft | Rechtsanw\u00e4lt:innen und Fachanw\u00e4lt:innen f\u00fcr Verwaltungsrecht","description":"- Termine unter Tel. 0211 \/ 497657-16","robots":{"index":"index","follow":"follow","max-snippet":"max-snippet:-1","max-image-preview":"max-image-preview:large","max-video-preview":"max-video-preview:-1"},"canonical":"https:\/\/www.hotstegs-recht.de\/?p=3844","og_locale":"de_DE","og_type":"article","og_title":"Auch Landtagswahl im Blick - Linke Kommunalpolitiker_innen diskutierten beim \"Ratschlag\", dielinke-nrw.de v. 07.10.2015 - Hotstegs Rechtsanwaltsgesellschaft | Rechtsanw\u00e4lt:innen und Fachanw\u00e4lt:innen f\u00fcr Verwaltungsrecht","og_description":"- Termine unter Tel. 0211 \/ 497657-16","og_url":"https:\/\/www.hotstegs-recht.de\/?p=3844","og_site_name":"Hotstegs Rechtsanwaltsgesellschaft | Rechtsanw\u00e4lt:innen und Fachanw\u00e4lt:innen f\u00fcr Verwaltungsrecht","article_publisher":"https:\/\/www.facebook.com\/hotstegs.recht","article_published_time":"2015-10-08T15:49:52+00:00","article_modified_time":"2015-11-06T16:51:10+00:00","author":"Mitarbeiter:in","twitter_card":"summary_large_image","twitter_creator":"@hotstegs_recht","twitter_site":"@hotstegs_recht","twitter_misc":{"Verfasst von":"Mitarbeiter:in","Gesch\u00e4tzte Lesezeit":"1\u00a0Minute"},"schema":{"@context":"https:\/\/schema.org","@graph":[{"@type":"Article","@id":"https:\/\/www.hotstegs-recht.de\/?p=3844#article","isPartOf":{"@id":"https:\/\/www.hotstegs-recht.de\/?p=3844"},"author":{"name":"Mitarbeiter:in","@id":"https:\/\/www.hotstegs-recht.de\/#\/schema\/person\/18c7a8260c2d9ded2b8308feab0990a2"},"headline":"Auch Landtagswahl im Blick &#8211; Linke Kommunalpolitiker_innen diskutierten beim &#8222;Ratschlag&#8220;, dielinke-nrw.de v. 07.10.2015","datePublished":"2015-10-08T15:49:52+00:00","dateModified":"2015-11-06T16:51:10+00:00","mainEntityOfPage":{"@id":"https:\/\/www.hotstegs-recht.de\/?p=3844"},"wordCount":309,"commentCount":0,"publisher":{"@id":"https:\/\/www.hotstegs-recht.de\/#organization"},"articleSection":["Aktuelles","B\u00fcrgerbeteiligung","Wahlrecht"],"inLanguage":"de","potentialAction":[{"@type":"CommentAction","name":"Comment","target":["https:\/\/www.hotstegs-recht.de\/?p=3844#respond"]}]},{"@type":"WebPage","@id":"https:\/\/www.hotstegs-recht.de\/?p=3844","url":"https:\/\/www.hotstegs-recht.de\/?p=3844","name":"Auch Landtagswahl im Blick - Linke Kommunalpolitiker_innen diskutierten beim \"Ratschlag\", dielinke-nrw.de v. 07.10.2015 - Hotstegs Rechtsanwaltsgesellschaft | Rechtsanw\u00e4lt:innen und Fachanw\u00e4lt:innen f\u00fcr Verwaltungsrecht","isPartOf":{"@id":"https:\/\/www.hotstegs-recht.de\/#website"},"datePublished":"2015-10-08T15:49:52+00:00","dateModified":"2015-11-06T16:51:10+00:00","description":"- Termine unter Tel. 0211 \/ 497657-16","breadcrumb":{"@id":"https:\/\/www.hotstegs-recht.de\/?p=3844#breadcrumb"},"inLanguage":"de","potentialAction":[{"@type":"ReadAction","target":["https:\/\/www.hotstegs-recht.de\/?p=3844"]}]},{"@type":"BreadcrumbList","@id":"https:\/\/www.hotstegs-recht.de\/?p=3844#breadcrumb","itemListElement":[{"@type":"ListItem","position":1,"name":"Startseite","item":"https:\/\/www.hotstegs-recht.de\/"},{"@type":"ListItem","position":2,"name":"Auch Landtagswahl im Blick &#8211; Linke Kommunalpolitiker_innen diskutierten beim &#8222;Ratschlag&#8220;, dielinke-nrw.de v. 07.10.2015"}]},{"@type":"WebSite","@id":"https:\/\/www.hotstegs-recht.de\/#website","url":"https:\/\/www.hotstegs-recht.de\/","name":"Hotstegs Rechtsanwaltsgesellschaft | Rechtsanw\u00e4lt:innen und Fachanw\u00e4lt:innen f\u00fcr Verwaltungsrecht","description":"\u00f6ffentliches Dienstrecht und Disziplinarverfahren | Rechtsanwalt Robert Hotstegs | Rechtsanw\u00e4ltin Sarah Nu\u00dfbaum | Rechtsanw\u00e4ltin Katharina Voigt","publisher":{"@id":"https:\/\/www.hotstegs-recht.de\/#organization"},"potentialAction":[{"@type":"SearchAction","target":{"@type":"EntryPoint","urlTemplate":"https:\/\/www.hotstegs-recht.de\/?s={search_term_string}"},"query-input":{"@type":"PropertyValueSpecification","valueRequired":true,"valueName":"search_term_string"}}],"inLanguage":"de"},{"@type":"Organization","@id":"https:\/\/www.hotstegs-recht.de\/#organization","name":"Hotstegs Rechtsanwaltsgesellschaft","url":"https:\/\/www.hotstegs-recht.de\/","logo":{"@type":"ImageObject","inLanguage":"de","@id":"https:\/\/www.hotstegs-recht.de\/#\/schema\/logo\/image\/","url":"https:\/\/www.hotstegs-recht.de\/wp-content\/uploads\/2021\/09\/logo_2020.png","contentUrl":"https:\/\/www.hotstegs-recht.de\/wp-content\/uploads\/2021\/09\/logo_2020.png","width":180,"height":51,"caption":"Hotstegs Rechtsanwaltsgesellschaft"},"image":{"@id":"https:\/\/www.hotstegs-recht.de\/#\/schema\/logo\/image\/"},"sameAs":["https:\/\/www.facebook.com\/hotstegs.recht","https:\/\/x.com\/hotstegs_recht","https:\/\/www.instagram.com\/hotstegs.recht","https:\/\/de.linkedin.com\/company\/hotstegs-recht"]},{"@type":"Person","@id":"https:\/\/www.hotstegs-recht.de\/#\/schema\/person\/18c7a8260c2d9ded2b8308feab0990a2","name":"Mitarbeiter:in","image":{"@type":"ImageObject","inLanguage":"de","@id":"https:\/\/secure.gravatar.com\/avatar\/ff927e44276052255fa51b438cd49d6bee71e07c0621a998717cee201e5d2fff?s=96&d=blank&r=g","url":"https:\/\/secure.gravatar.com\/avatar\/ff927e44276052255fa51b438cd49d6bee71e07c0621a998717cee201e5d2fff?s=96&d=blank&r=g","contentUrl":"https:\/\/secure.gravatar.com\/avatar\/ff927e44276052255fa51b438cd49d6bee71e07c0621a998717cee201e5d2fff?s=96&d=blank&r=g","caption":"Mitarbeiter:in"},"url":"https:\/\/www.hotstegs-recht.de\/?author=4"}]}},"amp_enabled":true,"_links":{"self":[{"href":"https:\/\/www.hotstegs-recht.de\/index.php?rest_route=\/wp\/v2\/posts\/3844","targetHints":{"allow":["GET"]}}],"collection":[{"href":"https:\/\/www.hotstegs-recht.de\/index.php?rest_route=\/wp\/v2\/posts"}],"about":[{"href":"https:\/\/www.hotstegs-recht.de\/index.php?rest_route=\/wp\/v2\/types\/post"}],"author":[{"embeddable":true,"href":"https:\/\/www.hotstegs-recht.de\/index.php?rest_route=\/wp\/v2\/users\/4"}],"replies":[{"embeddable":true,"href":"https:\/\/www.hotstegs-recht.de\/index.php?rest_route=%2Fwp%2Fv2%2Fcomments&post=3844"}],"version-history":[{"count":0,"href":"https:\/\/www.hotstegs-recht.de\/index.php?rest_route=\/wp\/v2\/posts\/3844\/revisions"}],"wp:attachment":[{"href":"https:\/\/www.hotstegs-recht.de\/index.php?rest_route=%2Fwp%2Fv2%2Fmedia&parent=3844"}],"wp:term":[{"taxonomy":"category","embeddable":true,"href":"https:\/\/www.hotstegs-recht.de\/index.php?rest_route=%2Fwp%2Fv2%2Fcategories&post=3844"},{"taxonomy":"post_tag","embeddable":true,"href":"https:\/\/www.hotstegs-recht.de\/index.php?rest_route=%2Fwp%2Fv2%2Ftags&post=3844"}],"curies":[{"name":"wp","href":"https:\/\/api.w.org\/{rel}","templated":true}]}}