{"id":3676,"date":"2015-09-02T19:31:42","date_gmt":"2015-09-02T17:31:42","guid":{"rendered":"http:\/\/www.hotstegs-recht.de\/?p=3676"},"modified":"2015-10-12T21:32:09","modified_gmt":"2015-10-12T19:32:09","slug":"buchstaben-aerger-bei-ob-wahl-koeln-muss-neue-stimmzettel-drucken-spiegel-v-02-09-2015","status":"publish","type":"post","link":"https:\/\/www.hotstegs-recht.de\/?p=3676","title":{"rendered":"Buchstaben-\u00c4rger bei OB-Wahl: K\u00f6ln muss neue Stimmzettel drucken, Spiegel v. 02.09.2015"},"content":{"rendered":"<p><strong>Kurz vor der Oberb\u00fcrgermeisterwahl in K\u00f6ln ist ein Streit \u00fcber die Stimmzettel entbrannt. Eine B\u00fcrgerinitiative fordert gar, den Urnengang zu verschieben. Dabei geht es nur um die Gr\u00f6\u00dfe einiger Buchstaben.<br \/>\n<\/strong><\/p>\n<p>Die einen sind zu gro\u00df, die anderen zu klein: Weil die Namen der Parteien sehr viel gr\u00f6\u00dfer abgedruckt sind als die der Kandidaten, muss die Stadt K\u00f6ln neue Stimmzettel drucken. Nur wenige Wochen vor der Oberb\u00fcrgermeisterwahl hatte die Bezirksregierung rechtliche Bedenken ge\u00e4u\u00dfert, teilte die Stadtverwaltung mit.<!--more--><\/p>\n<p>Schlie\u00dflich gibt es klare Vorgaben f\u00fcr amtliche Stimmzettel: Sie m\u00fcssten &#8222;so beschaffen sein, dass eine potenzielle Beeinflussung des W\u00e4hlerwillens zu Gunsten oder zu Ungunsten einzelner Wahlvorschl\u00e4ge ausgeschlossen wird&#8220;. Diesem Anspruch gen\u00fcge der bisherige Stimmzettel zur Wahl des K\u00f6lner Stadtoberhaupts am 13. September nicht.<\/p>\n<p><strong>Sorge vor dem &#8222;\u00dcberstrahlungseffekt&#8220;<\/strong><\/p>\n<p>Auf den alten Zetteln sei die Kurzbezeichnung der Partei rund zweieinhalb mal so gro\u00df wie der Kandidatenname gedruckt. Ein Problem, findet die Bezirksregierung. Denn damit falle die Kurzbezeichnung der Partei dem W\u00e4hler als Erstes ins Auge und habe einen &#8222;\u00dcberstrahlungseffekt&#8220;, der die sonstigen Informationen auf dem Stimmzettel in den Hintergrund dr\u00e4nge.<\/p>\n<p>53.000 K\u00f6lner, die bereits per Brief- und Direktwahl mit den alten Stimmzetteln gew\u00e4hlt haben, m\u00fcssen nun noch einmal abstimmen. Die Aufsichtsbeh\u00f6rde sieht keine M\u00f6glichkeit, diese Stimmen als g\u00fcltig zu z\u00e4hlen, teilte die Stadt mit.<\/p>\n<p>Um das Oberb\u00fcrgermeisteramt in Deutschlands viertgr\u00f6\u00dfter Stadt bewerben sich sieben Kandidaten. Medienberichten zufolge hatte die CDU die gro\u00df gedruckten Parteibezeichnungen moniert, weil sie darin eine Benachteiligung der von ihr unterst\u00fctzten parteilosen Kandidatin Henriette Reker gegen\u00fcber dem SPD-Kandidaten Jochen Ott sieht. Die Spalte mit ihrem Namen wird &#8211; genauso wie bei den anderen parteilosen Kandidaten &#8211; nicht durch die gro\u00dfe Parteienabk\u00fcrzung hervorgehoben.<\/p>\n<p><strong>Wahltermin verschieben?<\/strong><\/p>\n<p>Nach einem Bericht des &#8222;K\u00f6lner Stadt-Anzeigers&#8220; will die Stadtverwaltung beim NRW-Innenministerium eine Verschiebung des Wahltags beantragen. Die Zeitung beruft sich auf Informationen aus Kreisen der Verwaltung erfahren haben. Das Presseamt der Stadt wollte sich dazu nicht \u00e4u\u00dfern. Die Initiative &#8222;Mehr Demokratie&#8220; hatte das angesichts der Panne gefordert.<\/p>\n<p>Erst im Fr\u00fchjahr war K\u00f6ln durch eine Wahlpanne bundesweit in die Schlagzeilen geraten. Bei der Neuausz\u00e4hlung eines Briefwahl-Stimmbezirks stellte sich heraus, dass bei der Kommunalwahl ein Jahr zuvor die Stimmen f\u00fcr CDU und SPD vertauscht worden waren. Durch die Korrektur des Fehlers gewann die CDU ein Ratsmandat zulasten der SPD hinzu. Damit verloren SPD und Gr\u00fcne ihre vorherige Ein-Stimmen-Mehrheit im Stadtrat.<\/p>\n<p>vks\/AFP<\/p>\n","protected":false},"excerpt":{"rendered":"<p>Kurz vor der Oberb\u00fcrgermeisterwahl in K\u00f6ln ist ein Streit \u00fcber die Stimmzettel entbrannt. Eine B\u00fcrgerinitiative fordert gar, den Urnengang zu verschieben. Dabei geht es nur um die Gr\u00f6\u00dfe einiger Buchstaben. Die einen sind zu gro\u00df, die anderen zu klein: Weil die Namen der Parteien sehr viel gr\u00f6\u00dfer abgedruckt sind als die der Kandidaten, muss die &hellip; <\/p>\n<p class=\"link-more\"><a href=\"https:\/\/www.hotstegs-recht.de\/?p=3676\" class=\"more-link\"><span class=\"screen-reader-text\">\u201eBuchstaben-\u00c4rger bei OB-Wahl: K\u00f6ln muss neue Stimmzettel drucken, Spiegel v. 02.09.2015\u201c <\/span>weiterlesen<\/a><\/p>\n","protected":false},"author":4,"featured_media":0,"comment_status":"open","ping_status":"open","sticky":false,"template":"","format":"standard","meta":{"footnotes":""},"categories":[4,9,16,47],"tags":[],"class_list":["post-3676","post","type-post","status-publish","format-standard","hentry","category-aktuelles","category-presse","category-burgerbeteiligung","category-wahlrecht"],"yoast_head":"<!-- This site is optimized with the Yoast SEO plugin v27.4 - https:\/\/yoast.com\/product\/yoast-seo-wordpress\/ -->\n<title>Buchstaben-\u00c4rger bei OB-Wahl: K\u00f6ln muss neue Stimmzettel drucken, Spiegel v. 02.09.2015 - Hotstegs Rechtsanwaltsgesellschaft | Rechtsanw\u00e4lt:innen und Fachanw\u00e4lt:innen f\u00fcr Verwaltungsrecht<\/title>\n<meta name=\"description\" content=\"- Termine unter Tel. 0211 \/ 497657-16\" \/>\n<meta name=\"robots\" content=\"index, follow, max-snippet:-1, max-image-preview:large, max-video-preview:-1\" \/>\n<link rel=\"canonical\" href=\"https:\/\/www.hotstegs-recht.de\/?p=3676\" \/>\n<meta property=\"og:locale\" content=\"de_DE\" \/>\n<meta property=\"og:type\" content=\"article\" \/>\n<meta property=\"og:title\" content=\"Buchstaben-\u00c4rger bei OB-Wahl: K\u00f6ln muss neue Stimmzettel drucken, Spiegel v. 02.09.2015 - Hotstegs Rechtsanwaltsgesellschaft | Rechtsanw\u00e4lt:innen und Fachanw\u00e4lt:innen f\u00fcr Verwaltungsrecht\" \/>\n<meta property=\"og:description\" content=\"- Termine unter Tel. 0211 \/ 497657-16\" \/>\n<meta property=\"og:url\" content=\"https:\/\/www.hotstegs-recht.de\/?p=3676\" \/>\n<meta property=\"og:site_name\" content=\"Hotstegs Rechtsanwaltsgesellschaft | Rechtsanw\u00e4lt:innen und Fachanw\u00e4lt:innen f\u00fcr Verwaltungsrecht\" \/>\n<meta property=\"article:publisher\" content=\"https:\/\/www.facebook.com\/hotstegs.recht\" \/>\n<meta property=\"article:published_time\" content=\"2015-09-02T17:31:42+00:00\" \/>\n<meta property=\"article:modified_time\" content=\"2015-10-12T19:32:09+00:00\" \/>\n<meta name=\"author\" content=\"Mitarbeiter:in\" \/>\n<meta name=\"twitter:card\" content=\"summary_large_image\" \/>\n<meta name=\"twitter:creator\" content=\"@hotstegs_recht\" \/>\n<meta name=\"twitter:site\" content=\"@hotstegs_recht\" \/>\n<meta name=\"twitter:label1\" content=\"Verfasst von\" \/>\n\t<meta name=\"twitter:data1\" content=\"Mitarbeiter:in\" \/>\n\t<meta name=\"twitter:label2\" content=\"Gesch\u00e4tzte Lesezeit\" \/>\n\t<meta name=\"twitter:data2\" content=\"2\u00a0Minuten\" \/>\n<!-- \/ Yoast SEO plugin. -->","yoast_head_json":{"title":"Buchstaben-\u00c4rger bei OB-Wahl: K\u00f6ln muss neue Stimmzettel drucken, Spiegel v. 02.09.2015 - Hotstegs Rechtsanwaltsgesellschaft | Rechtsanw\u00e4lt:innen und Fachanw\u00e4lt:innen f\u00fcr Verwaltungsrecht","description":"- Termine unter Tel. 0211 \/ 497657-16","robots":{"index":"index","follow":"follow","max-snippet":"max-snippet:-1","max-image-preview":"max-image-preview:large","max-video-preview":"max-video-preview:-1"},"canonical":"https:\/\/www.hotstegs-recht.de\/?p=3676","og_locale":"de_DE","og_type":"article","og_title":"Buchstaben-\u00c4rger bei OB-Wahl: K\u00f6ln muss neue Stimmzettel drucken, Spiegel v. 02.09.2015 - Hotstegs Rechtsanwaltsgesellschaft | Rechtsanw\u00e4lt:innen und Fachanw\u00e4lt:innen f\u00fcr Verwaltungsrecht","og_description":"- Termine unter Tel. 0211 \/ 497657-16","og_url":"https:\/\/www.hotstegs-recht.de\/?p=3676","og_site_name":"Hotstegs Rechtsanwaltsgesellschaft | Rechtsanw\u00e4lt:innen und Fachanw\u00e4lt:innen f\u00fcr Verwaltungsrecht","article_publisher":"https:\/\/www.facebook.com\/hotstegs.recht","article_published_time":"2015-09-02T17:31:42+00:00","article_modified_time":"2015-10-12T19:32:09+00:00","author":"Mitarbeiter:in","twitter_card":"summary_large_image","twitter_creator":"@hotstegs_recht","twitter_site":"@hotstegs_recht","twitter_misc":{"Verfasst von":"Mitarbeiter:in","Gesch\u00e4tzte Lesezeit":"2\u00a0Minuten"},"schema":{"@context":"https:\/\/schema.org","@graph":[{"@type":"Article","@id":"https:\/\/www.hotstegs-recht.de\/?p=3676#article","isPartOf":{"@id":"https:\/\/www.hotstegs-recht.de\/?p=3676"},"author":{"name":"Mitarbeiter:in","@id":"https:\/\/www.hotstegs-recht.de\/#\/schema\/person\/18c7a8260c2d9ded2b8308feab0990a2"},"headline":"Buchstaben-\u00c4rger bei OB-Wahl: K\u00f6ln muss neue Stimmzettel drucken, Spiegel v. 02.09.2015","datePublished":"2015-09-02T17:31:42+00:00","dateModified":"2015-10-12T19:32:09+00:00","mainEntityOfPage":{"@id":"https:\/\/www.hotstegs-recht.de\/?p=3676"},"wordCount":429,"commentCount":0,"publisher":{"@id":"https:\/\/www.hotstegs-recht.de\/#organization"},"articleSection":["Aktuelles","Presse","B\u00fcrgerbeteiligung","Wahlrecht"],"inLanguage":"de","potentialAction":[{"@type":"CommentAction","name":"Comment","target":["https:\/\/www.hotstegs-recht.de\/?p=3676#respond"]}]},{"@type":"WebPage","@id":"https:\/\/www.hotstegs-recht.de\/?p=3676","url":"https:\/\/www.hotstegs-recht.de\/?p=3676","name":"Buchstaben-\u00c4rger bei OB-Wahl: K\u00f6ln muss neue Stimmzettel drucken, Spiegel v. 02.09.2015 - Hotstegs Rechtsanwaltsgesellschaft | Rechtsanw\u00e4lt:innen und Fachanw\u00e4lt:innen f\u00fcr Verwaltungsrecht","isPartOf":{"@id":"https:\/\/www.hotstegs-recht.de\/#website"},"datePublished":"2015-09-02T17:31:42+00:00","dateModified":"2015-10-12T19:32:09+00:00","description":"- Termine unter Tel. 0211 \/ 497657-16","breadcrumb":{"@id":"https:\/\/www.hotstegs-recht.de\/?p=3676#breadcrumb"},"inLanguage":"de","potentialAction":[{"@type":"ReadAction","target":["https:\/\/www.hotstegs-recht.de\/?p=3676"]}]},{"@type":"BreadcrumbList","@id":"https:\/\/www.hotstegs-recht.de\/?p=3676#breadcrumb","itemListElement":[{"@type":"ListItem","position":1,"name":"Startseite","item":"https:\/\/www.hotstegs-recht.de\/"},{"@type":"ListItem","position":2,"name":"Buchstaben-\u00c4rger bei OB-Wahl: K\u00f6ln muss neue Stimmzettel drucken, Spiegel v. 02.09.2015"}]},{"@type":"WebSite","@id":"https:\/\/www.hotstegs-recht.de\/#website","url":"https:\/\/www.hotstegs-recht.de\/","name":"Hotstegs Rechtsanwaltsgesellschaft | Rechtsanw\u00e4lt:innen und Fachanw\u00e4lt:innen f\u00fcr Verwaltungsrecht","description":"\u00f6ffentliches Dienstrecht und Disziplinarverfahren | Rechtsanwalt Robert Hotstegs | Rechtsanw\u00e4ltin Sarah Nu\u00dfbaum | Rechtsanw\u00e4ltin Katharina Voigt","publisher":{"@id":"https:\/\/www.hotstegs-recht.de\/#organization"},"potentialAction":[{"@type":"SearchAction","target":{"@type":"EntryPoint","urlTemplate":"https:\/\/www.hotstegs-recht.de\/?s={search_term_string}"},"query-input":{"@type":"PropertyValueSpecification","valueRequired":true,"valueName":"search_term_string"}}],"inLanguage":"de"},{"@type":"Organization","@id":"https:\/\/www.hotstegs-recht.de\/#organization","name":"Hotstegs Rechtsanwaltsgesellschaft","url":"https:\/\/www.hotstegs-recht.de\/","logo":{"@type":"ImageObject","inLanguage":"de","@id":"https:\/\/www.hotstegs-recht.de\/#\/schema\/logo\/image\/","url":"https:\/\/www.hotstegs-recht.de\/wp-content\/uploads\/2021\/09\/logo_2020.png","contentUrl":"https:\/\/www.hotstegs-recht.de\/wp-content\/uploads\/2021\/09\/logo_2020.png","width":180,"height":51,"caption":"Hotstegs Rechtsanwaltsgesellschaft"},"image":{"@id":"https:\/\/www.hotstegs-recht.de\/#\/schema\/logo\/image\/"},"sameAs":["https:\/\/www.facebook.com\/hotstegs.recht","https:\/\/x.com\/hotstegs_recht","https:\/\/www.instagram.com\/hotstegs.recht","https:\/\/de.linkedin.com\/company\/hotstegs-recht"]},{"@type":"Person","@id":"https:\/\/www.hotstegs-recht.de\/#\/schema\/person\/18c7a8260c2d9ded2b8308feab0990a2","name":"Mitarbeiter:in","image":{"@type":"ImageObject","inLanguage":"de","@id":"https:\/\/secure.gravatar.com\/avatar\/ff927e44276052255fa51b438cd49d6bee71e07c0621a998717cee201e5d2fff?s=96&d=blank&r=g","url":"https:\/\/secure.gravatar.com\/avatar\/ff927e44276052255fa51b438cd49d6bee71e07c0621a998717cee201e5d2fff?s=96&d=blank&r=g","contentUrl":"https:\/\/secure.gravatar.com\/avatar\/ff927e44276052255fa51b438cd49d6bee71e07c0621a998717cee201e5d2fff?s=96&d=blank&r=g","caption":"Mitarbeiter:in"},"url":"https:\/\/www.hotstegs-recht.de\/?author=4"}]}},"amp_enabled":true,"_links":{"self":[{"href":"https:\/\/www.hotstegs-recht.de\/index.php?rest_route=\/wp\/v2\/posts\/3676","targetHints":{"allow":["GET"]}}],"collection":[{"href":"https:\/\/www.hotstegs-recht.de\/index.php?rest_route=\/wp\/v2\/posts"}],"about":[{"href":"https:\/\/www.hotstegs-recht.de\/index.php?rest_route=\/wp\/v2\/types\/post"}],"author":[{"embeddable":true,"href":"https:\/\/www.hotstegs-recht.de\/index.php?rest_route=\/wp\/v2\/users\/4"}],"replies":[{"embeddable":true,"href":"https:\/\/www.hotstegs-recht.de\/index.php?rest_route=%2Fwp%2Fv2%2Fcomments&post=3676"}],"version-history":[{"count":0,"href":"https:\/\/www.hotstegs-recht.de\/index.php?rest_route=\/wp\/v2\/posts\/3676\/revisions"}],"wp:attachment":[{"href":"https:\/\/www.hotstegs-recht.de\/index.php?rest_route=%2Fwp%2Fv2%2Fmedia&parent=3676"}],"wp:term":[{"taxonomy":"category","embeddable":true,"href":"https:\/\/www.hotstegs-recht.de\/index.php?rest_route=%2Fwp%2Fv2%2Fcategories&post=3676"},{"taxonomy":"post_tag","embeddable":true,"href":"https:\/\/www.hotstegs-recht.de\/index.php?rest_route=%2Fwp%2Fv2%2Ftags&post=3676"}],"curies":[{"name":"wp","href":"https:\/\/api.w.org\/{rel}","templated":true}]}}