{"id":3673,"date":"2015-09-02T18:28:56","date_gmt":"2015-09-02T16:28:56","guid":{"rendered":"http:\/\/www.hotstegs-recht.de\/?p=3673"},"modified":"2015-10-12T21:32:02","modified_gmt":"2015-10-12T19:32:02","slug":"stimmzettel-panne-gefaehrdet-ob-wahltermin-in-koeln-deutschlandfunk-v-02-09-2015","status":"publish","type":"post","link":"https:\/\/www.hotstegs-recht.de\/?p=3673","title":{"rendered":"Stimmzettel-Panne gef\u00e4hrdet OB-Wahltermin in K\u00f6ln, Deutschlandfunk v. 02.09.2015"},"content":{"rendered":"<p><strong>Fehlerhafte Stimmzettel<\/p>\n<p>Wegen &#8222;nicht rechtskonformer&#8220; Stimmzettel steht die Wahl des K\u00f6lner Oberb\u00fcrgermeisters m\u00f6glicherweise auf der Kippe. Die Bezirksregierung sieht in der Gestaltung einen Versto\u00df gegen die Chancengleichheit der Wahlbewerber und verlangt Korrekturen. Jetzt wird neu gedruckt. Doch ist der 13. September als Wahltermin noch zu halten?<br \/>\n<\/strong><br \/>\nDer Verein &#8222;Mehr Demokratie&#8220; verlangte, die Abstimmung zu verschieben. Rechtsberater Robert Hotstegs sagte: &#8222;Wenn die Stimmzettel nicht rechtskonform sind, lassen sich die bisher abgegebenen Briefwahlstimmen nicht retten. F\u00fcr die restlichen W\u00e4hler einfach neue Zettel zu drucken, beschw\u00f6rt Wahlanfechtungen geradezu herauf.&#8220;<!--more--><\/p>\n<p><strong>&#8222;Keine Anhaltspunkte, dass Wahl verschoben wird&#8220;<\/strong><\/p>\n<p>Wahlleiterin Agnes Klein sieht dagegen keinen Grund, nach einem neuen Wahltermin zu suchen &#8211; &#8222;es sei denn, die Aufsichtsbeh\u00f6rden ordnen einen neuen Termin an&#8220;, sagte sie dem &#8222;K\u00f6lner Stadt-Anzeiger&#8220;. F\u00fcr eine solche Entscheidung der Bezirksregierung und des nordrhein-westf\u00e4lischen Innenministeriums gebe es derzeit aber keine Anhaltspunkte. Die bereits abgegebenen 53.000 Briefwahl- und Direktwahlstimmen bleiben ihren Worten zufolge g\u00fcltig. Klein betonte, ab sofort w\u00fcrden 800.000 neue Stimmzettel gedruckt, die den Vorgaben der Kommunalwahlordnung entspr\u00e4chen.<\/p>\n<p>Auf den bisherigen Stimmzetteln waren die Namen der Parteien, denen die Kandidaten angeh\u00f6ren, deutlich gr\u00f6\u00dfer gedruckt als der Name des Kandidaten selbst. Darin sah die Bezirksregierung einen Versto\u00df gegen das Recht auf Chancengleichheit der Wahlbewerber, weil die W\u00e4hler in ihrer Entscheidung beeinflusst werden k\u00f6nnten. Drei Kandidaten f\u00fcr das Oberb\u00fcrgermeisteramt in K\u00f6ln sind parteilos &#8211; unter ihnen Henriette Reker, die von CDU, FDP und Gr\u00fcnen unterst\u00fctzt wird und neben dem SPD-Kandidaten Jochen Ott zu den Favoriten z\u00e4hlt.<\/p>\n<p><strong>Schon die zweite Wahlpanne in K\u00f6ln in diesem Jahr<br \/>\n<\/strong><br \/>\nDie fehlerhaften Stimmzettel sind bereits die zweite Wahlpanne, mit der K\u00f6ln in diesem Jahr bundesweit in die Schlagzeilen ger\u00e4t. Im Fr\u00fchjahr hatte sich bei der Neuausz\u00e4hlung eines Briefwahl-Stimmbezirks herausgestellt, dass bei der Kommunalwahl 2014 die Stimmen f\u00fcr CDU und SPD vertauscht worden waren. Der Fehler wurde korrigiert, die SPD verlor ein Mandat im Stadtrat &#8211; ausgerechnet das von OB-Kandidat Ott &#8211; und das rot-gr\u00fcne B\u00fcndnis damit seine Mehrheit.<\/p>\n","protected":false},"excerpt":{"rendered":"<p>Fehlerhafte Stimmzettel Wegen &#8222;nicht rechtskonformer&#8220; Stimmzettel steht die Wahl des K\u00f6lner Oberb\u00fcrgermeisters m\u00f6glicherweise auf der Kippe. Die Bezirksregierung sieht in der Gestaltung einen Versto\u00df gegen die Chancengleichheit der Wahlbewerber und verlangt Korrekturen. Jetzt wird neu gedruckt. Doch ist der 13. September als Wahltermin noch zu halten? Der Verein &#8222;Mehr Demokratie&#8220; verlangte, die Abstimmung zu verschieben. &hellip; <\/p>\n<p class=\"link-more\"><a href=\"https:\/\/www.hotstegs-recht.de\/?p=3673\" class=\"more-link\"><span class=\"screen-reader-text\">\u201eStimmzettel-Panne gef\u00e4hrdet OB-Wahltermin in K\u00f6ln, Deutschlandfunk v. 02.09.2015\u201c <\/span>weiterlesen<\/a><\/p>\n","protected":false},"author":4,"featured_media":0,"comment_status":"open","ping_status":"open","sticky":false,"template":"","format":"standard","meta":{"footnotes":""},"categories":[4,9,16,47],"tags":[],"class_list":["post-3673","post","type-post","status-publish","format-standard","hentry","category-aktuelles","category-presse","category-burgerbeteiligung","category-wahlrecht"],"yoast_head":"<!-- This site is optimized with the Yoast SEO plugin v27.4 - https:\/\/yoast.com\/product\/yoast-seo-wordpress\/ -->\n<title>Stimmzettel-Panne gef\u00e4hrdet OB-Wahltermin in K\u00f6ln, Deutschlandfunk v. 02.09.2015 - Hotstegs Rechtsanwaltsgesellschaft | Rechtsanw\u00e4lt:innen und Fachanw\u00e4lt:innen f\u00fcr Verwaltungsrecht<\/title>\n<meta name=\"description\" content=\"- Termine unter Tel. 0211 \/ 497657-16\" \/>\n<meta name=\"robots\" content=\"index, follow, max-snippet:-1, max-image-preview:large, max-video-preview:-1\" \/>\n<link rel=\"canonical\" href=\"https:\/\/www.hotstegs-recht.de\/?p=3673\" \/>\n<meta property=\"og:locale\" content=\"de_DE\" \/>\n<meta property=\"og:type\" content=\"article\" \/>\n<meta property=\"og:title\" content=\"Stimmzettel-Panne gef\u00e4hrdet OB-Wahltermin in K\u00f6ln, Deutschlandfunk v. 02.09.2015 - Hotstegs Rechtsanwaltsgesellschaft | Rechtsanw\u00e4lt:innen und Fachanw\u00e4lt:innen f\u00fcr Verwaltungsrecht\" \/>\n<meta property=\"og:description\" content=\"- Termine unter Tel. 0211 \/ 497657-16\" \/>\n<meta property=\"og:url\" content=\"https:\/\/www.hotstegs-recht.de\/?p=3673\" \/>\n<meta property=\"og:site_name\" content=\"Hotstegs Rechtsanwaltsgesellschaft | Rechtsanw\u00e4lt:innen und Fachanw\u00e4lt:innen f\u00fcr Verwaltungsrecht\" \/>\n<meta property=\"article:publisher\" content=\"https:\/\/www.facebook.com\/hotstegs.recht\" \/>\n<meta property=\"article:published_time\" content=\"2015-09-02T16:28:56+00:00\" \/>\n<meta property=\"article:modified_time\" content=\"2015-10-12T19:32:02+00:00\" \/>\n<meta name=\"author\" content=\"Mitarbeiter:in\" \/>\n<meta name=\"twitter:card\" content=\"summary_large_image\" \/>\n<meta name=\"twitter:creator\" content=\"@hotstegs_recht\" \/>\n<meta name=\"twitter:site\" content=\"@hotstegs_recht\" \/>\n<meta name=\"twitter:label1\" content=\"Verfasst von\" \/>\n\t<meta name=\"twitter:data1\" content=\"Mitarbeiter:in\" \/>\n\t<meta name=\"twitter:label2\" content=\"Gesch\u00e4tzte Lesezeit\" \/>\n\t<meta name=\"twitter:data2\" content=\"2\u00a0Minuten\" \/>\n<!-- \/ Yoast SEO plugin. -->","yoast_head_json":{"title":"Stimmzettel-Panne gef\u00e4hrdet OB-Wahltermin in K\u00f6ln, Deutschlandfunk v. 02.09.2015 - Hotstegs Rechtsanwaltsgesellschaft | Rechtsanw\u00e4lt:innen und Fachanw\u00e4lt:innen f\u00fcr Verwaltungsrecht","description":"- Termine unter Tel. 0211 \/ 497657-16","robots":{"index":"index","follow":"follow","max-snippet":"max-snippet:-1","max-image-preview":"max-image-preview:large","max-video-preview":"max-video-preview:-1"},"canonical":"https:\/\/www.hotstegs-recht.de\/?p=3673","og_locale":"de_DE","og_type":"article","og_title":"Stimmzettel-Panne gef\u00e4hrdet OB-Wahltermin in K\u00f6ln, Deutschlandfunk v. 02.09.2015 - Hotstegs Rechtsanwaltsgesellschaft | Rechtsanw\u00e4lt:innen und Fachanw\u00e4lt:innen f\u00fcr Verwaltungsrecht","og_description":"- Termine unter Tel. 0211 \/ 497657-16","og_url":"https:\/\/www.hotstegs-recht.de\/?p=3673","og_site_name":"Hotstegs Rechtsanwaltsgesellschaft | Rechtsanw\u00e4lt:innen und Fachanw\u00e4lt:innen f\u00fcr Verwaltungsrecht","article_publisher":"https:\/\/www.facebook.com\/hotstegs.recht","article_published_time":"2015-09-02T16:28:56+00:00","article_modified_time":"2015-10-12T19:32:02+00:00","author":"Mitarbeiter:in","twitter_card":"summary_large_image","twitter_creator":"@hotstegs_recht","twitter_site":"@hotstegs_recht","twitter_misc":{"Verfasst von":"Mitarbeiter:in","Gesch\u00e4tzte Lesezeit":"2\u00a0Minuten"},"schema":{"@context":"https:\/\/schema.org","@graph":[{"@type":"Article","@id":"https:\/\/www.hotstegs-recht.de\/?p=3673#article","isPartOf":{"@id":"https:\/\/www.hotstegs-recht.de\/?p=3673"},"author":{"name":"Mitarbeiter:in","@id":"https:\/\/www.hotstegs-recht.de\/#\/schema\/person\/18c7a8260c2d9ded2b8308feab0990a2"},"headline":"Stimmzettel-Panne gef\u00e4hrdet OB-Wahltermin in K\u00f6ln, Deutschlandfunk v. 02.09.2015","datePublished":"2015-09-02T16:28:56+00:00","dateModified":"2015-10-12T19:32:02+00:00","mainEntityOfPage":{"@id":"https:\/\/www.hotstegs-recht.de\/?p=3673"},"wordCount":353,"commentCount":0,"publisher":{"@id":"https:\/\/www.hotstegs-recht.de\/#organization"},"articleSection":["Aktuelles","Presse","B\u00fcrgerbeteiligung","Wahlrecht"],"inLanguage":"de","potentialAction":[{"@type":"CommentAction","name":"Comment","target":["https:\/\/www.hotstegs-recht.de\/?p=3673#respond"]}]},{"@type":"WebPage","@id":"https:\/\/www.hotstegs-recht.de\/?p=3673","url":"https:\/\/www.hotstegs-recht.de\/?p=3673","name":"Stimmzettel-Panne gef\u00e4hrdet OB-Wahltermin in K\u00f6ln, Deutschlandfunk v. 02.09.2015 - Hotstegs Rechtsanwaltsgesellschaft | Rechtsanw\u00e4lt:innen und Fachanw\u00e4lt:innen f\u00fcr Verwaltungsrecht","isPartOf":{"@id":"https:\/\/www.hotstegs-recht.de\/#website"},"datePublished":"2015-09-02T16:28:56+00:00","dateModified":"2015-10-12T19:32:02+00:00","description":"- Termine unter Tel. 0211 \/ 497657-16","breadcrumb":{"@id":"https:\/\/www.hotstegs-recht.de\/?p=3673#breadcrumb"},"inLanguage":"de","potentialAction":[{"@type":"ReadAction","target":["https:\/\/www.hotstegs-recht.de\/?p=3673"]}]},{"@type":"BreadcrumbList","@id":"https:\/\/www.hotstegs-recht.de\/?p=3673#breadcrumb","itemListElement":[{"@type":"ListItem","position":1,"name":"Startseite","item":"https:\/\/www.hotstegs-recht.de\/"},{"@type":"ListItem","position":2,"name":"Stimmzettel-Panne gef\u00e4hrdet OB-Wahltermin in K\u00f6ln, Deutschlandfunk v. 02.09.2015"}]},{"@type":"WebSite","@id":"https:\/\/www.hotstegs-recht.de\/#website","url":"https:\/\/www.hotstegs-recht.de\/","name":"Hotstegs Rechtsanwaltsgesellschaft | Rechtsanw\u00e4lt:innen und Fachanw\u00e4lt:innen f\u00fcr Verwaltungsrecht","description":"\u00f6ffentliches Dienstrecht und Disziplinarverfahren | Rechtsanwalt Robert Hotstegs | Rechtsanw\u00e4ltin Sarah Nu\u00dfbaum | Rechtsanw\u00e4ltin Katharina Voigt","publisher":{"@id":"https:\/\/www.hotstegs-recht.de\/#organization"},"potentialAction":[{"@type":"SearchAction","target":{"@type":"EntryPoint","urlTemplate":"https:\/\/www.hotstegs-recht.de\/?s={search_term_string}"},"query-input":{"@type":"PropertyValueSpecification","valueRequired":true,"valueName":"search_term_string"}}],"inLanguage":"de"},{"@type":"Organization","@id":"https:\/\/www.hotstegs-recht.de\/#organization","name":"Hotstegs Rechtsanwaltsgesellschaft","url":"https:\/\/www.hotstegs-recht.de\/","logo":{"@type":"ImageObject","inLanguage":"de","@id":"https:\/\/www.hotstegs-recht.de\/#\/schema\/logo\/image\/","url":"https:\/\/www.hotstegs-recht.de\/wp-content\/uploads\/2021\/09\/logo_2020.png","contentUrl":"https:\/\/www.hotstegs-recht.de\/wp-content\/uploads\/2021\/09\/logo_2020.png","width":180,"height":51,"caption":"Hotstegs Rechtsanwaltsgesellschaft"},"image":{"@id":"https:\/\/www.hotstegs-recht.de\/#\/schema\/logo\/image\/"},"sameAs":["https:\/\/www.facebook.com\/hotstegs.recht","https:\/\/x.com\/hotstegs_recht","https:\/\/www.instagram.com\/hotstegs.recht","https:\/\/de.linkedin.com\/company\/hotstegs-recht"]},{"@type":"Person","@id":"https:\/\/www.hotstegs-recht.de\/#\/schema\/person\/18c7a8260c2d9ded2b8308feab0990a2","name":"Mitarbeiter:in","image":{"@type":"ImageObject","inLanguage":"de","@id":"https:\/\/secure.gravatar.com\/avatar\/ff927e44276052255fa51b438cd49d6bee71e07c0621a998717cee201e5d2fff?s=96&d=blank&r=g","url":"https:\/\/secure.gravatar.com\/avatar\/ff927e44276052255fa51b438cd49d6bee71e07c0621a998717cee201e5d2fff?s=96&d=blank&r=g","contentUrl":"https:\/\/secure.gravatar.com\/avatar\/ff927e44276052255fa51b438cd49d6bee71e07c0621a998717cee201e5d2fff?s=96&d=blank&r=g","caption":"Mitarbeiter:in"},"url":"https:\/\/www.hotstegs-recht.de\/?author=4"}]}},"amp_enabled":true,"_links":{"self":[{"href":"https:\/\/www.hotstegs-recht.de\/index.php?rest_route=\/wp\/v2\/posts\/3673","targetHints":{"allow":["GET"]}}],"collection":[{"href":"https:\/\/www.hotstegs-recht.de\/index.php?rest_route=\/wp\/v2\/posts"}],"about":[{"href":"https:\/\/www.hotstegs-recht.de\/index.php?rest_route=\/wp\/v2\/types\/post"}],"author":[{"embeddable":true,"href":"https:\/\/www.hotstegs-recht.de\/index.php?rest_route=\/wp\/v2\/users\/4"}],"replies":[{"embeddable":true,"href":"https:\/\/www.hotstegs-recht.de\/index.php?rest_route=%2Fwp%2Fv2%2Fcomments&post=3673"}],"version-history":[{"count":0,"href":"https:\/\/www.hotstegs-recht.de\/index.php?rest_route=\/wp\/v2\/posts\/3673\/revisions"}],"wp:attachment":[{"href":"https:\/\/www.hotstegs-recht.de\/index.php?rest_route=%2Fwp%2Fv2%2Fmedia&parent=3673"}],"wp:term":[{"taxonomy":"category","embeddable":true,"href":"https:\/\/www.hotstegs-recht.de\/index.php?rest_route=%2Fwp%2Fv2%2Fcategories&post=3673"},{"taxonomy":"post_tag","embeddable":true,"href":"https:\/\/www.hotstegs-recht.de\/index.php?rest_route=%2Fwp%2Fv2%2Ftags&post=3673"}],"curies":[{"name":"wp","href":"https:\/\/api.w.org\/{rel}","templated":true}]}}