{"id":367,"date":"2010-12-27T22:25:43","date_gmt":"2010-12-27T21:25:43","guid":{"rendered":"http:\/\/www.obst-hotstegs.de\/?p=367"},"modified":"2022-10-28T21:49:05","modified_gmt":"2022-10-28T19:49:05","slug":"streit-um-kronenbrot-anbau-studiogesprach-mit-robert-hotstegs-wdr-lokalzeit-aachen-vom-27-12-2010","status":"publish","type":"post","link":"https:\/\/www.hotstegs-recht.de\/?p=367","title":{"rendered":"Streit um Kronenbrot-Anbau &#8211; Studiogespr\u00e4ch mit Robert Hotstegs, WDR Lokalzeit Aachen vom 27.12.2010"},"content":{"rendered":"<p>Die Firma Kronenbrot m\u00f6chte auf ihrem Betriebsgel\u00e4nde eine 12 Meter hohe und 80 Meter lange Produktionshalle bauen. Die Nachbarn von gegen\u00fcber sind damit nicht einverstanden: zu hoch, zu nahe an der Stra\u00dfe! Sie f\u00fcrchten, in ihren Wohnh\u00e4usern nicht mehr genug Licht zu haben und beklagen mangelnden Kompromisswillen von Unternehmen und seitens der Stadt W\u00fcrselen<\/p>\n<p>Im Studio sprach Moderatorin Gesa Hollermann mit Rechtsanwalt Robert Hotstegs.<!--more--><\/p>\n<p><a href=\"http:\/\/www.wdr.de\/mediathek\/html\/regional\/rueckschau\/2010\/12\/27\/lokalzeit_aachen.xml?noscript=true&amp;offset=770&amp;autoPlay=true&amp;#flashPlayer\" target=\"_blank\" rel=\"noopener\"> zur WDR-Mediathek<\/a><\/p>\n","protected":false},"excerpt":{"rendered":"<p>Die Firma Kronenbrot m\u00f6chte auf ihrem Betriebsgel\u00e4nde eine 12 Meter hohe und 80 Meter lange Produktionshalle bauen. Die Nachbarn von gegen\u00fcber sind damit nicht einverstanden: zu hoch, zu nahe an der Stra\u00dfe! Sie f\u00fcrchten, in ihren Wohnh\u00e4usern nicht mehr genug Licht zu haben und beklagen mangelnden Kompromisswillen von Unternehmen und seitens der Stadt W\u00fcrselen Im &hellip; <\/p>\n<p class=\"link-more\"><a href=\"https:\/\/www.hotstegs-recht.de\/?p=367\" class=\"more-link\"><span class=\"screen-reader-text\">\u201eStreit um Kronenbrot-Anbau &#8211; Studiogespr\u00e4ch mit Robert Hotstegs, WDR Lokalzeit Aachen vom 27.12.2010\u201c <\/span>weiterlesen<\/a><\/p>\n","protected":false},"author":4,"featured_media":0,"comment_status":"closed","ping_status":"closed","sticky":false,"template":"","format":"standard","meta":{"footnotes":""},"categories":[9],"tags":[40],"class_list":["post-367","post","type-post","status-publish","format-standard","hentry","category-presse","tag-video"],"yoast_head":"<!-- This site is optimized with the Yoast SEO plugin v27.5 - https:\/\/yoast.com\/product\/yoast-seo-wordpress\/ -->\n<title>Streit um Kronenbrot-Anbau - Studiogespr\u00e4ch mit Robert Hotstegs, WDR Lokalzeit Aachen vom 27.12.2010 - Hotstegs Rechtsanwaltsgesellschaft | Rechtsanw\u00e4lt:innen und Fachanw\u00e4lt:innen f\u00fcr Verwaltungsrecht<\/title>\n<meta name=\"description\" content=\"Presse - Termine unter Tel. 0211 \/ 497657-16\" \/>\n<meta name=\"robots\" content=\"index, follow, max-snippet:-1, max-image-preview:large, max-video-preview:-1\" \/>\n<link rel=\"canonical\" href=\"https:\/\/www.hotstegs-recht.de\/?p=367\" \/>\n<meta property=\"og:locale\" content=\"de_DE\" \/>\n<meta property=\"og:type\" content=\"article\" \/>\n<meta property=\"og:title\" content=\"Streit um Kronenbrot-Anbau - Studiogespr\u00e4ch mit Robert Hotstegs, WDR Lokalzeit Aachen vom 27.12.2010 - Hotstegs Rechtsanwaltsgesellschaft | Rechtsanw\u00e4lt:innen und Fachanw\u00e4lt:innen f\u00fcr Verwaltungsrecht\" \/>\n<meta property=\"og:description\" content=\"Presse - Termine unter Tel. 0211 \/ 497657-16\" \/>\n<meta property=\"og:url\" content=\"https:\/\/www.hotstegs-recht.de\/?p=367\" \/>\n<meta property=\"og:site_name\" content=\"Hotstegs Rechtsanwaltsgesellschaft | Rechtsanw\u00e4lt:innen und Fachanw\u00e4lt:innen f\u00fcr Verwaltungsrecht\" \/>\n<meta property=\"article:publisher\" content=\"https:\/\/www.facebook.com\/hotstegs.recht\" \/>\n<meta property=\"article:published_time\" content=\"2010-12-27T21:25:43+00:00\" \/>\n<meta property=\"article:modified_time\" content=\"2022-10-28T19:49:05+00:00\" \/>\n<meta name=\"author\" content=\"Mitarbeiter:in\" \/>\n<meta name=\"twitter:card\" content=\"summary_large_image\" \/>\n<meta name=\"twitter:creator\" content=\"@hotstegs_recht\" \/>\n<meta name=\"twitter:site\" content=\"@hotstegs_recht\" \/>\n<meta name=\"twitter:label1\" content=\"Verfasst von\" \/>\n\t<meta name=\"twitter:data1\" content=\"Mitarbeiter:in\" \/>\n\t<meta name=\"twitter:label2\" content=\"Gesch\u00e4tzte Lesezeit\" \/>\n\t<meta name=\"twitter:data2\" content=\"1\u00a0Minute\" \/>\n<!-- \/ Yoast SEO plugin. -->","yoast_head_json":{"title":"Streit um Kronenbrot-Anbau - Studiogespr\u00e4ch mit Robert Hotstegs, WDR Lokalzeit Aachen vom 27.12.2010 - Hotstegs Rechtsanwaltsgesellschaft | Rechtsanw\u00e4lt:innen und Fachanw\u00e4lt:innen f\u00fcr Verwaltungsrecht","description":"Presse - Termine unter Tel. 0211 \/ 497657-16","robots":{"index":"index","follow":"follow","max-snippet":"max-snippet:-1","max-image-preview":"max-image-preview:large","max-video-preview":"max-video-preview:-1"},"canonical":"https:\/\/www.hotstegs-recht.de\/?p=367","og_locale":"de_DE","og_type":"article","og_title":"Streit um Kronenbrot-Anbau - Studiogespr\u00e4ch mit Robert Hotstegs, WDR Lokalzeit Aachen vom 27.12.2010 - Hotstegs Rechtsanwaltsgesellschaft | Rechtsanw\u00e4lt:innen und Fachanw\u00e4lt:innen f\u00fcr Verwaltungsrecht","og_description":"Presse - Termine unter Tel. 0211 \/ 497657-16","og_url":"https:\/\/www.hotstegs-recht.de\/?p=367","og_site_name":"Hotstegs Rechtsanwaltsgesellschaft | Rechtsanw\u00e4lt:innen und Fachanw\u00e4lt:innen f\u00fcr Verwaltungsrecht","article_publisher":"https:\/\/www.facebook.com\/hotstegs.recht","article_published_time":"2010-12-27T21:25:43+00:00","article_modified_time":"2022-10-28T19:49:05+00:00","author":"Mitarbeiter:in","twitter_card":"summary_large_image","twitter_creator":"@hotstegs_recht","twitter_site":"@hotstegs_recht","twitter_misc":{"Verfasst von":"Mitarbeiter:in","Gesch\u00e4tzte Lesezeit":"1\u00a0Minute"},"schema":{"@context":"https:\/\/schema.org","@graph":[{"@type":"Article","@id":"https:\/\/www.hotstegs-recht.de\/?p=367#article","isPartOf":{"@id":"https:\/\/www.hotstegs-recht.de\/?p=367"},"author":{"name":"Mitarbeiter:in","@id":"https:\/\/www.hotstegs-recht.de\/#\/schema\/person\/18c7a8260c2d9ded2b8308feab0990a2"},"headline":"Streit um Kronenbrot-Anbau &#8211; Studiogespr\u00e4ch mit Robert Hotstegs, WDR Lokalzeit Aachen vom 27.12.2010","datePublished":"2010-12-27T21:25:43+00:00","dateModified":"2022-10-28T19:49:05+00:00","mainEntityOfPage":{"@id":"https:\/\/www.hotstegs-recht.de\/?p=367"},"wordCount":84,"publisher":{"@id":"https:\/\/www.hotstegs-recht.de\/#organization"},"keywords":["Video"],"articleSection":["Presse"],"inLanguage":"de"},{"@type":"WebPage","@id":"https:\/\/www.hotstegs-recht.de\/?p=367","url":"https:\/\/www.hotstegs-recht.de\/?p=367","name":"Streit um Kronenbrot-Anbau - Studiogespr\u00e4ch mit Robert Hotstegs, WDR Lokalzeit Aachen vom 27.12.2010 - Hotstegs Rechtsanwaltsgesellschaft | Rechtsanw\u00e4lt:innen und Fachanw\u00e4lt:innen f\u00fcr Verwaltungsrecht","isPartOf":{"@id":"https:\/\/www.hotstegs-recht.de\/#website"},"datePublished":"2010-12-27T21:25:43+00:00","dateModified":"2022-10-28T19:49:05+00:00","description":"Presse - Termine unter Tel. 0211 \/ 497657-16","breadcrumb":{"@id":"https:\/\/www.hotstegs-recht.de\/?p=367#breadcrumb"},"inLanguage":"de","potentialAction":[{"@type":"ReadAction","target":["https:\/\/www.hotstegs-recht.de\/?p=367"]}]},{"@type":"BreadcrumbList","@id":"https:\/\/www.hotstegs-recht.de\/?p=367#breadcrumb","itemListElement":[{"@type":"ListItem","position":1,"name":"Startseite","item":"https:\/\/www.hotstegs-recht.de\/"},{"@type":"ListItem","position":2,"name":"Streit um Kronenbrot-Anbau &#8211; Studiogespr\u00e4ch mit Robert Hotstegs, WDR Lokalzeit Aachen vom 27.12.2010"}]},{"@type":"WebSite","@id":"https:\/\/www.hotstegs-recht.de\/#website","url":"https:\/\/www.hotstegs-recht.de\/","name":"Hotstegs Rechtsanwaltsgesellschaft | Rechtsanw\u00e4lt:innen und Fachanw\u00e4lt:innen f\u00fcr Verwaltungsrecht","description":"\u00f6ffentliches Dienstrecht und Disziplinarverfahren | Rechtsanwalt Robert Hotstegs | Rechtsanw\u00e4ltin Sarah Nu\u00dfbaum | Rechtsanw\u00e4ltin Katharina Voigt","publisher":{"@id":"https:\/\/www.hotstegs-recht.de\/#organization"},"potentialAction":[{"@type":"SearchAction","target":{"@type":"EntryPoint","urlTemplate":"https:\/\/www.hotstegs-recht.de\/?s={search_term_string}"},"query-input":{"@type":"PropertyValueSpecification","valueRequired":true,"valueName":"search_term_string"}}],"inLanguage":"de"},{"@type":"Organization","@id":"https:\/\/www.hotstegs-recht.de\/#organization","name":"Hotstegs Rechtsanwaltsgesellschaft","url":"https:\/\/www.hotstegs-recht.de\/","logo":{"@type":"ImageObject","inLanguage":"de","@id":"https:\/\/www.hotstegs-recht.de\/#\/schema\/logo\/image\/","url":"https:\/\/www.hotstegs-recht.de\/wp-content\/uploads\/2021\/09\/logo_2020.png","contentUrl":"https:\/\/www.hotstegs-recht.de\/wp-content\/uploads\/2021\/09\/logo_2020.png","width":180,"height":51,"caption":"Hotstegs Rechtsanwaltsgesellschaft"},"image":{"@id":"https:\/\/www.hotstegs-recht.de\/#\/schema\/logo\/image\/"},"sameAs":["https:\/\/www.facebook.com\/hotstegs.recht","https:\/\/x.com\/hotstegs_recht","https:\/\/www.instagram.com\/hotstegs.recht","https:\/\/de.linkedin.com\/company\/hotstegs-recht"]},{"@type":"Person","@id":"https:\/\/www.hotstegs-recht.de\/#\/schema\/person\/18c7a8260c2d9ded2b8308feab0990a2","name":"Mitarbeiter:in","image":{"@type":"ImageObject","inLanguage":"de","@id":"https:\/\/secure.gravatar.com\/avatar\/ff927e44276052255fa51b438cd49d6bee71e07c0621a998717cee201e5d2fff?s=96&d=blank&r=g","url":"https:\/\/secure.gravatar.com\/avatar\/ff927e44276052255fa51b438cd49d6bee71e07c0621a998717cee201e5d2fff?s=96&d=blank&r=g","contentUrl":"https:\/\/secure.gravatar.com\/avatar\/ff927e44276052255fa51b438cd49d6bee71e07c0621a998717cee201e5d2fff?s=96&d=blank&r=g","caption":"Mitarbeiter:in"},"url":"https:\/\/www.hotstegs-recht.de\/?author=4"}]}},"amp_enabled":true,"_links":{"self":[{"href":"https:\/\/www.hotstegs-recht.de\/index.php?rest_route=\/wp\/v2\/posts\/367","targetHints":{"allow":["GET"]}}],"collection":[{"href":"https:\/\/www.hotstegs-recht.de\/index.php?rest_route=\/wp\/v2\/posts"}],"about":[{"href":"https:\/\/www.hotstegs-recht.de\/index.php?rest_route=\/wp\/v2\/types\/post"}],"author":[{"embeddable":true,"href":"https:\/\/www.hotstegs-recht.de\/index.php?rest_route=\/wp\/v2\/users\/4"}],"replies":[{"embeddable":true,"href":"https:\/\/www.hotstegs-recht.de\/index.php?rest_route=%2Fwp%2Fv2%2Fcomments&post=367"}],"version-history":[{"count":1,"href":"https:\/\/www.hotstegs-recht.de\/index.php?rest_route=\/wp\/v2\/posts\/367\/revisions"}],"predecessor-version":[{"id":9062,"href":"https:\/\/www.hotstegs-recht.de\/index.php?rest_route=\/wp\/v2\/posts\/367\/revisions\/9062"}],"wp:attachment":[{"href":"https:\/\/www.hotstegs-recht.de\/index.php?rest_route=%2Fwp%2Fv2%2Fmedia&parent=367"}],"wp:term":[{"taxonomy":"category","embeddable":true,"href":"https:\/\/www.hotstegs-recht.de\/index.php?rest_route=%2Fwp%2Fv2%2Fcategories&post=367"},{"taxonomy":"post_tag","embeddable":true,"href":"https:\/\/www.hotstegs-recht.de\/index.php?rest_route=%2Fwp%2Fv2%2Ftags&post=367"}],"curies":[{"name":"wp","href":"https:\/\/api.w.org\/{rel}","templated":true}]}}