{"id":3613,"date":"2015-08-21T16:22:04","date_gmt":"2015-08-21T14:22:04","guid":{"rendered":"http:\/\/www.hotstegs-recht.de\/?p=3613"},"modified":"2015-08-21T16:22:04","modified_gmt":"2015-08-21T14:22:04","slug":"duesseldorfer-feuerwehrmann-erhaelt-keine-mehrarbeitsverguetung-verwaltungsgericht-duesseldorf-pressemitteilung-v-21-08-2015","status":"publish","type":"post","link":"https:\/\/www.hotstegs-recht.de\/?p=3613","title":{"rendered":"D\u00fcsseldorfer Feuerwehrmann erh\u00e4lt keine Mehrarbeitsverg\u00fctung, Verwaltungsgericht D\u00fcsseldorf, Pressemitteilung v. 21.08.2015"},"content":{"rendered":"<p>Der Feuerwehrbeamte aus D\u00fcsseldorf, der die Stadt D\u00fcsseldorf auf Zahlung von ca. 8.500 Euro f\u00fcr Mehrarbeit verklagt hat, geht leer aus. Das hat die 26. Kammer des Verwaltungsgerichts D\u00fcsseldorf mit am heutigen Tage in \u00f6ffentlicher Sitzung verk\u00fcndetem Urteil entschieden und damit die Klage abgewiesen.<br \/>\nHintergrund des Verfahrens ist, dass viele Feuerwehrleute in NRW ihren Dienst ausgehend von einer w\u00f6chentlichen Arbeitszeit von 54 Stunden in 24-Stunden-Schichten verrichten. Rechtliche Grundlage hierf\u00fcr bildet die seit Anfang 2007 geltende Arbeitszeitverordnung Feuerwehr des Landes Nordrhein-Westfalen. Diese nutzt eine in einer Richtlinie der Europ\u00e4ischen Union einger\u00e4umte M\u00f6glichkeit, im Falle einer Einverst\u00e4ndniserkl\u00e4rung des Bediensteten von der grunds\u00e4tzlich vorgesehenen H\u00f6chstarbeitszeit von 48 Stunden in der Woche abzuweichen. Durch eine seit Juli 2007 geltende gesetzliche Regelung wird zudem den Dienstherren die M\u00f6glichkeit der Zahlung eines Betrages von bis zu 20,00 Euro je 24-Stunden-Schicht als Zulage einger\u00e4umt. Ende des Jahres 2006 haben sich alle bei der Stadt D\u00fcsseldorf t\u00e4tigen Feuerwehrleute zur Ableistung einer 54-Stunden-Woche bereit erkl\u00e4rt und erhalten je Schicht eine Zulage von 20,00 Euro.<!--more--><\/p>\n<p>Der Kl\u00e4ger des vorliegenden Verfahrens und einige wenige Kollegen haben Mitte des Jahres 2013 ihre Einverst\u00e4ndniserkl\u00e4rung &#8211; die sog. Opt-Out-Erkl\u00e4rung &#8211; widerrufen. Sie verlangen f\u00fcr einen noch nicht verj\u00e4hrten Zeitraum f\u00fcr die \u00fcber 48 Stunden hinaus geleisteten Stunden unter Anrechnung der erhaltenen Zulage Schadensersatz auf Basis der S\u00e4tze der Mehrarbeitsverg\u00fctungsverordnung. Hierbei geht es um Betr\u00e4ge im deutlich vierstelligen Bereich. Geltend gemacht wird unter anderem eine nicht ordnungsgem\u00e4\u00dfe Umsetzung der EU-Richtlinie in nationales Recht.<\/p>\n<p>Das Gericht ist dem nicht gefolgt. Zur Begr\u00fcndung der Klageabweisung hat es im Wesentlichen ausgef\u00fchrt: Der Kl\u00e4ger verhalte sich gegen\u00fcber seinem Dienstherrn treuwidrig, wenn er mehr als sechs Jahre aufgrund seiner eigenen Einverst\u00e4ndniserkl\u00e4rung Dienst im Rahmen einer 54-Stunden-Woche leiste, obwohl er seine Zustimmung jeweils zum Jahresende h\u00e4tte widerrufen k\u00f6nnen. Auf die Frage einer ordnungsgem\u00e4\u00dfen Umsetzung der EU-Richtlinie kam es danach nicht mehr tragend an.<\/p>\n<p>Der Kl\u00e4ger hat die M\u00f6glichkeit, beim Oberverwaltungsgericht die Zulassung der Berufung zu beantragen.<\/p>\n<p>Az.: <a href=\"https:\/\/dejure.org\/dienste\/vernetzung\/rechtsprechung?Text=26%20K%209607\/13\" title=\"VG D&uuml;sseldorf, 21.08.2015 - 26 K 9607\/13: D&uuml;sseldorfer Feuerwehrmann erh&auml;lt keine Mehrarbeitsve...\">26 K 9607\/13<\/a><\/p>\n","protected":false},"excerpt":{"rendered":"<p>Der Feuerwehrbeamte aus D\u00fcsseldorf, der die Stadt D\u00fcsseldorf auf Zahlung von ca. 8.500 Euro f\u00fcr Mehrarbeit verklagt hat, geht leer aus. Das hat die 26. Kammer des Verwaltungsgerichts D\u00fcsseldorf mit am heutigen Tage in \u00f6ffentlicher Sitzung verk\u00fcndetem Urteil entschieden und damit die Klage abgewiesen. Hintergrund des Verfahrens ist, dass viele Feuerwehrleute in NRW ihren Dienst &hellip; <\/p>\n<p class=\"link-more\"><a href=\"https:\/\/www.hotstegs-recht.de\/?p=3613\" class=\"more-link\"><span class=\"screen-reader-text\">\u201eD\u00fcsseldorfer Feuerwehrmann erh\u00e4lt keine Mehrarbeitsverg\u00fctung, Verwaltungsgericht D\u00fcsseldorf, Pressemitteilung v. 21.08.2015\u201c <\/span>weiterlesen<\/a><\/p>\n","protected":false},"author":4,"featured_media":0,"comment_status":"open","ping_status":"open","sticky":false,"template":"","format":"standard","meta":{"footnotes":""},"categories":[4,9,14],"tags":[],"class_list":["post-3613","post","type-post","status-publish","format-standard","hentry","category-aktuelles","category-presse","category-beamtenrecht"],"yoast_head":"<!-- This site is optimized with the Yoast SEO plugin v27.4 - https:\/\/yoast.com\/product\/yoast-seo-wordpress\/ -->\n<title>D\u00fcsseldorfer Feuerwehrmann erh\u00e4lt keine Mehrarbeitsverg\u00fctung, Verwaltungsgericht D\u00fcsseldorf, Pressemitteilung v. 21.08.2015 - Hotstegs Rechtsanwaltsgesellschaft | Rechtsanw\u00e4lt:innen und Fachanw\u00e4lt:innen f\u00fcr Verwaltungsrecht<\/title>\n<meta name=\"description\" content=\"- Termine unter Tel. 0211 \/ 497657-16\" \/>\n<meta name=\"robots\" content=\"index, follow, max-snippet:-1, max-image-preview:large, max-video-preview:-1\" \/>\n<link rel=\"canonical\" href=\"https:\/\/www.hotstegs-recht.de\/?p=3613\" \/>\n<meta property=\"og:locale\" content=\"de_DE\" \/>\n<meta property=\"og:type\" content=\"article\" \/>\n<meta property=\"og:title\" content=\"D\u00fcsseldorfer Feuerwehrmann erh\u00e4lt keine Mehrarbeitsverg\u00fctung, Verwaltungsgericht D\u00fcsseldorf, Pressemitteilung v. 21.08.2015 - Hotstegs Rechtsanwaltsgesellschaft | Rechtsanw\u00e4lt:innen und Fachanw\u00e4lt:innen f\u00fcr Verwaltungsrecht\" \/>\n<meta property=\"og:description\" content=\"- Termine unter Tel. 0211 \/ 497657-16\" \/>\n<meta property=\"og:url\" content=\"https:\/\/www.hotstegs-recht.de\/?p=3613\" \/>\n<meta property=\"og:site_name\" content=\"Hotstegs Rechtsanwaltsgesellschaft | Rechtsanw\u00e4lt:innen und Fachanw\u00e4lt:innen f\u00fcr Verwaltungsrecht\" \/>\n<meta property=\"article:publisher\" content=\"https:\/\/www.facebook.com\/hotstegs.recht\" \/>\n<meta property=\"article:published_time\" content=\"2015-08-21T14:22:04+00:00\" \/>\n<meta name=\"author\" content=\"Mitarbeiter:in\" \/>\n<meta name=\"twitter:card\" content=\"summary_large_image\" \/>\n<meta name=\"twitter:creator\" content=\"@hotstegs_recht\" \/>\n<meta name=\"twitter:site\" content=\"@hotstegs_recht\" \/>\n<meta name=\"twitter:label1\" content=\"Verfasst von\" \/>\n\t<meta name=\"twitter:data1\" content=\"Mitarbeiter:in\" \/>\n\t<meta name=\"twitter:label2\" content=\"Gesch\u00e4tzte Lesezeit\" \/>\n\t<meta name=\"twitter:data2\" content=\"2\u00a0Minuten\" \/>\n<!-- \/ Yoast SEO plugin. -->","yoast_head_json":{"title":"D\u00fcsseldorfer Feuerwehrmann erh\u00e4lt keine Mehrarbeitsverg\u00fctung, Verwaltungsgericht D\u00fcsseldorf, Pressemitteilung v. 21.08.2015 - Hotstegs Rechtsanwaltsgesellschaft | Rechtsanw\u00e4lt:innen und Fachanw\u00e4lt:innen f\u00fcr Verwaltungsrecht","description":"- Termine unter Tel. 0211 \/ 497657-16","robots":{"index":"index","follow":"follow","max-snippet":"max-snippet:-1","max-image-preview":"max-image-preview:large","max-video-preview":"max-video-preview:-1"},"canonical":"https:\/\/www.hotstegs-recht.de\/?p=3613","og_locale":"de_DE","og_type":"article","og_title":"D\u00fcsseldorfer Feuerwehrmann erh\u00e4lt keine Mehrarbeitsverg\u00fctung, Verwaltungsgericht D\u00fcsseldorf, Pressemitteilung v. 21.08.2015 - Hotstegs Rechtsanwaltsgesellschaft | Rechtsanw\u00e4lt:innen und Fachanw\u00e4lt:innen f\u00fcr Verwaltungsrecht","og_description":"- Termine unter Tel. 0211 \/ 497657-16","og_url":"https:\/\/www.hotstegs-recht.de\/?p=3613","og_site_name":"Hotstegs Rechtsanwaltsgesellschaft | Rechtsanw\u00e4lt:innen und Fachanw\u00e4lt:innen f\u00fcr Verwaltungsrecht","article_publisher":"https:\/\/www.facebook.com\/hotstegs.recht","article_published_time":"2015-08-21T14:22:04+00:00","author":"Mitarbeiter:in","twitter_card":"summary_large_image","twitter_creator":"@hotstegs_recht","twitter_site":"@hotstegs_recht","twitter_misc":{"Verfasst von":"Mitarbeiter:in","Gesch\u00e4tzte Lesezeit":"2\u00a0Minuten"},"schema":{"@context":"https:\/\/schema.org","@graph":[{"@type":"Article","@id":"https:\/\/www.hotstegs-recht.de\/?p=3613#article","isPartOf":{"@id":"https:\/\/www.hotstegs-recht.de\/?p=3613"},"author":{"name":"Mitarbeiter:in","@id":"https:\/\/www.hotstegs-recht.de\/#\/schema\/person\/18c7a8260c2d9ded2b8308feab0990a2"},"headline":"D\u00fcsseldorfer Feuerwehrmann erh\u00e4lt keine Mehrarbeitsverg\u00fctung, Verwaltungsgericht D\u00fcsseldorf, Pressemitteilung v. 21.08.2015","datePublished":"2015-08-21T14:22:04+00:00","mainEntityOfPage":{"@id":"https:\/\/www.hotstegs-recht.de\/?p=3613"},"wordCount":360,"commentCount":0,"publisher":{"@id":"https:\/\/www.hotstegs-recht.de\/#organization"},"articleSection":["Aktuelles","Presse","Beamtenrecht"],"inLanguage":"de","potentialAction":[{"@type":"CommentAction","name":"Comment","target":["https:\/\/www.hotstegs-recht.de\/?p=3613#respond"]}]},{"@type":"WebPage","@id":"https:\/\/www.hotstegs-recht.de\/?p=3613","url":"https:\/\/www.hotstegs-recht.de\/?p=3613","name":"D\u00fcsseldorfer Feuerwehrmann erh\u00e4lt keine Mehrarbeitsverg\u00fctung, Verwaltungsgericht D\u00fcsseldorf, Pressemitteilung v. 21.08.2015 - Hotstegs Rechtsanwaltsgesellschaft | Rechtsanw\u00e4lt:innen und Fachanw\u00e4lt:innen f\u00fcr Verwaltungsrecht","isPartOf":{"@id":"https:\/\/www.hotstegs-recht.de\/#website"},"datePublished":"2015-08-21T14:22:04+00:00","description":"- Termine unter Tel. 0211 \/ 497657-16","breadcrumb":{"@id":"https:\/\/www.hotstegs-recht.de\/?p=3613#breadcrumb"},"inLanguage":"de","potentialAction":[{"@type":"ReadAction","target":["https:\/\/www.hotstegs-recht.de\/?p=3613"]}]},{"@type":"BreadcrumbList","@id":"https:\/\/www.hotstegs-recht.de\/?p=3613#breadcrumb","itemListElement":[{"@type":"ListItem","position":1,"name":"Startseite","item":"https:\/\/www.hotstegs-recht.de\/"},{"@type":"ListItem","position":2,"name":"D\u00fcsseldorfer Feuerwehrmann erh\u00e4lt keine Mehrarbeitsverg\u00fctung, Verwaltungsgericht D\u00fcsseldorf, Pressemitteilung v. 21.08.2015"}]},{"@type":"WebSite","@id":"https:\/\/www.hotstegs-recht.de\/#website","url":"https:\/\/www.hotstegs-recht.de\/","name":"Hotstegs Rechtsanwaltsgesellschaft | Rechtsanw\u00e4lt:innen und Fachanw\u00e4lt:innen f\u00fcr Verwaltungsrecht","description":"\u00f6ffentliches Dienstrecht und Disziplinarverfahren | Rechtsanwalt Robert Hotstegs | Rechtsanw\u00e4ltin Sarah Nu\u00dfbaum | Rechtsanw\u00e4ltin Katharina Voigt","publisher":{"@id":"https:\/\/www.hotstegs-recht.de\/#organization"},"potentialAction":[{"@type":"SearchAction","target":{"@type":"EntryPoint","urlTemplate":"https:\/\/www.hotstegs-recht.de\/?s={search_term_string}"},"query-input":{"@type":"PropertyValueSpecification","valueRequired":true,"valueName":"search_term_string"}}],"inLanguage":"de"},{"@type":"Organization","@id":"https:\/\/www.hotstegs-recht.de\/#organization","name":"Hotstegs Rechtsanwaltsgesellschaft","url":"https:\/\/www.hotstegs-recht.de\/","logo":{"@type":"ImageObject","inLanguage":"de","@id":"https:\/\/www.hotstegs-recht.de\/#\/schema\/logo\/image\/","url":"https:\/\/www.hotstegs-recht.de\/wp-content\/uploads\/2021\/09\/logo_2020.png","contentUrl":"https:\/\/www.hotstegs-recht.de\/wp-content\/uploads\/2021\/09\/logo_2020.png","width":180,"height":51,"caption":"Hotstegs Rechtsanwaltsgesellschaft"},"image":{"@id":"https:\/\/www.hotstegs-recht.de\/#\/schema\/logo\/image\/"},"sameAs":["https:\/\/www.facebook.com\/hotstegs.recht","https:\/\/x.com\/hotstegs_recht","https:\/\/www.instagram.com\/hotstegs.recht","https:\/\/de.linkedin.com\/company\/hotstegs-recht"]},{"@type":"Person","@id":"https:\/\/www.hotstegs-recht.de\/#\/schema\/person\/18c7a8260c2d9ded2b8308feab0990a2","name":"Mitarbeiter:in","image":{"@type":"ImageObject","inLanguage":"de","@id":"https:\/\/secure.gravatar.com\/avatar\/ff927e44276052255fa51b438cd49d6bee71e07c0621a998717cee201e5d2fff?s=96&d=blank&r=g","url":"https:\/\/secure.gravatar.com\/avatar\/ff927e44276052255fa51b438cd49d6bee71e07c0621a998717cee201e5d2fff?s=96&d=blank&r=g","contentUrl":"https:\/\/secure.gravatar.com\/avatar\/ff927e44276052255fa51b438cd49d6bee71e07c0621a998717cee201e5d2fff?s=96&d=blank&r=g","caption":"Mitarbeiter:in"},"url":"https:\/\/www.hotstegs-recht.de\/?author=4"}]}},"amp_enabled":true,"_links":{"self":[{"href":"https:\/\/www.hotstegs-recht.de\/index.php?rest_route=\/wp\/v2\/posts\/3613","targetHints":{"allow":["GET"]}}],"collection":[{"href":"https:\/\/www.hotstegs-recht.de\/index.php?rest_route=\/wp\/v2\/posts"}],"about":[{"href":"https:\/\/www.hotstegs-recht.de\/index.php?rest_route=\/wp\/v2\/types\/post"}],"author":[{"embeddable":true,"href":"https:\/\/www.hotstegs-recht.de\/index.php?rest_route=\/wp\/v2\/users\/4"}],"replies":[{"embeddable":true,"href":"https:\/\/www.hotstegs-recht.de\/index.php?rest_route=%2Fwp%2Fv2%2Fcomments&post=3613"}],"version-history":[{"count":0,"href":"https:\/\/www.hotstegs-recht.de\/index.php?rest_route=\/wp\/v2\/posts\/3613\/revisions"}],"wp:attachment":[{"href":"https:\/\/www.hotstegs-recht.de\/index.php?rest_route=%2Fwp%2Fv2%2Fmedia&parent=3613"}],"wp:term":[{"taxonomy":"category","embeddable":true,"href":"https:\/\/www.hotstegs-recht.de\/index.php?rest_route=%2Fwp%2Fv2%2Fcategories&post=3613"},{"taxonomy":"post_tag","embeddable":true,"href":"https:\/\/www.hotstegs-recht.de\/index.php?rest_route=%2Fwp%2Fv2%2Ftags&post=3613"}],"curies":[{"name":"wp","href":"https:\/\/api.w.org\/{rel}","templated":true}]}}