{"id":3216,"date":"2015-04-07T09:36:12","date_gmt":"2015-04-07T07:36:12","guid":{"rendered":"http:\/\/www.hotstegs-recht.de\/?p=3216"},"modified":"2015-10-12T21:32:54","modified_gmt":"2015-10-12T19:32:54","slug":"experte-fordert-weniger-zeitdruck-am-wahlabend-koelner-stadtanzeiger-v-06-04-2015","status":"publish","type":"post","link":"https:\/\/www.hotstegs-recht.de\/?p=3216","title":{"rendered":"Experte fordert weniger Zeitdruck am Wahlabend, K\u00f6lner Stadtanzeiger v. 07.04.2015"},"content":{"rendered":"<p style=\"max-width: 100%;\"><strong style=\"max-width: 100%; line-height: normal; -webkit-text-size-adjust: auto; background-color: rgba(255, 255, 255, 0);\">Verschwundene Umschl\u00e4ge, unvollst\u00e4ndige Niederschriften &#8211; sind Pannen wie die bei der K\u00f6lner Kommunalwahl normal? Verwaltungsrechtler Hotstegs spricht mit uns \u00fcber Fehlerquoten und Lehren aus den Vorg\u00e4ngen in K\u00f6ln.<\/strong><\/p>\n<p><!--more--><\/p>\n<p style=\"max-width: 100%;\"><\/p>\n<hr \/>\n<p><b>Zur Person&nbsp;<\/b><\/p>\n<p><span style=\"line-height: normal; -webkit-text-size-adjust: auto; background-color: rgba(255, 255, 255, 0);\">Robert Hotstegs ist Fachanwalt f\u00fcr Verwaltungsrecht und Rechtsberater des Vereins Mehr Demokratie, dessen Landesvorstand er bis 2014 angeh\u00f6rte. In seinem Wohnort D\u00fcsseldorf engagiert sich der 35-J\u00e4hrige seit langem als ehrenamtlicher Wahlhelfer. (adm)<\/span><b><br \/><\/b><\/p>\n<hr \/>\n<p><span style=\"max-width: 100%; font-weight: 900; -webkit-text-size-adjust: auto; background-color: rgba(255, 255, 255, 0);\">K\u00f6ln \u2013<\/span><\/p>\n<p itemprop=\"text\" style=\"max-width: 100%;\"><span style=\"line-height: normal; -webkit-text-size-adjust: auto; background-color: rgba(255, 255, 255, 0);\"><em style=\"max-width: 100%;\">In K\u00f6ln verschwinden Umschl\u00e4ge mit Stimmzetteln und tauchen dann wieder auf, die Niederschrift eines Wahlvorstandes ist unvollst\u00e4ndig und die Stadtverwaltung hat offenbar den \u00dcberblick verloren. Ist so etwas allgemein \u00fcblich bei Wahlen?<\/em><br style=\"max-width: 100%;\"\/>Nat\u00fcrlich nicht. Das haben sich die Gesetzgeber sicher anders vorgestellt, als sie die Regeln erlassen haben. Man darf aber nicht davon ausgehen, dass \u00fcberall die Welt in Ordnung ist. Allen Wahlen ist ja gemein, dass Massen von ehrenamtlichen Helfern mitmachen.&nbsp;<\/span><\/p>\n<p itemprop=\"text\" style=\"max-width: 100%;\"><span style=\"line-height: normal; -webkit-text-size-adjust: auto; background-color: rgba(255, 255, 255, 0);\"><em style=\"max-width: 100%;\">Am Wahltag im Mai 2014 waren 9500 Helfer in K\u00f6ln t\u00e4tig. Es w\u00e4re doch geradezu erstaunlich, wenn da nicht auch Fehler passieren.&nbsp;&nbsp;<\/em><br style=\"max-width: 100%;\"\/>In einem gewissen Umfang kann man Fehler nicht ausschlie\u00dfen. Es gibt aber wenig Alternativen, denn wir wollen ja m\u00f6glichst \u00fcberschaubare Stimmbezirke, wir wollen Wahllokale m\u00f6glichst vor der Haust\u00fcr haben. Das bedeutet eben, dass wir sehr viel Personal brauchen. Ich wei\u00df, wovon ich spreche. Ich bin seit 1994 regelm\u00e4\u00dfig als Wahlhelfer t\u00e4tig.&nbsp;<\/span><\/p>\n<p itemprop=\"text\" style=\"max-width: 100%;\"><span style=\"line-height: normal; -webkit-text-size-adjust: auto; background-color: rgba(255, 255, 255, 0);\"><em style=\"max-width: 100%;\">Bei der zur\u00fcckliegenden Wahl gab es eine Reihe von Abstimmungen. \u00dcber den Stadtrat, die Bezirksvertretungen, das Europarlament und f\u00fcr einen begrenzten Kreis noch den Integrationsrat. Bringt eine solche H\u00e4ufung eine h\u00f6here Fehlerquote mit sich?&nbsp;<\/em><br style=\"max-width: 100%;\"\/>Grunds\u00e4tzlich nicht. Aber es deutet manches darauf hin, dass die Stadt K\u00f6ln es den Wahlvorst\u00e4nden unn\u00f6tig schwer gemacht hat.<\/span><\/p>\n<p itemprop=\"text\" style=\"max-width: 100%;\"><span style=\"line-height: normal; -webkit-text-size-adjust: auto; background-color: rgba(255, 255, 255, 0);\"><em style=\"max-width: 100%;\">Inwiefern?<\/em><br style=\"max-width: 100%;\"\/>Da gibt es ja ganz simple Methoden. Mit farblich unterschiedlichen Umschl\u00e4gen zum Beispiel und einem einfachen System der Kennzeichnung. Wenn man deutliche Markierungen und Kennzeichnungen vorgibt, dann hilft das Fehler zu vermeiden. Eine gr\u00fcndliche Schulung der Wahlhelfer geh\u00f6rt auch dazu. In K\u00f6ln fehlte es zum Beispiel an einer unmissverst\u00e4ndlichen Nummerierung der Umschl\u00e4ge f\u00fcr die Stimmzettel.<\/span><\/p>\n<p itemprop=\"text\" style=\"max-width: 100%;\"><span style=\"line-height: normal; -webkit-text-size-adjust: auto; background-color: rgba(255, 255, 255, 0);\"><em style=\"max-width: 100%;\">Also organisatorische M\u00e4ngel bei der Vorbereitung&#8230;<\/em><br style=\"max-width: 100%;\"\/>Wenn man darauf achtet, ist eine Mehrfachwahl nicht anf\u00e4lliger als eine einfache Wahl. Andere Gro\u00dfst\u00e4dte werden dem ja auch Herr.&nbsp;<\/span><\/p>\n<h3 style=\"font: -apple-system-caption1; max-width: 100%;\"><font face=\"OpenSans, sans-serif\" size=\"3\"><span style=\"-webkit-text-size-adjust: auto; background-color: rgba(255, 255, 255, 0);\">Nicht nachvollziehbare Starrk\u00f6pfigkeit<\/span><\/font><\/h3>\n<p itemprop=\"text\" style=\"max-width: 100%;\"><span style=\"line-height: normal; -webkit-text-size-adjust: auto; background-color: rgba(255, 255, 255, 0);\"><em style=\"max-width: 100%;\">Sie beobachten das Wahlgeschehen schon l\u00e4nger. Welche Fehler passieren denn so?<\/em><br style=\"max-width: 100%;\"\/>Das f\u00e4ngt damit an, dass an Briefw\u00e4hler falsche Wahlzettel verschickt werden. Oder das: Bei uns im Wahllokal erschien einmal ein W\u00e4hler, der laut unserer Liste schon gew\u00e4hlt hatte. Er hat geschworen noch nicht dagewesen zu sein, wir mussten ihn dennoch zur\u00fcckweisen. Weil sein Name in unserer Liste gestrichen war, durften wir nichts anderes tun. M\u00f6glicherweise haben wir jemanden versehentlich um seine Stimmen gebracht. Das wird sich nie aufkl\u00e4ren lassen.&nbsp;<\/span><\/p>\n<p itemprop=\"text\" style=\"max-width: 100%;\"><span style=\"line-height: normal; -webkit-text-size-adjust: auto; background-color: rgba(255, 255, 255, 0);\"><em style=\"max-width: 100%;\">Ist f\u00fcr Sie nachvollziehbar, dass es in K\u00f6ln eines Gerichtsurteils bedurfte, um ein extrem auff\u00e4lliges Ergebnis in einem einzelnen Briefwahlbezirk noch einmal zu \u00fcberpr\u00fcfen?&nbsp;<\/em><br style=\"max-width: 100%;\"\/>Nein. Nat\u00fcrlich darf man nicht wieder und wieder die Stimmen ausz\u00e4hlen. Aber diese Starrk\u00f6pfigkeit kann ich nicht nachvollziehen. Damit verbindet sich doch die nicht zu haltende Annahme, hier ist zwingend alles richtig gemacht worden.<\/span><\/p>\n<p itemprop=\"text\" style=\"max-width: 100%;\"><span style=\"line-height: normal; -webkit-text-size-adjust: auto; background-color: rgba(255, 255, 255, 0);\"><em style=\"max-width: 100%;\">Wie bewerten Sie den R\u00fccktritt des Wahlleiters Guido Kahlen?&nbsp;<\/em><br style=\"max-width: 100%;\"\/>Ihm pers\u00f6nlich rechne ich das hoch an. Aber im Ergebnis ist das nicht viel mehr als ein Zeichen. Das Gesetz sieht vor, wer Wahlleiter ist, also der OB oder einer seiner Stellvertreter. Dass der Weg frei ist f\u00fcr einen neutralen Wahlleiter, stimmt deshalb nicht so ganz. Diese Wahlbeamten haben ja auch eine Position in der Stadt. Von daher sind die Worte etwas st\u00e4rker als das Ergebnis, das man jetzt erzielen wird.&nbsp;<\/span><\/p>\n<p itemprop=\"text\" style=\"max-width: 100%;\"><span style=\"line-height: normal; -webkit-text-size-adjust: auto; background-color: rgba(255, 255, 255, 0);\"><em style=\"max-width: 100%;\">Welche Lehren lassen sich aus den K\u00f6lner Vorg\u00e4ngen ziehen?<\/em><br style=\"max-width: 100%;\"\/>Gew\u00f6hnlich macht niemand den gleichen Fehler zweimal. Bei den Mehrfachwahlen muss man sehr viel Aufmerksamkeit auf die ganz schlichte Organisation legen. Mit einfachsten Markierungen und einer durchdachten Farbwahl f\u00fcr Umschl\u00e4ge. Das sind Dinge, die man zun\u00e4chst f\u00fcr nicht so bedeutend halten k\u00f6nnte. Auch k\u00f6nnten die Schulungen sicher noch verbessert werden. All das erleichtert den ehrenamtlichen Wahlhelfern die Arbeit ungemein. Und vielleicht w\u00fcrde es helfen, ein bisschen den Zeitdruck herauszunehmen. An jedem Wahlabend entwickelt sich eine eigene Dynamik.<\/span><\/p>\n<p itemprop=\"text\" style=\"max-width: 100%;\"><span style=\"line-height: normal; -webkit-text-size-adjust: auto; background-color: rgba(255, 255, 255, 0);\"><em style=\"max-width: 100%;\">Wie ist das zu verstehen?&nbsp;<\/em><br style=\"max-width: 100%;\"\/>Jeder Stimmbezirk will schneller sein als der andere, also sein Ergebnis schneller melden. Auch unter den St\u00e4dten gibt es eine Art Wettbewerb, keine will Schlusslicht sein. Ich kann mich davon als Wahlhelfer selber nicht freimachen. Aber Gr\u00fcndlichkeit geht vor, das gilt hier ganz besonders.<\/span><\/p>\n","protected":false},"excerpt":{"rendered":"<p>Verschwundene Umschl\u00e4ge, unvollst\u00e4ndige Niederschriften &#8211; sind Pannen wie die bei der K\u00f6lner Kommunalwahl normal? Verwaltungsrechtler Hotstegs spricht mit uns \u00fcber Fehlerquoten und Lehren aus den Vorg\u00e4ngen in K\u00f6ln.<\/p>\n","protected":false},"author":4,"featured_media":0,"comment_status":"closed","ping_status":"closed","sticky":false,"template":"","format":"standard","meta":{"footnotes":""},"categories":[4,9,16,47],"tags":[],"class_list":["post-3216","post","type-post","status-publish","format-standard","hentry","category-aktuelles","category-presse","category-burgerbeteiligung","category-wahlrecht"],"yoast_head":"<!-- This site is optimized with the Yoast SEO plugin v27.4 - https:\/\/yoast.com\/product\/yoast-seo-wordpress\/ -->\n<title>Experte fordert weniger Zeitdruck am Wahlabend, K\u00f6lner Stadtanzeiger v. 07.04.2015 - Hotstegs Rechtsanwaltsgesellschaft | Rechtsanw\u00e4lt:innen und Fachanw\u00e4lt:innen f\u00fcr Verwaltungsrecht<\/title>\n<meta name=\"description\" content=\"- Termine unter Tel. 0211 \/ 497657-16\" \/>\n<meta name=\"robots\" content=\"index, follow, max-snippet:-1, max-image-preview:large, max-video-preview:-1\" \/>\n<link rel=\"canonical\" href=\"https:\/\/www.hotstegs-recht.de\/?p=3216\" \/>\n<meta property=\"og:locale\" content=\"de_DE\" \/>\n<meta property=\"og:type\" content=\"article\" \/>\n<meta property=\"og:title\" content=\"Experte fordert weniger Zeitdruck am Wahlabend, K\u00f6lner Stadtanzeiger v. 07.04.2015 - Hotstegs Rechtsanwaltsgesellschaft | Rechtsanw\u00e4lt:innen und Fachanw\u00e4lt:innen f\u00fcr Verwaltungsrecht\" \/>\n<meta property=\"og:description\" content=\"- Termine unter Tel. 0211 \/ 497657-16\" \/>\n<meta property=\"og:url\" content=\"https:\/\/www.hotstegs-recht.de\/?p=3216\" \/>\n<meta property=\"og:site_name\" content=\"Hotstegs Rechtsanwaltsgesellschaft | Rechtsanw\u00e4lt:innen und Fachanw\u00e4lt:innen f\u00fcr Verwaltungsrecht\" \/>\n<meta property=\"article:publisher\" content=\"https:\/\/www.facebook.com\/hotstegs.recht\" \/>\n<meta property=\"article:published_time\" content=\"2015-04-07T07:36:12+00:00\" \/>\n<meta property=\"article:modified_time\" content=\"2015-10-12T19:32:54+00:00\" \/>\n<meta name=\"author\" content=\"Mitarbeiter:in\" \/>\n<meta name=\"twitter:card\" content=\"summary_large_image\" \/>\n<meta name=\"twitter:creator\" content=\"@hotstegs_recht\" \/>\n<meta name=\"twitter:site\" content=\"@hotstegs_recht\" \/>\n<meta name=\"twitter:label1\" content=\"Verfasst von\" \/>\n\t<meta name=\"twitter:data1\" content=\"Mitarbeiter:in\" \/>\n\t<meta name=\"twitter:label2\" content=\"Gesch\u00e4tzte Lesezeit\" \/>\n\t<meta name=\"twitter:data2\" content=\"4\u00a0Minuten\" \/>\n<!-- \/ Yoast SEO plugin. -->","yoast_head_json":{"title":"Experte fordert weniger Zeitdruck am Wahlabend, K\u00f6lner Stadtanzeiger v. 07.04.2015 - Hotstegs Rechtsanwaltsgesellschaft | Rechtsanw\u00e4lt:innen und Fachanw\u00e4lt:innen f\u00fcr Verwaltungsrecht","description":"- Termine unter Tel. 0211 \/ 497657-16","robots":{"index":"index","follow":"follow","max-snippet":"max-snippet:-1","max-image-preview":"max-image-preview:large","max-video-preview":"max-video-preview:-1"},"canonical":"https:\/\/www.hotstegs-recht.de\/?p=3216","og_locale":"de_DE","og_type":"article","og_title":"Experte fordert weniger Zeitdruck am Wahlabend, K\u00f6lner Stadtanzeiger v. 07.04.2015 - Hotstegs Rechtsanwaltsgesellschaft | Rechtsanw\u00e4lt:innen und Fachanw\u00e4lt:innen f\u00fcr Verwaltungsrecht","og_description":"- Termine unter Tel. 0211 \/ 497657-16","og_url":"https:\/\/www.hotstegs-recht.de\/?p=3216","og_site_name":"Hotstegs Rechtsanwaltsgesellschaft | Rechtsanw\u00e4lt:innen und Fachanw\u00e4lt:innen f\u00fcr Verwaltungsrecht","article_publisher":"https:\/\/www.facebook.com\/hotstegs.recht","article_published_time":"2015-04-07T07:36:12+00:00","article_modified_time":"2015-10-12T19:32:54+00:00","author":"Mitarbeiter:in","twitter_card":"summary_large_image","twitter_creator":"@hotstegs_recht","twitter_site":"@hotstegs_recht","twitter_misc":{"Verfasst von":"Mitarbeiter:in","Gesch\u00e4tzte Lesezeit":"4\u00a0Minuten"},"schema":{"@context":"https:\/\/schema.org","@graph":[{"@type":"Article","@id":"https:\/\/www.hotstegs-recht.de\/?p=3216#article","isPartOf":{"@id":"https:\/\/www.hotstegs-recht.de\/?p=3216"},"author":{"name":"Mitarbeiter:in","@id":"https:\/\/www.hotstegs-recht.de\/#\/schema\/person\/18c7a8260c2d9ded2b8308feab0990a2"},"headline":"Experte fordert weniger Zeitdruck am Wahlabend, K\u00f6lner Stadtanzeiger v. 07.04.2015","datePublished":"2015-04-07T07:36:12+00:00","dateModified":"2015-10-12T19:32:54+00:00","mainEntityOfPage":{"@id":"https:\/\/www.hotstegs-recht.de\/?p=3216"},"wordCount":791,"publisher":{"@id":"https:\/\/www.hotstegs-recht.de\/#organization"},"articleSection":["Aktuelles","Presse","B\u00fcrgerbeteiligung","Wahlrecht"],"inLanguage":"de"},{"@type":"WebPage","@id":"https:\/\/www.hotstegs-recht.de\/?p=3216","url":"https:\/\/www.hotstegs-recht.de\/?p=3216","name":"Experte fordert weniger Zeitdruck am Wahlabend, K\u00f6lner Stadtanzeiger v. 07.04.2015 - Hotstegs Rechtsanwaltsgesellschaft | Rechtsanw\u00e4lt:innen und Fachanw\u00e4lt:innen f\u00fcr Verwaltungsrecht","isPartOf":{"@id":"https:\/\/www.hotstegs-recht.de\/#website"},"datePublished":"2015-04-07T07:36:12+00:00","dateModified":"2015-10-12T19:32:54+00:00","description":"- Termine unter Tel. 0211 \/ 497657-16","breadcrumb":{"@id":"https:\/\/www.hotstegs-recht.de\/?p=3216#breadcrumb"},"inLanguage":"de","potentialAction":[{"@type":"ReadAction","target":["https:\/\/www.hotstegs-recht.de\/?p=3216"]}]},{"@type":"BreadcrumbList","@id":"https:\/\/www.hotstegs-recht.de\/?p=3216#breadcrumb","itemListElement":[{"@type":"ListItem","position":1,"name":"Startseite","item":"https:\/\/www.hotstegs-recht.de\/"},{"@type":"ListItem","position":2,"name":"Experte fordert weniger Zeitdruck am Wahlabend, K\u00f6lner Stadtanzeiger v. 07.04.2015"}]},{"@type":"WebSite","@id":"https:\/\/www.hotstegs-recht.de\/#website","url":"https:\/\/www.hotstegs-recht.de\/","name":"Hotstegs Rechtsanwaltsgesellschaft | Rechtsanw\u00e4lt:innen und Fachanw\u00e4lt:innen f\u00fcr Verwaltungsrecht","description":"\u00f6ffentliches Dienstrecht und Disziplinarverfahren | Rechtsanwalt Robert Hotstegs | Rechtsanw\u00e4ltin Sarah Nu\u00dfbaum | Rechtsanw\u00e4ltin Katharina Voigt","publisher":{"@id":"https:\/\/www.hotstegs-recht.de\/#organization"},"potentialAction":[{"@type":"SearchAction","target":{"@type":"EntryPoint","urlTemplate":"https:\/\/www.hotstegs-recht.de\/?s={search_term_string}"},"query-input":{"@type":"PropertyValueSpecification","valueRequired":true,"valueName":"search_term_string"}}],"inLanguage":"de"},{"@type":"Organization","@id":"https:\/\/www.hotstegs-recht.de\/#organization","name":"Hotstegs Rechtsanwaltsgesellschaft","url":"https:\/\/www.hotstegs-recht.de\/","logo":{"@type":"ImageObject","inLanguage":"de","@id":"https:\/\/www.hotstegs-recht.de\/#\/schema\/logo\/image\/","url":"https:\/\/www.hotstegs-recht.de\/wp-content\/uploads\/2021\/09\/logo_2020.png","contentUrl":"https:\/\/www.hotstegs-recht.de\/wp-content\/uploads\/2021\/09\/logo_2020.png","width":180,"height":51,"caption":"Hotstegs Rechtsanwaltsgesellschaft"},"image":{"@id":"https:\/\/www.hotstegs-recht.de\/#\/schema\/logo\/image\/"},"sameAs":["https:\/\/www.facebook.com\/hotstegs.recht","https:\/\/x.com\/hotstegs_recht","https:\/\/www.instagram.com\/hotstegs.recht","https:\/\/de.linkedin.com\/company\/hotstegs-recht"]},{"@type":"Person","@id":"https:\/\/www.hotstegs-recht.de\/#\/schema\/person\/18c7a8260c2d9ded2b8308feab0990a2","name":"Mitarbeiter:in","image":{"@type":"ImageObject","inLanguage":"de","@id":"https:\/\/secure.gravatar.com\/avatar\/ff927e44276052255fa51b438cd49d6bee71e07c0621a998717cee201e5d2fff?s=96&d=blank&r=g","url":"https:\/\/secure.gravatar.com\/avatar\/ff927e44276052255fa51b438cd49d6bee71e07c0621a998717cee201e5d2fff?s=96&d=blank&r=g","contentUrl":"https:\/\/secure.gravatar.com\/avatar\/ff927e44276052255fa51b438cd49d6bee71e07c0621a998717cee201e5d2fff?s=96&d=blank&r=g","caption":"Mitarbeiter:in"},"url":"https:\/\/www.hotstegs-recht.de\/?author=4"}]}},"amp_enabled":true,"_links":{"self":[{"href":"https:\/\/www.hotstegs-recht.de\/index.php?rest_route=\/wp\/v2\/posts\/3216","targetHints":{"allow":["GET"]}}],"collection":[{"href":"https:\/\/www.hotstegs-recht.de\/index.php?rest_route=\/wp\/v2\/posts"}],"about":[{"href":"https:\/\/www.hotstegs-recht.de\/index.php?rest_route=\/wp\/v2\/types\/post"}],"author":[{"embeddable":true,"href":"https:\/\/www.hotstegs-recht.de\/index.php?rest_route=\/wp\/v2\/users\/4"}],"replies":[{"embeddable":true,"href":"https:\/\/www.hotstegs-recht.de\/index.php?rest_route=%2Fwp%2Fv2%2Fcomments&post=3216"}],"version-history":[{"count":0,"href":"https:\/\/www.hotstegs-recht.de\/index.php?rest_route=\/wp\/v2\/posts\/3216\/revisions"}],"wp:attachment":[{"href":"https:\/\/www.hotstegs-recht.de\/index.php?rest_route=%2Fwp%2Fv2%2Fmedia&parent=3216"}],"wp:term":[{"taxonomy":"category","embeddable":true,"href":"https:\/\/www.hotstegs-recht.de\/index.php?rest_route=%2Fwp%2Fv2%2Fcategories&post=3216"},{"taxonomy":"post_tag","embeddable":true,"href":"https:\/\/www.hotstegs-recht.de\/index.php?rest_route=%2Fwp%2Fv2%2Ftags&post=3216"}],"curies":[{"name":"wp","href":"https:\/\/api.w.org\/{rel}","templated":true}]}}