{"id":3197,"date":"2012-11-19T19:44:52","date_gmt":"2012-11-19T18:44:52","guid":{"rendered":"http:\/\/www.hotstegs-recht.de\/?p=3197"},"modified":"2015-03-30T14:47:19","modified_gmt":"2015-03-30T12:47:19","slug":"einigung-im-streit-um-die-gesamtschule-hennen-maerkzettel-de-vom-19-11-2012","status":"publish","type":"post","link":"https:\/\/www.hotstegs-recht.de\/?p=3197","title":{"rendered":"Einigung im Streit um die Gesamtschule Hennen? , maerkzettel.de vom 19.11.2012"},"content":{"rendered":"<p><strong>Iserlohn. Am 18. Oktober 2011 hat der Rat der Stadt Iserlohn beschlossen, die Hauptschule in Hennen in eine vierz\u00fcgige Gesamtschule umzuwandeln. Seitdem ist der Standpunkt Hennen ein Streitfall. Folgt nun die endg\u00fcltige Entscheidung?<br \/>\n<\/strong><!--more--><\/p>\n<p>Erst am 3. Juli 2012 wurde der Umbau der Hauptschule Hennen nach Ratsabstimmung beschlossen. Die Abstimmung wurde mit 25 Ja-Stimmen und zwei Enthaltungen beendet. Die CDU und die Freien W\u00e4hler boykottierten die Abstimmung allerdings. Grund hierf\u00fcr war eine abgelehnte Sitzungsunterbrechung durch FDP, SPD, der Linken und den Gr\u00fcnen. Gest\u00fctzt wurde diese Entscheidung von der Elterninitiative \u201ePro 2. Gesamtschule\u201c. Die Initiative hatte 913 Unterschriften mit der Forderung nach einer zweiten Gesamtschule eingereicht. Begr\u00fcndet wurde diese Forderung mit der aktuellen Lage an der Gesamtschule Iserlohn. Aufgrund von Platzmangel werden, nach ihren Aussagen, jedes Jahr bis zu 85 Sch\u00fcler abgelehnt. Die Gesamtschule ist in zwei Geb\u00e4uden untergebracht, was aus logistischen Gr\u00fcnden problematisch ist. \u00dcberf\u00fcllte Busse und Verkehrsstaus sind hier die direkte Folge. Des Weiteren sieht die Initiative \u201ePro 2. Gesamtschule\u201c durch das lange gemeinsame Lernen und die direkte F\u00f6rderung einzelner einen direkten Vorteil in der Nutzung von Gesamtschulen.<\/p>\n<p><strong>Gro\u00dfe Gegenbewegung zum Ratsbeschluss<\/strong><\/p>\n<p>Die B\u00fcrgerinitiative \u201eZukunft Iserlohn\u201c steht dem Umbau kritisch gegen\u00fcber. Laut ihnen sind die Kosten f\u00fcr den Umbau in H\u00f6he von 25 bis 27 Millionen Euro sowie die Verwaltungskosten von etwa drei Millionen j\u00e4hrlich nicht tragbar. Vor allem aufgrund des demographischen Wandels sei der Umbau der Hauptschule Hennen nicht der richtige Weg. Nach Meinung der B\u00fcrgerinitiative wird es in den n\u00e4chsten Jahren immer weniger neue Sch\u00fcler geben. In f\u00fcnf Jahren soll die Anzahl sogar rapide zur\u00fcckgehen. Ihre Forderung daher: Eine flexible L\u00f6sung f\u00fcr die n\u00e4chsten Jahre, da der Platzmangel in etwa f\u00fcnf Jahren nicht mehr auftreten wird. \u201eZukunft Iserlohn\u201c setzt sich damit nicht gegen das Schaffen von neuen Schulpl\u00e4tzen ein, sondern gegen die hohen Kosten des aus ihrer Sicht unn\u00f6tigen Umbaus der Hauptschule Hennen. Die Initiative sammelte daraufhin Unterschriften f\u00fcr ein B\u00fcrgerbegehren gegen den Umbau der Schule. Am 8. Oktober 2012 \u00fcbergab die B\u00fcrgerinitiative \u201eZukunft Iserlohn\u201c eine Unterschriftensammlung mit \u00fcber 9.000 Unterschriften gegen den Umbau der Hauptschule Hennen an den B\u00fcrgermeister Peter Paul Ahrens. Am 22. Oktober wurde das B\u00fcrgerbegehren f\u00fcr formell zul\u00e4ssig erkl\u00e4rt. Von den 9.178 Unterschriften sind insgesamt 8.025 g\u00fcltig. Damit \u00fcbertrifft die B\u00fcrgerinitiative \u201eZukunft Iserlohn\u201c die geforderte Anzahl an Stimmen, denn gefordert waren 4.539 Stimmen &#8211; sechs Prozent der wahlberechtigten Bev\u00f6lkerung &#8211; einzureichen.<\/p>\n<p><strong>Gegenma\u00dfnahmen des Bildungsb\u00fcndnisses<\/strong><\/p>\n<p>Das Bildungsb\u00fcndnis teilte am 30. Oktober mit, dass sie das B\u00fcrgerbegehren aus Fristgr\u00fcnden f\u00fcr nicht zul\u00e4ssig halten. \u201eDie Frist hat n\u00e4mlich nicht am 3. Juli begonnen, wie B\u00fcrgerinitiative und Verwaltung dargelegt haben, sondern bereits im Oktober 2011. Damals hat der Rat bereits grunds\u00e4tzlich die Errichtung der neuen Gesamtschule beschlossen&#8220;, so Hotstegs.<\/p>\n<p>Die B\u00fcrgerinitiative \u201eZukunft Iserlohn\u201c versucht nun rechtlich gegen den Beschluss des Rates vorzugehen. Paul Ziemiak, einer der drei Initiatoren des B\u00fcrgerbegehrens, sprach davon, so schnell wie m\u00f6glich vor dem Verwaltungsgericht Klage gegen diese Entscheidung zu erheben. Man darf gespannt sein, ob der Streit um die Errichtung der Gesamtschule Hennen damit zu einem Ende kommt.<\/p>\n<p>Marc Lemke<\/p>\n","protected":false},"excerpt":{"rendered":"<p>Iserlohn. Am 18. Oktober 2011 hat der Rat der Stadt Iserlohn beschlossen, die Hauptschule in Hennen in eine vierz\u00fcgige Gesamtschule umzuwandeln. Seitdem ist der Standpunkt Hennen ein Streitfall. Folgt nun die endg\u00fcltige Entscheidung?<\/p>\n","protected":false},"author":4,"featured_media":0,"comment_status":"closed","ping_status":"closed","sticky":false,"template":"","format":"standard","meta":{"footnotes":""},"categories":[4,9,16],"tags":[],"class_list":["post-3197","post","type-post","status-publish","format-standard","hentry","category-aktuelles","category-presse","category-burgerbeteiligung"],"yoast_head":"<!-- This site is optimized with the Yoast SEO plugin v27.4 - https:\/\/yoast.com\/product\/yoast-seo-wordpress\/ -->\n<title>Einigung im Streit um die Gesamtschule Hennen? , maerkzettel.de vom 19.11.2012 - Hotstegs Rechtsanwaltsgesellschaft | Rechtsanw\u00e4lt:innen und Fachanw\u00e4lt:innen f\u00fcr Verwaltungsrecht<\/title>\n<meta name=\"description\" content=\"- Termine unter Tel. 0211 \/ 497657-16\" \/>\n<meta name=\"robots\" content=\"index, follow, max-snippet:-1, max-image-preview:large, max-video-preview:-1\" \/>\n<link rel=\"canonical\" href=\"https:\/\/www.hotstegs-recht.de\/?p=3197\" \/>\n<meta property=\"og:locale\" content=\"de_DE\" \/>\n<meta property=\"og:type\" content=\"article\" \/>\n<meta property=\"og:title\" content=\"Einigung im Streit um die Gesamtschule Hennen? , maerkzettel.de vom 19.11.2012 - Hotstegs Rechtsanwaltsgesellschaft | Rechtsanw\u00e4lt:innen und Fachanw\u00e4lt:innen f\u00fcr Verwaltungsrecht\" \/>\n<meta property=\"og:description\" content=\"- Termine unter Tel. 0211 \/ 497657-16\" \/>\n<meta property=\"og:url\" content=\"https:\/\/www.hotstegs-recht.de\/?p=3197\" \/>\n<meta property=\"og:site_name\" content=\"Hotstegs Rechtsanwaltsgesellschaft | Rechtsanw\u00e4lt:innen und Fachanw\u00e4lt:innen f\u00fcr Verwaltungsrecht\" \/>\n<meta property=\"article:publisher\" content=\"https:\/\/www.facebook.com\/hotstegs.recht\" \/>\n<meta property=\"article:published_time\" content=\"2012-11-19T18:44:52+00:00\" \/>\n<meta property=\"article:modified_time\" content=\"2015-03-30T12:47:19+00:00\" \/>\n<meta name=\"author\" content=\"Mitarbeiter:in\" \/>\n<meta name=\"twitter:card\" content=\"summary_large_image\" \/>\n<meta name=\"twitter:creator\" content=\"@hotstegs_recht\" \/>\n<meta name=\"twitter:site\" content=\"@hotstegs_recht\" \/>\n<meta name=\"twitter:label1\" content=\"Verfasst von\" \/>\n\t<meta name=\"twitter:data1\" content=\"Mitarbeiter:in\" \/>\n\t<meta name=\"twitter:label2\" content=\"Gesch\u00e4tzte Lesezeit\" \/>\n\t<meta name=\"twitter:data2\" content=\"3\u00a0Minuten\" \/>\n<!-- \/ Yoast SEO plugin. -->","yoast_head_json":{"title":"Einigung im Streit um die Gesamtschule Hennen? , maerkzettel.de vom 19.11.2012 - Hotstegs Rechtsanwaltsgesellschaft | Rechtsanw\u00e4lt:innen und Fachanw\u00e4lt:innen f\u00fcr Verwaltungsrecht","description":"- Termine unter Tel. 0211 \/ 497657-16","robots":{"index":"index","follow":"follow","max-snippet":"max-snippet:-1","max-image-preview":"max-image-preview:large","max-video-preview":"max-video-preview:-1"},"canonical":"https:\/\/www.hotstegs-recht.de\/?p=3197","og_locale":"de_DE","og_type":"article","og_title":"Einigung im Streit um die Gesamtschule Hennen? , maerkzettel.de vom 19.11.2012 - Hotstegs Rechtsanwaltsgesellschaft | Rechtsanw\u00e4lt:innen und Fachanw\u00e4lt:innen f\u00fcr Verwaltungsrecht","og_description":"- Termine unter Tel. 0211 \/ 497657-16","og_url":"https:\/\/www.hotstegs-recht.de\/?p=3197","og_site_name":"Hotstegs Rechtsanwaltsgesellschaft | Rechtsanw\u00e4lt:innen und Fachanw\u00e4lt:innen f\u00fcr Verwaltungsrecht","article_publisher":"https:\/\/www.facebook.com\/hotstegs.recht","article_published_time":"2012-11-19T18:44:52+00:00","article_modified_time":"2015-03-30T12:47:19+00:00","author":"Mitarbeiter:in","twitter_card":"summary_large_image","twitter_creator":"@hotstegs_recht","twitter_site":"@hotstegs_recht","twitter_misc":{"Verfasst von":"Mitarbeiter:in","Gesch\u00e4tzte Lesezeit":"3\u00a0Minuten"},"schema":{"@context":"https:\/\/schema.org","@graph":[{"@type":"Article","@id":"https:\/\/www.hotstegs-recht.de\/?p=3197#article","isPartOf":{"@id":"https:\/\/www.hotstegs-recht.de\/?p=3197"},"author":{"name":"Mitarbeiter:in","@id":"https:\/\/www.hotstegs-recht.de\/#\/schema\/person\/18c7a8260c2d9ded2b8308feab0990a2"},"headline":"Einigung im Streit um die Gesamtschule Hennen? , maerkzettel.de vom 19.11.2012","datePublished":"2012-11-19T18:44:52+00:00","dateModified":"2015-03-30T12:47:19+00:00","mainEntityOfPage":{"@id":"https:\/\/www.hotstegs-recht.de\/?p=3197"},"wordCount":539,"publisher":{"@id":"https:\/\/www.hotstegs-recht.de\/#organization"},"articleSection":["Aktuelles","Presse","B\u00fcrgerbeteiligung"],"inLanguage":"de"},{"@type":"WebPage","@id":"https:\/\/www.hotstegs-recht.de\/?p=3197","url":"https:\/\/www.hotstegs-recht.de\/?p=3197","name":"Einigung im Streit um die Gesamtschule Hennen? , maerkzettel.de vom 19.11.2012 - Hotstegs Rechtsanwaltsgesellschaft | Rechtsanw\u00e4lt:innen und Fachanw\u00e4lt:innen f\u00fcr Verwaltungsrecht","isPartOf":{"@id":"https:\/\/www.hotstegs-recht.de\/#website"},"datePublished":"2012-11-19T18:44:52+00:00","dateModified":"2015-03-30T12:47:19+00:00","description":"- Termine unter Tel. 0211 \/ 497657-16","breadcrumb":{"@id":"https:\/\/www.hotstegs-recht.de\/?p=3197#breadcrumb"},"inLanguage":"de","potentialAction":[{"@type":"ReadAction","target":["https:\/\/www.hotstegs-recht.de\/?p=3197"]}]},{"@type":"BreadcrumbList","@id":"https:\/\/www.hotstegs-recht.de\/?p=3197#breadcrumb","itemListElement":[{"@type":"ListItem","position":1,"name":"Startseite","item":"https:\/\/www.hotstegs-recht.de\/"},{"@type":"ListItem","position":2,"name":"Einigung im Streit um die Gesamtschule Hennen? , maerkzettel.de vom 19.11.2012"}]},{"@type":"WebSite","@id":"https:\/\/www.hotstegs-recht.de\/#website","url":"https:\/\/www.hotstegs-recht.de\/","name":"Hotstegs Rechtsanwaltsgesellschaft | Rechtsanw\u00e4lt:innen und Fachanw\u00e4lt:innen f\u00fcr Verwaltungsrecht","description":"\u00f6ffentliches Dienstrecht und Disziplinarverfahren | Rechtsanwalt Robert Hotstegs | Rechtsanw\u00e4ltin Sarah Nu\u00dfbaum | Rechtsanw\u00e4ltin Katharina Voigt","publisher":{"@id":"https:\/\/www.hotstegs-recht.de\/#organization"},"potentialAction":[{"@type":"SearchAction","target":{"@type":"EntryPoint","urlTemplate":"https:\/\/www.hotstegs-recht.de\/?s={search_term_string}"},"query-input":{"@type":"PropertyValueSpecification","valueRequired":true,"valueName":"search_term_string"}}],"inLanguage":"de"},{"@type":"Organization","@id":"https:\/\/www.hotstegs-recht.de\/#organization","name":"Hotstegs Rechtsanwaltsgesellschaft","url":"https:\/\/www.hotstegs-recht.de\/","logo":{"@type":"ImageObject","inLanguage":"de","@id":"https:\/\/www.hotstegs-recht.de\/#\/schema\/logo\/image\/","url":"https:\/\/www.hotstegs-recht.de\/wp-content\/uploads\/2021\/09\/logo_2020.png","contentUrl":"https:\/\/www.hotstegs-recht.de\/wp-content\/uploads\/2021\/09\/logo_2020.png","width":180,"height":51,"caption":"Hotstegs Rechtsanwaltsgesellschaft"},"image":{"@id":"https:\/\/www.hotstegs-recht.de\/#\/schema\/logo\/image\/"},"sameAs":["https:\/\/www.facebook.com\/hotstegs.recht","https:\/\/x.com\/hotstegs_recht","https:\/\/www.instagram.com\/hotstegs.recht","https:\/\/de.linkedin.com\/company\/hotstegs-recht"]},{"@type":"Person","@id":"https:\/\/www.hotstegs-recht.de\/#\/schema\/person\/18c7a8260c2d9ded2b8308feab0990a2","name":"Mitarbeiter:in","image":{"@type":"ImageObject","inLanguage":"de","@id":"https:\/\/secure.gravatar.com\/avatar\/ff927e44276052255fa51b438cd49d6bee71e07c0621a998717cee201e5d2fff?s=96&d=blank&r=g","url":"https:\/\/secure.gravatar.com\/avatar\/ff927e44276052255fa51b438cd49d6bee71e07c0621a998717cee201e5d2fff?s=96&d=blank&r=g","contentUrl":"https:\/\/secure.gravatar.com\/avatar\/ff927e44276052255fa51b438cd49d6bee71e07c0621a998717cee201e5d2fff?s=96&d=blank&r=g","caption":"Mitarbeiter:in"},"url":"https:\/\/www.hotstegs-recht.de\/?author=4"}]}},"amp_enabled":true,"_links":{"self":[{"href":"https:\/\/www.hotstegs-recht.de\/index.php?rest_route=\/wp\/v2\/posts\/3197","targetHints":{"allow":["GET"]}}],"collection":[{"href":"https:\/\/www.hotstegs-recht.de\/index.php?rest_route=\/wp\/v2\/posts"}],"about":[{"href":"https:\/\/www.hotstegs-recht.de\/index.php?rest_route=\/wp\/v2\/types\/post"}],"author":[{"embeddable":true,"href":"https:\/\/www.hotstegs-recht.de\/index.php?rest_route=\/wp\/v2\/users\/4"}],"replies":[{"embeddable":true,"href":"https:\/\/www.hotstegs-recht.de\/index.php?rest_route=%2Fwp%2Fv2%2Fcomments&post=3197"}],"version-history":[{"count":0,"href":"https:\/\/www.hotstegs-recht.de\/index.php?rest_route=\/wp\/v2\/posts\/3197\/revisions"}],"wp:attachment":[{"href":"https:\/\/www.hotstegs-recht.de\/index.php?rest_route=%2Fwp%2Fv2%2Fmedia&parent=3197"}],"wp:term":[{"taxonomy":"category","embeddable":true,"href":"https:\/\/www.hotstegs-recht.de\/index.php?rest_route=%2Fwp%2Fv2%2Fcategories&post=3197"},{"taxonomy":"post_tag","embeddable":true,"href":"https:\/\/www.hotstegs-recht.de\/index.php?rest_route=%2Fwp%2Fv2%2Ftags&post=3197"}],"curies":[{"name":"wp","href":"https:\/\/api.w.org\/{rel}","templated":true}]}}