{"id":3188,"date":"2015-03-26T12:34:58","date_gmt":"2015-03-26T11:34:58","guid":{"rendered":"http:\/\/www.hotstegs-recht.de\/?p=3188"},"modified":"2021-04-14T15:05:36","modified_gmt":"2021-04-14T13:05:36","slug":"nein-das-oberverwaltungsgericht-darf-sich-nicht-durch-richter-vertreten-lassen-oberverwaltungsgericht-nrw-beschluss-v-25-03-2015-az-13-d-2714","status":"publish","type":"post","link":"https:\/\/www.hotstegs-recht.de\/?p=3188","title":{"rendered":"Nein, das Oberverwaltungsgericht darf sich nicht durch Richter vertreten lassen, Oberverwaltungsgericht NRW, Beschluss v. 25.03.2015, Az. 13 D 27\/14"},"content":{"rendered":"<p>Wir <a title=\"Zur\u00fcckweisung von Richtern als Prozessbevollm\u00e4chtigte, Anmerkung zu Oberverwaltungsgericht Nordrhein-Westfalen, Beschluss v. 29.10.2014, Az. 8 A 1943\/13\" href=\"\/?p=3021\">hatten bereits dar\u00fcber berichtet<\/a>, dass sich Gerichte in Verfahren, an denen sie selbst beteiligt sind, gerne durch Richter der eigenen Gerichtsverwaltung vertreten lassen. Das ist unzul\u00e4ssig, <a title=\"Zur\u00fcckweisung von Richtern als Prozessbevollm\u00e4chtigte, Anmerkung zu Oberverwaltungsgericht Nordrhein-Westfalen, Beschluss v. 29.10.2014, Az. 8 A 1943\/13\" href=\"\/?p=3021\">beschloss zun\u00e4chst der 8. Senat des Oberverwaltungsgerichts NRW<\/a>. Nun liegt ein aktueller Beschluss des 13. Senats vor, der ebenfalls keine Zweifel l\u00e4sst: das geht nicht!<br \/>\n<!--more--><\/p>\n<blockquote><p><strong>Beschluss<\/strong><\/p>\n<p>In dem verwaltungsgerichtlichen Verfahren<br \/>\nder Kl\u00e4gerin,<\/p>\n<p>Prozessbevollm\u00e4chtigte: Hotstegs Rechtsanwaltsgesellschaft mbH,<br \/>\nMozartstra\u00dfe 21, 40479 D\u00fcsseldorf, Az.: 233\/13,<\/p>\n<p>gegen<\/p>\n<p>das Land Nordrhein-Westfalen, vertreten durch die Pr\u00e4sidentin des Oberverwaltungsgerichts f\u00fcr das Land Nordrhein-Westfalen, &#8211; Beklagten &#8211;<\/p>\n<p>wegen Entsch\u00e4digungsklage nach <a href=\"https:\/\/dejure.org\/gesetze\/VwGO\/173.html\" title=\"&sect; 173 VwGO [Anwendung von GVG und ZPO]\">\u00a7 173 Satz 2 VwGO<\/a>, <a href=\"https:\/\/dejure.org\/gesetze\/GVG\/201.html\" title=\"&sect; 201 GVG\">\u00a7 201 GVG<\/a><\/p>\n<p>hier: Zur\u00fcckweisung von Prozessvertretern<\/p>\n<p>hat der 13. Senat des<\/p>\n<p>OBERVERWALTUNGSGERICHTS F\u00dcR DAS LAND NORDRHEIN-WESTFALEN<\/p>\n<p>am 25. M\u00e4rz 2015 beschlossen:<\/p>\n<p><strong>Der Richter am Oberverwaltungsgericht A. wird als Prozessvertreter der den Beklagten vertretenden Pr\u00e4sidentin des Oberverwaltungsgerichts zur\u00fcckgewiesen.<\/strong><\/p>\n<p><strong>Gr\u00fcnde:<\/strong><\/p>\n<p>Rechtsgrundlage f\u00fcr die Zur\u00fcckweisung von Richter am Oberverwaltungsgericht A., der gegenw\u00e4rtig als Prozessvertreter f\u00fcr die vertretungsberechtigte Beh\u00f6rde des beklagten Landes auftritt, ist <a href=\"https:\/\/dejure.org\/gesetze\/VwGO\/67.html\" title=\"&sect; 67 VwGO [Postulationsf&auml;higkeit; Bevollm&auml;chtigte und Beist&auml;nde]\">\u00a7 67 Abs. 5 Satz 3<\/a> i. V. m. Abs. 3 Satz 1 VwGO, der diese Entscheidung bei fehlender Vertretungsbefugnis eines Bevollm\u00e4chtigten vorschreibt. Letzteres ist hier der Fall, weil ein Vertretungsverbot gem\u00e4\u00df <a href=\"https:\/\/dejure.org\/gesetze\/VwGO\/67.html\" title=\"&sect; 67 VwGO [Postulationsf&auml;higkeit; Bevollm&auml;chtigte und Beist&auml;nde]\">\u00a7 67 Abs. 5 Satz 1 VwGO<\/a> besteht. Nach dieser Vorschrift d\u00fcrfen Richter nicht als Bevollm\u00e4chtigte vor dem Gericht auftreten, dem sie angeh\u00f6ren. Diese Voraussetzungen sind in der Person des zur\u00fcckgewiesenen Richters erf\u00fcllt. Denn er tritt als Bevollm\u00e4chtigter in einem Verfahren vor dem Oberverwaltungsgericht auf, dem er selbst angeh\u00f6rt.<\/p>\n<p>Seiner Eigenschaft als &#8222;Bevollm\u00e4chtigter&#8220; i. S. d. <a href=\"https:\/\/dejure.org\/gesetze\/VwGO\/67.html\" title=\"&sect; 67 VwGO [Postulationsf&auml;higkeit; Bevollm&auml;chtigte und Beist&auml;nde]\">\u00a7 67 Abs. 5 Satz 1 VwGO<\/a> steht nicht entgegen, dass er nicht auf der Grundlage einer rechtsgesch\u00e4ftlich erteilten Prozessvollmacht, sondern als Angeh\u00f6riger der Gerichtsverwaltung kraft gesch\u00e4ftsplanm\u00e4\u00dfiger Aufgabenzuweisung t\u00e4tig wird. Der gegenteiligen Rechtsauffassung des Beklagten liegt ein materiellrechtlich gepr\u00e4gtes Verst\u00e4ndnis des Begriffs des Bevollm\u00e4chtigten zugrunde, das der Senat nicht teilt. Es findet schon keine hinreichende St\u00fctze im Wortlaut des <a href=\"https:\/\/dejure.org\/gesetze\/VwGO\/67.html\" title=\"&sect; 67 VwGO [Postulationsf&auml;higkeit; Bevollm&auml;chtigte und Beist&auml;nde]\">\u00a7 67 Abs. 5 Satz 1 VwGO<\/a>. Denn anders als andere prozessuale Vorschriften (vgl. etwa <a href=\"https:\/\/dejure.org\/gesetze\/VwGO\/62.html\" title=\"&sect; 62 VwGO [Proze&szlig;f&auml;higkeit]\">\u00a7 62 Abs. 3 VwGO<\/a>, <a href=\"https:\/\/dejure.org\/gesetze\/ZPO\/51.html\" title=\"&sect; 51 ZPO: Prozessf&auml;higkeit; gesetzliche Vertretung; Prozessf&uuml;hrung\">\u00a7 51 ZPO<\/a>), bei denen der Prozessgesetzgeber eine materiellrechtliche Interpretation einzelner Begriffe durch Verwendung klarstellender Zus\u00e4tze vorgegeben hat, vgl. dazu BVerwG, Beschluss vom 16. M\u00e4rz 1993 &#8211; <a href=\"https:\/\/dejure.org\/dienste\/vernetzung\/rechtsprechung?Text=4%20B%20253.92\" title=\"BVerwG, 16.03.1993 - 4 B 253.92: Ersetzung eines Wohnhaus durch einen Neubau in einem unbeplant...\">4 B 253.92<\/a> -\u201a juris, Rn. 11, enth\u00e4lt <a href=\"https:\/\/dejure.org\/gesetze\/VwGO\/67.html\" title=\"&sect; 67 VwGO [Postulationsf&auml;higkeit; Bevollm&auml;chtigte und Beist&auml;nde]\">\u00a7 67 Abs. 5 Satz 1 VwGO<\/a> hierauf keinen Hinweis.<\/p>\n<p>Gleichzeitig sprechen systematische und teleologische \u00dcberlegungen dagegen, den Anwendungsbereich des <a href=\"https:\/\/dejure.org\/gesetze\/VwGO\/67.html\" title=\"&sect; 67 VwGO [Postulationsf&auml;higkeit; Bevollm&auml;chtigte und Beist&auml;nde]\">\u00a7 67 Abs. 5 Satz 1 VwGO<\/a> auf durch Rechtsgesch\u00e4ft bevollm\u00e4chtigte Vertreter zu verengen. Insoweit verweist der Senat auf die \u00fcberzeugenden und umfassenden <a title=\"Zur\u00fcckweisung von Richtern als Prozessbevollm\u00e4chtigte, Anmerkung zu Oberverwaltungsgericht Nordrhein-Westfalen, Beschluss v. 29.10.2014, Az. 8 A 1943\/13\" href=\"\/?p=3021\">Ausf\u00fchrungen des 8. Senats des Oberverwaltungsgerichts f\u00fcr das Land Nordrhein-Westfalen in dessen Beschluss vom 29. Oktober 2014 in dem Verfahren 8 A 1943\/13 (juris)<\/a>. Dabei ist Folgendes hervorzuheben: Die Unvereinbarkeitsregelung des <a href=\"https:\/\/dejure.org\/gesetze\/VwGO\/67.html\" title=\"&sect; 67 VwGO [Postulationsf&auml;higkeit; Bevollm&auml;chtigte und Beist&auml;nde]\">\u00a7 67 Abs. 5 Satz 1 VwGO<\/a> ist durch Gesetz zur Neuregelung des Rechtsberatungsrechts vom 12. Dezember 2007 (BGBl. 1 S. 2840) mit identischem Wortlaut in alle Verfahrensordnungen aufgenommenen worden. Ihr Gegenstand ist die Unvereinbarkeit der Prozessvertretung mit einer richterlichen T\u00e4tigkeit an demselben Gericht. Durch deren Trennung sollten ein etwa damit einhergehender Anschein einer Voreingenommenheit des Gerichts vermieden und Interessenkollisionen von vornherein ausgeschlossen werden (<a href=\"https:\/\/dejure.org\/Drucksachen\/Bundestag\/BT-Drs.%2016\/3655#Seite=89\" title=\"Bundestagsdrucksache zu: Gesetz zur Neuregelung des Rechtsberatungsrechts\">BT-Drs. 16\/3655, S. 89<\/a> f., 94, 98). Von daher steht der Gesetzeszweck einer einschr\u00e4nkenden Auslegung des <a href=\"https:\/\/dejure.org\/gesetze\/VwGO\/67.html\" title=\"&sect; 67 VwGO [Postulationsf&auml;higkeit; Bevollm&auml;chtigte und Beist&auml;nde]\">\u00a7 67 Abs. 5 Satz 1 VwGO<\/a> auf durch Rechtsgesch\u00e4ft bevollm\u00e4chtigte Prozessvertreter entgegen. Denn die m\u00f6gliche Entstehung des Anscheins der Voreingenommenheit* des Gerichts und von Interessenkollisionen wurzelt in den kollegialen Beziehungen zwischen den entscheidenden Richtern und dem Prozessvertreter. Sie beruht auf dessen Auftreten vor dem erkennenden Gericht, wird also durch die faktische Wahrnehmung der Prozessvertretung vermittelt. Demgegen\u00fcber kann die &#8211; davon unabh\u00e4ngige &#8211; rechtliche Ausgestaltung des internen Rechtsverh\u00e4ltnisses zwischen Vertretenem und Prozessvertreter hierf\u00fcr keinen Ankn\u00fcpfungspunkt bilden.<\/p>\n<p>Dass die nach Auffassung des Beklagten mit dieser Auslegung einhergehende Einschr\u00e4nkung des Beh\u00f6rdenprivilegs (<a href=\"https:\/\/dejure.org\/gesetze\/VwGO\/67.html\" title=\"&sect; 67 VwGO [Postulationsf&auml;higkeit; Bevollm&auml;chtigte und Beist&auml;nde]\">\u00a7 67 Abs. 4 Satz 4 VwGO<\/a>) in der Gesetzesbegr\u00fcndung keinen Ausdruck gefunden hat, rechtfertigt keine andere Sichtweise. Sie folgt aus der gesetzlichen Regelung des <a href=\"https:\/\/dejure.org\/gesetze\/VwGO\/67.html\" title=\"&sect; 67 VwGO [Postulationsf&auml;higkeit; Bevollm&auml;chtigte und Beist&auml;nde]\">\u00a7 67 Abs. 5 Satz 1 VwGO<\/a> selbst. Einer deswegen blo\u00df deklaratorischen Erw\u00e4hnung in der Gesetzesbegr\u00fcndung bedurfte es daher nicht.<\/p>\n<p>Auch der Sinn und Zweck des Beh\u00f6rdenprivilegs (<a href=\"https:\/\/dejure.org\/gesetze\/VwGO\/67.html\" title=\"&sect; 67 VwGO [Postulationsf&auml;higkeit; Bevollm&auml;chtigte und Beist&auml;nde]\">\u00a7 67 Abs. 4 Satz 4 VwGO<\/a>) stehen der hier vertretenen Auslegung der Unvereinbarkeitsregelung des <a href=\"https:\/\/dejure.org\/gesetze\/VwGO\/65.html\" title=\"&sect; 65 VwGO [Beiladung Dritter]\">\u00a7 65 Abs. 5 Satz 1 VwGO<\/a> nicht entgegen. Gemessen an der Praxisrelevanz des Beh\u00f6rdenprivilegs betrifft die \u00dcberlagerung der Anwendungsbereiche beider Vorschriften zumindest in quantitativer Hinsicht einen Teilbereich mit vergleichsweise geringf\u00fcgiger Bedeutung. Es steht auch nicht im Widerspruch zu der hinter dem Beh\u00f6rdenprivileg stehenden Intention des Gesetzgebers, wenn der Kreis der in Betracht kommenden Prozessvertreter aus \u00fcbergeordneten Gesichtspunkten eingeschr\u00e4nkt wird, zumal wenn dadurch weder rechtlich noch faktisch die M\u00f6glichkeit entf\u00e4llt, sich durch andere Besch\u00e4ftigte mit Bef\u00e4higung zum Richteramt vertreten zu lassen. Soweit sich hieraus im Einzelfall das Erfordernis der Beauftragung eines externen Prozessbevollm\u00e4chtigten ergeben sollte, nimmt das Gesetz dies in Kauf.<\/p>\n<p>Vgl. <a title=\"Zur\u00fcckweisung von Richtern als Prozessbevollm\u00e4chtigte, Anmerkung zu Oberverwaltungsgericht Nordrhein-Westfalen, Beschluss v. 29.10.2014, Az. 8 A 1943\/13\" href=\"\/?p=3021\">OVG NRW, Beschluss vom 29. Oktober 2014 -8A 1943\/13 -, juris, Rn. 11<\/a>.<\/p>\n<p>Dieser Beschluss ist unanfechtbar (<a href=\"https:\/\/dejure.org\/gesetze\/VwGO\/67.html\" title=\"&sect; 67 VwGO [Postulationsf&auml;higkeit; Bevollm&auml;chtigte und Beist&auml;nde]\">\u00a7 67 Abs. 5 Satz 3<\/a> i. V. m. Abs. 3 Satz 1, <a href=\"https:\/\/dejure.org\/gesetze\/VwGO\/152.html\" title=\"&sect; 152 VwGO [Beschwerde zum Bundesverwaltungsgericht]\">\u00a7 152 Abs. 1 VwGO<\/a>).<\/p><\/blockquote>\n<p>* Ein Tippfehler an dieser Stelle ist durch Berichtigungsbeschluss vom 26.03.2015 korrigiert worden.<\/p>\n","protected":false},"excerpt":{"rendered":"<p>Wir hatten bereits dar\u00fcber berichtet, dass sich Gerichte in Verfahren, an denen sie selbst beteiligt sind, gerne durch Richter der eigenen Gerichtsverwaltung vertreten lassen. Das ist unzul\u00e4ssig, beschloss zun\u00e4chst der 8. Senat des Oberverwaltungsgerichts NRW. Nun liegt ein aktueller Beschluss des 13. Senats vor, der ebenfalls keine Zweifel l\u00e4sst: das geht nicht!<\/p>\n","protected":false},"author":1,"featured_media":0,"comment_status":"closed","ping_status":"open","sticky":false,"template":"","format":"standard","meta":{"footnotes":""},"categories":[34,4,14,15,16],"tags":[],"class_list":["post-3188","post","type-post","status-publish","format-standard","hentry","category-personalvertretungsrecht","category-aktuelles","category-beamtenrecht","category-disziplinarrecht","category-burgerbeteiligung"],"yoast_head":"<!-- This site is optimized with the Yoast SEO plugin v27.4 - https:\/\/yoast.com\/product\/yoast-seo-wordpress\/ -->\n<title>Nein, das Oberverwaltungsgericht darf sich nicht durch Richter vertreten lassen, Oberverwaltungsgericht NRW, Beschluss v. 25.03.2015, Az. 13 D 27\/14 - Hotstegs Rechtsanwaltsgesellschaft | Rechtsanw\u00e4lt:innen und Fachanw\u00e4lt:innen f\u00fcr Verwaltungsrecht<\/title>\n<meta name=\"description\" content=\"- Termine unter Tel. 0211 \/ 497657-16\" \/>\n<meta name=\"robots\" content=\"index, follow, max-snippet:-1, max-image-preview:large, max-video-preview:-1\" \/>\n<link rel=\"canonical\" href=\"https:\/\/www.hotstegs-recht.de\/?p=3188\" \/>\n<meta property=\"og:locale\" content=\"de_DE\" \/>\n<meta property=\"og:type\" content=\"article\" \/>\n<meta property=\"og:title\" content=\"Nein, das Oberverwaltungsgericht darf sich nicht durch Richter vertreten lassen, Oberverwaltungsgericht NRW, Beschluss v. 25.03.2015, Az. 13 D 27\/14 - Hotstegs Rechtsanwaltsgesellschaft | Rechtsanw\u00e4lt:innen und Fachanw\u00e4lt:innen f\u00fcr Verwaltungsrecht\" \/>\n<meta property=\"og:description\" content=\"- Termine unter Tel. 0211 \/ 497657-16\" \/>\n<meta property=\"og:url\" content=\"https:\/\/www.hotstegs-recht.de\/?p=3188\" \/>\n<meta property=\"og:site_name\" content=\"Hotstegs Rechtsanwaltsgesellschaft | Rechtsanw\u00e4lt:innen und Fachanw\u00e4lt:innen f\u00fcr Verwaltungsrecht\" \/>\n<meta property=\"article:publisher\" content=\"https:\/\/www.facebook.com\/hotstegs.recht\" \/>\n<meta property=\"article:published_time\" content=\"2015-03-26T11:34:58+00:00\" \/>\n<meta property=\"article:modified_time\" content=\"2021-04-14T13:05:36+00:00\" \/>\n<meta name=\"author\" content=\"Robert Hotstegs\" \/>\n<meta name=\"twitter:card\" content=\"summary_large_image\" \/>\n<meta name=\"twitter:creator\" content=\"@hotstegs_recht\" \/>\n<meta name=\"twitter:site\" content=\"@hotstegs_recht\" \/>\n<meta name=\"twitter:label1\" content=\"Verfasst von\" \/>\n\t<meta name=\"twitter:data1\" content=\"Robert Hotstegs\" \/>\n\t<meta name=\"twitter:label2\" content=\"Gesch\u00e4tzte Lesezeit\" \/>\n\t<meta name=\"twitter:data2\" content=\"4\u00a0Minuten\" \/>\n<!-- \/ Yoast SEO plugin. -->","yoast_head_json":{"title":"Nein, das Oberverwaltungsgericht darf sich nicht durch Richter vertreten lassen, Oberverwaltungsgericht NRW, Beschluss v. 25.03.2015, Az. 13 D 27\/14 - Hotstegs Rechtsanwaltsgesellschaft | Rechtsanw\u00e4lt:innen und Fachanw\u00e4lt:innen f\u00fcr Verwaltungsrecht","description":"- Termine unter Tel. 0211 \/ 497657-16","robots":{"index":"index","follow":"follow","max-snippet":"max-snippet:-1","max-image-preview":"max-image-preview:large","max-video-preview":"max-video-preview:-1"},"canonical":"https:\/\/www.hotstegs-recht.de\/?p=3188","og_locale":"de_DE","og_type":"article","og_title":"Nein, das Oberverwaltungsgericht darf sich nicht durch Richter vertreten lassen, Oberverwaltungsgericht NRW, Beschluss v. 25.03.2015, Az. 13 D 27\/14 - Hotstegs Rechtsanwaltsgesellschaft | Rechtsanw\u00e4lt:innen und Fachanw\u00e4lt:innen f\u00fcr Verwaltungsrecht","og_description":"- Termine unter Tel. 0211 \/ 497657-16","og_url":"https:\/\/www.hotstegs-recht.de\/?p=3188","og_site_name":"Hotstegs Rechtsanwaltsgesellschaft | Rechtsanw\u00e4lt:innen und Fachanw\u00e4lt:innen f\u00fcr Verwaltungsrecht","article_publisher":"https:\/\/www.facebook.com\/hotstegs.recht","article_published_time":"2015-03-26T11:34:58+00:00","article_modified_time":"2021-04-14T13:05:36+00:00","author":"Robert Hotstegs","twitter_card":"summary_large_image","twitter_creator":"@hotstegs_recht","twitter_site":"@hotstegs_recht","twitter_misc":{"Verfasst von":"Robert Hotstegs","Gesch\u00e4tzte Lesezeit":"4\u00a0Minuten"},"schema":{"@context":"https:\/\/schema.org","@graph":[{"@type":"Article","@id":"https:\/\/www.hotstegs-recht.de\/?p=3188#article","isPartOf":{"@id":"https:\/\/www.hotstegs-recht.de\/?p=3188"},"author":{"name":"Robert Hotstegs","@id":"https:\/\/www.hotstegs-recht.de\/#\/schema\/person\/b5290b51a91e1e27ec6af13643a76ab0"},"headline":"Nein, das Oberverwaltungsgericht darf sich nicht durch Richter vertreten lassen, Oberverwaltungsgericht NRW, Beschluss v. 25.03.2015, Az. 13 D 27\/14","datePublished":"2015-03-26T11:34:58+00:00","dateModified":"2021-04-14T13:05:36+00:00","mainEntityOfPage":{"@id":"https:\/\/www.hotstegs-recht.de\/?p=3188"},"wordCount":805,"publisher":{"@id":"https:\/\/www.hotstegs-recht.de\/#organization"},"articleSection":["Personalvertretungsrecht","Aktuelles","Beamtenrecht","Disziplinarrecht","B\u00fcrgerbeteiligung"],"inLanguage":"de"},{"@type":"WebPage","@id":"https:\/\/www.hotstegs-recht.de\/?p=3188","url":"https:\/\/www.hotstegs-recht.de\/?p=3188","name":"Nein, das Oberverwaltungsgericht darf sich nicht durch Richter vertreten lassen, Oberverwaltungsgericht NRW, Beschluss v. 25.03.2015, Az. 13 D 27\/14 - Hotstegs Rechtsanwaltsgesellschaft | Rechtsanw\u00e4lt:innen und Fachanw\u00e4lt:innen f\u00fcr Verwaltungsrecht","isPartOf":{"@id":"https:\/\/www.hotstegs-recht.de\/#website"},"datePublished":"2015-03-26T11:34:58+00:00","dateModified":"2021-04-14T13:05:36+00:00","description":"- Termine unter Tel. 0211 \/ 497657-16","breadcrumb":{"@id":"https:\/\/www.hotstegs-recht.de\/?p=3188#breadcrumb"},"inLanguage":"de","potentialAction":[{"@type":"ReadAction","target":["https:\/\/www.hotstegs-recht.de\/?p=3188"]}]},{"@type":"BreadcrumbList","@id":"https:\/\/www.hotstegs-recht.de\/?p=3188#breadcrumb","itemListElement":[{"@type":"ListItem","position":1,"name":"Startseite","item":"https:\/\/www.hotstegs-recht.de\/"},{"@type":"ListItem","position":2,"name":"Nein, das Oberverwaltungsgericht darf sich nicht durch Richter vertreten lassen, Oberverwaltungsgericht NRW, Beschluss v. 25.03.2015, Az. 13 D 27\/14"}]},{"@type":"WebSite","@id":"https:\/\/www.hotstegs-recht.de\/#website","url":"https:\/\/www.hotstegs-recht.de\/","name":"Hotstegs Rechtsanwaltsgesellschaft | Rechtsanw\u00e4lt:innen und Fachanw\u00e4lt:innen f\u00fcr Verwaltungsrecht","description":"\u00f6ffentliches Dienstrecht und Disziplinarverfahren | Rechtsanwalt Robert Hotstegs | Rechtsanw\u00e4ltin Sarah Nu\u00dfbaum | Rechtsanw\u00e4ltin Katharina Voigt","publisher":{"@id":"https:\/\/www.hotstegs-recht.de\/#organization"},"potentialAction":[{"@type":"SearchAction","target":{"@type":"EntryPoint","urlTemplate":"https:\/\/www.hotstegs-recht.de\/?s={search_term_string}"},"query-input":{"@type":"PropertyValueSpecification","valueRequired":true,"valueName":"search_term_string"}}],"inLanguage":"de"},{"@type":"Organization","@id":"https:\/\/www.hotstegs-recht.de\/#organization","name":"Hotstegs Rechtsanwaltsgesellschaft","url":"https:\/\/www.hotstegs-recht.de\/","logo":{"@type":"ImageObject","inLanguage":"de","@id":"https:\/\/www.hotstegs-recht.de\/#\/schema\/logo\/image\/","url":"https:\/\/www.hotstegs-recht.de\/wp-content\/uploads\/2021\/09\/logo_2020.png","contentUrl":"https:\/\/www.hotstegs-recht.de\/wp-content\/uploads\/2021\/09\/logo_2020.png","width":180,"height":51,"caption":"Hotstegs Rechtsanwaltsgesellschaft"},"image":{"@id":"https:\/\/www.hotstegs-recht.de\/#\/schema\/logo\/image\/"},"sameAs":["https:\/\/www.facebook.com\/hotstegs.recht","https:\/\/x.com\/hotstegs_recht","https:\/\/www.instagram.com\/hotstegs.recht","https:\/\/de.linkedin.com\/company\/hotstegs-recht"]},{"@type":"Person","@id":"https:\/\/www.hotstegs-recht.de\/#\/schema\/person\/b5290b51a91e1e27ec6af13643a76ab0","name":"Robert Hotstegs","image":{"@type":"ImageObject","inLanguage":"de","@id":"https:\/\/secure.gravatar.com\/avatar\/7d923d735cd88c8f3b65c6506ab775c5eb23a82716d81ce74eb3951cb8430f5a?s=96&d=blank&r=g","url":"https:\/\/secure.gravatar.com\/avatar\/7d923d735cd88c8f3b65c6506ab775c5eb23a82716d81ce74eb3951cb8430f5a?s=96&d=blank&r=g","contentUrl":"https:\/\/secure.gravatar.com\/avatar\/7d923d735cd88c8f3b65c6506ab775c5eb23a82716d81ce74eb3951cb8430f5a?s=96&d=blank&r=g","caption":"Robert Hotstegs"},"description":"Rechtsanwalt, Fachanwalt f\u00fcr Verwaltungsrecht","url":"https:\/\/www.hotstegs-recht.de\/?author=1"}]}},"amp_enabled":true,"_links":{"self":[{"href":"https:\/\/www.hotstegs-recht.de\/index.php?rest_route=\/wp\/v2\/posts\/3188","targetHints":{"allow":["GET"]}}],"collection":[{"href":"https:\/\/www.hotstegs-recht.de\/index.php?rest_route=\/wp\/v2\/posts"}],"about":[{"href":"https:\/\/www.hotstegs-recht.de\/index.php?rest_route=\/wp\/v2\/types\/post"}],"author":[{"embeddable":true,"href":"https:\/\/www.hotstegs-recht.de\/index.php?rest_route=\/wp\/v2\/users\/1"}],"replies":[{"embeddable":true,"href":"https:\/\/www.hotstegs-recht.de\/index.php?rest_route=%2Fwp%2Fv2%2Fcomments&post=3188"}],"version-history":[{"count":1,"href":"https:\/\/www.hotstegs-recht.de\/index.php?rest_route=\/wp\/v2\/posts\/3188\/revisions"}],"predecessor-version":[{"id":8212,"href":"https:\/\/www.hotstegs-recht.de\/index.php?rest_route=\/wp\/v2\/posts\/3188\/revisions\/8212"}],"wp:attachment":[{"href":"https:\/\/www.hotstegs-recht.de\/index.php?rest_route=%2Fwp%2Fv2%2Fmedia&parent=3188"}],"wp:term":[{"taxonomy":"category","embeddable":true,"href":"https:\/\/www.hotstegs-recht.de\/index.php?rest_route=%2Fwp%2Fv2%2Fcategories&post=3188"},{"taxonomy":"post_tag","embeddable":true,"href":"https:\/\/www.hotstegs-recht.de\/index.php?rest_route=%2Fwp%2Fv2%2Ftags&post=3188"}],"curies":[{"name":"wp","href":"https:\/\/api.w.org\/{rel}","templated":true}]}}