{"id":3077,"date":"2015-02-07T10:03:17","date_gmt":"2015-02-07T09:03:17","guid":{"rendered":"http:\/\/www.hotstegs-recht.de\/?p=3077"},"modified":"2016-10-14T18:19:05","modified_gmt":"2016-10-14T16:19:05","slug":"beamtenrecht-anerkennung-von-kindererziehungszeiten-ausnahmsweise-auch-bei-gleichzeitiger-taetigkeit-in-der-privatwirtschaft-verwaltungsgericht-aachen-urteil-v-22-01-2015-az-1-k-155513","status":"publish","type":"post","link":"https:\/\/www.hotstegs-recht.de\/?p=3077","title":{"rendered":"Beamtenrecht: Anerkennung von Kindererziehungszeiten ausnahmsweise auch bei gleichzeitiger T\u00e4tigkeit in der Privatwirtschaft, Verwaltungsgericht Aachen, Urteil v. 22.01.2015, Az. 1 K 1555\/13"},"content":{"rendered":"<p>Dies hat die 1. Kammer mit Urteil vom 22. Januar 2015 entschieden und das beklagte Land verpflichtet, \u00fcber den Antrag der Kl\u00e4gerin auf \u00dcbernahme in das Beamtenverh\u00e4ltnis erneut zu entscheiden.<!--more--><\/p>\n<p>Zur Begr\u00fcndung f\u00fchrt das Gericht aus: Wegen der Betreuung von zwei minderj\u00e4hrigen Kindern sei es unsch\u00e4dlich, dass die Kl\u00e4gerin die H\u00f6chstaltersgrenze f\u00fcr die Einstellung als Beamter auf Probe von 40 Jahren um 2 Jahre \u00fcberschritten habe. Nach der Laufbahnverordnung d\u00fcrfe die Altersgrenze bei einer Verz\u00f6gerung wegen der Betreuung eines Kindes \u00fcberschritten werden. Zwar habe die Kl\u00e4gerin zeitweise im Umfang von 26 Wochenstunden f\u00fcr ein privates Mobilfunkunternehmen gearbeitet. Im Allgemeinen k\u00f6nne man bei einer solchen T\u00e4tigkeit nicht mehr davon ausgehen, dass ein Bewerber \u00fcberwiegend seine Kinder betreut habe. Aber bei der Kl\u00e4gerin liege wegen ihrer besonderen Arbeitsbedingungen ein Ausnahmefall vor. Sie habe zum einen die M\u00f6glichkeit zur Telearbeit gehabt und zum anderen Projekte in Asien und Kanada betreut, so dass sie oft in den fr\u00fchen Morgen- und sp\u00e4ten Abendstunden habe arbeiten k\u00f6nnen.<\/p>\n<p>Gegen das Urteil kann das beklagte Land einen Antrag auf Zulassung der Berufung stellen, \u00fcber den das Oberverwaltungsgericht in M\u00fcnster entscheidet.<\/p>\n","protected":false},"excerpt":{"rendered":"<p>Dies hat die 1. Kammer mit Urteil vom 22. Januar 2015 entschieden und das beklagte Land verpflichtet, \u00fcber den Antrag der Kl\u00e4gerin auf \u00dcbernahme in das Beamtenverh\u00e4ltnis erneut zu entscheiden.<\/p>\n","protected":false},"author":4,"featured_media":0,"comment_status":"closed","ping_status":"closed","sticky":false,"template":"","format":"standard","meta":{"footnotes":""},"categories":[4,14],"tags":[55],"class_list":["post-3077","post","type-post","status-publish","format-standard","hentry","category-aktuelles","category-beamtenrecht","tag-verbeamtung"],"yoast_head":"<!-- This site is optimized with the Yoast SEO plugin v27.4 - https:\/\/yoast.com\/product\/yoast-seo-wordpress\/ -->\n<title>Beamtenrecht: Anerkennung von Kindererziehungszeiten ausnahmsweise auch bei gleichzeitiger T\u00e4tigkeit in der Privatwirtschaft, Verwaltungsgericht Aachen, Urteil v. 22.01.2015, Az. 1 K 1555\/13 - Hotstegs Rechtsanwaltsgesellschaft | Rechtsanw\u00e4lt:innen und Fachanw\u00e4lt:innen f\u00fcr Verwaltungsrecht<\/title>\n<meta name=\"description\" content=\"- Termine unter Tel. 0211 \/ 497657-16\" \/>\n<meta name=\"robots\" content=\"index, follow, max-snippet:-1, max-image-preview:large, max-video-preview:-1\" \/>\n<link rel=\"canonical\" href=\"https:\/\/www.hotstegs-recht.de\/?p=3077\" \/>\n<meta property=\"og:locale\" content=\"de_DE\" \/>\n<meta property=\"og:type\" content=\"article\" \/>\n<meta property=\"og:title\" content=\"Beamtenrecht: Anerkennung von Kindererziehungszeiten ausnahmsweise auch bei gleichzeitiger T\u00e4tigkeit in der Privatwirtschaft, Verwaltungsgericht Aachen, Urteil v. 22.01.2015, Az. 1 K 1555\/13 - Hotstegs Rechtsanwaltsgesellschaft | Rechtsanw\u00e4lt:innen und Fachanw\u00e4lt:innen f\u00fcr Verwaltungsrecht\" \/>\n<meta property=\"og:description\" content=\"- Termine unter Tel. 0211 \/ 497657-16\" \/>\n<meta property=\"og:url\" content=\"https:\/\/www.hotstegs-recht.de\/?p=3077\" \/>\n<meta property=\"og:site_name\" content=\"Hotstegs Rechtsanwaltsgesellschaft | Rechtsanw\u00e4lt:innen und Fachanw\u00e4lt:innen f\u00fcr Verwaltungsrecht\" \/>\n<meta property=\"article:publisher\" content=\"https:\/\/www.facebook.com\/hotstegs.recht\" \/>\n<meta property=\"article:published_time\" content=\"2015-02-07T09:03:17+00:00\" \/>\n<meta property=\"article:modified_time\" content=\"2016-10-14T16:19:05+00:00\" \/>\n<meta name=\"author\" content=\"Mitarbeiter:in\" \/>\n<meta name=\"twitter:card\" content=\"summary_large_image\" \/>\n<meta name=\"twitter:creator\" content=\"@hotstegs_recht\" \/>\n<meta name=\"twitter:site\" content=\"@hotstegs_recht\" \/>\n<meta name=\"twitter:label1\" content=\"Verfasst von\" \/>\n\t<meta name=\"twitter:data1\" content=\"Mitarbeiter:in\" \/>\n\t<meta name=\"twitter:label2\" content=\"Gesch\u00e4tzte Lesezeit\" \/>\n\t<meta name=\"twitter:data2\" content=\"1\u00a0Minute\" \/>\n<!-- \/ Yoast SEO plugin. -->","yoast_head_json":{"title":"Beamtenrecht: Anerkennung von Kindererziehungszeiten ausnahmsweise auch bei gleichzeitiger T\u00e4tigkeit in der Privatwirtschaft, Verwaltungsgericht Aachen, Urteil v. 22.01.2015, Az. 1 K 1555\/13 - Hotstegs Rechtsanwaltsgesellschaft | Rechtsanw\u00e4lt:innen und Fachanw\u00e4lt:innen f\u00fcr Verwaltungsrecht","description":"- Termine unter Tel. 0211 \/ 497657-16","robots":{"index":"index","follow":"follow","max-snippet":"max-snippet:-1","max-image-preview":"max-image-preview:large","max-video-preview":"max-video-preview:-1"},"canonical":"https:\/\/www.hotstegs-recht.de\/?p=3077","og_locale":"de_DE","og_type":"article","og_title":"Beamtenrecht: Anerkennung von Kindererziehungszeiten ausnahmsweise auch bei gleichzeitiger T\u00e4tigkeit in der Privatwirtschaft, Verwaltungsgericht Aachen, Urteil v. 22.01.2015, Az. 1 K 1555\/13 - Hotstegs Rechtsanwaltsgesellschaft | Rechtsanw\u00e4lt:innen und Fachanw\u00e4lt:innen f\u00fcr Verwaltungsrecht","og_description":"- Termine unter Tel. 0211 \/ 497657-16","og_url":"https:\/\/www.hotstegs-recht.de\/?p=3077","og_site_name":"Hotstegs Rechtsanwaltsgesellschaft | Rechtsanw\u00e4lt:innen und Fachanw\u00e4lt:innen f\u00fcr Verwaltungsrecht","article_publisher":"https:\/\/www.facebook.com\/hotstegs.recht","article_published_time":"2015-02-07T09:03:17+00:00","article_modified_time":"2016-10-14T16:19:05+00:00","author":"Mitarbeiter:in","twitter_card":"summary_large_image","twitter_creator":"@hotstegs_recht","twitter_site":"@hotstegs_recht","twitter_misc":{"Verfasst von":"Mitarbeiter:in","Gesch\u00e4tzte Lesezeit":"1\u00a0Minute"},"schema":{"@context":"https:\/\/schema.org","@graph":[{"@type":"Article","@id":"https:\/\/www.hotstegs-recht.de\/?p=3077#article","isPartOf":{"@id":"https:\/\/www.hotstegs-recht.de\/?p=3077"},"author":{"name":"Mitarbeiter:in","@id":"https:\/\/www.hotstegs-recht.de\/#\/schema\/person\/18c7a8260c2d9ded2b8308feab0990a2"},"headline":"Beamtenrecht: Anerkennung von Kindererziehungszeiten ausnahmsweise auch bei gleichzeitiger T\u00e4tigkeit in der Privatwirtschaft, Verwaltungsgericht Aachen, Urteil v. 22.01.2015, Az. 1 K 1555\/13","datePublished":"2015-02-07T09:03:17+00:00","dateModified":"2016-10-14T16:19:05+00:00","mainEntityOfPage":{"@id":"https:\/\/www.hotstegs-recht.de\/?p=3077"},"wordCount":216,"publisher":{"@id":"https:\/\/www.hotstegs-recht.de\/#organization"},"keywords":["Verbeamtung"],"articleSection":["Aktuelles","Beamtenrecht"],"inLanguage":"de"},{"@type":"WebPage","@id":"https:\/\/www.hotstegs-recht.de\/?p=3077","url":"https:\/\/www.hotstegs-recht.de\/?p=3077","name":"Beamtenrecht: Anerkennung von Kindererziehungszeiten ausnahmsweise auch bei gleichzeitiger T\u00e4tigkeit in der Privatwirtschaft, Verwaltungsgericht Aachen, Urteil v. 22.01.2015, Az. 1 K 1555\/13 - Hotstegs Rechtsanwaltsgesellschaft | Rechtsanw\u00e4lt:innen und Fachanw\u00e4lt:innen f\u00fcr Verwaltungsrecht","isPartOf":{"@id":"https:\/\/www.hotstegs-recht.de\/#website"},"datePublished":"2015-02-07T09:03:17+00:00","dateModified":"2016-10-14T16:19:05+00:00","description":"- Termine unter Tel. 0211 \/ 497657-16","breadcrumb":{"@id":"https:\/\/www.hotstegs-recht.de\/?p=3077#breadcrumb"},"inLanguage":"de","potentialAction":[{"@type":"ReadAction","target":["https:\/\/www.hotstegs-recht.de\/?p=3077"]}]},{"@type":"BreadcrumbList","@id":"https:\/\/www.hotstegs-recht.de\/?p=3077#breadcrumb","itemListElement":[{"@type":"ListItem","position":1,"name":"Startseite","item":"https:\/\/www.hotstegs-recht.de\/"},{"@type":"ListItem","position":2,"name":"Beamtenrecht: Anerkennung von Kindererziehungszeiten ausnahmsweise auch bei gleichzeitiger T\u00e4tigkeit in der Privatwirtschaft, Verwaltungsgericht Aachen, Urteil v. 22.01.2015, Az. 1 K 1555\/13"}]},{"@type":"WebSite","@id":"https:\/\/www.hotstegs-recht.de\/#website","url":"https:\/\/www.hotstegs-recht.de\/","name":"Hotstegs Rechtsanwaltsgesellschaft | Rechtsanw\u00e4lt:innen und Fachanw\u00e4lt:innen f\u00fcr Verwaltungsrecht","description":"\u00f6ffentliches Dienstrecht und Disziplinarverfahren | Rechtsanwalt Robert Hotstegs | Rechtsanw\u00e4ltin Sarah Nu\u00dfbaum | Rechtsanw\u00e4ltin Katharina Voigt","publisher":{"@id":"https:\/\/www.hotstegs-recht.de\/#organization"},"potentialAction":[{"@type":"SearchAction","target":{"@type":"EntryPoint","urlTemplate":"https:\/\/www.hotstegs-recht.de\/?s={search_term_string}"},"query-input":{"@type":"PropertyValueSpecification","valueRequired":true,"valueName":"search_term_string"}}],"inLanguage":"de"},{"@type":"Organization","@id":"https:\/\/www.hotstegs-recht.de\/#organization","name":"Hotstegs Rechtsanwaltsgesellschaft","url":"https:\/\/www.hotstegs-recht.de\/","logo":{"@type":"ImageObject","inLanguage":"de","@id":"https:\/\/www.hotstegs-recht.de\/#\/schema\/logo\/image\/","url":"https:\/\/www.hotstegs-recht.de\/wp-content\/uploads\/2021\/09\/logo_2020.png","contentUrl":"https:\/\/www.hotstegs-recht.de\/wp-content\/uploads\/2021\/09\/logo_2020.png","width":180,"height":51,"caption":"Hotstegs Rechtsanwaltsgesellschaft"},"image":{"@id":"https:\/\/www.hotstegs-recht.de\/#\/schema\/logo\/image\/"},"sameAs":["https:\/\/www.facebook.com\/hotstegs.recht","https:\/\/x.com\/hotstegs_recht","https:\/\/www.instagram.com\/hotstegs.recht","https:\/\/de.linkedin.com\/company\/hotstegs-recht"]},{"@type":"Person","@id":"https:\/\/www.hotstegs-recht.de\/#\/schema\/person\/18c7a8260c2d9ded2b8308feab0990a2","name":"Mitarbeiter:in","image":{"@type":"ImageObject","inLanguage":"de","@id":"https:\/\/secure.gravatar.com\/avatar\/ff927e44276052255fa51b438cd49d6bee71e07c0621a998717cee201e5d2fff?s=96&d=blank&r=g","url":"https:\/\/secure.gravatar.com\/avatar\/ff927e44276052255fa51b438cd49d6bee71e07c0621a998717cee201e5d2fff?s=96&d=blank&r=g","contentUrl":"https:\/\/secure.gravatar.com\/avatar\/ff927e44276052255fa51b438cd49d6bee71e07c0621a998717cee201e5d2fff?s=96&d=blank&r=g","caption":"Mitarbeiter:in"},"url":"https:\/\/www.hotstegs-recht.de\/?author=4"}]}},"amp_enabled":true,"_links":{"self":[{"href":"https:\/\/www.hotstegs-recht.de\/index.php?rest_route=\/wp\/v2\/posts\/3077","targetHints":{"allow":["GET"]}}],"collection":[{"href":"https:\/\/www.hotstegs-recht.de\/index.php?rest_route=\/wp\/v2\/posts"}],"about":[{"href":"https:\/\/www.hotstegs-recht.de\/index.php?rest_route=\/wp\/v2\/types\/post"}],"author":[{"embeddable":true,"href":"https:\/\/www.hotstegs-recht.de\/index.php?rest_route=\/wp\/v2\/users\/4"}],"replies":[{"embeddable":true,"href":"https:\/\/www.hotstegs-recht.de\/index.php?rest_route=%2Fwp%2Fv2%2Fcomments&post=3077"}],"version-history":[{"count":1,"href":"https:\/\/www.hotstegs-recht.de\/index.php?rest_route=\/wp\/v2\/posts\/3077\/revisions"}],"predecessor-version":[{"id":4989,"href":"https:\/\/www.hotstegs-recht.de\/index.php?rest_route=\/wp\/v2\/posts\/3077\/revisions\/4989"}],"wp:attachment":[{"href":"https:\/\/www.hotstegs-recht.de\/index.php?rest_route=%2Fwp%2Fv2%2Fmedia&parent=3077"}],"wp:term":[{"taxonomy":"category","embeddable":true,"href":"https:\/\/www.hotstegs-recht.de\/index.php?rest_route=%2Fwp%2Fv2%2Fcategories&post=3077"},{"taxonomy":"post_tag","embeddable":true,"href":"https:\/\/www.hotstegs-recht.de\/index.php?rest_route=%2Fwp%2Fv2%2Ftags&post=3077"}],"curies":[{"name":"wp","href":"https:\/\/api.w.org\/{rel}","templated":true}]}}